{"id":5754,"date":"2021-02-18T18:07:14","date_gmt":"2021-02-18T15:07:14","guid":{"rendered":"https:\/\/favorite-news.com\/es\/internet-el-tiempo-de-consumo-aumenta-un-92-en-un-ano\/"},"modified":"2021-02-18T18:07:18","modified_gmt":"2021-02-18T15:07:18","slug":"internet-el-tiempo-de-consumo-aumenta-un-92-en-un-ano","status":"publish","type":"post","link":"https:\/\/favorite-news.com\/es\/internet-el-tiempo-de-consumo-aumenta-un-92-en-un-ano\/","title":{"rendered":"Internet: el tiempo de consumo aumenta un 9,2% en un a\u00f1o"},"content":{"rendered":"<p>En concreto, en enero de este a\u00f1o el promedio diario de consumo por persona se sit\u00faa en 130 minutos, 5 m\u00e1s que en diciembre de 2020, lo que significa un incremento del 4%, y 11 minutos por encima de enero de 2020, que arroja un crecimiento del 9,2%.En cuanto al n\u00famero de visitantes \u00fanicos, 35 millones en enero, la cifra se mantiene estable respecto al mes anterior, y aumenta en un 2% sobre el dato de hace un a\u00f1o, con 567.000 nuevos visitantes incorporados.Por edades, se\u00f1ala el informe de Barlovento, el grupo de 25 a 44 a\u00f1os es el que m\u00e1s tiempo dedica a navegar por internet, en torno a las 3 horas diarias. Las franjas de edad por debajo y por encima de este grupo, es decir, los que que tienen entre 15 y 24 a\u00f1os, y los que est\u00e1n entre los 45 y 54, consumen una media diaria de unas 2,4 horas. Y los mayores de 55 a\u00f1os est\u00e1n en torno a 1,4 horas diarias.Los dominios con mayor n\u00famero de visitantes \u00fanicos en enero han sido YouTube, con 33,5 millones; Google, con 32,6 y Facebook, con 29,1 millones de visitantes. El ranking de propiedades por visitantes \u00fanicos lo encabeza Google Sites, con 34,6 millones, seguido de Facebook, con 32,8; Vocento, con 30,3; RCS Mediagroup\/Unidad Editorial, con 29,9 y Prisa, con 29,3 millones de visitantes \u00fanicos. Por tiempo de consumo, Facebook y Google Sites dominan claramente, con 33,4 y 27,4 minutos persona\/d\u00eda, seguidos a distancia por Spotify, con 5,1 minutos; Bytedande, con 3,7, y Netflix, con 2.\u00a0<br \/>\n<br \/>\n<!--noindex--><br \/>\n<a href=\"http:\/\/www.marketingnews.es\/investigacion\/noticia\/1164529031605\/internet-tiempo-de-consumo-aumenta-92-ano.1.html\" rel=\"nofollow\">Source link <\/a><br \/>\n<!--\/noindex--><\/p>\n","protected":false},"excerpt":{"rendered":"<p>En concreto, en enero de este a\u00f1o el promedio diario de consumo por persona se sit\u00faa en 130 minutos, 5 m\u00e1s que en diciembre de 2020, lo que significa un incremento del 4%, y 11 minutos por encima de enero de 2020, que arroja un crecimiento del 9,2%.En cuanto al n\u00famero de visitantes \u00fanicos, 35 [&hellip;]<\/p>\n","protected":false},"author":2,"featured_media":5755,"comment_status":"open","ping_status":"open","sticky":false,"template":"","format":"standard","meta":{"footnotes":""},"categories":[2],"tags":[],"class_list":["post-5754","post","type-post","status-publish","format-standard","has-post-thumbnail","hentry","category-noticias-de-internet-marketing"],"yoast_head":"<!-- This site is optimized with the Yoast SEO plugin v27.4 - https:\/\/yoast.com\/product\/yoast-seo-wordpress\/ -->\n<title>Internet: el tiempo de consumo aumenta un 9,2% en un a\u00f1o - Favorite News<\/title>\n<meta name=\"robots\" content=\"index, follow, max-snippet:-1, max-image-preview:large, max-video-preview:-1\" \/>\n<link rel=\"canonical\" href=\"https:\/\/favorite-news.com\/es\/internet-el-tiempo-de-consumo-aumenta-un-92-en-un-ano\/\" \/>\n<meta property=\"og:locale\" content=\"es_ES\" \/>\n<meta property=\"og:type\" content=\"article\" \/>\n<meta property=\"og:title\" content=\"Internet: el tiempo de consumo aumenta un 9,2% en un a\u00f1o - Favorite News\" \/>\n<meta property=\"og:description\" content=\"En concreto, en enero de este a\u00f1o el promedio diario de consumo por persona se sit\u00faa en 130 minutos, 5 m\u00e1s que en diciembre de 2020, lo que significa un incremento del 4%, y 11 minutos por encima de enero de 2020, que arroja un crecimiento del 9,2%.En cuanto al n\u00famero de visitantes \u00fanicos, 35 [&hellip;]\" \/>\n<meta property=\"og:url\" content=\"https:\/\/favorite-news.com\/es\/internet-el-tiempo-de-consumo-aumenta-un-92-en-un-ano\/\" \/>\n<meta property=\"og:site_name\" content=\"Favorite News\" \/>\n<meta property=\"article:published_time\" content=\"2021-02-18T15:07:14+00:00\" \/>\n<meta property=\"article:modified_time\" content=\"2021-02-18T15:07:18+00:00\" \/>\n<meta property=\"og:image\" content=\"https:\/\/favorite-news.com\/es\/wp-content\/uploads\/sites\/4\/2021\/02\/Internet-el-tiempo-de-consumo-aumenta-un-92-en-un.jpg\" \/>\n\t<meta property=\"og:image:width\" content=\"640\" \/>\n\t<meta property=\"og:image:height\" content=\"425\" \/>\n\t<meta property=\"og:image:type\" content=\"image\/jpeg\" \/>\n<meta name=\"author\" content=\"favorite-news\" \/>\n<meta name=\"twitter:card\" content=\"summary_large_image\" \/>\n<meta name=\"twitter:label1\" content=\"Escrito por\" \/>\n\t<meta name=\"twitter:data1\" content=\"favorite-news\" \/>\n\t<meta name=\"twitter:label2\" content=\"Tiempo de lectura\" \/>\n\t<meta name=\"twitter:data2\" content=\"1 minuto\" \/>\n<script type=\"application\/ld+json\" class=\"yoast-schema-graph\">{\"@context\":\"https:\\\/\\\/schema.org\",\"@graph\":[{\"@type\":\"Article\",\"@id\":\"https:\\\/\\\/favorite-news.com\\\/es\\\/internet-el-tiempo-de-consumo-aumenta-un-92-en-un-ano\\\/#article\",\"isPartOf\":{\"@id\":\"https:\\\/\\\/favorite-news.com\\\/es\\\/internet-el-tiempo-de-consumo-aumenta-un-92-en-un-ano\\\/\"},\"author\":{\"name\":\"favorite-news\",\"@id\":\"https:\\\/\\\/favorite-news.com\\\/es\\\/#\\\/schema\\\/person\\\/b91573b717dcfa5e4696032a9d28d3e8\"},\"headline\":\"Internet: el tiempo de consumo aumenta un 9,2% en un a\u00f1o\",\"datePublished\":\"2021-02-18T15:07:14+00:00\",\"dateModified\":\"2021-02-18T15:07:18+00:00\",\"mainEntityOfPage\":{\"@id\":\"https:\\\/\\\/favorite-news.com\\\/es\\\/internet-el-tiempo-de-consumo-aumenta-un-92-en-un-ano\\\/\"},\"wordCount\":257,\"commentCount\":0,\"image\":{\"@id\":\"https:\\\/\\\/favorite-news.com\\\/es\\\/internet-el-tiempo-de-consumo-aumenta-un-92-en-un-ano\\\/#primaryimage\"},\"thumbnailUrl\":\"https:\\\/\\\/favorite-news.com\\\/es\\\/wp-content\\\/uploads\\\/sites\\\/4\\\/2021\\\/02\\\/Internet-el-tiempo-de-consumo-aumenta-un-92-en-un.jpg\",\"articleSection\":[\"NOTICIAS DE INTERNET MARKETING\"],\"inLanguage\":\"es\",\"potentialAction\":[{\"@type\":\"CommentAction\",\"name\":\"Comment\",\"target\":[\"https:\\\/\\\/favorite-news.com\\\/es\\\/internet-el-tiempo-de-consumo-aumenta-un-92-en-un-ano\\\/#respond\"]}]},{\"@type\":\"WebPage\",\"@id\":\"https:\\\/\\\/favorite-news.com\\\/es\\\/internet-el-tiempo-de-consumo-aumenta-un-92-en-un-ano\\\/\",\"url\":\"https:\\\/\\\/favorite-news.com\\\/es\\\/internet-el-tiempo-de-consumo-aumenta-un-92-en-un-ano\\\/\",\"name\":\"Internet: el tiempo de consumo aumenta un 9,2% en un a\u00f1o - Favorite News\",\"isPartOf\":{\"@id\":\"https:\\\/\\\/favorite-news.com\\\/es\\\/#website\"},\"primaryImageOfPage\":{\"@id\":\"https:\\\/\\\/favorite-news.com\\\/es\\\/internet-el-tiempo-de-consumo-aumenta-un-92-en-un-ano\\\/#primaryimage\"},\"image\":{\"@id\":\"https:\\\/\\\/favorite-news.com\\\/es\\\/internet-el-tiempo-de-consumo-aumenta-un-92-en-un-ano\\\/#primaryimage\"},\"thumbnailUrl\":\"https:\\\/\\\/favorite-news.com\\\/es\\\/wp-content\\\/uploads\\\/sites\\\/4\\\/2021\\\/02\\\/Internet-el-tiempo-de-consumo-aumenta-un-92-en-un.jpg\",\"datePublished\":\"2021-02-18T15:07:14+00:00\",\"dateModified\":\"2021-02-18T15:07:18+00:00\",\"author\":{\"@id\":\"https:\\\/\\\/favorite-news.com\\\/es\\\/#\\\/schema\\\/person\\\/b91573b717dcfa5e4696032a9d28d3e8\"},\"breadcrumb\":{\"@id\":\"https:\\\/\\\/favorite-news.com\\\/es\\\/internet-el-tiempo-de-consumo-aumenta-un-92-en-un-ano\\\/#breadcrumb\"},\"inLanguage\":\"es\",\"potentialAction\":[{\"@type\":\"ReadAction\",\"target\":[\"https:\\\/\\\/favorite-news.com\\\/es\\\/internet-el-tiempo-de-consumo-aumenta-un-92-en-un-ano\\\/\"]}]},{\"@type\":\"ImageObject\",\"inLanguage\":\"es\",\"@id\":\"https:\\\/\\\/favorite-news.com\\\/es\\\/internet-el-tiempo-de-consumo-aumenta-un-92-en-un-ano\\\/#primaryimage\",\"url\":\"https:\\\/\\\/favorite-news.com\\\/es\\\/wp-content\\\/uploads\\\/sites\\\/4\\\/2021\\\/02\\\/Internet-el-tiempo-de-consumo-aumenta-un-92-en-un.jpg\",\"contentUrl\":\"https:\\\/\\\/favorite-news.com\\\/es\\\/wp-content\\\/uploads\\\/sites\\\/4\\\/2021\\\/02\\\/Internet-el-tiempo-de-consumo-aumenta-un-92-en-un.jpg\",\"width\":640,\"height\":425,\"caption\":\"Internet: el tiempo de consumo aumenta un 9,2% en un a\u00f1o\"},{\"@type\":\"BreadcrumbList\",\"@id\":\"https:\\\/\\\/favorite-news.com\\\/es\\\/internet-el-tiempo-de-consumo-aumenta-un-92-en-un-ano\\\/#breadcrumb\",\"itemListElement\":[{\"@type\":\"ListItem\",\"position\":1,\"name\":\"Home\",\"item\":\"https:\\\/\\\/favorite-news.com\\\/es\\\/\"},{\"@type\":\"ListItem\",\"position\":2,\"name\":\"Internet: el tiempo de consumo aumenta un 9,2% en un a\u00f1o\"}]},{\"@type\":\"WebSite\",\"@id\":\"https:\\\/\\\/favorite-news.com\\\/es\\\/#website\",\"url\":\"https:\\\/\\\/favorite-news.com\\\/es\\\/\",\"name\":\"Favorite News\",\"description\":\"Favorite News Espa\u00f1a\",\"potentialAction\":[{\"@type\":\"SearchAction\",\"target\":{\"@type\":\"EntryPoint\",\"urlTemplate\":\"https:\\\/\\\/favorite-news.com\\\/es\\\/?s={search_term_string}\"},\"query-input\":{\"@type\":\"PropertyValueSpecification\",\"valueRequired\":true,\"valueName\":\"search_term_string\"}}],\"inLanguage\":\"es\"},{\"@type\":\"Person\",\"@id\":\"https:\\\/\\\/favorite-news.com\\\/es\\\/#\\\/schema\\\/person\\\/b91573b717dcfa5e4696032a9d28d3e8\",\"name\":\"favorite-news\",\"image\":{\"@type\":\"ImageObject\",\"inLanguage\":\"es\",\"@id\":\"https:\\\/\\\/secure.gravatar.com\\\/avatar\\\/6c5a5cb12b74e9d517ee91cf570335b7d16177f1977cc91db161adfa435945a7?s=96&d=mm&r=g\",\"url\":\"https:\\\/\\\/secure.gravatar.com\\\/avatar\\\/6c5a5cb12b74e9d517ee91cf570335b7d16177f1977cc91db161adfa435945a7?s=96&d=mm&r=g\",\"contentUrl\":\"https:\\\/\\\/secure.gravatar.com\\\/avatar\\\/6c5a5cb12b74e9d517ee91cf570335b7d16177f1977cc91db161adfa435945a7?s=96&d=mm&r=g\",\"caption\":\"favorite-news\"},\"url\":\"https:\\\/\\\/favorite-news.com\\\/es\\\/author\\\/pt\\\/\"}]}<\/script>\n<!-- \/ Yoast SEO plugin. -->","yoast_head_json":{"title":"Internet: el tiempo de consumo aumenta un 9,2% en un a\u00f1o - Favorite News","robots":{"index":"index","follow":"follow","max-snippet":"max-snippet:-1","max-image-preview":"max-image-preview:large","max-video-preview":"max-video-preview:-1"},"canonical":"https:\/\/favorite-news.com\/es\/internet-el-tiempo-de-consumo-aumenta-un-92-en-un-ano\/","og_locale":"es_ES","og_type":"article","og_title":"Internet: el tiempo de consumo aumenta un 9,2% en un a\u00f1o - Favorite News","og_description":"En concreto, en enero de este a\u00f1o el promedio diario de consumo por persona se sit\u00faa en 130 minutos, 5 m\u00e1s que en diciembre de 2020, lo que significa un incremento del 4%, y 11 minutos por encima de enero de 2020, que arroja un crecimiento del 9,2%.En cuanto al n\u00famero de visitantes \u00fanicos, 35 [&hellip;]","og_url":"https:\/\/favorite-news.com\/es\/internet-el-tiempo-de-consumo-aumenta-un-92-en-un-ano\/","og_site_name":"Favorite News","article_published_time":"2021-02-18T15:07:14+00:00","article_modified_time":"2021-02-18T15:07:18+00:00","og_image":[{"width":640,"height":425,"url":"https:\/\/favorite-news.com\/es\/wp-content\/uploads\/sites\/4\/2021\/02\/Internet-el-tiempo-de-consumo-aumenta-un-92-en-un.jpg","type":"image\/jpeg"}],"author":"favorite-news","twitter_card":"summary_large_image","twitter_misc":{"Escrito por":"favorite-news","Tiempo de lectura":"1 minuto"},"schema":{"@context":"https:\/\/schema.org","@graph":[{"@type":"Article","@id":"https:\/\/favorite-news.com\/es\/internet-el-tiempo-de-consumo-aumenta-un-92-en-un-ano\/#article","isPartOf":{"@id":"https:\/\/favorite-news.com\/es\/internet-el-tiempo-de-consumo-aumenta-un-92-en-un-ano\/"},"author":{"name":"favorite-news","@id":"https:\/\/favorite-news.com\/es\/#\/schema\/person\/b91573b717dcfa5e4696032a9d28d3e8"},"headline":"Internet: el tiempo de consumo aumenta un 9,2% en un a\u00f1o","datePublished":"2021-02-18T15:07:14+00:00","dateModified":"2021-02-18T15:07:18+00:00","mainEntityOfPage":{"@id":"https:\/\/favorite-news.com\/es\/internet-el-tiempo-de-consumo-aumenta-un-92-en-un-ano\/"},"wordCount":257,"commentCount":0,"image":{"@id":"https:\/\/favorite-news.com\/es\/internet-el-tiempo-de-consumo-aumenta-un-92-en-un-ano\/#primaryimage"},"thumbnailUrl":"https:\/\/favorite-news.com\/es\/wp-content\/uploads\/sites\/4\/2021\/02\/Internet-el-tiempo-de-consumo-aumenta-un-92-en-un.jpg","articleSection":["NOTICIAS DE INTERNET MARKETING"],"inLanguage":"es","potentialAction":[{"@type":"CommentAction","name":"Comment","target":["https:\/\/favorite-news.com\/es\/internet-el-tiempo-de-consumo-aumenta-un-92-en-un-ano\/#respond"]}]},{"@type":"WebPage","@id":"https:\/\/favorite-news.com\/es\/internet-el-tiempo-de-consumo-aumenta-un-92-en-un-ano\/","url":"https:\/\/favorite-news.com\/es\/internet-el-tiempo-de-consumo-aumenta-un-92-en-un-ano\/","name":"Internet: el tiempo de consumo aumenta un 9,2% en un a\u00f1o - Favorite News","isPartOf":{"@id":"https:\/\/favorite-news.com\/es\/#website"},"primaryImageOfPage":{"@id":"https:\/\/favorite-news.com\/es\/internet-el-tiempo-de-consumo-aumenta-un-92-en-un-ano\/#primaryimage"},"image":{"@id":"https:\/\/favorite-news.com\/es\/internet-el-tiempo-de-consumo-aumenta-un-92-en-un-ano\/#primaryimage"},"thumbnailUrl":"https:\/\/favorite-news.com\/es\/wp-content\/uploads\/sites\/4\/2021\/02\/Internet-el-tiempo-de-consumo-aumenta-un-92-en-un.jpg","datePublished":"2021-02-18T15:07:14+00:00","dateModified":"2021-02-18T15:07:18+00:00","author":{"@id":"https:\/\/favorite-news.com\/es\/#\/schema\/person\/b91573b717dcfa5e4696032a9d28d3e8"},"breadcrumb":{"@id":"https:\/\/favorite-news.com\/es\/internet-el-tiempo-de-consumo-aumenta-un-92-en-un-ano\/#breadcrumb"},"inLanguage":"es","potentialAction":[{"@type":"ReadAction","target":["https:\/\/favorite-news.com\/es\/internet-el-tiempo-de-consumo-aumenta-un-92-en-un-ano\/"]}]},{"@type":"ImageObject","inLanguage":"es","@id":"https:\/\/favorite-news.com\/es\/internet-el-tiempo-de-consumo-aumenta-un-92-en-un-ano\/#primaryimage","url":"https:\/\/favorite-news.com\/es\/wp-content\/uploads\/sites\/4\/2021\/02\/Internet-el-tiempo-de-consumo-aumenta-un-92-en-un.jpg","contentUrl":"https:\/\/favorite-news.com\/es\/wp-content\/uploads\/sites\/4\/2021\/02\/Internet-el-tiempo-de-consumo-aumenta-un-92-en-un.jpg","width":640,"height":425,"caption":"Internet: el tiempo de consumo aumenta un 9,2% en un a\u00f1o"},{"@type":"BreadcrumbList","@id":"https:\/\/favorite-news.com\/es\/internet-el-tiempo-de-consumo-aumenta-un-92-en-un-ano\/#breadcrumb","itemListElement":[{"@type":"ListItem","position":1,"name":"Home","item":"https:\/\/favorite-news.com\/es\/"},{"@type":"ListItem","position":2,"name":"Internet: el tiempo de consumo aumenta un 9,2% en un a\u00f1o"}]},{"@type":"WebSite","@id":"https:\/\/favorite-news.com\/es\/#website","url":"https:\/\/favorite-news.com\/es\/","name":"Favorite News","description":"Favorite News Espa\u00f1a","potentialAction":[{"@type":"SearchAction","target":{"@type":"EntryPoint","urlTemplate":"https:\/\/favorite-news.com\/es\/?s={search_term_string}"},"query-input":{"@type":"PropertyValueSpecification","valueRequired":true,"valueName":"search_term_string"}}],"inLanguage":"es"},{"@type":"Person","@id":"https:\/\/favorite-news.com\/es\/#\/schema\/person\/b91573b717dcfa5e4696032a9d28d3e8","name":"favorite-news","image":{"@type":"ImageObject","inLanguage":"es","@id":"https:\/\/secure.gravatar.com\/avatar\/6c5a5cb12b74e9d517ee91cf570335b7d16177f1977cc91db161adfa435945a7?s=96&d=mm&r=g","url":"https:\/\/secure.gravatar.com\/avatar\/6c5a5cb12b74e9d517ee91cf570335b7d16177f1977cc91db161adfa435945a7?s=96&d=mm&r=g","contentUrl":"https:\/\/secure.gravatar.com\/avatar\/6c5a5cb12b74e9d517ee91cf570335b7d16177f1977cc91db161adfa435945a7?s=96&d=mm&r=g","caption":"favorite-news"},"url":"https:\/\/favorite-news.com\/es\/author\/pt\/"}]}},"_links":{"self":[{"href":"https:\/\/favorite-news.com\/es\/wp-json\/wp\/v2\/posts\/5754","targetHints":{"allow":["GET"]}}],"collection":[{"href":"https:\/\/favorite-news.com\/es\/wp-json\/wp\/v2\/posts"}],"about":[{"href":"https:\/\/favorite-news.com\/es\/wp-json\/wp\/v2\/types\/post"}],"author":[{"embeddable":true,"href":"https:\/\/favorite-news.com\/es\/wp-json\/wp\/v2\/users\/2"}],"replies":[{"embeddable":true,"href":"https:\/\/favorite-news.com\/es\/wp-json\/wp\/v2\/comments?post=5754"}],"version-history":[{"count":1,"href":"https:\/\/favorite-news.com\/es\/wp-json\/wp\/v2\/posts\/5754\/revisions"}],"predecessor-version":[{"id":5756,"href":"https:\/\/favorite-news.com\/es\/wp-json\/wp\/v2\/posts\/5754\/revisions\/5756"}],"wp:featuredmedia":[{"embeddable":true,"href":"https:\/\/favorite-news.com\/es\/wp-json\/wp\/v2\/media\/5755"}],"wp:attachment":[{"href":"https:\/\/favorite-news.com\/es\/wp-json\/wp\/v2\/media?parent=5754"}],"wp:term":[{"taxonomy":"category","embeddable":true,"href":"https:\/\/favorite-news.com\/es\/wp-json\/wp\/v2\/categories?post=5754"},{"taxonomy":"post_tag","embeddable":true,"href":"https:\/\/favorite-news.com\/es\/wp-json\/wp\/v2\/tags?post=5754"}],"curies":[{"name":"wp","href":"https:\/\/api.w.org\/{rel}","templated":true}]}}