{"id":5743,"date":"2021-02-16T17:49:04","date_gmt":"2021-02-16T14:49:04","guid":{"rendered":"https:\/\/favorite-news.com\/es\/como-son-los-jovenes-espanoles-de-12-a-22-anos-que-se-entretienen-con-el-movil\/"},"modified":"2021-02-16T17:49:07","modified_gmt":"2021-02-16T14:49:07","slug":"como-son-los-jovenes-espanoles-de-12-a-22-anos-que-se-entretienen-con-el-movil","status":"publish","type":"post","link":"https:\/\/favorite-news.com\/es\/como-son-los-jovenes-espanoles-de-12-a-22-anos-que-se-entretienen-con-el-movil\/","title":{"rendered":"C\u00f3mo son los j\u00f3venes espa\u00f1oles de 12 a 22 a\u00f1os que se entretienen con el m\u00f3vil"},"content":{"rendered":"<p>El entretenimiento m\u00f3vil experiment\u00f3 un gran impulso el a\u00f1o pasado. Cerr\u00f3 el a\u00f1o con unos beneficios mundiales de aproximadamente 68.500 millones de d\u00f3lares. Y este a\u00f1o, seg\u00fan las previsiones de App Annie\u2019s se espera que supere los 120.000 millones. \u00a0AdColony, compa\u00f1\u00eda especializada en \u00a0publicidad de v\u00eddeo para m\u00f3vil, ha elaborado un macroestudio en Espa\u00f1a, \u00abCustomer Persona Mobile Gaming in Spain\u00bb, de los diferentes perfiles de consumidores de entretenimiento m\u00f3vil en nuestro pa\u00eds. En \u00e9l se han distinguido tres categor\u00edas: J\u00f3venes-adultos, Profesionales y Mayores.Los resultados de la categor\u00eda j\u00f3venes-adultos, que comprende las edades de 12 a 22 a\u00f1os, han sido los primeros en ser revelados por la compa\u00f1\u00eda. El estudio incluye a los ni\u00f1os y j\u00f3venes de la Generaci\u00f3n Z, que abarca a personas nacidas a finales de los noventa y durante la primera d\u00e9cada del siglo XX. Sobre ellas se ha realizado un pormenorizado an\u00e1lisis de sus preferencias. Y los principales resultados son los siguientes:Sus principales intereses personales son m\u00fasica, cuidado personal, pel\u00edculas, cine, practicar deporte y cocinar.El 87% de ellos viven con sus padres.Les encanta practicar el entretenimiento m\u00f3vil porque no tienen que pagar por las descargas y pueden jugar en cualquier parte.Un 15% de ellos practican este tipo de ocio con sus dispositivos m\u00f3viles.Sus g\u00e9neros preferidos son acci\u00f3n y aventuras, simuladores y cartas.Prefieren los juegos en los que hay publicidad que les permite seguir jugando y les evita tener que pedir dinero a sus padres.Son partidarios de las marcas que les permiten jugar a sus juegos favoritos.Acceder a la infograf\u00eda<br \/>\n<br \/>\n<!--noindex--><br \/>\n<a href=\"http:\/\/www.marketingnews.es\/investigacion\/noticia\/1164472031605\/jovenes-espanoles-de-12-22-anos-se-entretienen-movil.1.html\" rel=\"nofollow\">Source link <\/a><br \/>\n<!--\/noindex--><\/p>\n","protected":false},"excerpt":{"rendered":"<p>El entretenimiento m\u00f3vil experiment\u00f3 un gran impulso el a\u00f1o pasado. Cerr\u00f3 el a\u00f1o con unos beneficios mundiales de aproximadamente 68.500 millones de d\u00f3lares. Y este a\u00f1o, seg\u00fan las previsiones de App Annie\u2019s se espera que supere los 120.000 millones. \u00a0AdColony, compa\u00f1\u00eda especializada en \u00a0publicidad de v\u00eddeo para m\u00f3vil, ha elaborado un macroestudio en Espa\u00f1a, \u00abCustomer [&hellip;]<\/p>\n","protected":false},"author":2,"featured_media":5744,"comment_status":"open","ping_status":"open","sticky":false,"template":"","format":"standard","meta":{"footnotes":""},"categories":[2],"tags":[],"class_list":["post-5743","post","type-post","status-publish","format-standard","has-post-thumbnail","hentry","category-noticias-de-internet-marketing"],"yoast_head":"<!-- This site is optimized with the Yoast SEO plugin v27.4 - https:\/\/yoast.com\/product\/yoast-seo-wordpress\/ -->\n<title>C\u00f3mo son los j\u00f3venes espa\u00f1oles de 12 a 22 a\u00f1os que se entretienen con el m\u00f3vil - Favorite News<\/title>\n<meta name=\"robots\" content=\"index, follow, max-snippet:-1, max-image-preview:large, max-video-preview:-1\" \/>\n<link rel=\"canonical\" href=\"https:\/\/favorite-news.com\/es\/como-son-los-jovenes-espanoles-de-12-a-22-anos-que-se-entretienen-con-el-movil\/\" \/>\n<meta property=\"og:locale\" content=\"es_ES\" \/>\n<meta property=\"og:type\" content=\"article\" \/>\n<meta property=\"og:title\" content=\"C\u00f3mo son los j\u00f3venes espa\u00f1oles de 12 a 22 a\u00f1os que se entretienen con el m\u00f3vil - Favorite News\" \/>\n<meta property=\"og:description\" content=\"El entretenimiento m\u00f3vil experiment\u00f3 un gran impulso el a\u00f1o pasado. Cerr\u00f3 el a\u00f1o con unos beneficios mundiales de aproximadamente 68.500 millones de d\u00f3lares. Y este a\u00f1o, seg\u00fan las previsiones de App Annie\u2019s se espera que supere los 120.000 millones. \u00a0AdColony, compa\u00f1\u00eda especializada en \u00a0publicidad de v\u00eddeo para m\u00f3vil, ha elaborado un macroestudio en Espa\u00f1a, \u00abCustomer [&hellip;]\" \/>\n<meta property=\"og:url\" content=\"https:\/\/favorite-news.com\/es\/como-son-los-jovenes-espanoles-de-12-a-22-anos-que-se-entretienen-con-el-movil\/\" \/>\n<meta property=\"og:site_name\" content=\"Favorite News\" \/>\n<meta property=\"article:published_time\" content=\"2021-02-16T14:49:04+00:00\" \/>\n<meta property=\"article:modified_time\" content=\"2021-02-16T14:49:07+00:00\" \/>\n<meta property=\"og:image\" content=\"https:\/\/favorite-news.com\/es\/wp-content\/uploads\/sites\/4\/2021\/02\/Como-son-los-jovenes-espanoles-de-12-a-22-anos.jpg\" \/>\n\t<meta property=\"og:image:width\" content=\"970\" \/>\n\t<meta property=\"og:image:height\" content=\"450\" \/>\n\t<meta property=\"og:image:type\" content=\"image\/jpeg\" \/>\n<meta name=\"author\" content=\"favorite-news\" \/>\n<meta name=\"twitter:card\" content=\"summary_large_image\" \/>\n<meta name=\"twitter:label1\" content=\"Escrito por\" \/>\n\t<meta name=\"twitter:data1\" content=\"favorite-news\" \/>\n\t<meta name=\"twitter:label2\" content=\"Tiempo de lectura\" \/>\n\t<meta name=\"twitter:data2\" content=\"1 minuto\" \/>\n<script type=\"application\/ld+json\" class=\"yoast-schema-graph\">{\"@context\":\"https:\\\/\\\/schema.org\",\"@graph\":[{\"@type\":\"Article\",\"@id\":\"https:\\\/\\\/favorite-news.com\\\/es\\\/como-son-los-jovenes-espanoles-de-12-a-22-anos-que-se-entretienen-con-el-movil\\\/#article\",\"isPartOf\":{\"@id\":\"https:\\\/\\\/favorite-news.com\\\/es\\\/como-son-los-jovenes-espanoles-de-12-a-22-anos-que-se-entretienen-con-el-movil\\\/\"},\"author\":{\"name\":\"favorite-news\",\"@id\":\"https:\\\/\\\/favorite-news.com\\\/es\\\/#\\\/schema\\\/person\\\/b91573b717dcfa5e4696032a9d28d3e8\"},\"headline\":\"C\u00f3mo son los j\u00f3venes espa\u00f1oles de 12 a 22 a\u00f1os que se entretienen con el m\u00f3vil\",\"datePublished\":\"2021-02-16T14:49:04+00:00\",\"dateModified\":\"2021-02-16T14:49:07+00:00\",\"mainEntityOfPage\":{\"@id\":\"https:\\\/\\\/favorite-news.com\\\/es\\\/como-son-los-jovenes-espanoles-de-12-a-22-anos-que-se-entretienen-con-el-movil\\\/\"},\"wordCount\":307,\"commentCount\":0,\"image\":{\"@id\":\"https:\\\/\\\/favorite-news.com\\\/es\\\/como-son-los-jovenes-espanoles-de-12-a-22-anos-que-se-entretienen-con-el-movil\\\/#primaryimage\"},\"thumbnailUrl\":\"https:\\\/\\\/favorite-news.com\\\/es\\\/wp-content\\\/uploads\\\/sites\\\/4\\\/2021\\\/02\\\/Como-son-los-jovenes-espanoles-de-12-a-22-anos.jpg\",\"articleSection\":[\"NOTICIAS DE INTERNET MARKETING\"],\"inLanguage\":\"es\",\"potentialAction\":[{\"@type\":\"CommentAction\",\"name\":\"Comment\",\"target\":[\"https:\\\/\\\/favorite-news.com\\\/es\\\/como-son-los-jovenes-espanoles-de-12-a-22-anos-que-se-entretienen-con-el-movil\\\/#respond\"]}]},{\"@type\":\"WebPage\",\"@id\":\"https:\\\/\\\/favorite-news.com\\\/es\\\/como-son-los-jovenes-espanoles-de-12-a-22-anos-que-se-entretienen-con-el-movil\\\/\",\"url\":\"https:\\\/\\\/favorite-news.com\\\/es\\\/como-son-los-jovenes-espanoles-de-12-a-22-anos-que-se-entretienen-con-el-movil\\\/\",\"name\":\"C\u00f3mo son los j\u00f3venes espa\u00f1oles de 12 a 22 a\u00f1os que se entretienen con el m\u00f3vil - Favorite News\",\"isPartOf\":{\"@id\":\"https:\\\/\\\/favorite-news.com\\\/es\\\/#website\"},\"primaryImageOfPage\":{\"@id\":\"https:\\\/\\\/favorite-news.com\\\/es\\\/como-son-los-jovenes-espanoles-de-12-a-22-anos-que-se-entretienen-con-el-movil\\\/#primaryimage\"},\"image\":{\"@id\":\"https:\\\/\\\/favorite-news.com\\\/es\\\/como-son-los-jovenes-espanoles-de-12-a-22-anos-que-se-entretienen-con-el-movil\\\/#primaryimage\"},\"thumbnailUrl\":\"https:\\\/\\\/favorite-news.com\\\/es\\\/wp-content\\\/uploads\\\/sites\\\/4\\\/2021\\\/02\\\/Como-son-los-jovenes-espanoles-de-12-a-22-anos.jpg\",\"datePublished\":\"2021-02-16T14:49:04+00:00\",\"dateModified\":\"2021-02-16T14:49:07+00:00\",\"author\":{\"@id\":\"https:\\\/\\\/favorite-news.com\\\/es\\\/#\\\/schema\\\/person\\\/b91573b717dcfa5e4696032a9d28d3e8\"},\"breadcrumb\":{\"@id\":\"https:\\\/\\\/favorite-news.com\\\/es\\\/como-son-los-jovenes-espanoles-de-12-a-22-anos-que-se-entretienen-con-el-movil\\\/#breadcrumb\"},\"inLanguage\":\"es\",\"potentialAction\":[{\"@type\":\"ReadAction\",\"target\":[\"https:\\\/\\\/favorite-news.com\\\/es\\\/como-son-los-jovenes-espanoles-de-12-a-22-anos-que-se-entretienen-con-el-movil\\\/\"]}]},{\"@type\":\"ImageObject\",\"inLanguage\":\"es\",\"@id\":\"https:\\\/\\\/favorite-news.com\\\/es\\\/como-son-los-jovenes-espanoles-de-12-a-22-anos-que-se-entretienen-con-el-movil\\\/#primaryimage\",\"url\":\"https:\\\/\\\/favorite-news.com\\\/es\\\/wp-content\\\/uploads\\\/sites\\\/4\\\/2021\\\/02\\\/Como-son-los-jovenes-espanoles-de-12-a-22-anos.jpg\",\"contentUrl\":\"https:\\\/\\\/favorite-news.com\\\/es\\\/wp-content\\\/uploads\\\/sites\\\/4\\\/2021\\\/02\\\/Como-son-los-jovenes-espanoles-de-12-a-22-anos.jpg\",\"width\":970,\"height\":450,\"caption\":\"C\u00f3mo son los j\u00f3venes espa\u00f1oles de 12 a 22 a\u00f1os que se entretienen con el m\u00f3vil\"},{\"@type\":\"BreadcrumbList\",\"@id\":\"https:\\\/\\\/favorite-news.com\\\/es\\\/como-son-los-jovenes-espanoles-de-12-a-22-anos-que-se-entretienen-con-el-movil\\\/#breadcrumb\",\"itemListElement\":[{\"@type\":\"ListItem\",\"position\":1,\"name\":\"Home\",\"item\":\"https:\\\/\\\/favorite-news.com\\\/es\\\/\"},{\"@type\":\"ListItem\",\"position\":2,\"name\":\"C\u00f3mo son los j\u00f3venes espa\u00f1oles de 12 a 22 a\u00f1os que se entretienen con el m\u00f3vil\"}]},{\"@type\":\"WebSite\",\"@id\":\"https:\\\/\\\/favorite-news.com\\\/es\\\/#website\",\"url\":\"https:\\\/\\\/favorite-news.com\\\/es\\\/\",\"name\":\"Favorite News\",\"description\":\"Favorite News Espa\u00f1a\",\"potentialAction\":[{\"@type\":\"SearchAction\",\"target\":{\"@type\":\"EntryPoint\",\"urlTemplate\":\"https:\\\/\\\/favorite-news.com\\\/es\\\/?s={search_term_string}\"},\"query-input\":{\"@type\":\"PropertyValueSpecification\",\"valueRequired\":true,\"valueName\":\"search_term_string\"}}],\"inLanguage\":\"es\"},{\"@type\":\"Person\",\"@id\":\"https:\\\/\\\/favorite-news.com\\\/es\\\/#\\\/schema\\\/person\\\/b91573b717dcfa5e4696032a9d28d3e8\",\"name\":\"favorite-news\",\"image\":{\"@type\":\"ImageObject\",\"inLanguage\":\"es\",\"@id\":\"https:\\\/\\\/secure.gravatar.com\\\/avatar\\\/6c5a5cb12b74e9d517ee91cf570335b7d16177f1977cc91db161adfa435945a7?s=96&d=mm&r=g\",\"url\":\"https:\\\/\\\/secure.gravatar.com\\\/avatar\\\/6c5a5cb12b74e9d517ee91cf570335b7d16177f1977cc91db161adfa435945a7?s=96&d=mm&r=g\",\"contentUrl\":\"https:\\\/\\\/secure.gravatar.com\\\/avatar\\\/6c5a5cb12b74e9d517ee91cf570335b7d16177f1977cc91db161adfa435945a7?s=96&d=mm&r=g\",\"caption\":\"favorite-news\"},\"url\":\"https:\\\/\\\/favorite-news.com\\\/es\\\/author\\\/pt\\\/\"}]}<\/script>\n<!-- \/ Yoast SEO plugin. -->","yoast_head_json":{"title":"C\u00f3mo son los j\u00f3venes espa\u00f1oles de 12 a 22 a\u00f1os que se entretienen con el m\u00f3vil - Favorite News","robots":{"index":"index","follow":"follow","max-snippet":"max-snippet:-1","max-image-preview":"max-image-preview:large","max-video-preview":"max-video-preview:-1"},"canonical":"https:\/\/favorite-news.com\/es\/como-son-los-jovenes-espanoles-de-12-a-22-anos-que-se-entretienen-con-el-movil\/","og_locale":"es_ES","og_type":"article","og_title":"C\u00f3mo son los j\u00f3venes espa\u00f1oles de 12 a 22 a\u00f1os que se entretienen con el m\u00f3vil - Favorite News","og_description":"El entretenimiento m\u00f3vil experiment\u00f3 un gran impulso el a\u00f1o pasado. Cerr\u00f3 el a\u00f1o con unos beneficios mundiales de aproximadamente 68.500 millones de d\u00f3lares. Y este a\u00f1o, seg\u00fan las previsiones de App Annie\u2019s se espera que supere los 120.000 millones. \u00a0AdColony, compa\u00f1\u00eda especializada en \u00a0publicidad de v\u00eddeo para m\u00f3vil, ha elaborado un macroestudio en Espa\u00f1a, \u00abCustomer [&hellip;]","og_url":"https:\/\/favorite-news.com\/es\/como-son-los-jovenes-espanoles-de-12-a-22-anos-que-se-entretienen-con-el-movil\/","og_site_name":"Favorite News","article_published_time":"2021-02-16T14:49:04+00:00","article_modified_time":"2021-02-16T14:49:07+00:00","og_image":[{"width":970,"height":450,"url":"https:\/\/favorite-news.com\/es\/wp-content\/uploads\/sites\/4\/2021\/02\/Como-son-los-jovenes-espanoles-de-12-a-22-anos.jpg","type":"image\/jpeg"}],"author":"favorite-news","twitter_card":"summary_large_image","twitter_misc":{"Escrito por":"favorite-news","Tiempo de lectura":"1 minuto"},"schema":{"@context":"https:\/\/schema.org","@graph":[{"@type":"Article","@id":"https:\/\/favorite-news.com\/es\/como-son-los-jovenes-espanoles-de-12-a-22-anos-que-se-entretienen-con-el-movil\/#article","isPartOf":{"@id":"https:\/\/favorite-news.com\/es\/como-son-los-jovenes-espanoles-de-12-a-22-anos-que-se-entretienen-con-el-movil\/"},"author":{"name":"favorite-news","@id":"https:\/\/favorite-news.com\/es\/#\/schema\/person\/b91573b717dcfa5e4696032a9d28d3e8"},"headline":"C\u00f3mo son los j\u00f3venes espa\u00f1oles de 12 a 22 a\u00f1os que se entretienen con el m\u00f3vil","datePublished":"2021-02-16T14:49:04+00:00","dateModified":"2021-02-16T14:49:07+00:00","mainEntityOfPage":{"@id":"https:\/\/favorite-news.com\/es\/como-son-los-jovenes-espanoles-de-12-a-22-anos-que-se-entretienen-con-el-movil\/"},"wordCount":307,"commentCount":0,"image":{"@id":"https:\/\/favorite-news.com\/es\/como-son-los-jovenes-espanoles-de-12-a-22-anos-que-se-entretienen-con-el-movil\/#primaryimage"},"thumbnailUrl":"https:\/\/favorite-news.com\/es\/wp-content\/uploads\/sites\/4\/2021\/02\/Como-son-los-jovenes-espanoles-de-12-a-22-anos.jpg","articleSection":["NOTICIAS DE INTERNET MARKETING"],"inLanguage":"es","potentialAction":[{"@type":"CommentAction","name":"Comment","target":["https:\/\/favorite-news.com\/es\/como-son-los-jovenes-espanoles-de-12-a-22-anos-que-se-entretienen-con-el-movil\/#respond"]}]},{"@type":"WebPage","@id":"https:\/\/favorite-news.com\/es\/como-son-los-jovenes-espanoles-de-12-a-22-anos-que-se-entretienen-con-el-movil\/","url":"https:\/\/favorite-news.com\/es\/como-son-los-jovenes-espanoles-de-12-a-22-anos-que-se-entretienen-con-el-movil\/","name":"C\u00f3mo son los j\u00f3venes espa\u00f1oles de 12 a 22 a\u00f1os que se entretienen con el m\u00f3vil - Favorite News","isPartOf":{"@id":"https:\/\/favorite-news.com\/es\/#website"},"primaryImageOfPage":{"@id":"https:\/\/favorite-news.com\/es\/como-son-los-jovenes-espanoles-de-12-a-22-anos-que-se-entretienen-con-el-movil\/#primaryimage"},"image":{"@id":"https:\/\/favorite-news.com\/es\/como-son-los-jovenes-espanoles-de-12-a-22-anos-que-se-entretienen-con-el-movil\/#primaryimage"},"thumbnailUrl":"https:\/\/favorite-news.com\/es\/wp-content\/uploads\/sites\/4\/2021\/02\/Como-son-los-jovenes-espanoles-de-12-a-22-anos.jpg","datePublished":"2021-02-16T14:49:04+00:00","dateModified":"2021-02-16T14:49:07+00:00","author":{"@id":"https:\/\/favorite-news.com\/es\/#\/schema\/person\/b91573b717dcfa5e4696032a9d28d3e8"},"breadcrumb":{"@id":"https:\/\/favorite-news.com\/es\/como-son-los-jovenes-espanoles-de-12-a-22-anos-que-se-entretienen-con-el-movil\/#breadcrumb"},"inLanguage":"es","potentialAction":[{"@type":"ReadAction","target":["https:\/\/favorite-news.com\/es\/como-son-los-jovenes-espanoles-de-12-a-22-anos-que-se-entretienen-con-el-movil\/"]}]},{"@type":"ImageObject","inLanguage":"es","@id":"https:\/\/favorite-news.com\/es\/como-son-los-jovenes-espanoles-de-12-a-22-anos-que-se-entretienen-con-el-movil\/#primaryimage","url":"https:\/\/favorite-news.com\/es\/wp-content\/uploads\/sites\/4\/2021\/02\/Como-son-los-jovenes-espanoles-de-12-a-22-anos.jpg","contentUrl":"https:\/\/favorite-news.com\/es\/wp-content\/uploads\/sites\/4\/2021\/02\/Como-son-los-jovenes-espanoles-de-12-a-22-anos.jpg","width":970,"height":450,"caption":"C\u00f3mo son los j\u00f3venes espa\u00f1oles de 12 a 22 a\u00f1os que se entretienen con el m\u00f3vil"},{"@type":"BreadcrumbList","@id":"https:\/\/favorite-news.com\/es\/como-son-los-jovenes-espanoles-de-12-a-22-anos-que-se-entretienen-con-el-movil\/#breadcrumb","itemListElement":[{"@type":"ListItem","position":1,"name":"Home","item":"https:\/\/favorite-news.com\/es\/"},{"@type":"ListItem","position":2,"name":"C\u00f3mo son los j\u00f3venes espa\u00f1oles de 12 a 22 a\u00f1os que se entretienen con el m\u00f3vil"}]},{"@type":"WebSite","@id":"https:\/\/favorite-news.com\/es\/#website","url":"https:\/\/favorite-news.com\/es\/","name":"Favorite News","description":"Favorite News Espa\u00f1a","potentialAction":[{"@type":"SearchAction","target":{"@type":"EntryPoint","urlTemplate":"https:\/\/favorite-news.com\/es\/?s={search_term_string}"},"query-input":{"@type":"PropertyValueSpecification","valueRequired":true,"valueName":"search_term_string"}}],"inLanguage":"es"},{"@type":"Person","@id":"https:\/\/favorite-news.com\/es\/#\/schema\/person\/b91573b717dcfa5e4696032a9d28d3e8","name":"favorite-news","image":{"@type":"ImageObject","inLanguage":"es","@id":"https:\/\/secure.gravatar.com\/avatar\/6c5a5cb12b74e9d517ee91cf570335b7d16177f1977cc91db161adfa435945a7?s=96&d=mm&r=g","url":"https:\/\/secure.gravatar.com\/avatar\/6c5a5cb12b74e9d517ee91cf570335b7d16177f1977cc91db161adfa435945a7?s=96&d=mm&r=g","contentUrl":"https:\/\/secure.gravatar.com\/avatar\/6c5a5cb12b74e9d517ee91cf570335b7d16177f1977cc91db161adfa435945a7?s=96&d=mm&r=g","caption":"favorite-news"},"url":"https:\/\/favorite-news.com\/es\/author\/pt\/"}]}},"_links":{"self":[{"href":"https:\/\/favorite-news.com\/es\/wp-json\/wp\/v2\/posts\/5743","targetHints":{"allow":["GET"]}}],"collection":[{"href":"https:\/\/favorite-news.com\/es\/wp-json\/wp\/v2\/posts"}],"about":[{"href":"https:\/\/favorite-news.com\/es\/wp-json\/wp\/v2\/types\/post"}],"author":[{"embeddable":true,"href":"https:\/\/favorite-news.com\/es\/wp-json\/wp\/v2\/users\/2"}],"replies":[{"embeddable":true,"href":"https:\/\/favorite-news.com\/es\/wp-json\/wp\/v2\/comments?post=5743"}],"version-history":[{"count":1,"href":"https:\/\/favorite-news.com\/es\/wp-json\/wp\/v2\/posts\/5743\/revisions"}],"predecessor-version":[{"id":5745,"href":"https:\/\/favorite-news.com\/es\/wp-json\/wp\/v2\/posts\/5743\/revisions\/5745"}],"wp:featuredmedia":[{"embeddable":true,"href":"https:\/\/favorite-news.com\/es\/wp-json\/wp\/v2\/media\/5744"}],"wp:attachment":[{"href":"https:\/\/favorite-news.com\/es\/wp-json\/wp\/v2\/media?parent=5743"}],"wp:term":[{"taxonomy":"category","embeddable":true,"href":"https:\/\/favorite-news.com\/es\/wp-json\/wp\/v2\/categories?post=5743"},{"taxonomy":"post_tag","embeddable":true,"href":"https:\/\/favorite-news.com\/es\/wp-json\/wp\/v2\/tags?post=5743"}],"curies":[{"name":"wp","href":"https:\/\/api.w.org\/{rel}","templated":true}]}}