{"id":5737,"date":"2021-02-15T17:45:56","date_gmt":"2021-02-15T14:45:56","guid":{"rendered":"https:\/\/favorite-news.com\/es\/telefonica-crea-una-plataforma-online-para-impulsar-el-talento-apoyada-por-sus-prescriptores\/"},"modified":"2021-02-15T17:45:58","modified_gmt":"2021-02-15T14:45:58","slug":"telefonica-crea-una-plataforma-online-para-impulsar-el-talento-apoyada-por-sus-prescriptores","status":"publish","type":"post","link":"https:\/\/favorite-news.com\/es\/telefonica-crea-una-plataforma-online-para-impulsar-el-talento-apoyada-por-sus-prescriptores\/","title":{"rendered":"Telef\u00f3nica crea una plataforma online para impulsar el talento, apoyada por sus prescriptores"},"content":{"rendered":"<p>Rafa Nadal, uno de los embajadores de Telef\u00f3nica Telef\u00f3nica ha puesto en marcha una plataforma de comunicaci\u00f3n que nace con el objetivo de dar visibilidad a la importancia de la conexi\u00f3n humana y los apoyos para que todas las personas se sientan capaces de lograr lo que se propongan: MejorConectados,\u00a0disponible a trav\u00e9s de www.mejorconectados.com y en los canales de Telef\u00f3nica.Tal y como destaca Rafael Fern\u00e1ndez de Alarc\u00f3n, director de Marca, Patrocinios y Medios de Telef\u00f3nica, \u201cen Telef\u00f3nica, creemos en un mundo m\u00e1s humano. Un mundo que se mueve gracias al talento de las personas. Por eso apoyamos el talento como mejor sabemos: conect\u00e1ndolo. Mejor Conectados quiere ser un lugar donde inspirarse, encontraste, conectar y lograr cosas incre\u00edbles\u201d.Adem\u00e1s de conocer historias in\u00e9ditas y del trabajo en equipo de los patrocinios deportivos, culturales o la producci\u00f3n audiovisual, que ayudan a crear conexiones humanas, se incluye el mejor talento a trav\u00e9s de las iniciativas de empleabilidad, educaci\u00f3n o solidaridad de Fundaci\u00f3n Telef\u00f3nica; del aprendizaje colaborativo de 42; de la colaboraci\u00f3n entre emprendedores de Wayra.MejorConectados cuenta con varios apartados como:\u2022\u00a0\u00a0 \u00a0Historias incre\u00edbles protagonizadas por algunos de los embajadores de marca (Rafa Nadal, Ferran Adri\u00e0, Teresa Perales, Javier G\u00f3mez Noya, Nacho Azofra\u2026) y por otras personas menos conocidas (Javier Perea de una start-up de Wayra o Kamran, violinista de la C\u00e1tedra de Viol\u00edn Telef\u00f3nica de la Escuela M\u00fasica Reina Sof\u00eda). Todos ellos tienen el denominador com\u00fan de incluir testimonios cercanos y reales e im\u00e1genes in\u00e9ditas que explican las conexiones humanas y apoyos que han hecho posibles sus \u00e9xitos.\u2022\u00a0\u00a0 \u00a0Tambi\u00e9n se podr\u00e1n vivir experiencias gracias a las conexiones entre los protagonistas de estas historias inspiradoras y los usuarios que accedan a la plataforma. Estos encuentros tendr\u00e1n diferentes formatos: desde charlas y masterclass hasta la participaci\u00f3n en pruebas deportivas virtuales, entre otras muchas opciones.\u2022\u00a0\u00a0 \u00a0Y, adem\u00e1s, cualquier usuario se podr\u00e1 compartir su historia, qu\u00e9 talento tiene y c\u00f3mo lo desarroll\u00f3 gracias al apoyo de otros y de este modo motivar a desarrollar su talento a los dem\u00e1s.<br \/>\n<br \/>\n<!--noindex--><br \/>\n<a href=\"http:\/\/www.marketingnews.es\/marcas\/noticia\/1164449054305\/telefonica-crea-plataforma-online-impulsar-talento-apoyada-prescriptores.1.html\" rel=\"nofollow\">Source link <\/a><br \/>\n<!--\/noindex--><\/p>\n","protected":false},"excerpt":{"rendered":"<p>Rafa Nadal, uno de los embajadores de Telef\u00f3nica Telef\u00f3nica ha puesto en marcha una plataforma de comunicaci\u00f3n que nace con el objetivo de dar visibilidad a la importancia de la conexi\u00f3n humana y los apoyos para que todas las personas se sientan capaces de lograr lo que se propongan: MejorConectados,\u00a0disponible a trav\u00e9s de www.mejorconectados.com y [&hellip;]<\/p>\n","protected":false},"author":2,"featured_media":5738,"comment_status":"open","ping_status":"open","sticky":false,"template":"","format":"standard","meta":{"footnotes":""},"categories":[2],"tags":[],"class_list":["post-5737","post","type-post","status-publish","format-standard","has-post-thumbnail","hentry","category-noticias-de-internet-marketing"],"yoast_head":"<!-- This site is optimized with the Yoast SEO plugin v27.4 - https:\/\/yoast.com\/product\/yoast-seo-wordpress\/ -->\n<title>Telef\u00f3nica crea una plataforma online para impulsar el talento, apoyada por sus prescriptores - Favorite News<\/title>\n<meta name=\"robots\" content=\"index, follow, max-snippet:-1, max-image-preview:large, max-video-preview:-1\" \/>\n<link rel=\"canonical\" href=\"https:\/\/favorite-news.com\/es\/telefonica-crea-una-plataforma-online-para-impulsar-el-talento-apoyada-por-sus-prescriptores\/\" \/>\n<meta property=\"og:locale\" content=\"es_ES\" \/>\n<meta property=\"og:type\" content=\"article\" \/>\n<meta property=\"og:title\" content=\"Telef\u00f3nica crea una plataforma online para impulsar el talento, apoyada por sus prescriptores - Favorite News\" \/>\n<meta property=\"og:description\" content=\"Rafa Nadal, uno de los embajadores de Telef\u00f3nica Telef\u00f3nica ha puesto en marcha una plataforma de comunicaci\u00f3n que nace con el objetivo de dar visibilidad a la importancia de la conexi\u00f3n humana y los apoyos para que todas las personas se sientan capaces de lograr lo que se propongan: MejorConectados,\u00a0disponible a trav\u00e9s de www.mejorconectados.com y [&hellip;]\" \/>\n<meta property=\"og:url\" content=\"https:\/\/favorite-news.com\/es\/telefonica-crea-una-plataforma-online-para-impulsar-el-talento-apoyada-por-sus-prescriptores\/\" \/>\n<meta property=\"og:site_name\" content=\"Favorite News\" \/>\n<meta property=\"article:published_time\" content=\"2021-02-15T14:45:56+00:00\" \/>\n<meta property=\"article:modified_time\" content=\"2021-02-15T14:45:58+00:00\" \/>\n<meta property=\"og:image\" content=\"https:\/\/favorite-news.com\/es\/wp-content\/uploads\/sites\/4\/2021\/02\/Telefonica-crea-una-plataforma-online-para-impulsar-el-talento-apoyada.png\" \/>\n\t<meta property=\"og:image:width\" content=\"530\" \/>\n\t<meta property=\"og:image:height\" content=\"300\" \/>\n\t<meta property=\"og:image:type\" content=\"image\/png\" \/>\n<meta name=\"author\" content=\"favorite-news\" \/>\n<meta name=\"twitter:card\" content=\"summary_large_image\" \/>\n<meta name=\"twitter:label1\" content=\"Escrito por\" \/>\n\t<meta name=\"twitter:data1\" content=\"favorite-news\" \/>\n\t<meta name=\"twitter:label2\" content=\"Tiempo de lectura\" \/>\n\t<meta name=\"twitter:data2\" content=\"2 minutos\" \/>\n<script type=\"application\/ld+json\" class=\"yoast-schema-graph\">{\"@context\":\"https:\\\/\\\/schema.org\",\"@graph\":[{\"@type\":\"Article\",\"@id\":\"https:\\\/\\\/favorite-news.com\\\/es\\\/telefonica-crea-una-plataforma-online-para-impulsar-el-talento-apoyada-por-sus-prescriptores\\\/#article\",\"isPartOf\":{\"@id\":\"https:\\\/\\\/favorite-news.com\\\/es\\\/telefonica-crea-una-plataforma-online-para-impulsar-el-talento-apoyada-por-sus-prescriptores\\\/\"},\"author\":{\"name\":\"favorite-news\",\"@id\":\"https:\\\/\\\/favorite-news.com\\\/es\\\/#\\\/schema\\\/person\\\/b91573b717dcfa5e4696032a9d28d3e8\"},\"headline\":\"Telef\u00f3nica crea una plataforma online para impulsar el talento, apoyada por sus prescriptores\",\"datePublished\":\"2021-02-15T14:45:56+00:00\",\"dateModified\":\"2021-02-15T14:45:58+00:00\",\"mainEntityOfPage\":{\"@id\":\"https:\\\/\\\/favorite-news.com\\\/es\\\/telefonica-crea-una-plataforma-online-para-impulsar-el-talento-apoyada-por-sus-prescriptores\\\/\"},\"wordCount\":389,\"commentCount\":0,\"image\":{\"@id\":\"https:\\\/\\\/favorite-news.com\\\/es\\\/telefonica-crea-una-plataforma-online-para-impulsar-el-talento-apoyada-por-sus-prescriptores\\\/#primaryimage\"},\"thumbnailUrl\":\"https:\\\/\\\/favorite-news.com\\\/es\\\/wp-content\\\/uploads\\\/sites\\\/4\\\/2021\\\/02\\\/Telefonica-crea-una-plataforma-online-para-impulsar-el-talento-apoyada.png\",\"articleSection\":[\"NOTICIAS DE INTERNET MARKETING\"],\"inLanguage\":\"es\",\"potentialAction\":[{\"@type\":\"CommentAction\",\"name\":\"Comment\",\"target\":[\"https:\\\/\\\/favorite-news.com\\\/es\\\/telefonica-crea-una-plataforma-online-para-impulsar-el-talento-apoyada-por-sus-prescriptores\\\/#respond\"]}]},{\"@type\":\"WebPage\",\"@id\":\"https:\\\/\\\/favorite-news.com\\\/es\\\/telefonica-crea-una-plataforma-online-para-impulsar-el-talento-apoyada-por-sus-prescriptores\\\/\",\"url\":\"https:\\\/\\\/favorite-news.com\\\/es\\\/telefonica-crea-una-plataforma-online-para-impulsar-el-talento-apoyada-por-sus-prescriptores\\\/\",\"name\":\"Telef\u00f3nica crea una plataforma online para impulsar el talento, apoyada por sus prescriptores - Favorite News\",\"isPartOf\":{\"@id\":\"https:\\\/\\\/favorite-news.com\\\/es\\\/#website\"},\"primaryImageOfPage\":{\"@id\":\"https:\\\/\\\/favorite-news.com\\\/es\\\/telefonica-crea-una-plataforma-online-para-impulsar-el-talento-apoyada-por-sus-prescriptores\\\/#primaryimage\"},\"image\":{\"@id\":\"https:\\\/\\\/favorite-news.com\\\/es\\\/telefonica-crea-una-plataforma-online-para-impulsar-el-talento-apoyada-por-sus-prescriptores\\\/#primaryimage\"},\"thumbnailUrl\":\"https:\\\/\\\/favorite-news.com\\\/es\\\/wp-content\\\/uploads\\\/sites\\\/4\\\/2021\\\/02\\\/Telefonica-crea-una-plataforma-online-para-impulsar-el-talento-apoyada.png\",\"datePublished\":\"2021-02-15T14:45:56+00:00\",\"dateModified\":\"2021-02-15T14:45:58+00:00\",\"author\":{\"@id\":\"https:\\\/\\\/favorite-news.com\\\/es\\\/#\\\/schema\\\/person\\\/b91573b717dcfa5e4696032a9d28d3e8\"},\"breadcrumb\":{\"@id\":\"https:\\\/\\\/favorite-news.com\\\/es\\\/telefonica-crea-una-plataforma-online-para-impulsar-el-talento-apoyada-por-sus-prescriptores\\\/#breadcrumb\"},\"inLanguage\":\"es\",\"potentialAction\":[{\"@type\":\"ReadAction\",\"target\":[\"https:\\\/\\\/favorite-news.com\\\/es\\\/telefonica-crea-una-plataforma-online-para-impulsar-el-talento-apoyada-por-sus-prescriptores\\\/\"]}]},{\"@type\":\"ImageObject\",\"inLanguage\":\"es\",\"@id\":\"https:\\\/\\\/favorite-news.com\\\/es\\\/telefonica-crea-una-plataforma-online-para-impulsar-el-talento-apoyada-por-sus-prescriptores\\\/#primaryimage\",\"url\":\"https:\\\/\\\/favorite-news.com\\\/es\\\/wp-content\\\/uploads\\\/sites\\\/4\\\/2021\\\/02\\\/Telefonica-crea-una-plataforma-online-para-impulsar-el-talento-apoyada.png\",\"contentUrl\":\"https:\\\/\\\/favorite-news.com\\\/es\\\/wp-content\\\/uploads\\\/sites\\\/4\\\/2021\\\/02\\\/Telefonica-crea-una-plataforma-online-para-impulsar-el-talento-apoyada.png\",\"width\":530,\"height\":300,\"caption\":\"Telef\u00f3nica crea una plataforma online para impulsar el talento, apoyada por sus prescriptores\"},{\"@type\":\"BreadcrumbList\",\"@id\":\"https:\\\/\\\/favorite-news.com\\\/es\\\/telefonica-crea-una-plataforma-online-para-impulsar-el-talento-apoyada-por-sus-prescriptores\\\/#breadcrumb\",\"itemListElement\":[{\"@type\":\"ListItem\",\"position\":1,\"name\":\"Home\",\"item\":\"https:\\\/\\\/favorite-news.com\\\/es\\\/\"},{\"@type\":\"ListItem\",\"position\":2,\"name\":\"Telef\u00f3nica crea una plataforma online para impulsar el talento, apoyada por sus prescriptores\"}]},{\"@type\":\"WebSite\",\"@id\":\"https:\\\/\\\/favorite-news.com\\\/es\\\/#website\",\"url\":\"https:\\\/\\\/favorite-news.com\\\/es\\\/\",\"name\":\"Favorite News\",\"description\":\"Favorite News Espa\u00f1a\",\"potentialAction\":[{\"@type\":\"SearchAction\",\"target\":{\"@type\":\"EntryPoint\",\"urlTemplate\":\"https:\\\/\\\/favorite-news.com\\\/es\\\/?s={search_term_string}\"},\"query-input\":{\"@type\":\"PropertyValueSpecification\",\"valueRequired\":true,\"valueName\":\"search_term_string\"}}],\"inLanguage\":\"es\"},{\"@type\":\"Person\",\"@id\":\"https:\\\/\\\/favorite-news.com\\\/es\\\/#\\\/schema\\\/person\\\/b91573b717dcfa5e4696032a9d28d3e8\",\"name\":\"favorite-news\",\"image\":{\"@type\":\"ImageObject\",\"inLanguage\":\"es\",\"@id\":\"https:\\\/\\\/secure.gravatar.com\\\/avatar\\\/6c5a5cb12b74e9d517ee91cf570335b7d16177f1977cc91db161adfa435945a7?s=96&d=mm&r=g\",\"url\":\"https:\\\/\\\/secure.gravatar.com\\\/avatar\\\/6c5a5cb12b74e9d517ee91cf570335b7d16177f1977cc91db161adfa435945a7?s=96&d=mm&r=g\",\"contentUrl\":\"https:\\\/\\\/secure.gravatar.com\\\/avatar\\\/6c5a5cb12b74e9d517ee91cf570335b7d16177f1977cc91db161adfa435945a7?s=96&d=mm&r=g\",\"caption\":\"favorite-news\"},\"url\":\"https:\\\/\\\/favorite-news.com\\\/es\\\/author\\\/pt\\\/\"}]}<\/script>\n<!-- \/ Yoast SEO plugin. -->","yoast_head_json":{"title":"Telef\u00f3nica crea una plataforma online para impulsar el talento, apoyada por sus prescriptores - Favorite News","robots":{"index":"index","follow":"follow","max-snippet":"max-snippet:-1","max-image-preview":"max-image-preview:large","max-video-preview":"max-video-preview:-1"},"canonical":"https:\/\/favorite-news.com\/es\/telefonica-crea-una-plataforma-online-para-impulsar-el-talento-apoyada-por-sus-prescriptores\/","og_locale":"es_ES","og_type":"article","og_title":"Telef\u00f3nica crea una plataforma online para impulsar el talento, apoyada por sus prescriptores - Favorite News","og_description":"Rafa Nadal, uno de los embajadores de Telef\u00f3nica Telef\u00f3nica ha puesto en marcha una plataforma de comunicaci\u00f3n que nace con el objetivo de dar visibilidad a la importancia de la conexi\u00f3n humana y los apoyos para que todas las personas se sientan capaces de lograr lo que se propongan: MejorConectados,\u00a0disponible a trav\u00e9s de www.mejorconectados.com y [&hellip;]","og_url":"https:\/\/favorite-news.com\/es\/telefonica-crea-una-plataforma-online-para-impulsar-el-talento-apoyada-por-sus-prescriptores\/","og_site_name":"Favorite News","article_published_time":"2021-02-15T14:45:56+00:00","article_modified_time":"2021-02-15T14:45:58+00:00","og_image":[{"width":530,"height":300,"url":"https:\/\/favorite-news.com\/es\/wp-content\/uploads\/sites\/4\/2021\/02\/Telefonica-crea-una-plataforma-online-para-impulsar-el-talento-apoyada.png","type":"image\/png"}],"author":"favorite-news","twitter_card":"summary_large_image","twitter_misc":{"Escrito por":"favorite-news","Tiempo de lectura":"2 minutos"},"schema":{"@context":"https:\/\/schema.org","@graph":[{"@type":"Article","@id":"https:\/\/favorite-news.com\/es\/telefonica-crea-una-plataforma-online-para-impulsar-el-talento-apoyada-por-sus-prescriptores\/#article","isPartOf":{"@id":"https:\/\/favorite-news.com\/es\/telefonica-crea-una-plataforma-online-para-impulsar-el-talento-apoyada-por-sus-prescriptores\/"},"author":{"name":"favorite-news","@id":"https:\/\/favorite-news.com\/es\/#\/schema\/person\/b91573b717dcfa5e4696032a9d28d3e8"},"headline":"Telef\u00f3nica crea una plataforma online para impulsar el talento, apoyada por sus prescriptores","datePublished":"2021-02-15T14:45:56+00:00","dateModified":"2021-02-15T14:45:58+00:00","mainEntityOfPage":{"@id":"https:\/\/favorite-news.com\/es\/telefonica-crea-una-plataforma-online-para-impulsar-el-talento-apoyada-por-sus-prescriptores\/"},"wordCount":389,"commentCount":0,"image":{"@id":"https:\/\/favorite-news.com\/es\/telefonica-crea-una-plataforma-online-para-impulsar-el-talento-apoyada-por-sus-prescriptores\/#primaryimage"},"thumbnailUrl":"https:\/\/favorite-news.com\/es\/wp-content\/uploads\/sites\/4\/2021\/02\/Telefonica-crea-una-plataforma-online-para-impulsar-el-talento-apoyada.png","articleSection":["NOTICIAS DE INTERNET MARKETING"],"inLanguage":"es","potentialAction":[{"@type":"CommentAction","name":"Comment","target":["https:\/\/favorite-news.com\/es\/telefonica-crea-una-plataforma-online-para-impulsar-el-talento-apoyada-por-sus-prescriptores\/#respond"]}]},{"@type":"WebPage","@id":"https:\/\/favorite-news.com\/es\/telefonica-crea-una-plataforma-online-para-impulsar-el-talento-apoyada-por-sus-prescriptores\/","url":"https:\/\/favorite-news.com\/es\/telefonica-crea-una-plataforma-online-para-impulsar-el-talento-apoyada-por-sus-prescriptores\/","name":"Telef\u00f3nica crea una plataforma online para impulsar el talento, apoyada por sus prescriptores - Favorite News","isPartOf":{"@id":"https:\/\/favorite-news.com\/es\/#website"},"primaryImageOfPage":{"@id":"https:\/\/favorite-news.com\/es\/telefonica-crea-una-plataforma-online-para-impulsar-el-talento-apoyada-por-sus-prescriptores\/#primaryimage"},"image":{"@id":"https:\/\/favorite-news.com\/es\/telefonica-crea-una-plataforma-online-para-impulsar-el-talento-apoyada-por-sus-prescriptores\/#primaryimage"},"thumbnailUrl":"https:\/\/favorite-news.com\/es\/wp-content\/uploads\/sites\/4\/2021\/02\/Telefonica-crea-una-plataforma-online-para-impulsar-el-talento-apoyada.png","datePublished":"2021-02-15T14:45:56+00:00","dateModified":"2021-02-15T14:45:58+00:00","author":{"@id":"https:\/\/favorite-news.com\/es\/#\/schema\/person\/b91573b717dcfa5e4696032a9d28d3e8"},"breadcrumb":{"@id":"https:\/\/favorite-news.com\/es\/telefonica-crea-una-plataforma-online-para-impulsar-el-talento-apoyada-por-sus-prescriptores\/#breadcrumb"},"inLanguage":"es","potentialAction":[{"@type":"ReadAction","target":["https:\/\/favorite-news.com\/es\/telefonica-crea-una-plataforma-online-para-impulsar-el-talento-apoyada-por-sus-prescriptores\/"]}]},{"@type":"ImageObject","inLanguage":"es","@id":"https:\/\/favorite-news.com\/es\/telefonica-crea-una-plataforma-online-para-impulsar-el-talento-apoyada-por-sus-prescriptores\/#primaryimage","url":"https:\/\/favorite-news.com\/es\/wp-content\/uploads\/sites\/4\/2021\/02\/Telefonica-crea-una-plataforma-online-para-impulsar-el-talento-apoyada.png","contentUrl":"https:\/\/favorite-news.com\/es\/wp-content\/uploads\/sites\/4\/2021\/02\/Telefonica-crea-una-plataforma-online-para-impulsar-el-talento-apoyada.png","width":530,"height":300,"caption":"Telef\u00f3nica crea una plataforma online para impulsar el talento, apoyada por sus prescriptores"},{"@type":"BreadcrumbList","@id":"https:\/\/favorite-news.com\/es\/telefonica-crea-una-plataforma-online-para-impulsar-el-talento-apoyada-por-sus-prescriptores\/#breadcrumb","itemListElement":[{"@type":"ListItem","position":1,"name":"Home","item":"https:\/\/favorite-news.com\/es\/"},{"@type":"ListItem","position":2,"name":"Telef\u00f3nica crea una plataforma online para impulsar el talento, apoyada por sus prescriptores"}]},{"@type":"WebSite","@id":"https:\/\/favorite-news.com\/es\/#website","url":"https:\/\/favorite-news.com\/es\/","name":"Favorite News","description":"Favorite News Espa\u00f1a","potentialAction":[{"@type":"SearchAction","target":{"@type":"EntryPoint","urlTemplate":"https:\/\/favorite-news.com\/es\/?s={search_term_string}"},"query-input":{"@type":"PropertyValueSpecification","valueRequired":true,"valueName":"search_term_string"}}],"inLanguage":"es"},{"@type":"Person","@id":"https:\/\/favorite-news.com\/es\/#\/schema\/person\/b91573b717dcfa5e4696032a9d28d3e8","name":"favorite-news","image":{"@type":"ImageObject","inLanguage":"es","@id":"https:\/\/secure.gravatar.com\/avatar\/6c5a5cb12b74e9d517ee91cf570335b7d16177f1977cc91db161adfa435945a7?s=96&d=mm&r=g","url":"https:\/\/secure.gravatar.com\/avatar\/6c5a5cb12b74e9d517ee91cf570335b7d16177f1977cc91db161adfa435945a7?s=96&d=mm&r=g","contentUrl":"https:\/\/secure.gravatar.com\/avatar\/6c5a5cb12b74e9d517ee91cf570335b7d16177f1977cc91db161adfa435945a7?s=96&d=mm&r=g","caption":"favorite-news"},"url":"https:\/\/favorite-news.com\/es\/author\/pt\/"}]}},"_links":{"self":[{"href":"https:\/\/favorite-news.com\/es\/wp-json\/wp\/v2\/posts\/5737","targetHints":{"allow":["GET"]}}],"collection":[{"href":"https:\/\/favorite-news.com\/es\/wp-json\/wp\/v2\/posts"}],"about":[{"href":"https:\/\/favorite-news.com\/es\/wp-json\/wp\/v2\/types\/post"}],"author":[{"embeddable":true,"href":"https:\/\/favorite-news.com\/es\/wp-json\/wp\/v2\/users\/2"}],"replies":[{"embeddable":true,"href":"https:\/\/favorite-news.com\/es\/wp-json\/wp\/v2\/comments?post=5737"}],"version-history":[{"count":1,"href":"https:\/\/favorite-news.com\/es\/wp-json\/wp\/v2\/posts\/5737\/revisions"}],"predecessor-version":[{"id":5739,"href":"https:\/\/favorite-news.com\/es\/wp-json\/wp\/v2\/posts\/5737\/revisions\/5739"}],"wp:featuredmedia":[{"embeddable":true,"href":"https:\/\/favorite-news.com\/es\/wp-json\/wp\/v2\/media\/5738"}],"wp:attachment":[{"href":"https:\/\/favorite-news.com\/es\/wp-json\/wp\/v2\/media?parent=5737"}],"wp:term":[{"taxonomy":"category","embeddable":true,"href":"https:\/\/favorite-news.com\/es\/wp-json\/wp\/v2\/categories?post=5737"},{"taxonomy":"post_tag","embeddable":true,"href":"https:\/\/favorite-news.com\/es\/wp-json\/wp\/v2\/tags?post=5737"}],"curies":[{"name":"wp","href":"https:\/\/api.w.org\/{rel}","templated":true}]}}