{"id":5702,"date":"2021-02-09T17:09:25","date_gmt":"2021-02-09T14:09:25","guid":{"rendered":"https:\/\/favorite-news.com\/es\/ricardo-perez-valcarcel-director-de-marketing-de-jcdecaux-en-espana\/"},"modified":"2021-02-09T17:09:27","modified_gmt":"2021-02-09T14:09:27","slug":"ricardo-perez-valcarcel-director-de-marketing-de-jcdecaux-en-espana","status":"publish","type":"post","link":"https:\/\/favorite-news.com\/es\/ricardo-perez-valcarcel-director-de-marketing-de-jcdecaux-en-espana\/","title":{"rendered":"Ricardo P\u00e9rez Valc\u00e1rcel, director de marketing de JCDecaux en Espa\u00f1a"},"content":{"rendered":"<p>Ricardo P\u00e9rez Valcarcel\tRicardo P\u00e9rez Valc\u00e1rcel, desde 2018 director de marketing en JCDecaux en M\u00e9xico, pa\u00eds en el que ha desarrollado toca su carrera profesional en el \u00e1mbito de diferentes multinacionales, ha asumido la direcci\u00f3n de marketing del grupo de exterior en Espa\u00f1a. Esta posici\u00f3n estaba sin cubrir desde hace varios meses, cuando sali\u00f3 de la compa\u00f1\u00eda Tania Cavada.Desde su nueva posici\u00f3n, dependiente de la direcci\u00f3n general del grupo en Espa\u00f1a, P\u00e9rez liderar\u00e1 la estrategia general de marketing con el objetivo de optimizar el posicionamiento y valor de marca de JCDecaux, as\u00ed como poner en marcha nuevas iniciativas que permitan incrementar la eficiencia global del negocio, se indica en un comunicado. Estar\u00e1 al frente de las distintas \u00e1reas que integran el departamento de marketing: estrategia, investigaci\u00f3n, data, innovaci\u00f3n, dise\u00f1o y comunicaci\u00f3n, \u201cy formar\u00e1 parte activa en el desarrollo de pilares estrat\u00e9gicos para JCDecaux como el impulso y comercializaci\u00f3n de productos digitales, con especial foco en la venta program\u00e1tica en exterior y las alianzas con terceros en materia de data e innovaci\u00f3n\u201d.A lo largo de sus 10 a\u00f1os de experiencia en las \u00e1reas de marketing y producto ha trabajado en Nestl\u00e9, ACH Foods M\u00e9xico y Grupo Herdez antes de fichar por JCDecaux M\u00e9xico, donde ha ejercido como director de marketing desde 2018.<br \/>\n<br \/>\n<!--noindex--><br \/>\n<a href=\"http:\/\/www.marketingnews.es\/profesionales\/noticia\/1164362031505\/ricardo-perez-valcarcel-director-de-marketing-de-jcdecaux-espana.1.html\" rel=\"nofollow\">Source link <\/a><br \/>\n<!--\/noindex--><\/p>\n","protected":false},"excerpt":{"rendered":"<p>Ricardo P\u00e9rez Valcarcel Ricardo P\u00e9rez Valc\u00e1rcel, desde 2018 director de marketing en JCDecaux en M\u00e9xico, pa\u00eds en el que ha desarrollado toca su carrera profesional en el \u00e1mbito de diferentes multinacionales, ha asumido la direcci\u00f3n de marketing del grupo de exterior en Espa\u00f1a. Esta posici\u00f3n estaba sin cubrir desde hace varios meses, cuando sali\u00f3 de [&hellip;]<\/p>\n","protected":false},"author":2,"featured_media":5703,"comment_status":"open","ping_status":"open","sticky":false,"template":"","format":"standard","meta":{"footnotes":""},"categories":[2],"tags":[],"class_list":["post-5702","post","type-post","status-publish","format-standard","has-post-thumbnail","hentry","category-noticias-de-internet-marketing"],"yoast_head":"<!-- This site is optimized with the Yoast SEO plugin v27.4 - https:\/\/yoast.com\/product\/yoast-seo-wordpress\/ -->\n<title>Ricardo P\u00e9rez Valc\u00e1rcel, director de marketing de JCDecaux en Espa\u00f1a - Favorite News<\/title>\n<meta name=\"robots\" content=\"index, follow, max-snippet:-1, max-image-preview:large, max-video-preview:-1\" \/>\n<link rel=\"canonical\" href=\"https:\/\/favorite-news.com\/es\/ricardo-perez-valcarcel-director-de-marketing-de-jcdecaux-en-espana\/\" \/>\n<meta property=\"og:locale\" content=\"es_ES\" \/>\n<meta property=\"og:type\" content=\"article\" \/>\n<meta property=\"og:title\" content=\"Ricardo P\u00e9rez Valc\u00e1rcel, director de marketing de JCDecaux en Espa\u00f1a - Favorite News\" \/>\n<meta property=\"og:description\" content=\"Ricardo P\u00e9rez Valcarcel Ricardo P\u00e9rez Valc\u00e1rcel, desde 2018 director de marketing en JCDecaux en M\u00e9xico, pa\u00eds en el que ha desarrollado toca su carrera profesional en el \u00e1mbito de diferentes multinacionales, ha asumido la direcci\u00f3n de marketing del grupo de exterior en Espa\u00f1a. Esta posici\u00f3n estaba sin cubrir desde hace varios meses, cuando sali\u00f3 de [&hellip;]\" \/>\n<meta property=\"og:url\" content=\"https:\/\/favorite-news.com\/es\/ricardo-perez-valcarcel-director-de-marketing-de-jcdecaux-en-espana\/\" \/>\n<meta property=\"og:site_name\" content=\"Favorite News\" \/>\n<meta property=\"article:published_time\" content=\"2021-02-09T14:09:25+00:00\" \/>\n<meta property=\"article:modified_time\" content=\"2021-02-09T14:09:27+00:00\" \/>\n<meta property=\"og:image\" content=\"https:\/\/favorite-news.com\/es\/wp-content\/uploads\/sites\/4\/2021\/02\/Ricardo-Perez-Valcarcel-director-de-marketing-de-JCDecaux-en-Espana.jpg\" \/>\n\t<meta property=\"og:image:width\" content=\"533\" \/>\n\t<meta property=\"og:image:height\" content=\"298\" \/>\n\t<meta property=\"og:image:type\" content=\"image\/jpeg\" \/>\n<meta name=\"author\" content=\"favorite-news\" \/>\n<meta name=\"twitter:card\" content=\"summary_large_image\" \/>\n<meta name=\"twitter:label1\" content=\"Escrito por\" \/>\n\t<meta name=\"twitter:data1\" content=\"favorite-news\" \/>\n\t<meta name=\"twitter:label2\" content=\"Tiempo de lectura\" \/>\n\t<meta name=\"twitter:data2\" content=\"1 minuto\" \/>\n<script type=\"application\/ld+json\" class=\"yoast-schema-graph\">{\"@context\":\"https:\\\/\\\/schema.org\",\"@graph\":[{\"@type\":\"Article\",\"@id\":\"https:\\\/\\\/favorite-news.com\\\/es\\\/ricardo-perez-valcarcel-director-de-marketing-de-jcdecaux-en-espana\\\/#article\",\"isPartOf\":{\"@id\":\"https:\\\/\\\/favorite-news.com\\\/es\\\/ricardo-perez-valcarcel-director-de-marketing-de-jcdecaux-en-espana\\\/\"},\"author\":{\"name\":\"favorite-news\",\"@id\":\"https:\\\/\\\/favorite-news.com\\\/es\\\/#\\\/schema\\\/person\\\/b91573b717dcfa5e4696032a9d28d3e8\"},\"headline\":\"Ricardo P\u00e9rez Valc\u00e1rcel, director de marketing de JCDecaux en Espa\u00f1a\",\"datePublished\":\"2021-02-09T14:09:25+00:00\",\"dateModified\":\"2021-02-09T14:09:27+00:00\",\"mainEntityOfPage\":{\"@id\":\"https:\\\/\\\/favorite-news.com\\\/es\\\/ricardo-perez-valcarcel-director-de-marketing-de-jcdecaux-en-espana\\\/\"},\"wordCount\":249,\"commentCount\":0,\"image\":{\"@id\":\"https:\\\/\\\/favorite-news.com\\\/es\\\/ricardo-perez-valcarcel-director-de-marketing-de-jcdecaux-en-espana\\\/#primaryimage\"},\"thumbnailUrl\":\"https:\\\/\\\/favorite-news.com\\\/es\\\/wp-content\\\/uploads\\\/sites\\\/4\\\/2021\\\/02\\\/Ricardo-Perez-Valcarcel-director-de-marketing-de-JCDecaux-en-Espana.jpg\",\"articleSection\":[\"NOTICIAS DE INTERNET MARKETING\"],\"inLanguage\":\"es\",\"potentialAction\":[{\"@type\":\"CommentAction\",\"name\":\"Comment\",\"target\":[\"https:\\\/\\\/favorite-news.com\\\/es\\\/ricardo-perez-valcarcel-director-de-marketing-de-jcdecaux-en-espana\\\/#respond\"]}]},{\"@type\":\"WebPage\",\"@id\":\"https:\\\/\\\/favorite-news.com\\\/es\\\/ricardo-perez-valcarcel-director-de-marketing-de-jcdecaux-en-espana\\\/\",\"url\":\"https:\\\/\\\/favorite-news.com\\\/es\\\/ricardo-perez-valcarcel-director-de-marketing-de-jcdecaux-en-espana\\\/\",\"name\":\"Ricardo P\u00e9rez Valc\u00e1rcel, director de marketing de JCDecaux en Espa\u00f1a - Favorite News\",\"isPartOf\":{\"@id\":\"https:\\\/\\\/favorite-news.com\\\/es\\\/#website\"},\"primaryImageOfPage\":{\"@id\":\"https:\\\/\\\/favorite-news.com\\\/es\\\/ricardo-perez-valcarcel-director-de-marketing-de-jcdecaux-en-espana\\\/#primaryimage\"},\"image\":{\"@id\":\"https:\\\/\\\/favorite-news.com\\\/es\\\/ricardo-perez-valcarcel-director-de-marketing-de-jcdecaux-en-espana\\\/#primaryimage\"},\"thumbnailUrl\":\"https:\\\/\\\/favorite-news.com\\\/es\\\/wp-content\\\/uploads\\\/sites\\\/4\\\/2021\\\/02\\\/Ricardo-Perez-Valcarcel-director-de-marketing-de-JCDecaux-en-Espana.jpg\",\"datePublished\":\"2021-02-09T14:09:25+00:00\",\"dateModified\":\"2021-02-09T14:09:27+00:00\",\"author\":{\"@id\":\"https:\\\/\\\/favorite-news.com\\\/es\\\/#\\\/schema\\\/person\\\/b91573b717dcfa5e4696032a9d28d3e8\"},\"breadcrumb\":{\"@id\":\"https:\\\/\\\/favorite-news.com\\\/es\\\/ricardo-perez-valcarcel-director-de-marketing-de-jcdecaux-en-espana\\\/#breadcrumb\"},\"inLanguage\":\"es\",\"potentialAction\":[{\"@type\":\"ReadAction\",\"target\":[\"https:\\\/\\\/favorite-news.com\\\/es\\\/ricardo-perez-valcarcel-director-de-marketing-de-jcdecaux-en-espana\\\/\"]}]},{\"@type\":\"ImageObject\",\"inLanguage\":\"es\",\"@id\":\"https:\\\/\\\/favorite-news.com\\\/es\\\/ricardo-perez-valcarcel-director-de-marketing-de-jcdecaux-en-espana\\\/#primaryimage\",\"url\":\"https:\\\/\\\/favorite-news.com\\\/es\\\/wp-content\\\/uploads\\\/sites\\\/4\\\/2021\\\/02\\\/Ricardo-Perez-Valcarcel-director-de-marketing-de-JCDecaux-en-Espana.jpg\",\"contentUrl\":\"https:\\\/\\\/favorite-news.com\\\/es\\\/wp-content\\\/uploads\\\/sites\\\/4\\\/2021\\\/02\\\/Ricardo-Perez-Valcarcel-director-de-marketing-de-JCDecaux-en-Espana.jpg\",\"width\":533,\"height\":298,\"caption\":\"Ricardo P\u00e9rez Valc\u00e1rcel, director de marketing de JCDecaux en Espa\u00f1a\"},{\"@type\":\"BreadcrumbList\",\"@id\":\"https:\\\/\\\/favorite-news.com\\\/es\\\/ricardo-perez-valcarcel-director-de-marketing-de-jcdecaux-en-espana\\\/#breadcrumb\",\"itemListElement\":[{\"@type\":\"ListItem\",\"position\":1,\"name\":\"Home\",\"item\":\"https:\\\/\\\/favorite-news.com\\\/es\\\/\"},{\"@type\":\"ListItem\",\"position\":2,\"name\":\"Ricardo P\u00e9rez Valc\u00e1rcel, director de marketing de JCDecaux en Espa\u00f1a\"}]},{\"@type\":\"WebSite\",\"@id\":\"https:\\\/\\\/favorite-news.com\\\/es\\\/#website\",\"url\":\"https:\\\/\\\/favorite-news.com\\\/es\\\/\",\"name\":\"Favorite News\",\"description\":\"Favorite News Espa\u00f1a\",\"potentialAction\":[{\"@type\":\"SearchAction\",\"target\":{\"@type\":\"EntryPoint\",\"urlTemplate\":\"https:\\\/\\\/favorite-news.com\\\/es\\\/?s={search_term_string}\"},\"query-input\":{\"@type\":\"PropertyValueSpecification\",\"valueRequired\":true,\"valueName\":\"search_term_string\"}}],\"inLanguage\":\"es\"},{\"@type\":\"Person\",\"@id\":\"https:\\\/\\\/favorite-news.com\\\/es\\\/#\\\/schema\\\/person\\\/b91573b717dcfa5e4696032a9d28d3e8\",\"name\":\"favorite-news\",\"image\":{\"@type\":\"ImageObject\",\"inLanguage\":\"es\",\"@id\":\"https:\\\/\\\/secure.gravatar.com\\\/avatar\\\/6c5a5cb12b74e9d517ee91cf570335b7d16177f1977cc91db161adfa435945a7?s=96&d=mm&r=g\",\"url\":\"https:\\\/\\\/secure.gravatar.com\\\/avatar\\\/6c5a5cb12b74e9d517ee91cf570335b7d16177f1977cc91db161adfa435945a7?s=96&d=mm&r=g\",\"contentUrl\":\"https:\\\/\\\/secure.gravatar.com\\\/avatar\\\/6c5a5cb12b74e9d517ee91cf570335b7d16177f1977cc91db161adfa435945a7?s=96&d=mm&r=g\",\"caption\":\"favorite-news\"},\"url\":\"https:\\\/\\\/favorite-news.com\\\/es\\\/author\\\/pt\\\/\"}]}<\/script>\n<!-- \/ Yoast SEO plugin. -->","yoast_head_json":{"title":"Ricardo P\u00e9rez Valc\u00e1rcel, director de marketing de JCDecaux en Espa\u00f1a - Favorite News","robots":{"index":"index","follow":"follow","max-snippet":"max-snippet:-1","max-image-preview":"max-image-preview:large","max-video-preview":"max-video-preview:-1"},"canonical":"https:\/\/favorite-news.com\/es\/ricardo-perez-valcarcel-director-de-marketing-de-jcdecaux-en-espana\/","og_locale":"es_ES","og_type":"article","og_title":"Ricardo P\u00e9rez Valc\u00e1rcel, director de marketing de JCDecaux en Espa\u00f1a - Favorite News","og_description":"Ricardo P\u00e9rez Valcarcel Ricardo P\u00e9rez Valc\u00e1rcel, desde 2018 director de marketing en JCDecaux en M\u00e9xico, pa\u00eds en el que ha desarrollado toca su carrera profesional en el \u00e1mbito de diferentes multinacionales, ha asumido la direcci\u00f3n de marketing del grupo de exterior en Espa\u00f1a. Esta posici\u00f3n estaba sin cubrir desde hace varios meses, cuando sali\u00f3 de [&hellip;]","og_url":"https:\/\/favorite-news.com\/es\/ricardo-perez-valcarcel-director-de-marketing-de-jcdecaux-en-espana\/","og_site_name":"Favorite News","article_published_time":"2021-02-09T14:09:25+00:00","article_modified_time":"2021-02-09T14:09:27+00:00","og_image":[{"width":533,"height":298,"url":"https:\/\/favorite-news.com\/es\/wp-content\/uploads\/sites\/4\/2021\/02\/Ricardo-Perez-Valcarcel-director-de-marketing-de-JCDecaux-en-Espana.jpg","type":"image\/jpeg"}],"author":"favorite-news","twitter_card":"summary_large_image","twitter_misc":{"Escrito por":"favorite-news","Tiempo de lectura":"1 minuto"},"schema":{"@context":"https:\/\/schema.org","@graph":[{"@type":"Article","@id":"https:\/\/favorite-news.com\/es\/ricardo-perez-valcarcel-director-de-marketing-de-jcdecaux-en-espana\/#article","isPartOf":{"@id":"https:\/\/favorite-news.com\/es\/ricardo-perez-valcarcel-director-de-marketing-de-jcdecaux-en-espana\/"},"author":{"name":"favorite-news","@id":"https:\/\/favorite-news.com\/es\/#\/schema\/person\/b91573b717dcfa5e4696032a9d28d3e8"},"headline":"Ricardo P\u00e9rez Valc\u00e1rcel, director de marketing de JCDecaux en Espa\u00f1a","datePublished":"2021-02-09T14:09:25+00:00","dateModified":"2021-02-09T14:09:27+00:00","mainEntityOfPage":{"@id":"https:\/\/favorite-news.com\/es\/ricardo-perez-valcarcel-director-de-marketing-de-jcdecaux-en-espana\/"},"wordCount":249,"commentCount":0,"image":{"@id":"https:\/\/favorite-news.com\/es\/ricardo-perez-valcarcel-director-de-marketing-de-jcdecaux-en-espana\/#primaryimage"},"thumbnailUrl":"https:\/\/favorite-news.com\/es\/wp-content\/uploads\/sites\/4\/2021\/02\/Ricardo-Perez-Valcarcel-director-de-marketing-de-JCDecaux-en-Espana.jpg","articleSection":["NOTICIAS DE INTERNET MARKETING"],"inLanguage":"es","potentialAction":[{"@type":"CommentAction","name":"Comment","target":["https:\/\/favorite-news.com\/es\/ricardo-perez-valcarcel-director-de-marketing-de-jcdecaux-en-espana\/#respond"]}]},{"@type":"WebPage","@id":"https:\/\/favorite-news.com\/es\/ricardo-perez-valcarcel-director-de-marketing-de-jcdecaux-en-espana\/","url":"https:\/\/favorite-news.com\/es\/ricardo-perez-valcarcel-director-de-marketing-de-jcdecaux-en-espana\/","name":"Ricardo P\u00e9rez Valc\u00e1rcel, director de marketing de JCDecaux en Espa\u00f1a - Favorite News","isPartOf":{"@id":"https:\/\/favorite-news.com\/es\/#website"},"primaryImageOfPage":{"@id":"https:\/\/favorite-news.com\/es\/ricardo-perez-valcarcel-director-de-marketing-de-jcdecaux-en-espana\/#primaryimage"},"image":{"@id":"https:\/\/favorite-news.com\/es\/ricardo-perez-valcarcel-director-de-marketing-de-jcdecaux-en-espana\/#primaryimage"},"thumbnailUrl":"https:\/\/favorite-news.com\/es\/wp-content\/uploads\/sites\/4\/2021\/02\/Ricardo-Perez-Valcarcel-director-de-marketing-de-JCDecaux-en-Espana.jpg","datePublished":"2021-02-09T14:09:25+00:00","dateModified":"2021-02-09T14:09:27+00:00","author":{"@id":"https:\/\/favorite-news.com\/es\/#\/schema\/person\/b91573b717dcfa5e4696032a9d28d3e8"},"breadcrumb":{"@id":"https:\/\/favorite-news.com\/es\/ricardo-perez-valcarcel-director-de-marketing-de-jcdecaux-en-espana\/#breadcrumb"},"inLanguage":"es","potentialAction":[{"@type":"ReadAction","target":["https:\/\/favorite-news.com\/es\/ricardo-perez-valcarcel-director-de-marketing-de-jcdecaux-en-espana\/"]}]},{"@type":"ImageObject","inLanguage":"es","@id":"https:\/\/favorite-news.com\/es\/ricardo-perez-valcarcel-director-de-marketing-de-jcdecaux-en-espana\/#primaryimage","url":"https:\/\/favorite-news.com\/es\/wp-content\/uploads\/sites\/4\/2021\/02\/Ricardo-Perez-Valcarcel-director-de-marketing-de-JCDecaux-en-Espana.jpg","contentUrl":"https:\/\/favorite-news.com\/es\/wp-content\/uploads\/sites\/4\/2021\/02\/Ricardo-Perez-Valcarcel-director-de-marketing-de-JCDecaux-en-Espana.jpg","width":533,"height":298,"caption":"Ricardo P\u00e9rez Valc\u00e1rcel, director de marketing de JCDecaux en Espa\u00f1a"},{"@type":"BreadcrumbList","@id":"https:\/\/favorite-news.com\/es\/ricardo-perez-valcarcel-director-de-marketing-de-jcdecaux-en-espana\/#breadcrumb","itemListElement":[{"@type":"ListItem","position":1,"name":"Home","item":"https:\/\/favorite-news.com\/es\/"},{"@type":"ListItem","position":2,"name":"Ricardo P\u00e9rez Valc\u00e1rcel, director de marketing de JCDecaux en Espa\u00f1a"}]},{"@type":"WebSite","@id":"https:\/\/favorite-news.com\/es\/#website","url":"https:\/\/favorite-news.com\/es\/","name":"Favorite News","description":"Favorite News Espa\u00f1a","potentialAction":[{"@type":"SearchAction","target":{"@type":"EntryPoint","urlTemplate":"https:\/\/favorite-news.com\/es\/?s={search_term_string}"},"query-input":{"@type":"PropertyValueSpecification","valueRequired":true,"valueName":"search_term_string"}}],"inLanguage":"es"},{"@type":"Person","@id":"https:\/\/favorite-news.com\/es\/#\/schema\/person\/b91573b717dcfa5e4696032a9d28d3e8","name":"favorite-news","image":{"@type":"ImageObject","inLanguage":"es","@id":"https:\/\/secure.gravatar.com\/avatar\/6c5a5cb12b74e9d517ee91cf570335b7d16177f1977cc91db161adfa435945a7?s=96&d=mm&r=g","url":"https:\/\/secure.gravatar.com\/avatar\/6c5a5cb12b74e9d517ee91cf570335b7d16177f1977cc91db161adfa435945a7?s=96&d=mm&r=g","contentUrl":"https:\/\/secure.gravatar.com\/avatar\/6c5a5cb12b74e9d517ee91cf570335b7d16177f1977cc91db161adfa435945a7?s=96&d=mm&r=g","caption":"favorite-news"},"url":"https:\/\/favorite-news.com\/es\/author\/pt\/"}]}},"_links":{"self":[{"href":"https:\/\/favorite-news.com\/es\/wp-json\/wp\/v2\/posts\/5702","targetHints":{"allow":["GET"]}}],"collection":[{"href":"https:\/\/favorite-news.com\/es\/wp-json\/wp\/v2\/posts"}],"about":[{"href":"https:\/\/favorite-news.com\/es\/wp-json\/wp\/v2\/types\/post"}],"author":[{"embeddable":true,"href":"https:\/\/favorite-news.com\/es\/wp-json\/wp\/v2\/users\/2"}],"replies":[{"embeddable":true,"href":"https:\/\/favorite-news.com\/es\/wp-json\/wp\/v2\/comments?post=5702"}],"version-history":[{"count":1,"href":"https:\/\/favorite-news.com\/es\/wp-json\/wp\/v2\/posts\/5702\/revisions"}],"predecessor-version":[{"id":5704,"href":"https:\/\/favorite-news.com\/es\/wp-json\/wp\/v2\/posts\/5702\/revisions\/5704"}],"wp:featuredmedia":[{"embeddable":true,"href":"https:\/\/favorite-news.com\/es\/wp-json\/wp\/v2\/media\/5703"}],"wp:attachment":[{"href":"https:\/\/favorite-news.com\/es\/wp-json\/wp\/v2\/media?parent=5702"}],"wp:term":[{"taxonomy":"category","embeddable":true,"href":"https:\/\/favorite-news.com\/es\/wp-json\/wp\/v2\/categories?post=5702"},{"taxonomy":"post_tag","embeddable":true,"href":"https:\/\/favorite-news.com\/es\/wp-json\/wp\/v2\/tags?post=5702"}],"curies":[{"name":"wp","href":"https:\/\/api.w.org\/{rel}","templated":true}]}}