{"id":5684,"date":"2021-02-06T16:57:35","date_gmt":"2021-02-06T13:57:35","guid":{"rendered":"https:\/\/favorite-news.com\/es\/central-lechera-asturiana-se-mete-en-un-jardin-con-su-nueva-campana\/"},"modified":"2021-02-06T16:57:38","modified_gmt":"2021-02-06T13:57:38","slug":"central-lechera-asturiana-se-mete-en-un-jardin-con-su-nueva-campana","status":"publish","type":"post","link":"https:\/\/favorite-news.com\/es\/central-lechera-asturiana-se-mete-en-un-jardin-con-su-nueva-campana\/","title":{"rendered":"Central Lechera Asturiana  &#8216;se mete en un jard\u00edn&#8217;  con su nueva campa\u00f1a"},"content":{"rendered":"<p>Ogilvy firma la creatividad\u201cHay jardines en los que s\u00ed hay que meterse\u201d. Esta es la declaraci\u00f3n de intenciones que se lanza en\u00a0la nueva campa\u00f1a de \u00a0Central Lechera Asturiana: &#8216;Jardines&#8217;. \u00a0Estre trabajo de la agencia Ogilvy pone de manifiesto que la suma de los peque\u00f1os gestos puede lograr algo mucho m\u00e1s grande: cuidar el jard\u00edn de todos.\u00a0\u201cDesde la agencia, hemos querido convertir a las 7.000 familias ganaderas que forman parte de esta cooperativa, en los jardineros de Asturias\u201d, comenta Ana Fern\u00e1ndez, responsable estrat\u00e9gica de Central Lechera Asturiana en Ogilvy, \u201cy que sean ellos, que llevan a\u00f1os cuidando, defendiendo y protegiendo su tierra y su entorno, y que de pastos y verdes saben un rato, los que nos inviten a preguntarnos: \u00bfen qu\u00e9 jardines queremos meternos?\u201dJuan Povedano, director de marketing de Central Lechera Asturiana refuerza, \u201cen Central Lechera Asturiana el respeto por la Naturaleza es consustancial a la marca. No necesitamos forzar la sostenibilidad porque nuestros ganaderos llevan trabajando en armon\u00eda con el entorno natural desde siempre. Nuestras ganader\u00edas son familiares y su peque\u00f1o tama\u00f1o les permite trabajar de forma integrada con el medioambiente, respetando la biodiversidad y cuidando de nuestro maravilloso jard\u00edn, que es Asturias. Desde el Departamento de Marketing lo \u00fanico que hacemos es poner en valor esta forma de trabajar, que es m\u00e9rito de nuestras familias ganaderas\u201d.La campa\u00f1a incluye piezas para televisi\u00f3n, prensa, digital y redes sociales. \u00a0Zenith maneja los medios.<br \/>\n<br \/>\n<!--noindex--><br \/>\n<a href=\"http:\/\/www.marketingnews.es\/marcas\/noticia\/1164304054305\/central-lechera-asturiana-se-mete-jardin-nueva-campana.1.html\" rel=\"nofollow\">Source link <\/a><br \/>\n<!--\/noindex--><\/p>\n","protected":false},"excerpt":{"rendered":"<p>Ogilvy firma la creatividad\u201cHay jardines en los que s\u00ed hay que meterse\u201d. Esta es la declaraci\u00f3n de intenciones que se lanza en\u00a0la nueva campa\u00f1a de \u00a0Central Lechera Asturiana: &#8216;Jardines&#8217;. \u00a0Estre trabajo de la agencia Ogilvy pone de manifiesto que la suma de los peque\u00f1os gestos puede lograr algo mucho m\u00e1s grande: cuidar el jard\u00edn de [&hellip;]<\/p>\n","protected":false},"author":2,"featured_media":5685,"comment_status":"open","ping_status":"open","sticky":false,"template":"","format":"standard","meta":{"footnotes":""},"categories":[2],"tags":[],"class_list":["post-5684","post","type-post","status-publish","format-standard","has-post-thumbnail","hentry","category-noticias-de-internet-marketing"],"yoast_head":"<!-- This site is optimized with the Yoast SEO plugin v27.4 - https:\/\/yoast.com\/product\/yoast-seo-wordpress\/ -->\n<title>Central Lechera Asturiana &#039;se mete en un jard\u00edn&#039; con su nueva campa\u00f1a - Favorite News<\/title>\n<meta name=\"robots\" content=\"index, follow, max-snippet:-1, max-image-preview:large, max-video-preview:-1\" \/>\n<link rel=\"canonical\" href=\"https:\/\/favorite-news.com\/es\/central-lechera-asturiana-se-mete-en-un-jardin-con-su-nueva-campana\/\" \/>\n<meta property=\"og:locale\" content=\"es_ES\" \/>\n<meta property=\"og:type\" content=\"article\" \/>\n<meta property=\"og:title\" content=\"Central Lechera Asturiana &#039;se mete en un jard\u00edn&#039; con su nueva campa\u00f1a - Favorite News\" \/>\n<meta property=\"og:description\" content=\"Ogilvy firma la creatividad\u201cHay jardines en los que s\u00ed hay que meterse\u201d. Esta es la declaraci\u00f3n de intenciones que se lanza en\u00a0la nueva campa\u00f1a de \u00a0Central Lechera Asturiana: &#8216;Jardines&#8217;. \u00a0Estre trabajo de la agencia Ogilvy pone de manifiesto que la suma de los peque\u00f1os gestos puede lograr algo mucho m\u00e1s grande: cuidar el jard\u00edn de [&hellip;]\" \/>\n<meta property=\"og:url\" content=\"https:\/\/favorite-news.com\/es\/central-lechera-asturiana-se-mete-en-un-jardin-con-su-nueva-campana\/\" \/>\n<meta property=\"og:site_name\" content=\"Favorite News\" \/>\n<meta property=\"article:published_time\" content=\"2021-02-06T13:57:35+00:00\" \/>\n<meta property=\"article:modified_time\" content=\"2021-02-06T13:57:38+00:00\" \/>\n<meta property=\"og:image\" content=\"https:\/\/favorite-news.com\/es\/wp-content\/uploads\/sites\/4\/2021\/02\/Central-Lechera-Asturiana-se-mete-en-un-jardin-con-su.png\" \/>\n\t<meta property=\"og:image:width\" content=\"533\" \/>\n\t<meta property=\"og:image:height\" content=\"298\" \/>\n\t<meta property=\"og:image:type\" content=\"image\/png\" \/>\n<meta name=\"author\" content=\"favorite-news\" \/>\n<meta name=\"twitter:card\" content=\"summary_large_image\" \/>\n<meta name=\"twitter:label1\" content=\"Escrito por\" \/>\n\t<meta name=\"twitter:data1\" content=\"favorite-news\" \/>\n\t<meta name=\"twitter:label2\" content=\"Tiempo de lectura\" \/>\n\t<meta name=\"twitter:data2\" content=\"1 minuto\" \/>\n<script type=\"application\/ld+json\" class=\"yoast-schema-graph\">{\"@context\":\"https:\\\/\\\/schema.org\",\"@graph\":[{\"@type\":\"Article\",\"@id\":\"https:\\\/\\\/favorite-news.com\\\/es\\\/central-lechera-asturiana-se-mete-en-un-jardin-con-su-nueva-campana\\\/#article\",\"isPartOf\":{\"@id\":\"https:\\\/\\\/favorite-news.com\\\/es\\\/central-lechera-asturiana-se-mete-en-un-jardin-con-su-nueva-campana\\\/\"},\"author\":{\"name\":\"favorite-news\",\"@id\":\"https:\\\/\\\/favorite-news.com\\\/es\\\/#\\\/schema\\\/person\\\/b91573b717dcfa5e4696032a9d28d3e8\"},\"headline\":\"Central Lechera Asturiana &#8216;se mete en un jard\u00edn&#8217; con su nueva campa\u00f1a\",\"datePublished\":\"2021-02-06T13:57:35+00:00\",\"dateModified\":\"2021-02-06T13:57:38+00:00\",\"mainEntityOfPage\":{\"@id\":\"https:\\\/\\\/favorite-news.com\\\/es\\\/central-lechera-asturiana-se-mete-en-un-jardin-con-su-nueva-campana\\\/\"},\"wordCount\":268,\"commentCount\":0,\"image\":{\"@id\":\"https:\\\/\\\/favorite-news.com\\\/es\\\/central-lechera-asturiana-se-mete-en-un-jardin-con-su-nueva-campana\\\/#primaryimage\"},\"thumbnailUrl\":\"https:\\\/\\\/favorite-news.com\\\/es\\\/wp-content\\\/uploads\\\/sites\\\/4\\\/2021\\\/02\\\/Central-Lechera-Asturiana-se-mete-en-un-jardin-con-su.png\",\"articleSection\":[\"NOTICIAS DE INTERNET MARKETING\"],\"inLanguage\":\"es\",\"potentialAction\":[{\"@type\":\"CommentAction\",\"name\":\"Comment\",\"target\":[\"https:\\\/\\\/favorite-news.com\\\/es\\\/central-lechera-asturiana-se-mete-en-un-jardin-con-su-nueva-campana\\\/#respond\"]}]},{\"@type\":\"WebPage\",\"@id\":\"https:\\\/\\\/favorite-news.com\\\/es\\\/central-lechera-asturiana-se-mete-en-un-jardin-con-su-nueva-campana\\\/\",\"url\":\"https:\\\/\\\/favorite-news.com\\\/es\\\/central-lechera-asturiana-se-mete-en-un-jardin-con-su-nueva-campana\\\/\",\"name\":\"Central Lechera Asturiana 'se mete en un jard\u00edn' con su nueva campa\u00f1a - Favorite News\",\"isPartOf\":{\"@id\":\"https:\\\/\\\/favorite-news.com\\\/es\\\/#website\"},\"primaryImageOfPage\":{\"@id\":\"https:\\\/\\\/favorite-news.com\\\/es\\\/central-lechera-asturiana-se-mete-en-un-jardin-con-su-nueva-campana\\\/#primaryimage\"},\"image\":{\"@id\":\"https:\\\/\\\/favorite-news.com\\\/es\\\/central-lechera-asturiana-se-mete-en-un-jardin-con-su-nueva-campana\\\/#primaryimage\"},\"thumbnailUrl\":\"https:\\\/\\\/favorite-news.com\\\/es\\\/wp-content\\\/uploads\\\/sites\\\/4\\\/2021\\\/02\\\/Central-Lechera-Asturiana-se-mete-en-un-jardin-con-su.png\",\"datePublished\":\"2021-02-06T13:57:35+00:00\",\"dateModified\":\"2021-02-06T13:57:38+00:00\",\"author\":{\"@id\":\"https:\\\/\\\/favorite-news.com\\\/es\\\/#\\\/schema\\\/person\\\/b91573b717dcfa5e4696032a9d28d3e8\"},\"breadcrumb\":{\"@id\":\"https:\\\/\\\/favorite-news.com\\\/es\\\/central-lechera-asturiana-se-mete-en-un-jardin-con-su-nueva-campana\\\/#breadcrumb\"},\"inLanguage\":\"es\",\"potentialAction\":[{\"@type\":\"ReadAction\",\"target\":[\"https:\\\/\\\/favorite-news.com\\\/es\\\/central-lechera-asturiana-se-mete-en-un-jardin-con-su-nueva-campana\\\/\"]}]},{\"@type\":\"ImageObject\",\"inLanguage\":\"es\",\"@id\":\"https:\\\/\\\/favorite-news.com\\\/es\\\/central-lechera-asturiana-se-mete-en-un-jardin-con-su-nueva-campana\\\/#primaryimage\",\"url\":\"https:\\\/\\\/favorite-news.com\\\/es\\\/wp-content\\\/uploads\\\/sites\\\/4\\\/2021\\\/02\\\/Central-Lechera-Asturiana-se-mete-en-un-jardin-con-su.png\",\"contentUrl\":\"https:\\\/\\\/favorite-news.com\\\/es\\\/wp-content\\\/uploads\\\/sites\\\/4\\\/2021\\\/02\\\/Central-Lechera-Asturiana-se-mete-en-un-jardin-con-su.png\",\"width\":533,\"height\":298,\"caption\":\"Central Lechera Asturiana 'se mete en un jard\u00edn' con su nueva campa\u00f1a\"},{\"@type\":\"BreadcrumbList\",\"@id\":\"https:\\\/\\\/favorite-news.com\\\/es\\\/central-lechera-asturiana-se-mete-en-un-jardin-con-su-nueva-campana\\\/#breadcrumb\",\"itemListElement\":[{\"@type\":\"ListItem\",\"position\":1,\"name\":\"Home\",\"item\":\"https:\\\/\\\/favorite-news.com\\\/es\\\/\"},{\"@type\":\"ListItem\",\"position\":2,\"name\":\"Central Lechera Asturiana &#8216;se mete en un jard\u00edn&#8217; con su nueva campa\u00f1a\"}]},{\"@type\":\"WebSite\",\"@id\":\"https:\\\/\\\/favorite-news.com\\\/es\\\/#website\",\"url\":\"https:\\\/\\\/favorite-news.com\\\/es\\\/\",\"name\":\"Favorite News\",\"description\":\"Favorite News Espa\u00f1a\",\"potentialAction\":[{\"@type\":\"SearchAction\",\"target\":{\"@type\":\"EntryPoint\",\"urlTemplate\":\"https:\\\/\\\/favorite-news.com\\\/es\\\/?s={search_term_string}\"},\"query-input\":{\"@type\":\"PropertyValueSpecification\",\"valueRequired\":true,\"valueName\":\"search_term_string\"}}],\"inLanguage\":\"es\"},{\"@type\":\"Person\",\"@id\":\"https:\\\/\\\/favorite-news.com\\\/es\\\/#\\\/schema\\\/person\\\/b91573b717dcfa5e4696032a9d28d3e8\",\"name\":\"favorite-news\",\"image\":{\"@type\":\"ImageObject\",\"inLanguage\":\"es\",\"@id\":\"https:\\\/\\\/secure.gravatar.com\\\/avatar\\\/6c5a5cb12b74e9d517ee91cf570335b7d16177f1977cc91db161adfa435945a7?s=96&d=mm&r=g\",\"url\":\"https:\\\/\\\/secure.gravatar.com\\\/avatar\\\/6c5a5cb12b74e9d517ee91cf570335b7d16177f1977cc91db161adfa435945a7?s=96&d=mm&r=g\",\"contentUrl\":\"https:\\\/\\\/secure.gravatar.com\\\/avatar\\\/6c5a5cb12b74e9d517ee91cf570335b7d16177f1977cc91db161adfa435945a7?s=96&d=mm&r=g\",\"caption\":\"favorite-news\"},\"url\":\"https:\\\/\\\/favorite-news.com\\\/es\\\/author\\\/pt\\\/\"}]}<\/script>\n<!-- \/ Yoast SEO plugin. -->","yoast_head_json":{"title":"Central Lechera Asturiana 'se mete en un jard\u00edn' con su nueva campa\u00f1a - Favorite News","robots":{"index":"index","follow":"follow","max-snippet":"max-snippet:-1","max-image-preview":"max-image-preview:large","max-video-preview":"max-video-preview:-1"},"canonical":"https:\/\/favorite-news.com\/es\/central-lechera-asturiana-se-mete-en-un-jardin-con-su-nueva-campana\/","og_locale":"es_ES","og_type":"article","og_title":"Central Lechera Asturiana 'se mete en un jard\u00edn' con su nueva campa\u00f1a - Favorite News","og_description":"Ogilvy firma la creatividad\u201cHay jardines en los que s\u00ed hay que meterse\u201d. Esta es la declaraci\u00f3n de intenciones que se lanza en\u00a0la nueva campa\u00f1a de \u00a0Central Lechera Asturiana: &#8216;Jardines&#8217;. \u00a0Estre trabajo de la agencia Ogilvy pone de manifiesto que la suma de los peque\u00f1os gestos puede lograr algo mucho m\u00e1s grande: cuidar el jard\u00edn de [&hellip;]","og_url":"https:\/\/favorite-news.com\/es\/central-lechera-asturiana-se-mete-en-un-jardin-con-su-nueva-campana\/","og_site_name":"Favorite News","article_published_time":"2021-02-06T13:57:35+00:00","article_modified_time":"2021-02-06T13:57:38+00:00","og_image":[{"width":533,"height":298,"url":"https:\/\/favorite-news.com\/es\/wp-content\/uploads\/sites\/4\/2021\/02\/Central-Lechera-Asturiana-se-mete-en-un-jardin-con-su.png","type":"image\/png"}],"author":"favorite-news","twitter_card":"summary_large_image","twitter_misc":{"Escrito por":"favorite-news","Tiempo de lectura":"1 minuto"},"schema":{"@context":"https:\/\/schema.org","@graph":[{"@type":"Article","@id":"https:\/\/favorite-news.com\/es\/central-lechera-asturiana-se-mete-en-un-jardin-con-su-nueva-campana\/#article","isPartOf":{"@id":"https:\/\/favorite-news.com\/es\/central-lechera-asturiana-se-mete-en-un-jardin-con-su-nueva-campana\/"},"author":{"name":"favorite-news","@id":"https:\/\/favorite-news.com\/es\/#\/schema\/person\/b91573b717dcfa5e4696032a9d28d3e8"},"headline":"Central Lechera Asturiana &#8216;se mete en un jard\u00edn&#8217; con su nueva campa\u00f1a","datePublished":"2021-02-06T13:57:35+00:00","dateModified":"2021-02-06T13:57:38+00:00","mainEntityOfPage":{"@id":"https:\/\/favorite-news.com\/es\/central-lechera-asturiana-se-mete-en-un-jardin-con-su-nueva-campana\/"},"wordCount":268,"commentCount":0,"image":{"@id":"https:\/\/favorite-news.com\/es\/central-lechera-asturiana-se-mete-en-un-jardin-con-su-nueva-campana\/#primaryimage"},"thumbnailUrl":"https:\/\/favorite-news.com\/es\/wp-content\/uploads\/sites\/4\/2021\/02\/Central-Lechera-Asturiana-se-mete-en-un-jardin-con-su.png","articleSection":["NOTICIAS DE INTERNET MARKETING"],"inLanguage":"es","potentialAction":[{"@type":"CommentAction","name":"Comment","target":["https:\/\/favorite-news.com\/es\/central-lechera-asturiana-se-mete-en-un-jardin-con-su-nueva-campana\/#respond"]}]},{"@type":"WebPage","@id":"https:\/\/favorite-news.com\/es\/central-lechera-asturiana-se-mete-en-un-jardin-con-su-nueva-campana\/","url":"https:\/\/favorite-news.com\/es\/central-lechera-asturiana-se-mete-en-un-jardin-con-su-nueva-campana\/","name":"Central Lechera Asturiana 'se mete en un jard\u00edn' con su nueva campa\u00f1a - Favorite News","isPartOf":{"@id":"https:\/\/favorite-news.com\/es\/#website"},"primaryImageOfPage":{"@id":"https:\/\/favorite-news.com\/es\/central-lechera-asturiana-se-mete-en-un-jardin-con-su-nueva-campana\/#primaryimage"},"image":{"@id":"https:\/\/favorite-news.com\/es\/central-lechera-asturiana-se-mete-en-un-jardin-con-su-nueva-campana\/#primaryimage"},"thumbnailUrl":"https:\/\/favorite-news.com\/es\/wp-content\/uploads\/sites\/4\/2021\/02\/Central-Lechera-Asturiana-se-mete-en-un-jardin-con-su.png","datePublished":"2021-02-06T13:57:35+00:00","dateModified":"2021-02-06T13:57:38+00:00","author":{"@id":"https:\/\/favorite-news.com\/es\/#\/schema\/person\/b91573b717dcfa5e4696032a9d28d3e8"},"breadcrumb":{"@id":"https:\/\/favorite-news.com\/es\/central-lechera-asturiana-se-mete-en-un-jardin-con-su-nueva-campana\/#breadcrumb"},"inLanguage":"es","potentialAction":[{"@type":"ReadAction","target":["https:\/\/favorite-news.com\/es\/central-lechera-asturiana-se-mete-en-un-jardin-con-su-nueva-campana\/"]}]},{"@type":"ImageObject","inLanguage":"es","@id":"https:\/\/favorite-news.com\/es\/central-lechera-asturiana-se-mete-en-un-jardin-con-su-nueva-campana\/#primaryimage","url":"https:\/\/favorite-news.com\/es\/wp-content\/uploads\/sites\/4\/2021\/02\/Central-Lechera-Asturiana-se-mete-en-un-jardin-con-su.png","contentUrl":"https:\/\/favorite-news.com\/es\/wp-content\/uploads\/sites\/4\/2021\/02\/Central-Lechera-Asturiana-se-mete-en-un-jardin-con-su.png","width":533,"height":298,"caption":"Central Lechera Asturiana 'se mete en un jard\u00edn' con su nueva campa\u00f1a"},{"@type":"BreadcrumbList","@id":"https:\/\/favorite-news.com\/es\/central-lechera-asturiana-se-mete-en-un-jardin-con-su-nueva-campana\/#breadcrumb","itemListElement":[{"@type":"ListItem","position":1,"name":"Home","item":"https:\/\/favorite-news.com\/es\/"},{"@type":"ListItem","position":2,"name":"Central Lechera Asturiana &#8216;se mete en un jard\u00edn&#8217; con su nueva campa\u00f1a"}]},{"@type":"WebSite","@id":"https:\/\/favorite-news.com\/es\/#website","url":"https:\/\/favorite-news.com\/es\/","name":"Favorite News","description":"Favorite News Espa\u00f1a","potentialAction":[{"@type":"SearchAction","target":{"@type":"EntryPoint","urlTemplate":"https:\/\/favorite-news.com\/es\/?s={search_term_string}"},"query-input":{"@type":"PropertyValueSpecification","valueRequired":true,"valueName":"search_term_string"}}],"inLanguage":"es"},{"@type":"Person","@id":"https:\/\/favorite-news.com\/es\/#\/schema\/person\/b91573b717dcfa5e4696032a9d28d3e8","name":"favorite-news","image":{"@type":"ImageObject","inLanguage":"es","@id":"https:\/\/secure.gravatar.com\/avatar\/6c5a5cb12b74e9d517ee91cf570335b7d16177f1977cc91db161adfa435945a7?s=96&d=mm&r=g","url":"https:\/\/secure.gravatar.com\/avatar\/6c5a5cb12b74e9d517ee91cf570335b7d16177f1977cc91db161adfa435945a7?s=96&d=mm&r=g","contentUrl":"https:\/\/secure.gravatar.com\/avatar\/6c5a5cb12b74e9d517ee91cf570335b7d16177f1977cc91db161adfa435945a7?s=96&d=mm&r=g","caption":"favorite-news"},"url":"https:\/\/favorite-news.com\/es\/author\/pt\/"}]}},"_links":{"self":[{"href":"https:\/\/favorite-news.com\/es\/wp-json\/wp\/v2\/posts\/5684","targetHints":{"allow":["GET"]}}],"collection":[{"href":"https:\/\/favorite-news.com\/es\/wp-json\/wp\/v2\/posts"}],"about":[{"href":"https:\/\/favorite-news.com\/es\/wp-json\/wp\/v2\/types\/post"}],"author":[{"embeddable":true,"href":"https:\/\/favorite-news.com\/es\/wp-json\/wp\/v2\/users\/2"}],"replies":[{"embeddable":true,"href":"https:\/\/favorite-news.com\/es\/wp-json\/wp\/v2\/comments?post=5684"}],"version-history":[{"count":1,"href":"https:\/\/favorite-news.com\/es\/wp-json\/wp\/v2\/posts\/5684\/revisions"}],"predecessor-version":[{"id":5686,"href":"https:\/\/favorite-news.com\/es\/wp-json\/wp\/v2\/posts\/5684\/revisions\/5686"}],"wp:featuredmedia":[{"embeddable":true,"href":"https:\/\/favorite-news.com\/es\/wp-json\/wp\/v2\/media\/5685"}],"wp:attachment":[{"href":"https:\/\/favorite-news.com\/es\/wp-json\/wp\/v2\/media?parent=5684"}],"wp:term":[{"taxonomy":"category","embeddable":true,"href":"https:\/\/favorite-news.com\/es\/wp-json\/wp\/v2\/categories?post=5684"},{"taxonomy":"post_tag","embeddable":true,"href":"https:\/\/favorite-news.com\/es\/wp-json\/wp\/v2\/tags?post=5684"}],"curies":[{"name":"wp","href":"https:\/\/api.w.org\/{rel}","templated":true}]}}