{"id":5679,"date":"2021-02-05T16:55:00","date_gmt":"2021-02-05T13:55:00","guid":{"rendered":"https:\/\/favorite-news.com\/es\/marc-pritchard-pg-mejor-director-de-marketing-del-ano\/"},"modified":"2021-02-05T16:55:02","modified_gmt":"2021-02-05T13:55:02","slug":"marc-pritchard-pg-mejor-director-de-marketing-del-ano","status":"publish","type":"post","link":"https:\/\/favorite-news.com\/es\/marc-pritchard-pg-mejor-director-de-marketing-del-ano\/","title":{"rendered":"Marc Pritchard (P&#038;G),  mejor director de marketing del a\u00f1o"},"content":{"rendered":"<p>Marc Pritchard es estadounidenseLa distinci\u00f3n para Marc Pritchard ha sido otorgada tras la votaci\u00f3n de un jurado de profesionales del sector y de diversos representantes tanto de la industria como de miembros de la propia WFA. Procter&amp;Gamble es uno de los mayores anunciantes del mundo y este a\u00f1o se ha significado al combatir los discursos de odio dejando de invertir en Facebook, red social donde estos mensajes se estaban difundiendo.Pritchard\u00a0es estadonidense y lleva m\u00e1s de tres d\u00e9cadas trabajando para la multinacional de Gran Consumo.La lista corta de este galard\u00f3n estaba asimismo compuesta por otros profesionales como \u00a0Andrew Garrihy (Huawei), Fernando Machado (Burger King), Lisa McKnight (Mattel y Barbie), Ivan Pollard (General Mills) o Jane Wakely (Mars).Esta ha sido la cuarta ocasi\u00f3n en la que la WFA entrega el premio Global Marketer of the Year. En ediciones anteriores fueron distinguidos con el mismo Keith Weed, (ex director de marketing de Unilever), Raja Rajamannar (Mastercard) y Lubomira Rochet (L\u2019Or\u00e9al).<br \/>\n<br \/>\n<!--noindex--><br \/>\n<a href=\"http:\/\/www.marketingnews.es\/profesionales\/noticia\/1164305031505\/marc-pritchard-p-g-mejor-director-de-marketing-del-ano.1.html\" rel=\"nofollow\">Source link <\/a><br \/>\n<!--\/noindex--><\/p>\n","protected":false},"excerpt":{"rendered":"<p>Marc Pritchard es estadounidenseLa distinci\u00f3n para Marc Pritchard ha sido otorgada tras la votaci\u00f3n de un jurado de profesionales del sector y de diversos representantes tanto de la industria como de miembros de la propia WFA. Procter&amp;Gamble es uno de los mayores anunciantes del mundo y este a\u00f1o se ha significado al combatir los discursos [&hellip;]<\/p>\n","protected":false},"author":2,"featured_media":5680,"comment_status":"open","ping_status":"open","sticky":false,"template":"","format":"standard","meta":{"footnotes":""},"categories":[2],"tags":[],"class_list":["post-5679","post","type-post","status-publish","format-standard","has-post-thumbnail","hentry","category-noticias-de-internet-marketing"],"yoast_head":"<!-- This site is optimized with the Yoast SEO plugin v27.4 - https:\/\/yoast.com\/product\/yoast-seo-wordpress\/ -->\n<title>Marc Pritchard (P&amp;G), mejor director de marketing del a\u00f1o - Favorite News<\/title>\n<meta name=\"robots\" content=\"index, follow, max-snippet:-1, max-image-preview:large, max-video-preview:-1\" \/>\n<link rel=\"canonical\" href=\"https:\/\/favorite-news.com\/es\/marc-pritchard-pg-mejor-director-de-marketing-del-ano\/\" \/>\n<meta property=\"og:locale\" content=\"es_ES\" \/>\n<meta property=\"og:type\" content=\"article\" \/>\n<meta property=\"og:title\" content=\"Marc Pritchard (P&amp;G), mejor director de marketing del a\u00f1o - Favorite News\" \/>\n<meta property=\"og:description\" content=\"Marc Pritchard es estadounidenseLa distinci\u00f3n para Marc Pritchard ha sido otorgada tras la votaci\u00f3n de un jurado de profesionales del sector y de diversos representantes tanto de la industria como de miembros de la propia WFA. Procter&amp;Gamble es uno de los mayores anunciantes del mundo y este a\u00f1o se ha significado al combatir los discursos [&hellip;]\" \/>\n<meta property=\"og:url\" content=\"https:\/\/favorite-news.com\/es\/marc-pritchard-pg-mejor-director-de-marketing-del-ano\/\" \/>\n<meta property=\"og:site_name\" content=\"Favorite News\" \/>\n<meta property=\"article:published_time\" content=\"2021-02-05T13:55:00+00:00\" \/>\n<meta property=\"article:modified_time\" content=\"2021-02-05T13:55:02+00:00\" \/>\n<meta property=\"og:image\" content=\"https:\/\/favorite-news.com\/es\/wp-content\/uploads\/sites\/4\/2021\/02\/Marc-Pritchard-PG-mejor-director-de-marketing-del-ano.jpg\" \/>\n\t<meta property=\"og:image:width\" content=\"530\" \/>\n\t<meta property=\"og:image:height\" content=\"299\" \/>\n\t<meta property=\"og:image:type\" content=\"image\/jpeg\" \/>\n<meta name=\"author\" content=\"favorite-news\" \/>\n<meta name=\"twitter:card\" content=\"summary_large_image\" \/>\n<meta name=\"twitter:label1\" content=\"Escrito por\" \/>\n\t<meta name=\"twitter:data1\" content=\"favorite-news\" \/>\n\t<meta name=\"twitter:label2\" content=\"Tiempo de lectura\" \/>\n\t<meta name=\"twitter:data2\" content=\"1 minuto\" \/>\n<script type=\"application\/ld+json\" class=\"yoast-schema-graph\">{\"@context\":\"https:\\\/\\\/schema.org\",\"@graph\":[{\"@type\":\"Article\",\"@id\":\"https:\\\/\\\/favorite-news.com\\\/es\\\/marc-pritchard-pg-mejor-director-de-marketing-del-ano\\\/#article\",\"isPartOf\":{\"@id\":\"https:\\\/\\\/favorite-news.com\\\/es\\\/marc-pritchard-pg-mejor-director-de-marketing-del-ano\\\/\"},\"author\":{\"name\":\"favorite-news\",\"@id\":\"https:\\\/\\\/favorite-news.com\\\/es\\\/#\\\/schema\\\/person\\\/b91573b717dcfa5e4696032a9d28d3e8\"},\"headline\":\"Marc Pritchard (P&#038;G), mejor director de marketing del a\u00f1o\",\"datePublished\":\"2021-02-05T13:55:00+00:00\",\"dateModified\":\"2021-02-05T13:55:02+00:00\",\"mainEntityOfPage\":{\"@id\":\"https:\\\/\\\/favorite-news.com\\\/es\\\/marc-pritchard-pg-mejor-director-de-marketing-del-ano\\\/\"},\"wordCount\":185,\"commentCount\":0,\"image\":{\"@id\":\"https:\\\/\\\/favorite-news.com\\\/es\\\/marc-pritchard-pg-mejor-director-de-marketing-del-ano\\\/#primaryimage\"},\"thumbnailUrl\":\"https:\\\/\\\/favorite-news.com\\\/es\\\/wp-content\\\/uploads\\\/sites\\\/4\\\/2021\\\/02\\\/Marc-Pritchard-PG-mejor-director-de-marketing-del-ano.jpg\",\"articleSection\":[\"NOTICIAS DE INTERNET MARKETING\"],\"inLanguage\":\"es\",\"potentialAction\":[{\"@type\":\"CommentAction\",\"name\":\"Comment\",\"target\":[\"https:\\\/\\\/favorite-news.com\\\/es\\\/marc-pritchard-pg-mejor-director-de-marketing-del-ano\\\/#respond\"]}]},{\"@type\":\"WebPage\",\"@id\":\"https:\\\/\\\/favorite-news.com\\\/es\\\/marc-pritchard-pg-mejor-director-de-marketing-del-ano\\\/\",\"url\":\"https:\\\/\\\/favorite-news.com\\\/es\\\/marc-pritchard-pg-mejor-director-de-marketing-del-ano\\\/\",\"name\":\"Marc Pritchard (P&G), mejor director de marketing del a\u00f1o - Favorite News\",\"isPartOf\":{\"@id\":\"https:\\\/\\\/favorite-news.com\\\/es\\\/#website\"},\"primaryImageOfPage\":{\"@id\":\"https:\\\/\\\/favorite-news.com\\\/es\\\/marc-pritchard-pg-mejor-director-de-marketing-del-ano\\\/#primaryimage\"},\"image\":{\"@id\":\"https:\\\/\\\/favorite-news.com\\\/es\\\/marc-pritchard-pg-mejor-director-de-marketing-del-ano\\\/#primaryimage\"},\"thumbnailUrl\":\"https:\\\/\\\/favorite-news.com\\\/es\\\/wp-content\\\/uploads\\\/sites\\\/4\\\/2021\\\/02\\\/Marc-Pritchard-PG-mejor-director-de-marketing-del-ano.jpg\",\"datePublished\":\"2021-02-05T13:55:00+00:00\",\"dateModified\":\"2021-02-05T13:55:02+00:00\",\"author\":{\"@id\":\"https:\\\/\\\/favorite-news.com\\\/es\\\/#\\\/schema\\\/person\\\/b91573b717dcfa5e4696032a9d28d3e8\"},\"breadcrumb\":{\"@id\":\"https:\\\/\\\/favorite-news.com\\\/es\\\/marc-pritchard-pg-mejor-director-de-marketing-del-ano\\\/#breadcrumb\"},\"inLanguage\":\"es\",\"potentialAction\":[{\"@type\":\"ReadAction\",\"target\":[\"https:\\\/\\\/favorite-news.com\\\/es\\\/marc-pritchard-pg-mejor-director-de-marketing-del-ano\\\/\"]}]},{\"@type\":\"ImageObject\",\"inLanguage\":\"es\",\"@id\":\"https:\\\/\\\/favorite-news.com\\\/es\\\/marc-pritchard-pg-mejor-director-de-marketing-del-ano\\\/#primaryimage\",\"url\":\"https:\\\/\\\/favorite-news.com\\\/es\\\/wp-content\\\/uploads\\\/sites\\\/4\\\/2021\\\/02\\\/Marc-Pritchard-PG-mejor-director-de-marketing-del-ano.jpg\",\"contentUrl\":\"https:\\\/\\\/favorite-news.com\\\/es\\\/wp-content\\\/uploads\\\/sites\\\/4\\\/2021\\\/02\\\/Marc-Pritchard-PG-mejor-director-de-marketing-del-ano.jpg\",\"width\":530,\"height\":299,\"caption\":\"Marc Pritchard (P&G), mejor director de marketing del a\u00f1o\"},{\"@type\":\"BreadcrumbList\",\"@id\":\"https:\\\/\\\/favorite-news.com\\\/es\\\/marc-pritchard-pg-mejor-director-de-marketing-del-ano\\\/#breadcrumb\",\"itemListElement\":[{\"@type\":\"ListItem\",\"position\":1,\"name\":\"Home\",\"item\":\"https:\\\/\\\/favorite-news.com\\\/es\\\/\"},{\"@type\":\"ListItem\",\"position\":2,\"name\":\"Marc Pritchard (P&#038;G), mejor director de marketing del a\u00f1o\"}]},{\"@type\":\"WebSite\",\"@id\":\"https:\\\/\\\/favorite-news.com\\\/es\\\/#website\",\"url\":\"https:\\\/\\\/favorite-news.com\\\/es\\\/\",\"name\":\"Favorite News\",\"description\":\"Favorite News Espa\u00f1a\",\"potentialAction\":[{\"@type\":\"SearchAction\",\"target\":{\"@type\":\"EntryPoint\",\"urlTemplate\":\"https:\\\/\\\/favorite-news.com\\\/es\\\/?s={search_term_string}\"},\"query-input\":{\"@type\":\"PropertyValueSpecification\",\"valueRequired\":true,\"valueName\":\"search_term_string\"}}],\"inLanguage\":\"es\"},{\"@type\":\"Person\",\"@id\":\"https:\\\/\\\/favorite-news.com\\\/es\\\/#\\\/schema\\\/person\\\/b91573b717dcfa5e4696032a9d28d3e8\",\"name\":\"favorite-news\",\"image\":{\"@type\":\"ImageObject\",\"inLanguage\":\"es\",\"@id\":\"https:\\\/\\\/secure.gravatar.com\\\/avatar\\\/6c5a5cb12b74e9d517ee91cf570335b7d16177f1977cc91db161adfa435945a7?s=96&d=mm&r=g\",\"url\":\"https:\\\/\\\/secure.gravatar.com\\\/avatar\\\/6c5a5cb12b74e9d517ee91cf570335b7d16177f1977cc91db161adfa435945a7?s=96&d=mm&r=g\",\"contentUrl\":\"https:\\\/\\\/secure.gravatar.com\\\/avatar\\\/6c5a5cb12b74e9d517ee91cf570335b7d16177f1977cc91db161adfa435945a7?s=96&d=mm&r=g\",\"caption\":\"favorite-news\"},\"url\":\"https:\\\/\\\/favorite-news.com\\\/es\\\/author\\\/pt\\\/\"}]}<\/script>\n<!-- \/ Yoast SEO plugin. -->","yoast_head_json":{"title":"Marc Pritchard (P&G), mejor director de marketing del a\u00f1o - Favorite News","robots":{"index":"index","follow":"follow","max-snippet":"max-snippet:-1","max-image-preview":"max-image-preview:large","max-video-preview":"max-video-preview:-1"},"canonical":"https:\/\/favorite-news.com\/es\/marc-pritchard-pg-mejor-director-de-marketing-del-ano\/","og_locale":"es_ES","og_type":"article","og_title":"Marc Pritchard (P&G), mejor director de marketing del a\u00f1o - Favorite News","og_description":"Marc Pritchard es estadounidenseLa distinci\u00f3n para Marc Pritchard ha sido otorgada tras la votaci\u00f3n de un jurado de profesionales del sector y de diversos representantes tanto de la industria como de miembros de la propia WFA. Procter&amp;Gamble es uno de los mayores anunciantes del mundo y este a\u00f1o se ha significado al combatir los discursos [&hellip;]","og_url":"https:\/\/favorite-news.com\/es\/marc-pritchard-pg-mejor-director-de-marketing-del-ano\/","og_site_name":"Favorite News","article_published_time":"2021-02-05T13:55:00+00:00","article_modified_time":"2021-02-05T13:55:02+00:00","og_image":[{"width":530,"height":299,"url":"https:\/\/favorite-news.com\/es\/wp-content\/uploads\/sites\/4\/2021\/02\/Marc-Pritchard-PG-mejor-director-de-marketing-del-ano.jpg","type":"image\/jpeg"}],"author":"favorite-news","twitter_card":"summary_large_image","twitter_misc":{"Escrito por":"favorite-news","Tiempo de lectura":"1 minuto"},"schema":{"@context":"https:\/\/schema.org","@graph":[{"@type":"Article","@id":"https:\/\/favorite-news.com\/es\/marc-pritchard-pg-mejor-director-de-marketing-del-ano\/#article","isPartOf":{"@id":"https:\/\/favorite-news.com\/es\/marc-pritchard-pg-mejor-director-de-marketing-del-ano\/"},"author":{"name":"favorite-news","@id":"https:\/\/favorite-news.com\/es\/#\/schema\/person\/b91573b717dcfa5e4696032a9d28d3e8"},"headline":"Marc Pritchard (P&#038;G), mejor director de marketing del a\u00f1o","datePublished":"2021-02-05T13:55:00+00:00","dateModified":"2021-02-05T13:55:02+00:00","mainEntityOfPage":{"@id":"https:\/\/favorite-news.com\/es\/marc-pritchard-pg-mejor-director-de-marketing-del-ano\/"},"wordCount":185,"commentCount":0,"image":{"@id":"https:\/\/favorite-news.com\/es\/marc-pritchard-pg-mejor-director-de-marketing-del-ano\/#primaryimage"},"thumbnailUrl":"https:\/\/favorite-news.com\/es\/wp-content\/uploads\/sites\/4\/2021\/02\/Marc-Pritchard-PG-mejor-director-de-marketing-del-ano.jpg","articleSection":["NOTICIAS DE INTERNET MARKETING"],"inLanguage":"es","potentialAction":[{"@type":"CommentAction","name":"Comment","target":["https:\/\/favorite-news.com\/es\/marc-pritchard-pg-mejor-director-de-marketing-del-ano\/#respond"]}]},{"@type":"WebPage","@id":"https:\/\/favorite-news.com\/es\/marc-pritchard-pg-mejor-director-de-marketing-del-ano\/","url":"https:\/\/favorite-news.com\/es\/marc-pritchard-pg-mejor-director-de-marketing-del-ano\/","name":"Marc Pritchard (P&G), mejor director de marketing del a\u00f1o - Favorite News","isPartOf":{"@id":"https:\/\/favorite-news.com\/es\/#website"},"primaryImageOfPage":{"@id":"https:\/\/favorite-news.com\/es\/marc-pritchard-pg-mejor-director-de-marketing-del-ano\/#primaryimage"},"image":{"@id":"https:\/\/favorite-news.com\/es\/marc-pritchard-pg-mejor-director-de-marketing-del-ano\/#primaryimage"},"thumbnailUrl":"https:\/\/favorite-news.com\/es\/wp-content\/uploads\/sites\/4\/2021\/02\/Marc-Pritchard-PG-mejor-director-de-marketing-del-ano.jpg","datePublished":"2021-02-05T13:55:00+00:00","dateModified":"2021-02-05T13:55:02+00:00","author":{"@id":"https:\/\/favorite-news.com\/es\/#\/schema\/person\/b91573b717dcfa5e4696032a9d28d3e8"},"breadcrumb":{"@id":"https:\/\/favorite-news.com\/es\/marc-pritchard-pg-mejor-director-de-marketing-del-ano\/#breadcrumb"},"inLanguage":"es","potentialAction":[{"@type":"ReadAction","target":["https:\/\/favorite-news.com\/es\/marc-pritchard-pg-mejor-director-de-marketing-del-ano\/"]}]},{"@type":"ImageObject","inLanguage":"es","@id":"https:\/\/favorite-news.com\/es\/marc-pritchard-pg-mejor-director-de-marketing-del-ano\/#primaryimage","url":"https:\/\/favorite-news.com\/es\/wp-content\/uploads\/sites\/4\/2021\/02\/Marc-Pritchard-PG-mejor-director-de-marketing-del-ano.jpg","contentUrl":"https:\/\/favorite-news.com\/es\/wp-content\/uploads\/sites\/4\/2021\/02\/Marc-Pritchard-PG-mejor-director-de-marketing-del-ano.jpg","width":530,"height":299,"caption":"Marc Pritchard (P&G), mejor director de marketing del a\u00f1o"},{"@type":"BreadcrumbList","@id":"https:\/\/favorite-news.com\/es\/marc-pritchard-pg-mejor-director-de-marketing-del-ano\/#breadcrumb","itemListElement":[{"@type":"ListItem","position":1,"name":"Home","item":"https:\/\/favorite-news.com\/es\/"},{"@type":"ListItem","position":2,"name":"Marc Pritchard (P&#038;G), mejor director de marketing del a\u00f1o"}]},{"@type":"WebSite","@id":"https:\/\/favorite-news.com\/es\/#website","url":"https:\/\/favorite-news.com\/es\/","name":"Favorite News","description":"Favorite News Espa\u00f1a","potentialAction":[{"@type":"SearchAction","target":{"@type":"EntryPoint","urlTemplate":"https:\/\/favorite-news.com\/es\/?s={search_term_string}"},"query-input":{"@type":"PropertyValueSpecification","valueRequired":true,"valueName":"search_term_string"}}],"inLanguage":"es"},{"@type":"Person","@id":"https:\/\/favorite-news.com\/es\/#\/schema\/person\/b91573b717dcfa5e4696032a9d28d3e8","name":"favorite-news","image":{"@type":"ImageObject","inLanguage":"es","@id":"https:\/\/secure.gravatar.com\/avatar\/6c5a5cb12b74e9d517ee91cf570335b7d16177f1977cc91db161adfa435945a7?s=96&d=mm&r=g","url":"https:\/\/secure.gravatar.com\/avatar\/6c5a5cb12b74e9d517ee91cf570335b7d16177f1977cc91db161adfa435945a7?s=96&d=mm&r=g","contentUrl":"https:\/\/secure.gravatar.com\/avatar\/6c5a5cb12b74e9d517ee91cf570335b7d16177f1977cc91db161adfa435945a7?s=96&d=mm&r=g","caption":"favorite-news"},"url":"https:\/\/favorite-news.com\/es\/author\/pt\/"}]}},"_links":{"self":[{"href":"https:\/\/favorite-news.com\/es\/wp-json\/wp\/v2\/posts\/5679","targetHints":{"allow":["GET"]}}],"collection":[{"href":"https:\/\/favorite-news.com\/es\/wp-json\/wp\/v2\/posts"}],"about":[{"href":"https:\/\/favorite-news.com\/es\/wp-json\/wp\/v2\/types\/post"}],"author":[{"embeddable":true,"href":"https:\/\/favorite-news.com\/es\/wp-json\/wp\/v2\/users\/2"}],"replies":[{"embeddable":true,"href":"https:\/\/favorite-news.com\/es\/wp-json\/wp\/v2\/comments?post=5679"}],"version-history":[{"count":1,"href":"https:\/\/favorite-news.com\/es\/wp-json\/wp\/v2\/posts\/5679\/revisions"}],"predecessor-version":[{"id":5681,"href":"https:\/\/favorite-news.com\/es\/wp-json\/wp\/v2\/posts\/5679\/revisions\/5681"}],"wp:featuredmedia":[{"embeddable":true,"href":"https:\/\/favorite-news.com\/es\/wp-json\/wp\/v2\/media\/5680"}],"wp:attachment":[{"href":"https:\/\/favorite-news.com\/es\/wp-json\/wp\/v2\/media?parent=5679"}],"wp:term":[{"taxonomy":"category","embeddable":true,"href":"https:\/\/favorite-news.com\/es\/wp-json\/wp\/v2\/categories?post=5679"},{"taxonomy":"post_tag","embeddable":true,"href":"https:\/\/favorite-news.com\/es\/wp-json\/wp\/v2\/tags?post=5679"}],"curies":[{"name":"wp","href":"https:\/\/api.w.org\/{rel}","templated":true}]}}