{"id":5667,"date":"2021-02-03T16:29:18","date_gmt":"2021-02-03T13:29:18","guid":{"rendered":"https:\/\/favorite-news.com\/es\/cabify-redisena-las-senales-de-trafico-de-la-mano-de-javirroyo\/"},"modified":"2021-02-03T16:29:21","modified_gmt":"2021-02-03T13:29:21","slug":"cabify-redisena-las-senales-de-trafico-de-la-mano-de-javirroyo","status":"publish","type":"post","link":"https:\/\/favorite-news.com\/es\/cabify-redisena-las-senales-de-trafico-de-la-mano-de-javirroyo\/","title":{"rendered":"Cabify redise\u00f1a las se\u00f1ales de tr\u00e1fico de la mano de Javirroyo"},"content":{"rendered":"<p>La compa\u00f1\u00eda Cabify ha estrenado nueca campa\u00f1a creativa, con el objetivo de \u00abcomunicar de forma innovadora los principios \u00e9ticos de su comunidad en los nueve pa\u00edses donde opera: Buena fe, comunidad, honestidad, integridad, prudencia, respeto y tolerancia, seguridad y transparencia\u00bb.\u00a0En palabras de Jos\u00e9 L\u00f3pez Ari\u00f1ez,\u00a0global creative director\u00a0de Cabify: \u201cLas se\u00f1ales de tr\u00e1fico son parte de la ciudad y nuestra intenci\u00f3n es que nuestros principios \u00e9ticos tambi\u00e9n lo sean. Con ese objetivo buscamos la forma de comunicarlos de forma diferente uniendo dos mundos que a priori no tienen nada que ver. El resultado es un gran trabajo en conjunto con Javirroyo que nos muestra c\u00f3mo nuestros principios pueden ser parte de nuestro d\u00eda a d\u00eda\u201d.\u00a0\u00a0Este compromiso \u00e9tico emana del c\u00f3digo de conducta y la filosof\u00eda corporativa de Cabify. \u201cPoner la integridad y la \u00e9tica en el coraz\u00f3n de nuestra estrategia se traduce en varias l\u00edneas de acci\u00f3n prioritarias para nosotros: Alcanzamos hitos \u00fanicos en el sector en materia de neutralidad de carbono hace tres a\u00f1os, ofrecemos altos est\u00e1ndares de seguridad y establecimos un c\u00f3digo de conducta y un canal \u00e9tico interno, adem\u00e1s de contar con una pol\u00edtica de tolerancia cero hacia cualquier comportamiento discriminatorio\u201d, ha declarado Natalia Guti\u00e9rrez, responsable global de sostenibilidad y seguridad de Cabify. \u201cNuestros principios \u00e9ticos nos gu\u00edan desde que comenzara nuestro viaje hace diez a\u00f1os y hoy esta campa\u00f1a creativa pone nuevamente la importancia de construir una comunidad de respeto y \u00e9tica en el centro de la conversaci\u00f3n\u201d\u00a0<br \/>\n<br \/>\n<!--noindex--><br \/>\n<a href=\"http:\/\/www.marketingnews.es\/marcas\/noticia\/1164250054305\/cabify-redisena-senales-de-trafico-de-mano-de-javirroyo.1.html\" rel=\"nofollow\">Source link <\/a><br \/>\n<!--\/noindex--><\/p>\n","protected":false},"excerpt":{"rendered":"<p>La compa\u00f1\u00eda Cabify ha estrenado nueca campa\u00f1a creativa, con el objetivo de \u00abcomunicar de forma innovadora los principios \u00e9ticos de su comunidad en los nueve pa\u00edses donde opera: Buena fe, comunidad, honestidad, integridad, prudencia, respeto y tolerancia, seguridad y transparencia\u00bb.\u00a0En palabras de Jos\u00e9 L\u00f3pez Ari\u00f1ez,\u00a0global creative director\u00a0de Cabify: \u201cLas se\u00f1ales de tr\u00e1fico son parte de [&hellip;]<\/p>\n","protected":false},"author":2,"featured_media":5668,"comment_status":"open","ping_status":"open","sticky":false,"template":"","format":"standard","meta":{"footnotes":""},"categories":[2],"tags":[],"class_list":["post-5667","post","type-post","status-publish","format-standard","has-post-thumbnail","hentry","category-noticias-de-internet-marketing"],"yoast_head":"<!-- This site is optimized with the Yoast SEO plugin v27.4 - https:\/\/yoast.com\/product\/yoast-seo-wordpress\/ -->\n<title>Cabify redise\u00f1a las se\u00f1ales de tr\u00e1fico de la mano de Javirroyo - Favorite News<\/title>\n<meta name=\"robots\" content=\"index, follow, max-snippet:-1, max-image-preview:large, max-video-preview:-1\" \/>\n<link rel=\"canonical\" href=\"https:\/\/favorite-news.com\/es\/cabify-redisena-las-senales-de-trafico-de-la-mano-de-javirroyo\/\" \/>\n<meta property=\"og:locale\" content=\"es_ES\" \/>\n<meta property=\"og:type\" content=\"article\" \/>\n<meta property=\"og:title\" content=\"Cabify redise\u00f1a las se\u00f1ales de tr\u00e1fico de la mano de Javirroyo - Favorite News\" \/>\n<meta property=\"og:description\" content=\"La compa\u00f1\u00eda Cabify ha estrenado nueca campa\u00f1a creativa, con el objetivo de \u00abcomunicar de forma innovadora los principios \u00e9ticos de su comunidad en los nueve pa\u00edses donde opera: Buena fe, comunidad, honestidad, integridad, prudencia, respeto y tolerancia, seguridad y transparencia\u00bb.\u00a0En palabras de Jos\u00e9 L\u00f3pez Ari\u00f1ez,\u00a0global creative director\u00a0de Cabify: \u201cLas se\u00f1ales de tr\u00e1fico son parte de [&hellip;]\" \/>\n<meta property=\"og:url\" content=\"https:\/\/favorite-news.com\/es\/cabify-redisena-las-senales-de-trafico-de-la-mano-de-javirroyo\/\" \/>\n<meta property=\"og:site_name\" content=\"Favorite News\" \/>\n<meta property=\"article:published_time\" content=\"2021-02-03T13:29:18+00:00\" \/>\n<meta property=\"article:modified_time\" content=\"2021-02-03T13:29:21+00:00\" \/>\n<meta property=\"og:image\" content=\"https:\/\/favorite-news.com\/es\/wp-content\/uploads\/sites\/4\/2021\/02\/Cabify-redisena-las-senales-de-trafico-de-la-mano-de.png\" \/>\n\t<meta property=\"og:image:width\" content=\"795\" \/>\n\t<meta property=\"og:image:height\" content=\"447\" \/>\n\t<meta property=\"og:image:type\" content=\"image\/png\" \/>\n<meta name=\"author\" content=\"favorite-news\" \/>\n<meta name=\"twitter:card\" content=\"summary_large_image\" \/>\n<meta name=\"twitter:label1\" content=\"Escrito por\" \/>\n\t<meta name=\"twitter:data1\" content=\"favorite-news\" \/>\n\t<meta name=\"twitter:label2\" content=\"Tiempo de lectura\" \/>\n\t<meta name=\"twitter:data2\" content=\"1 minuto\" \/>\n<script type=\"application\/ld+json\" class=\"yoast-schema-graph\">{\"@context\":\"https:\\\/\\\/schema.org\",\"@graph\":[{\"@type\":\"Article\",\"@id\":\"https:\\\/\\\/favorite-news.com\\\/es\\\/cabify-redisena-las-senales-de-trafico-de-la-mano-de-javirroyo\\\/#article\",\"isPartOf\":{\"@id\":\"https:\\\/\\\/favorite-news.com\\\/es\\\/cabify-redisena-las-senales-de-trafico-de-la-mano-de-javirroyo\\\/\"},\"author\":{\"name\":\"favorite-news\",\"@id\":\"https:\\\/\\\/favorite-news.com\\\/es\\\/#\\\/schema\\\/person\\\/b91573b717dcfa5e4696032a9d28d3e8\"},\"headline\":\"Cabify redise\u00f1a las se\u00f1ales de tr\u00e1fico de la mano de Javirroyo\",\"datePublished\":\"2021-02-03T13:29:18+00:00\",\"dateModified\":\"2021-02-03T13:29:21+00:00\",\"mainEntityOfPage\":{\"@id\":\"https:\\\/\\\/favorite-news.com\\\/es\\\/cabify-redisena-las-senales-de-trafico-de-la-mano-de-javirroyo\\\/\"},\"wordCount\":288,\"commentCount\":0,\"image\":{\"@id\":\"https:\\\/\\\/favorite-news.com\\\/es\\\/cabify-redisena-las-senales-de-trafico-de-la-mano-de-javirroyo\\\/#primaryimage\"},\"thumbnailUrl\":\"https:\\\/\\\/favorite-news.com\\\/es\\\/wp-content\\\/uploads\\\/sites\\\/4\\\/2021\\\/02\\\/Cabify-redisena-las-senales-de-trafico-de-la-mano-de.png\",\"articleSection\":[\"NOTICIAS DE INTERNET MARKETING\"],\"inLanguage\":\"es\",\"potentialAction\":[{\"@type\":\"CommentAction\",\"name\":\"Comment\",\"target\":[\"https:\\\/\\\/favorite-news.com\\\/es\\\/cabify-redisena-las-senales-de-trafico-de-la-mano-de-javirroyo\\\/#respond\"]}]},{\"@type\":\"WebPage\",\"@id\":\"https:\\\/\\\/favorite-news.com\\\/es\\\/cabify-redisena-las-senales-de-trafico-de-la-mano-de-javirroyo\\\/\",\"url\":\"https:\\\/\\\/favorite-news.com\\\/es\\\/cabify-redisena-las-senales-de-trafico-de-la-mano-de-javirroyo\\\/\",\"name\":\"Cabify redise\u00f1a las se\u00f1ales de tr\u00e1fico de la mano de Javirroyo - Favorite News\",\"isPartOf\":{\"@id\":\"https:\\\/\\\/favorite-news.com\\\/es\\\/#website\"},\"primaryImageOfPage\":{\"@id\":\"https:\\\/\\\/favorite-news.com\\\/es\\\/cabify-redisena-las-senales-de-trafico-de-la-mano-de-javirroyo\\\/#primaryimage\"},\"image\":{\"@id\":\"https:\\\/\\\/favorite-news.com\\\/es\\\/cabify-redisena-las-senales-de-trafico-de-la-mano-de-javirroyo\\\/#primaryimage\"},\"thumbnailUrl\":\"https:\\\/\\\/favorite-news.com\\\/es\\\/wp-content\\\/uploads\\\/sites\\\/4\\\/2021\\\/02\\\/Cabify-redisena-las-senales-de-trafico-de-la-mano-de.png\",\"datePublished\":\"2021-02-03T13:29:18+00:00\",\"dateModified\":\"2021-02-03T13:29:21+00:00\",\"author\":{\"@id\":\"https:\\\/\\\/favorite-news.com\\\/es\\\/#\\\/schema\\\/person\\\/b91573b717dcfa5e4696032a9d28d3e8\"},\"breadcrumb\":{\"@id\":\"https:\\\/\\\/favorite-news.com\\\/es\\\/cabify-redisena-las-senales-de-trafico-de-la-mano-de-javirroyo\\\/#breadcrumb\"},\"inLanguage\":\"es\",\"potentialAction\":[{\"@type\":\"ReadAction\",\"target\":[\"https:\\\/\\\/favorite-news.com\\\/es\\\/cabify-redisena-las-senales-de-trafico-de-la-mano-de-javirroyo\\\/\"]}]},{\"@type\":\"ImageObject\",\"inLanguage\":\"es\",\"@id\":\"https:\\\/\\\/favorite-news.com\\\/es\\\/cabify-redisena-las-senales-de-trafico-de-la-mano-de-javirroyo\\\/#primaryimage\",\"url\":\"https:\\\/\\\/favorite-news.com\\\/es\\\/wp-content\\\/uploads\\\/sites\\\/4\\\/2021\\\/02\\\/Cabify-redisena-las-senales-de-trafico-de-la-mano-de.png\",\"contentUrl\":\"https:\\\/\\\/favorite-news.com\\\/es\\\/wp-content\\\/uploads\\\/sites\\\/4\\\/2021\\\/02\\\/Cabify-redisena-las-senales-de-trafico-de-la-mano-de.png\",\"width\":795,\"height\":447,\"caption\":\"Cabify redise\u00f1a las se\u00f1ales de tr\u00e1fico de la mano de Javirroyo\"},{\"@type\":\"BreadcrumbList\",\"@id\":\"https:\\\/\\\/favorite-news.com\\\/es\\\/cabify-redisena-las-senales-de-trafico-de-la-mano-de-javirroyo\\\/#breadcrumb\",\"itemListElement\":[{\"@type\":\"ListItem\",\"position\":1,\"name\":\"Home\",\"item\":\"https:\\\/\\\/favorite-news.com\\\/es\\\/\"},{\"@type\":\"ListItem\",\"position\":2,\"name\":\"Cabify redise\u00f1a las se\u00f1ales de tr\u00e1fico de la mano de Javirroyo\"}]},{\"@type\":\"WebSite\",\"@id\":\"https:\\\/\\\/favorite-news.com\\\/es\\\/#website\",\"url\":\"https:\\\/\\\/favorite-news.com\\\/es\\\/\",\"name\":\"Favorite News\",\"description\":\"Favorite News Espa\u00f1a\",\"potentialAction\":[{\"@type\":\"SearchAction\",\"target\":{\"@type\":\"EntryPoint\",\"urlTemplate\":\"https:\\\/\\\/favorite-news.com\\\/es\\\/?s={search_term_string}\"},\"query-input\":{\"@type\":\"PropertyValueSpecification\",\"valueRequired\":true,\"valueName\":\"search_term_string\"}}],\"inLanguage\":\"es\"},{\"@type\":\"Person\",\"@id\":\"https:\\\/\\\/favorite-news.com\\\/es\\\/#\\\/schema\\\/person\\\/b91573b717dcfa5e4696032a9d28d3e8\",\"name\":\"favorite-news\",\"image\":{\"@type\":\"ImageObject\",\"inLanguage\":\"es\",\"@id\":\"https:\\\/\\\/secure.gravatar.com\\\/avatar\\\/6c5a5cb12b74e9d517ee91cf570335b7d16177f1977cc91db161adfa435945a7?s=96&d=mm&r=g\",\"url\":\"https:\\\/\\\/secure.gravatar.com\\\/avatar\\\/6c5a5cb12b74e9d517ee91cf570335b7d16177f1977cc91db161adfa435945a7?s=96&d=mm&r=g\",\"contentUrl\":\"https:\\\/\\\/secure.gravatar.com\\\/avatar\\\/6c5a5cb12b74e9d517ee91cf570335b7d16177f1977cc91db161adfa435945a7?s=96&d=mm&r=g\",\"caption\":\"favorite-news\"},\"url\":\"https:\\\/\\\/favorite-news.com\\\/es\\\/author\\\/pt\\\/\"}]}<\/script>\n<!-- \/ Yoast SEO plugin. -->","yoast_head_json":{"title":"Cabify redise\u00f1a las se\u00f1ales de tr\u00e1fico de la mano de Javirroyo - Favorite News","robots":{"index":"index","follow":"follow","max-snippet":"max-snippet:-1","max-image-preview":"max-image-preview:large","max-video-preview":"max-video-preview:-1"},"canonical":"https:\/\/favorite-news.com\/es\/cabify-redisena-las-senales-de-trafico-de-la-mano-de-javirroyo\/","og_locale":"es_ES","og_type":"article","og_title":"Cabify redise\u00f1a las se\u00f1ales de tr\u00e1fico de la mano de Javirroyo - Favorite News","og_description":"La compa\u00f1\u00eda Cabify ha estrenado nueca campa\u00f1a creativa, con el objetivo de \u00abcomunicar de forma innovadora los principios \u00e9ticos de su comunidad en los nueve pa\u00edses donde opera: Buena fe, comunidad, honestidad, integridad, prudencia, respeto y tolerancia, seguridad y transparencia\u00bb.\u00a0En palabras de Jos\u00e9 L\u00f3pez Ari\u00f1ez,\u00a0global creative director\u00a0de Cabify: \u201cLas se\u00f1ales de tr\u00e1fico son parte de [&hellip;]","og_url":"https:\/\/favorite-news.com\/es\/cabify-redisena-las-senales-de-trafico-de-la-mano-de-javirroyo\/","og_site_name":"Favorite News","article_published_time":"2021-02-03T13:29:18+00:00","article_modified_time":"2021-02-03T13:29:21+00:00","og_image":[{"width":795,"height":447,"url":"https:\/\/favorite-news.com\/es\/wp-content\/uploads\/sites\/4\/2021\/02\/Cabify-redisena-las-senales-de-trafico-de-la-mano-de.png","type":"image\/png"}],"author":"favorite-news","twitter_card":"summary_large_image","twitter_misc":{"Escrito por":"favorite-news","Tiempo de lectura":"1 minuto"},"schema":{"@context":"https:\/\/schema.org","@graph":[{"@type":"Article","@id":"https:\/\/favorite-news.com\/es\/cabify-redisena-las-senales-de-trafico-de-la-mano-de-javirroyo\/#article","isPartOf":{"@id":"https:\/\/favorite-news.com\/es\/cabify-redisena-las-senales-de-trafico-de-la-mano-de-javirroyo\/"},"author":{"name":"favorite-news","@id":"https:\/\/favorite-news.com\/es\/#\/schema\/person\/b91573b717dcfa5e4696032a9d28d3e8"},"headline":"Cabify redise\u00f1a las se\u00f1ales de tr\u00e1fico de la mano de Javirroyo","datePublished":"2021-02-03T13:29:18+00:00","dateModified":"2021-02-03T13:29:21+00:00","mainEntityOfPage":{"@id":"https:\/\/favorite-news.com\/es\/cabify-redisena-las-senales-de-trafico-de-la-mano-de-javirroyo\/"},"wordCount":288,"commentCount":0,"image":{"@id":"https:\/\/favorite-news.com\/es\/cabify-redisena-las-senales-de-trafico-de-la-mano-de-javirroyo\/#primaryimage"},"thumbnailUrl":"https:\/\/favorite-news.com\/es\/wp-content\/uploads\/sites\/4\/2021\/02\/Cabify-redisena-las-senales-de-trafico-de-la-mano-de.png","articleSection":["NOTICIAS DE INTERNET MARKETING"],"inLanguage":"es","potentialAction":[{"@type":"CommentAction","name":"Comment","target":["https:\/\/favorite-news.com\/es\/cabify-redisena-las-senales-de-trafico-de-la-mano-de-javirroyo\/#respond"]}]},{"@type":"WebPage","@id":"https:\/\/favorite-news.com\/es\/cabify-redisena-las-senales-de-trafico-de-la-mano-de-javirroyo\/","url":"https:\/\/favorite-news.com\/es\/cabify-redisena-las-senales-de-trafico-de-la-mano-de-javirroyo\/","name":"Cabify redise\u00f1a las se\u00f1ales de tr\u00e1fico de la mano de Javirroyo - Favorite News","isPartOf":{"@id":"https:\/\/favorite-news.com\/es\/#website"},"primaryImageOfPage":{"@id":"https:\/\/favorite-news.com\/es\/cabify-redisena-las-senales-de-trafico-de-la-mano-de-javirroyo\/#primaryimage"},"image":{"@id":"https:\/\/favorite-news.com\/es\/cabify-redisena-las-senales-de-trafico-de-la-mano-de-javirroyo\/#primaryimage"},"thumbnailUrl":"https:\/\/favorite-news.com\/es\/wp-content\/uploads\/sites\/4\/2021\/02\/Cabify-redisena-las-senales-de-trafico-de-la-mano-de.png","datePublished":"2021-02-03T13:29:18+00:00","dateModified":"2021-02-03T13:29:21+00:00","author":{"@id":"https:\/\/favorite-news.com\/es\/#\/schema\/person\/b91573b717dcfa5e4696032a9d28d3e8"},"breadcrumb":{"@id":"https:\/\/favorite-news.com\/es\/cabify-redisena-las-senales-de-trafico-de-la-mano-de-javirroyo\/#breadcrumb"},"inLanguage":"es","potentialAction":[{"@type":"ReadAction","target":["https:\/\/favorite-news.com\/es\/cabify-redisena-las-senales-de-trafico-de-la-mano-de-javirroyo\/"]}]},{"@type":"ImageObject","inLanguage":"es","@id":"https:\/\/favorite-news.com\/es\/cabify-redisena-las-senales-de-trafico-de-la-mano-de-javirroyo\/#primaryimage","url":"https:\/\/favorite-news.com\/es\/wp-content\/uploads\/sites\/4\/2021\/02\/Cabify-redisena-las-senales-de-trafico-de-la-mano-de.png","contentUrl":"https:\/\/favorite-news.com\/es\/wp-content\/uploads\/sites\/4\/2021\/02\/Cabify-redisena-las-senales-de-trafico-de-la-mano-de.png","width":795,"height":447,"caption":"Cabify redise\u00f1a las se\u00f1ales de tr\u00e1fico de la mano de Javirroyo"},{"@type":"BreadcrumbList","@id":"https:\/\/favorite-news.com\/es\/cabify-redisena-las-senales-de-trafico-de-la-mano-de-javirroyo\/#breadcrumb","itemListElement":[{"@type":"ListItem","position":1,"name":"Home","item":"https:\/\/favorite-news.com\/es\/"},{"@type":"ListItem","position":2,"name":"Cabify redise\u00f1a las se\u00f1ales de tr\u00e1fico de la mano de Javirroyo"}]},{"@type":"WebSite","@id":"https:\/\/favorite-news.com\/es\/#website","url":"https:\/\/favorite-news.com\/es\/","name":"Favorite News","description":"Favorite News Espa\u00f1a","potentialAction":[{"@type":"SearchAction","target":{"@type":"EntryPoint","urlTemplate":"https:\/\/favorite-news.com\/es\/?s={search_term_string}"},"query-input":{"@type":"PropertyValueSpecification","valueRequired":true,"valueName":"search_term_string"}}],"inLanguage":"es"},{"@type":"Person","@id":"https:\/\/favorite-news.com\/es\/#\/schema\/person\/b91573b717dcfa5e4696032a9d28d3e8","name":"favorite-news","image":{"@type":"ImageObject","inLanguage":"es","@id":"https:\/\/secure.gravatar.com\/avatar\/6c5a5cb12b74e9d517ee91cf570335b7d16177f1977cc91db161adfa435945a7?s=96&d=mm&r=g","url":"https:\/\/secure.gravatar.com\/avatar\/6c5a5cb12b74e9d517ee91cf570335b7d16177f1977cc91db161adfa435945a7?s=96&d=mm&r=g","contentUrl":"https:\/\/secure.gravatar.com\/avatar\/6c5a5cb12b74e9d517ee91cf570335b7d16177f1977cc91db161adfa435945a7?s=96&d=mm&r=g","caption":"favorite-news"},"url":"https:\/\/favorite-news.com\/es\/author\/pt\/"}]}},"_links":{"self":[{"href":"https:\/\/favorite-news.com\/es\/wp-json\/wp\/v2\/posts\/5667","targetHints":{"allow":["GET"]}}],"collection":[{"href":"https:\/\/favorite-news.com\/es\/wp-json\/wp\/v2\/posts"}],"about":[{"href":"https:\/\/favorite-news.com\/es\/wp-json\/wp\/v2\/types\/post"}],"author":[{"embeddable":true,"href":"https:\/\/favorite-news.com\/es\/wp-json\/wp\/v2\/users\/2"}],"replies":[{"embeddable":true,"href":"https:\/\/favorite-news.com\/es\/wp-json\/wp\/v2\/comments?post=5667"}],"version-history":[{"count":1,"href":"https:\/\/favorite-news.com\/es\/wp-json\/wp\/v2\/posts\/5667\/revisions"}],"predecessor-version":[{"id":5669,"href":"https:\/\/favorite-news.com\/es\/wp-json\/wp\/v2\/posts\/5667\/revisions\/5669"}],"wp:featuredmedia":[{"embeddable":true,"href":"https:\/\/favorite-news.com\/es\/wp-json\/wp\/v2\/media\/5668"}],"wp:attachment":[{"href":"https:\/\/favorite-news.com\/es\/wp-json\/wp\/v2\/media?parent=5667"}],"wp:term":[{"taxonomy":"category","embeddable":true,"href":"https:\/\/favorite-news.com\/es\/wp-json\/wp\/v2\/categories?post=5667"},{"taxonomy":"post_tag","embeddable":true,"href":"https:\/\/favorite-news.com\/es\/wp-json\/wp\/v2\/tags?post=5667"}],"curies":[{"name":"wp","href":"https:\/\/api.w.org\/{rel}","templated":true}]}}