{"id":5662,"date":"2021-02-02T16:10:30","date_gmt":"2021-02-02T13:10:30","guid":{"rendered":"https:\/\/favorite-news.com\/es\/las-mascarillas-ffp2-incrementaron-su-demanda-en-enero\/"},"modified":"2021-02-02T16:10:33","modified_gmt":"2021-02-02T13:10:33","slug":"las-mascarillas-ffp2-incrementaron-su-demanda-en-enero","status":"publish","type":"post","link":"https:\/\/favorite-news.com\/es\/las-mascarillas-ffp2-incrementaron-su-demanda-en-enero\/","title":{"rendered":"Las mascarillas FFP2 incrementaron su demanda en enero"},"content":{"rendered":"<p>Imagen de IdealoAnte la preocupaci\u00f3n general que desencadena la pandemia, los ciudadanos ven necesario establecer todas las medidas de protecci\u00f3n posibles para frenar la nueva cepa. Por estos motivos, se ha producido un aumento de 490 % en la demanda de mascarillas FFP2 durante las dos \u00faltimas semanas de enero, con respecto a la primera quincena de 2021, seg\u00fan datos del comparador de precios Idealo. Este salto descolosal demuestra el malestar general que existe en torno a la nueva variante que ya ha colapsado hospitales espa\u00f1oles.El incremento de las mascarillas FFP2 se ha intuido desde noviembre de 2020 hasta enero de 2021 cuando su demanda subi\u00f3 en un 224,5 %, debido a las aglomeraciones navide\u00f1as y a los nuevos casos que enfrentamos en nuestro pa\u00eds.\u00a0En Espa\u00f1a se ha abierto un debate sobre la obligatoriedad de utilizar mascarillas FFP2 en entornos p\u00fablicos, sin embargo, el Gobierno todav\u00eda no se ha posicionado al respecto. Una medida que ya han adoptado pa\u00edses como Francia, Alemania y Austria que obligan a utilizar mascarillas FFP2 y quir\u00fargicas en espacios p\u00fablicos quedando prohibidas las caseras, las higi\u00e9nicas y aquellas de tela que no filtren m\u00e1s del 90% de las part\u00edculas.<br \/>\n<br \/>\n<!--noindex--><br \/>\n<a href=\"http:\/\/www.marketingnews.es\/investigacion\/noticia\/1164224031605\/mascarillas-ffp2-incrementaron-demanda-enero.1.html\" rel=\"nofollow\">Source link <\/a><br \/>\n<!--\/noindex--><\/p>\n","protected":false},"excerpt":{"rendered":"<p>Imagen de IdealoAnte la preocupaci\u00f3n general que desencadena la pandemia, los ciudadanos ven necesario establecer todas las medidas de protecci\u00f3n posibles para frenar la nueva cepa. Por estos motivos, se ha producido un aumento de 490 % en la demanda de mascarillas FFP2 durante las dos \u00faltimas semanas de enero, con respecto a la primera [&hellip;]<\/p>\n","protected":false},"author":2,"featured_media":5663,"comment_status":"open","ping_status":"open","sticky":false,"template":"","format":"standard","meta":{"footnotes":""},"categories":[2],"tags":[],"class_list":["post-5662","post","type-post","status-publish","format-standard","has-post-thumbnail","hentry","category-noticias-de-internet-marketing"],"yoast_head":"<!-- This site is optimized with the Yoast SEO plugin v27.4 - https:\/\/yoast.com\/product\/yoast-seo-wordpress\/ -->\n<title>Las mascarillas FFP2 incrementaron su demanda en enero - Favorite News<\/title>\n<meta name=\"robots\" content=\"index, follow, max-snippet:-1, max-image-preview:large, max-video-preview:-1\" \/>\n<link rel=\"canonical\" href=\"https:\/\/favorite-news.com\/es\/las-mascarillas-ffp2-incrementaron-su-demanda-en-enero\/\" \/>\n<meta property=\"og:locale\" content=\"es_ES\" \/>\n<meta property=\"og:type\" content=\"article\" \/>\n<meta property=\"og:title\" content=\"Las mascarillas FFP2 incrementaron su demanda en enero - Favorite News\" \/>\n<meta property=\"og:description\" content=\"Imagen de IdealoAnte la preocupaci\u00f3n general que desencadena la pandemia, los ciudadanos ven necesario establecer todas las medidas de protecci\u00f3n posibles para frenar la nueva cepa. Por estos motivos, se ha producido un aumento de 490 % en la demanda de mascarillas FFP2 durante las dos \u00faltimas semanas de enero, con respecto a la primera [&hellip;]\" \/>\n<meta property=\"og:url\" content=\"https:\/\/favorite-news.com\/es\/las-mascarillas-ffp2-incrementaron-su-demanda-en-enero\/\" \/>\n<meta property=\"og:site_name\" content=\"Favorite News\" \/>\n<meta property=\"article:published_time\" content=\"2021-02-02T13:10:30+00:00\" \/>\n<meta property=\"article:modified_time\" content=\"2021-02-02T13:10:33+00:00\" \/>\n<meta property=\"og:image\" content=\"https:\/\/favorite-news.com\/es\/wp-content\/uploads\/sites\/4\/2021\/02\/Las-mascarillas-FFP2-incrementaron-su-demanda-en-enero.png\" \/>\n\t<meta property=\"og:image:width\" content=\"528\" \/>\n\t<meta property=\"og:image:height\" content=\"303\" \/>\n\t<meta property=\"og:image:type\" content=\"image\/png\" \/>\n<meta name=\"author\" content=\"favorite-news\" \/>\n<meta name=\"twitter:card\" content=\"summary_large_image\" \/>\n<meta name=\"twitter:label1\" content=\"Escrito por\" \/>\n\t<meta name=\"twitter:data1\" content=\"favorite-news\" \/>\n\t<meta name=\"twitter:label2\" content=\"Tiempo de lectura\" \/>\n\t<meta name=\"twitter:data2\" content=\"1 minuto\" \/>\n<script type=\"application\/ld+json\" class=\"yoast-schema-graph\">{\"@context\":\"https:\\\/\\\/schema.org\",\"@graph\":[{\"@type\":\"Article\",\"@id\":\"https:\\\/\\\/favorite-news.com\\\/es\\\/las-mascarillas-ffp2-incrementaron-su-demanda-en-enero\\\/#article\",\"isPartOf\":{\"@id\":\"https:\\\/\\\/favorite-news.com\\\/es\\\/las-mascarillas-ffp2-incrementaron-su-demanda-en-enero\\\/\"},\"author\":{\"name\":\"favorite-news\",\"@id\":\"https:\\\/\\\/favorite-news.com\\\/es\\\/#\\\/schema\\\/person\\\/b91573b717dcfa5e4696032a9d28d3e8\"},\"headline\":\"Las mascarillas FFP2 incrementaron su demanda en enero\",\"datePublished\":\"2021-02-02T13:10:30+00:00\",\"dateModified\":\"2021-02-02T13:10:33+00:00\",\"mainEntityOfPage\":{\"@id\":\"https:\\\/\\\/favorite-news.com\\\/es\\\/las-mascarillas-ffp2-incrementaron-su-demanda-en-enero\\\/\"},\"wordCount\":213,\"commentCount\":0,\"image\":{\"@id\":\"https:\\\/\\\/favorite-news.com\\\/es\\\/las-mascarillas-ffp2-incrementaron-su-demanda-en-enero\\\/#primaryimage\"},\"thumbnailUrl\":\"https:\\\/\\\/favorite-news.com\\\/es\\\/wp-content\\\/uploads\\\/sites\\\/4\\\/2021\\\/02\\\/Las-mascarillas-FFP2-incrementaron-su-demanda-en-enero.png\",\"articleSection\":[\"NOTICIAS DE INTERNET MARKETING\"],\"inLanguage\":\"es\",\"potentialAction\":[{\"@type\":\"CommentAction\",\"name\":\"Comment\",\"target\":[\"https:\\\/\\\/favorite-news.com\\\/es\\\/las-mascarillas-ffp2-incrementaron-su-demanda-en-enero\\\/#respond\"]}]},{\"@type\":\"WebPage\",\"@id\":\"https:\\\/\\\/favorite-news.com\\\/es\\\/las-mascarillas-ffp2-incrementaron-su-demanda-en-enero\\\/\",\"url\":\"https:\\\/\\\/favorite-news.com\\\/es\\\/las-mascarillas-ffp2-incrementaron-su-demanda-en-enero\\\/\",\"name\":\"Las mascarillas FFP2 incrementaron su demanda en enero - Favorite News\",\"isPartOf\":{\"@id\":\"https:\\\/\\\/favorite-news.com\\\/es\\\/#website\"},\"primaryImageOfPage\":{\"@id\":\"https:\\\/\\\/favorite-news.com\\\/es\\\/las-mascarillas-ffp2-incrementaron-su-demanda-en-enero\\\/#primaryimage\"},\"image\":{\"@id\":\"https:\\\/\\\/favorite-news.com\\\/es\\\/las-mascarillas-ffp2-incrementaron-su-demanda-en-enero\\\/#primaryimage\"},\"thumbnailUrl\":\"https:\\\/\\\/favorite-news.com\\\/es\\\/wp-content\\\/uploads\\\/sites\\\/4\\\/2021\\\/02\\\/Las-mascarillas-FFP2-incrementaron-su-demanda-en-enero.png\",\"datePublished\":\"2021-02-02T13:10:30+00:00\",\"dateModified\":\"2021-02-02T13:10:33+00:00\",\"author\":{\"@id\":\"https:\\\/\\\/favorite-news.com\\\/es\\\/#\\\/schema\\\/person\\\/b91573b717dcfa5e4696032a9d28d3e8\"},\"breadcrumb\":{\"@id\":\"https:\\\/\\\/favorite-news.com\\\/es\\\/las-mascarillas-ffp2-incrementaron-su-demanda-en-enero\\\/#breadcrumb\"},\"inLanguage\":\"es\",\"potentialAction\":[{\"@type\":\"ReadAction\",\"target\":[\"https:\\\/\\\/favorite-news.com\\\/es\\\/las-mascarillas-ffp2-incrementaron-su-demanda-en-enero\\\/\"]}]},{\"@type\":\"ImageObject\",\"inLanguage\":\"es\",\"@id\":\"https:\\\/\\\/favorite-news.com\\\/es\\\/las-mascarillas-ffp2-incrementaron-su-demanda-en-enero\\\/#primaryimage\",\"url\":\"https:\\\/\\\/favorite-news.com\\\/es\\\/wp-content\\\/uploads\\\/sites\\\/4\\\/2021\\\/02\\\/Las-mascarillas-FFP2-incrementaron-su-demanda-en-enero.png\",\"contentUrl\":\"https:\\\/\\\/favorite-news.com\\\/es\\\/wp-content\\\/uploads\\\/sites\\\/4\\\/2021\\\/02\\\/Las-mascarillas-FFP2-incrementaron-su-demanda-en-enero.png\",\"width\":528,\"height\":303,\"caption\":\"Las mascarillas FFP2 incrementaron su demanda en enero\"},{\"@type\":\"BreadcrumbList\",\"@id\":\"https:\\\/\\\/favorite-news.com\\\/es\\\/las-mascarillas-ffp2-incrementaron-su-demanda-en-enero\\\/#breadcrumb\",\"itemListElement\":[{\"@type\":\"ListItem\",\"position\":1,\"name\":\"Home\",\"item\":\"https:\\\/\\\/favorite-news.com\\\/es\\\/\"},{\"@type\":\"ListItem\",\"position\":2,\"name\":\"Las mascarillas FFP2 incrementaron su demanda en enero\"}]},{\"@type\":\"WebSite\",\"@id\":\"https:\\\/\\\/favorite-news.com\\\/es\\\/#website\",\"url\":\"https:\\\/\\\/favorite-news.com\\\/es\\\/\",\"name\":\"Favorite News\",\"description\":\"Favorite News Espa\u00f1a\",\"potentialAction\":[{\"@type\":\"SearchAction\",\"target\":{\"@type\":\"EntryPoint\",\"urlTemplate\":\"https:\\\/\\\/favorite-news.com\\\/es\\\/?s={search_term_string}\"},\"query-input\":{\"@type\":\"PropertyValueSpecification\",\"valueRequired\":true,\"valueName\":\"search_term_string\"}}],\"inLanguage\":\"es\"},{\"@type\":\"Person\",\"@id\":\"https:\\\/\\\/favorite-news.com\\\/es\\\/#\\\/schema\\\/person\\\/b91573b717dcfa5e4696032a9d28d3e8\",\"name\":\"favorite-news\",\"image\":{\"@type\":\"ImageObject\",\"inLanguage\":\"es\",\"@id\":\"https:\\\/\\\/secure.gravatar.com\\\/avatar\\\/6c5a5cb12b74e9d517ee91cf570335b7d16177f1977cc91db161adfa435945a7?s=96&d=mm&r=g\",\"url\":\"https:\\\/\\\/secure.gravatar.com\\\/avatar\\\/6c5a5cb12b74e9d517ee91cf570335b7d16177f1977cc91db161adfa435945a7?s=96&d=mm&r=g\",\"contentUrl\":\"https:\\\/\\\/secure.gravatar.com\\\/avatar\\\/6c5a5cb12b74e9d517ee91cf570335b7d16177f1977cc91db161adfa435945a7?s=96&d=mm&r=g\",\"caption\":\"favorite-news\"},\"url\":\"https:\\\/\\\/favorite-news.com\\\/es\\\/author\\\/pt\\\/\"}]}<\/script>\n<!-- \/ Yoast SEO plugin. -->","yoast_head_json":{"title":"Las mascarillas FFP2 incrementaron su demanda en enero - Favorite News","robots":{"index":"index","follow":"follow","max-snippet":"max-snippet:-1","max-image-preview":"max-image-preview:large","max-video-preview":"max-video-preview:-1"},"canonical":"https:\/\/favorite-news.com\/es\/las-mascarillas-ffp2-incrementaron-su-demanda-en-enero\/","og_locale":"es_ES","og_type":"article","og_title":"Las mascarillas FFP2 incrementaron su demanda en enero - Favorite News","og_description":"Imagen de IdealoAnte la preocupaci\u00f3n general que desencadena la pandemia, los ciudadanos ven necesario establecer todas las medidas de protecci\u00f3n posibles para frenar la nueva cepa. Por estos motivos, se ha producido un aumento de 490 % en la demanda de mascarillas FFP2 durante las dos \u00faltimas semanas de enero, con respecto a la primera [&hellip;]","og_url":"https:\/\/favorite-news.com\/es\/las-mascarillas-ffp2-incrementaron-su-demanda-en-enero\/","og_site_name":"Favorite News","article_published_time":"2021-02-02T13:10:30+00:00","article_modified_time":"2021-02-02T13:10:33+00:00","og_image":[{"width":528,"height":303,"url":"https:\/\/favorite-news.com\/es\/wp-content\/uploads\/sites\/4\/2021\/02\/Las-mascarillas-FFP2-incrementaron-su-demanda-en-enero.png","type":"image\/png"}],"author":"favorite-news","twitter_card":"summary_large_image","twitter_misc":{"Escrito por":"favorite-news","Tiempo de lectura":"1 minuto"},"schema":{"@context":"https:\/\/schema.org","@graph":[{"@type":"Article","@id":"https:\/\/favorite-news.com\/es\/las-mascarillas-ffp2-incrementaron-su-demanda-en-enero\/#article","isPartOf":{"@id":"https:\/\/favorite-news.com\/es\/las-mascarillas-ffp2-incrementaron-su-demanda-en-enero\/"},"author":{"name":"favorite-news","@id":"https:\/\/favorite-news.com\/es\/#\/schema\/person\/b91573b717dcfa5e4696032a9d28d3e8"},"headline":"Las mascarillas FFP2 incrementaron su demanda en enero","datePublished":"2021-02-02T13:10:30+00:00","dateModified":"2021-02-02T13:10:33+00:00","mainEntityOfPage":{"@id":"https:\/\/favorite-news.com\/es\/las-mascarillas-ffp2-incrementaron-su-demanda-en-enero\/"},"wordCount":213,"commentCount":0,"image":{"@id":"https:\/\/favorite-news.com\/es\/las-mascarillas-ffp2-incrementaron-su-demanda-en-enero\/#primaryimage"},"thumbnailUrl":"https:\/\/favorite-news.com\/es\/wp-content\/uploads\/sites\/4\/2021\/02\/Las-mascarillas-FFP2-incrementaron-su-demanda-en-enero.png","articleSection":["NOTICIAS DE INTERNET MARKETING"],"inLanguage":"es","potentialAction":[{"@type":"CommentAction","name":"Comment","target":["https:\/\/favorite-news.com\/es\/las-mascarillas-ffp2-incrementaron-su-demanda-en-enero\/#respond"]}]},{"@type":"WebPage","@id":"https:\/\/favorite-news.com\/es\/las-mascarillas-ffp2-incrementaron-su-demanda-en-enero\/","url":"https:\/\/favorite-news.com\/es\/las-mascarillas-ffp2-incrementaron-su-demanda-en-enero\/","name":"Las mascarillas FFP2 incrementaron su demanda en enero - Favorite News","isPartOf":{"@id":"https:\/\/favorite-news.com\/es\/#website"},"primaryImageOfPage":{"@id":"https:\/\/favorite-news.com\/es\/las-mascarillas-ffp2-incrementaron-su-demanda-en-enero\/#primaryimage"},"image":{"@id":"https:\/\/favorite-news.com\/es\/las-mascarillas-ffp2-incrementaron-su-demanda-en-enero\/#primaryimage"},"thumbnailUrl":"https:\/\/favorite-news.com\/es\/wp-content\/uploads\/sites\/4\/2021\/02\/Las-mascarillas-FFP2-incrementaron-su-demanda-en-enero.png","datePublished":"2021-02-02T13:10:30+00:00","dateModified":"2021-02-02T13:10:33+00:00","author":{"@id":"https:\/\/favorite-news.com\/es\/#\/schema\/person\/b91573b717dcfa5e4696032a9d28d3e8"},"breadcrumb":{"@id":"https:\/\/favorite-news.com\/es\/las-mascarillas-ffp2-incrementaron-su-demanda-en-enero\/#breadcrumb"},"inLanguage":"es","potentialAction":[{"@type":"ReadAction","target":["https:\/\/favorite-news.com\/es\/las-mascarillas-ffp2-incrementaron-su-demanda-en-enero\/"]}]},{"@type":"ImageObject","inLanguage":"es","@id":"https:\/\/favorite-news.com\/es\/las-mascarillas-ffp2-incrementaron-su-demanda-en-enero\/#primaryimage","url":"https:\/\/favorite-news.com\/es\/wp-content\/uploads\/sites\/4\/2021\/02\/Las-mascarillas-FFP2-incrementaron-su-demanda-en-enero.png","contentUrl":"https:\/\/favorite-news.com\/es\/wp-content\/uploads\/sites\/4\/2021\/02\/Las-mascarillas-FFP2-incrementaron-su-demanda-en-enero.png","width":528,"height":303,"caption":"Las mascarillas FFP2 incrementaron su demanda en enero"},{"@type":"BreadcrumbList","@id":"https:\/\/favorite-news.com\/es\/las-mascarillas-ffp2-incrementaron-su-demanda-en-enero\/#breadcrumb","itemListElement":[{"@type":"ListItem","position":1,"name":"Home","item":"https:\/\/favorite-news.com\/es\/"},{"@type":"ListItem","position":2,"name":"Las mascarillas FFP2 incrementaron su demanda en enero"}]},{"@type":"WebSite","@id":"https:\/\/favorite-news.com\/es\/#website","url":"https:\/\/favorite-news.com\/es\/","name":"Favorite News","description":"Favorite News Espa\u00f1a","potentialAction":[{"@type":"SearchAction","target":{"@type":"EntryPoint","urlTemplate":"https:\/\/favorite-news.com\/es\/?s={search_term_string}"},"query-input":{"@type":"PropertyValueSpecification","valueRequired":true,"valueName":"search_term_string"}}],"inLanguage":"es"},{"@type":"Person","@id":"https:\/\/favorite-news.com\/es\/#\/schema\/person\/b91573b717dcfa5e4696032a9d28d3e8","name":"favorite-news","image":{"@type":"ImageObject","inLanguage":"es","@id":"https:\/\/secure.gravatar.com\/avatar\/6c5a5cb12b74e9d517ee91cf570335b7d16177f1977cc91db161adfa435945a7?s=96&d=mm&r=g","url":"https:\/\/secure.gravatar.com\/avatar\/6c5a5cb12b74e9d517ee91cf570335b7d16177f1977cc91db161adfa435945a7?s=96&d=mm&r=g","contentUrl":"https:\/\/secure.gravatar.com\/avatar\/6c5a5cb12b74e9d517ee91cf570335b7d16177f1977cc91db161adfa435945a7?s=96&d=mm&r=g","caption":"favorite-news"},"url":"https:\/\/favorite-news.com\/es\/author\/pt\/"}]}},"_links":{"self":[{"href":"https:\/\/favorite-news.com\/es\/wp-json\/wp\/v2\/posts\/5662","targetHints":{"allow":["GET"]}}],"collection":[{"href":"https:\/\/favorite-news.com\/es\/wp-json\/wp\/v2\/posts"}],"about":[{"href":"https:\/\/favorite-news.com\/es\/wp-json\/wp\/v2\/types\/post"}],"author":[{"embeddable":true,"href":"https:\/\/favorite-news.com\/es\/wp-json\/wp\/v2\/users\/2"}],"replies":[{"embeddable":true,"href":"https:\/\/favorite-news.com\/es\/wp-json\/wp\/v2\/comments?post=5662"}],"version-history":[{"count":1,"href":"https:\/\/favorite-news.com\/es\/wp-json\/wp\/v2\/posts\/5662\/revisions"}],"predecessor-version":[{"id":5664,"href":"https:\/\/favorite-news.com\/es\/wp-json\/wp\/v2\/posts\/5662\/revisions\/5664"}],"wp:featuredmedia":[{"embeddable":true,"href":"https:\/\/favorite-news.com\/es\/wp-json\/wp\/v2\/media\/5663"}],"wp:attachment":[{"href":"https:\/\/favorite-news.com\/es\/wp-json\/wp\/v2\/media?parent=5662"}],"wp:term":[{"taxonomy":"category","embeddable":true,"href":"https:\/\/favorite-news.com\/es\/wp-json\/wp\/v2\/categories?post=5662"},{"taxonomy":"post_tag","embeddable":true,"href":"https:\/\/favorite-news.com\/es\/wp-json\/wp\/v2\/tags?post=5662"}],"curies":[{"name":"wp","href":"https:\/\/api.w.org\/{rel}","templated":true}]}}