{"id":5650,"date":"2021-01-31T15:54:29","date_gmt":"2021-01-31T12:54:29","guid":{"rendered":"https:\/\/favorite-news.com\/es\/javier-castillo-director-de-marketing-de-inbestme\/"},"modified":"2021-01-31T15:54:31","modified_gmt":"2021-01-31T12:54:31","slug":"javier-castillo-director-de-marketing-de-inbestme","status":"publish","type":"post","link":"https:\/\/favorite-news.com\/es\/javier-castillo-director-de-marketing-de-inbestme\/","title":{"rendered":"Javier Castillo, director de marketing de inbestMe"},"content":{"rendered":"<p>La fintech, con sede en Catalu\u00f1a,\u00a0inbestMe ha nombrado a director de marketing a Javier Castillo. Licenciado en Comunicaciones por la University of California, Santa Barbara (UCSB) y MBA por ESADE, es experto en marketing digital y comunicaci\u00f3n, adem\u00e1s de ser consultor y emprendedor.Ha fundado varias compa\u00f1\u00edas en los \u00faltimos 15 a\u00f1os y ha trabajado en empresas B2B y B2C de una amplia variedad de sectores y pa\u00edses. Empez\u00f3 su trayectoria profesional en Deutsche Bank Securities en San Francisco (California) en el departamento de Equity Research. Recientemente, entr\u00f3 en el mundo de Fintech en Barcelona como consultor de marketing para Strands y despu\u00e9s como Head of Growth.inbestMe es una agencia de valores supervisada por la CNMV que gestiona carteras de inversi\u00f3n mediante gesti\u00f3n indexada (o pasiva), conocido como Robo Advisor.<br \/>\n<br \/>\n<!--noindex--><br \/>\n<a href=\"http:\/\/www.marketingnews.es\/profesionales\/noticia\/1164185031505\/javier-castillo-director-de-marketing-de-inbestme.1.html\" rel=\"nofollow\">Source link <\/a><br \/>\n<!--\/noindex--><\/p>\n","protected":false},"excerpt":{"rendered":"<p>La fintech, con sede en Catalu\u00f1a,\u00a0inbestMe ha nombrado a director de marketing a Javier Castillo. Licenciado en Comunicaciones por la University of California, Santa Barbara (UCSB) y MBA por ESADE, es experto en marketing digital y comunicaci\u00f3n, adem\u00e1s de ser consultor y emprendedor.Ha fundado varias compa\u00f1\u00edas en los \u00faltimos 15 a\u00f1os y ha trabajado en [&hellip;]<\/p>\n","protected":false},"author":2,"featured_media":5651,"comment_status":"open","ping_status":"open","sticky":false,"template":"","format":"standard","meta":{"footnotes":""},"categories":[2],"tags":[],"class_list":["post-5650","post","type-post","status-publish","format-standard","has-post-thumbnail","hentry","category-noticias-de-internet-marketing"],"yoast_head":"<!-- This site is optimized with the Yoast SEO plugin v27.4 - https:\/\/yoast.com\/product\/yoast-seo-wordpress\/ -->\n<title>Javier Castillo, director de marketing de inbestMe - Favorite News<\/title>\n<meta name=\"robots\" content=\"index, follow, max-snippet:-1, max-image-preview:large, max-video-preview:-1\" \/>\n<link rel=\"canonical\" href=\"https:\/\/favorite-news.com\/es\/javier-castillo-director-de-marketing-de-inbestme\/\" \/>\n<meta property=\"og:locale\" content=\"es_ES\" \/>\n<meta property=\"og:type\" content=\"article\" \/>\n<meta property=\"og:title\" content=\"Javier Castillo, director de marketing de inbestMe - Favorite News\" \/>\n<meta property=\"og:description\" content=\"La fintech, con sede en Catalu\u00f1a,\u00a0inbestMe ha nombrado a director de marketing a Javier Castillo. Licenciado en Comunicaciones por la University of California, Santa Barbara (UCSB) y MBA por ESADE, es experto en marketing digital y comunicaci\u00f3n, adem\u00e1s de ser consultor y emprendedor.Ha fundado varias compa\u00f1\u00edas en los \u00faltimos 15 a\u00f1os y ha trabajado en [&hellip;]\" \/>\n<meta property=\"og:url\" content=\"https:\/\/favorite-news.com\/es\/javier-castillo-director-de-marketing-de-inbestme\/\" \/>\n<meta property=\"og:site_name\" content=\"Favorite News\" \/>\n<meta property=\"article:published_time\" content=\"2021-01-31T12:54:29+00:00\" \/>\n<meta property=\"article:modified_time\" content=\"2021-01-31T12:54:31+00:00\" \/>\n<meta property=\"og:image\" content=\"https:\/\/favorite-news.com\/es\/wp-content\/uploads\/sites\/4\/2021\/01\/Javier-Castillo-director-de-marketing-de-inbestMe.jpg\" \/>\n\t<meta property=\"og:image:width\" content=\"530\" \/>\n\t<meta property=\"og:image:height\" content=\"297\" \/>\n\t<meta property=\"og:image:type\" content=\"image\/jpeg\" \/>\n<meta name=\"author\" content=\"favorite-news\" \/>\n<meta name=\"twitter:card\" content=\"summary_large_image\" \/>\n<meta name=\"twitter:label1\" content=\"Escrito por\" \/>\n\t<meta name=\"twitter:data1\" content=\"favorite-news\" \/>\n\t<meta name=\"twitter:label2\" content=\"Tiempo de lectura\" \/>\n\t<meta name=\"twitter:data2\" content=\"1 minuto\" \/>\n<script type=\"application\/ld+json\" class=\"yoast-schema-graph\">{\"@context\":\"https:\\\/\\\/schema.org\",\"@graph\":[{\"@type\":\"Article\",\"@id\":\"https:\\\/\\\/favorite-news.com\\\/es\\\/javier-castillo-director-de-marketing-de-inbestme\\\/#article\",\"isPartOf\":{\"@id\":\"https:\\\/\\\/favorite-news.com\\\/es\\\/javier-castillo-director-de-marketing-de-inbestme\\\/\"},\"author\":{\"name\":\"favorite-news\",\"@id\":\"https:\\\/\\\/favorite-news.com\\\/es\\\/#\\\/schema\\\/person\\\/b91573b717dcfa5e4696032a9d28d3e8\"},\"headline\":\"Javier Castillo, director de marketing de inbestMe\",\"datePublished\":\"2021-01-31T12:54:29+00:00\",\"dateModified\":\"2021-01-31T12:54:31+00:00\",\"mainEntityOfPage\":{\"@id\":\"https:\\\/\\\/favorite-news.com\\\/es\\\/javier-castillo-director-de-marketing-de-inbestme\\\/\"},\"wordCount\":151,\"commentCount\":0,\"image\":{\"@id\":\"https:\\\/\\\/favorite-news.com\\\/es\\\/javier-castillo-director-de-marketing-de-inbestme\\\/#primaryimage\"},\"thumbnailUrl\":\"https:\\\/\\\/favorite-news.com\\\/es\\\/wp-content\\\/uploads\\\/sites\\\/4\\\/2021\\\/01\\\/Javier-Castillo-director-de-marketing-de-inbestMe.jpg\",\"articleSection\":[\"NOTICIAS DE INTERNET MARKETING\"],\"inLanguage\":\"es\",\"potentialAction\":[{\"@type\":\"CommentAction\",\"name\":\"Comment\",\"target\":[\"https:\\\/\\\/favorite-news.com\\\/es\\\/javier-castillo-director-de-marketing-de-inbestme\\\/#respond\"]}]},{\"@type\":\"WebPage\",\"@id\":\"https:\\\/\\\/favorite-news.com\\\/es\\\/javier-castillo-director-de-marketing-de-inbestme\\\/\",\"url\":\"https:\\\/\\\/favorite-news.com\\\/es\\\/javier-castillo-director-de-marketing-de-inbestme\\\/\",\"name\":\"Javier Castillo, director de marketing de inbestMe - Favorite News\",\"isPartOf\":{\"@id\":\"https:\\\/\\\/favorite-news.com\\\/es\\\/#website\"},\"primaryImageOfPage\":{\"@id\":\"https:\\\/\\\/favorite-news.com\\\/es\\\/javier-castillo-director-de-marketing-de-inbestme\\\/#primaryimage\"},\"image\":{\"@id\":\"https:\\\/\\\/favorite-news.com\\\/es\\\/javier-castillo-director-de-marketing-de-inbestme\\\/#primaryimage\"},\"thumbnailUrl\":\"https:\\\/\\\/favorite-news.com\\\/es\\\/wp-content\\\/uploads\\\/sites\\\/4\\\/2021\\\/01\\\/Javier-Castillo-director-de-marketing-de-inbestMe.jpg\",\"datePublished\":\"2021-01-31T12:54:29+00:00\",\"dateModified\":\"2021-01-31T12:54:31+00:00\",\"author\":{\"@id\":\"https:\\\/\\\/favorite-news.com\\\/es\\\/#\\\/schema\\\/person\\\/b91573b717dcfa5e4696032a9d28d3e8\"},\"breadcrumb\":{\"@id\":\"https:\\\/\\\/favorite-news.com\\\/es\\\/javier-castillo-director-de-marketing-de-inbestme\\\/#breadcrumb\"},\"inLanguage\":\"es\",\"potentialAction\":[{\"@type\":\"ReadAction\",\"target\":[\"https:\\\/\\\/favorite-news.com\\\/es\\\/javier-castillo-director-de-marketing-de-inbestme\\\/\"]}]},{\"@type\":\"ImageObject\",\"inLanguage\":\"es\",\"@id\":\"https:\\\/\\\/favorite-news.com\\\/es\\\/javier-castillo-director-de-marketing-de-inbestme\\\/#primaryimage\",\"url\":\"https:\\\/\\\/favorite-news.com\\\/es\\\/wp-content\\\/uploads\\\/sites\\\/4\\\/2021\\\/01\\\/Javier-Castillo-director-de-marketing-de-inbestMe.jpg\",\"contentUrl\":\"https:\\\/\\\/favorite-news.com\\\/es\\\/wp-content\\\/uploads\\\/sites\\\/4\\\/2021\\\/01\\\/Javier-Castillo-director-de-marketing-de-inbestMe.jpg\",\"width\":530,\"height\":297,\"caption\":\"Javier Castillo, director de marketing de inbestMe\"},{\"@type\":\"BreadcrumbList\",\"@id\":\"https:\\\/\\\/favorite-news.com\\\/es\\\/javier-castillo-director-de-marketing-de-inbestme\\\/#breadcrumb\",\"itemListElement\":[{\"@type\":\"ListItem\",\"position\":1,\"name\":\"Home\",\"item\":\"https:\\\/\\\/favorite-news.com\\\/es\\\/\"},{\"@type\":\"ListItem\",\"position\":2,\"name\":\"Javier Castillo, director de marketing de inbestMe\"}]},{\"@type\":\"WebSite\",\"@id\":\"https:\\\/\\\/favorite-news.com\\\/es\\\/#website\",\"url\":\"https:\\\/\\\/favorite-news.com\\\/es\\\/\",\"name\":\"Favorite News\",\"description\":\"Favorite News Espa\u00f1a\",\"potentialAction\":[{\"@type\":\"SearchAction\",\"target\":{\"@type\":\"EntryPoint\",\"urlTemplate\":\"https:\\\/\\\/favorite-news.com\\\/es\\\/?s={search_term_string}\"},\"query-input\":{\"@type\":\"PropertyValueSpecification\",\"valueRequired\":true,\"valueName\":\"search_term_string\"}}],\"inLanguage\":\"es\"},{\"@type\":\"Person\",\"@id\":\"https:\\\/\\\/favorite-news.com\\\/es\\\/#\\\/schema\\\/person\\\/b91573b717dcfa5e4696032a9d28d3e8\",\"name\":\"favorite-news\",\"image\":{\"@type\":\"ImageObject\",\"inLanguage\":\"es\",\"@id\":\"https:\\\/\\\/secure.gravatar.com\\\/avatar\\\/6c5a5cb12b74e9d517ee91cf570335b7d16177f1977cc91db161adfa435945a7?s=96&d=mm&r=g\",\"url\":\"https:\\\/\\\/secure.gravatar.com\\\/avatar\\\/6c5a5cb12b74e9d517ee91cf570335b7d16177f1977cc91db161adfa435945a7?s=96&d=mm&r=g\",\"contentUrl\":\"https:\\\/\\\/secure.gravatar.com\\\/avatar\\\/6c5a5cb12b74e9d517ee91cf570335b7d16177f1977cc91db161adfa435945a7?s=96&d=mm&r=g\",\"caption\":\"favorite-news\"},\"url\":\"https:\\\/\\\/favorite-news.com\\\/es\\\/author\\\/pt\\\/\"}]}<\/script>\n<!-- \/ Yoast SEO plugin. -->","yoast_head_json":{"title":"Javier Castillo, director de marketing de inbestMe - Favorite News","robots":{"index":"index","follow":"follow","max-snippet":"max-snippet:-1","max-image-preview":"max-image-preview:large","max-video-preview":"max-video-preview:-1"},"canonical":"https:\/\/favorite-news.com\/es\/javier-castillo-director-de-marketing-de-inbestme\/","og_locale":"es_ES","og_type":"article","og_title":"Javier Castillo, director de marketing de inbestMe - Favorite News","og_description":"La fintech, con sede en Catalu\u00f1a,\u00a0inbestMe ha nombrado a director de marketing a Javier Castillo. Licenciado en Comunicaciones por la University of California, Santa Barbara (UCSB) y MBA por ESADE, es experto en marketing digital y comunicaci\u00f3n, adem\u00e1s de ser consultor y emprendedor.Ha fundado varias compa\u00f1\u00edas en los \u00faltimos 15 a\u00f1os y ha trabajado en [&hellip;]","og_url":"https:\/\/favorite-news.com\/es\/javier-castillo-director-de-marketing-de-inbestme\/","og_site_name":"Favorite News","article_published_time":"2021-01-31T12:54:29+00:00","article_modified_time":"2021-01-31T12:54:31+00:00","og_image":[{"width":530,"height":297,"url":"https:\/\/favorite-news.com\/es\/wp-content\/uploads\/sites\/4\/2021\/01\/Javier-Castillo-director-de-marketing-de-inbestMe.jpg","type":"image\/jpeg"}],"author":"favorite-news","twitter_card":"summary_large_image","twitter_misc":{"Escrito por":"favorite-news","Tiempo de lectura":"1 minuto"},"schema":{"@context":"https:\/\/schema.org","@graph":[{"@type":"Article","@id":"https:\/\/favorite-news.com\/es\/javier-castillo-director-de-marketing-de-inbestme\/#article","isPartOf":{"@id":"https:\/\/favorite-news.com\/es\/javier-castillo-director-de-marketing-de-inbestme\/"},"author":{"name":"favorite-news","@id":"https:\/\/favorite-news.com\/es\/#\/schema\/person\/b91573b717dcfa5e4696032a9d28d3e8"},"headline":"Javier Castillo, director de marketing de inbestMe","datePublished":"2021-01-31T12:54:29+00:00","dateModified":"2021-01-31T12:54:31+00:00","mainEntityOfPage":{"@id":"https:\/\/favorite-news.com\/es\/javier-castillo-director-de-marketing-de-inbestme\/"},"wordCount":151,"commentCount":0,"image":{"@id":"https:\/\/favorite-news.com\/es\/javier-castillo-director-de-marketing-de-inbestme\/#primaryimage"},"thumbnailUrl":"https:\/\/favorite-news.com\/es\/wp-content\/uploads\/sites\/4\/2021\/01\/Javier-Castillo-director-de-marketing-de-inbestMe.jpg","articleSection":["NOTICIAS DE INTERNET MARKETING"],"inLanguage":"es","potentialAction":[{"@type":"CommentAction","name":"Comment","target":["https:\/\/favorite-news.com\/es\/javier-castillo-director-de-marketing-de-inbestme\/#respond"]}]},{"@type":"WebPage","@id":"https:\/\/favorite-news.com\/es\/javier-castillo-director-de-marketing-de-inbestme\/","url":"https:\/\/favorite-news.com\/es\/javier-castillo-director-de-marketing-de-inbestme\/","name":"Javier Castillo, director de marketing de inbestMe - Favorite News","isPartOf":{"@id":"https:\/\/favorite-news.com\/es\/#website"},"primaryImageOfPage":{"@id":"https:\/\/favorite-news.com\/es\/javier-castillo-director-de-marketing-de-inbestme\/#primaryimage"},"image":{"@id":"https:\/\/favorite-news.com\/es\/javier-castillo-director-de-marketing-de-inbestme\/#primaryimage"},"thumbnailUrl":"https:\/\/favorite-news.com\/es\/wp-content\/uploads\/sites\/4\/2021\/01\/Javier-Castillo-director-de-marketing-de-inbestMe.jpg","datePublished":"2021-01-31T12:54:29+00:00","dateModified":"2021-01-31T12:54:31+00:00","author":{"@id":"https:\/\/favorite-news.com\/es\/#\/schema\/person\/b91573b717dcfa5e4696032a9d28d3e8"},"breadcrumb":{"@id":"https:\/\/favorite-news.com\/es\/javier-castillo-director-de-marketing-de-inbestme\/#breadcrumb"},"inLanguage":"es","potentialAction":[{"@type":"ReadAction","target":["https:\/\/favorite-news.com\/es\/javier-castillo-director-de-marketing-de-inbestme\/"]}]},{"@type":"ImageObject","inLanguage":"es","@id":"https:\/\/favorite-news.com\/es\/javier-castillo-director-de-marketing-de-inbestme\/#primaryimage","url":"https:\/\/favorite-news.com\/es\/wp-content\/uploads\/sites\/4\/2021\/01\/Javier-Castillo-director-de-marketing-de-inbestMe.jpg","contentUrl":"https:\/\/favorite-news.com\/es\/wp-content\/uploads\/sites\/4\/2021\/01\/Javier-Castillo-director-de-marketing-de-inbestMe.jpg","width":530,"height":297,"caption":"Javier Castillo, director de marketing de inbestMe"},{"@type":"BreadcrumbList","@id":"https:\/\/favorite-news.com\/es\/javier-castillo-director-de-marketing-de-inbestme\/#breadcrumb","itemListElement":[{"@type":"ListItem","position":1,"name":"Home","item":"https:\/\/favorite-news.com\/es\/"},{"@type":"ListItem","position":2,"name":"Javier Castillo, director de marketing de inbestMe"}]},{"@type":"WebSite","@id":"https:\/\/favorite-news.com\/es\/#website","url":"https:\/\/favorite-news.com\/es\/","name":"Favorite News","description":"Favorite News Espa\u00f1a","potentialAction":[{"@type":"SearchAction","target":{"@type":"EntryPoint","urlTemplate":"https:\/\/favorite-news.com\/es\/?s={search_term_string}"},"query-input":{"@type":"PropertyValueSpecification","valueRequired":true,"valueName":"search_term_string"}}],"inLanguage":"es"},{"@type":"Person","@id":"https:\/\/favorite-news.com\/es\/#\/schema\/person\/b91573b717dcfa5e4696032a9d28d3e8","name":"favorite-news","image":{"@type":"ImageObject","inLanguage":"es","@id":"https:\/\/secure.gravatar.com\/avatar\/6c5a5cb12b74e9d517ee91cf570335b7d16177f1977cc91db161adfa435945a7?s=96&d=mm&r=g","url":"https:\/\/secure.gravatar.com\/avatar\/6c5a5cb12b74e9d517ee91cf570335b7d16177f1977cc91db161adfa435945a7?s=96&d=mm&r=g","contentUrl":"https:\/\/secure.gravatar.com\/avatar\/6c5a5cb12b74e9d517ee91cf570335b7d16177f1977cc91db161adfa435945a7?s=96&d=mm&r=g","caption":"favorite-news"},"url":"https:\/\/favorite-news.com\/es\/author\/pt\/"}]}},"_links":{"self":[{"href":"https:\/\/favorite-news.com\/es\/wp-json\/wp\/v2\/posts\/5650","targetHints":{"allow":["GET"]}}],"collection":[{"href":"https:\/\/favorite-news.com\/es\/wp-json\/wp\/v2\/posts"}],"about":[{"href":"https:\/\/favorite-news.com\/es\/wp-json\/wp\/v2\/types\/post"}],"author":[{"embeddable":true,"href":"https:\/\/favorite-news.com\/es\/wp-json\/wp\/v2\/users\/2"}],"replies":[{"embeddable":true,"href":"https:\/\/favorite-news.com\/es\/wp-json\/wp\/v2\/comments?post=5650"}],"version-history":[{"count":1,"href":"https:\/\/favorite-news.com\/es\/wp-json\/wp\/v2\/posts\/5650\/revisions"}],"predecessor-version":[{"id":5652,"href":"https:\/\/favorite-news.com\/es\/wp-json\/wp\/v2\/posts\/5650\/revisions\/5652"}],"wp:featuredmedia":[{"embeddable":true,"href":"https:\/\/favorite-news.com\/es\/wp-json\/wp\/v2\/media\/5651"}],"wp:attachment":[{"href":"https:\/\/favorite-news.com\/es\/wp-json\/wp\/v2\/media?parent=5650"}],"wp:term":[{"taxonomy":"category","embeddable":true,"href":"https:\/\/favorite-news.com\/es\/wp-json\/wp\/v2\/categories?post=5650"},{"taxonomy":"post_tag","embeddable":true,"href":"https:\/\/favorite-news.com\/es\/wp-json\/wp\/v2\/tags?post=5650"}],"curies":[{"name":"wp","href":"https:\/\/api.w.org\/{rel}","templated":true}]}}