{"id":5639,"date":"2021-01-29T15:37:31","date_gmt":"2021-01-29T12:37:31","guid":{"rendered":"https:\/\/favorite-news.com\/es\/facebook-probara-los-controles-de-exclusion-de-temas-para-los-anunciantes-en-la-seccion-de-noticias\/"},"modified":"2021-01-29T15:37:34","modified_gmt":"2021-01-29T12:37:34","slug":"facebook-probara-los-controles-de-exclusion-de-temas-para-los-anunciantes-en-la-seccion-de-noticias","status":"publish","type":"post","link":"https:\/\/favorite-news.com\/es\/facebook-probara-los-controles-de-exclusion-de-temas-para-los-anunciantes-en-la-seccion-de-noticias\/","title":{"rendered":"Facebook probar\u00e1 los controles de exclusi\u00f3n de temas para los anunciantes en la secci\u00f3n de noticias"},"content":{"rendered":"<p>Facebook comenzar\u00e1 este 2021 a crear y probar nuevos controles de exclusi\u00f3n de temas con un peque\u00f1o grupo de anunciantes. Estos controles ayudar\u00e1n a resolver el problema que ha tenido con algunos anunciantes a los que no les ha gustado que su publicidad aparezca al lado de contenidos de odio y llegaron a retirar sus campa\u00f1sa de esta red social.\u00a0La compa\u00f1\u00eda est\u00e1 planeando probar una soluci\u00f3n que permita al anunciante seleccionar un tema, como \u201cCr\u00edmenes y Tragedias\u201d. Esa selecci\u00f3n ayudar\u00eda a definir c\u00f3mo se mostrar\u00eda el anuncio en Facebook, incluido en la secci\u00f3n de noticias. Por ejemplo, una empresa de juguetes para ni\u00f1os que quiera evitar el contenido relacionado con un nuevo programa de cr\u00edmenes podr\u00eda seleccionar el tema \u201cCr\u00edmenes y Tragedias\u201d y as\u00ed su publicidad nunca ir\u00eda asociada a este tipo de noticias.\u00a0\u00a0<br \/>\n<br \/>\n<!--noindex--><br \/>\n<a href=\"http:\/\/www.marketingnews.es\/medios\/noticia\/1164190028405\/facebook-probara-controles-de-exclusion-de-temas-anunciantes-seccion-de-noticias.1.html\" rel=\"nofollow\">Source link <\/a><br \/>\n<!--\/noindex--><\/p>\n","protected":false},"excerpt":{"rendered":"<p>Facebook comenzar\u00e1 este 2021 a crear y probar nuevos controles de exclusi\u00f3n de temas con un peque\u00f1o grupo de anunciantes. Estos controles ayudar\u00e1n a resolver el problema que ha tenido con algunos anunciantes a los que no les ha gustado que su publicidad aparezca al lado de contenidos de odio y llegaron a retirar sus [&hellip;]<\/p>\n","protected":false},"author":2,"featured_media":5640,"comment_status":"open","ping_status":"open","sticky":false,"template":"","format":"standard","meta":{"footnotes":""},"categories":[2],"tags":[],"class_list":["post-5639","post","type-post","status-publish","format-standard","has-post-thumbnail","hentry","category-noticias-de-internet-marketing"],"yoast_head":"<!-- This site is optimized with the Yoast SEO plugin v27.4 - https:\/\/yoast.com\/product\/yoast-seo-wordpress\/ -->\n<title>Facebook probar\u00e1 los controles de exclusi\u00f3n de temas para los anunciantes en la secci\u00f3n de noticias - Favorite News<\/title>\n<meta name=\"robots\" content=\"index, follow, max-snippet:-1, max-image-preview:large, max-video-preview:-1\" \/>\n<link rel=\"canonical\" href=\"https:\/\/favorite-news.com\/es\/facebook-probara-los-controles-de-exclusion-de-temas-para-los-anunciantes-en-la-seccion-de-noticias\/\" \/>\n<meta property=\"og:locale\" content=\"es_ES\" \/>\n<meta property=\"og:type\" content=\"article\" \/>\n<meta property=\"og:title\" content=\"Facebook probar\u00e1 los controles de exclusi\u00f3n de temas para los anunciantes en la secci\u00f3n de noticias - Favorite News\" \/>\n<meta property=\"og:description\" content=\"Facebook comenzar\u00e1 este 2021 a crear y probar nuevos controles de exclusi\u00f3n de temas con un peque\u00f1o grupo de anunciantes. Estos controles ayudar\u00e1n a resolver el problema que ha tenido con algunos anunciantes a los que no les ha gustado que su publicidad aparezca al lado de contenidos de odio y llegaron a retirar sus [&hellip;]\" \/>\n<meta property=\"og:url\" content=\"https:\/\/favorite-news.com\/es\/facebook-probara-los-controles-de-exclusion-de-temas-para-los-anunciantes-en-la-seccion-de-noticias\/\" \/>\n<meta property=\"og:site_name\" content=\"Favorite News\" \/>\n<meta property=\"article:published_time\" content=\"2021-01-29T12:37:31+00:00\" \/>\n<meta property=\"article:modified_time\" content=\"2021-01-29T12:37:34+00:00\" \/>\n<meta property=\"og:image\" content=\"https:\/\/favorite-news.com\/es\/wp-content\/uploads\/sites\/4\/2021\/01\/Facebook-probara-los-controles-de-exclusion-de-temas-para-los.png\" \/>\n\t<meta property=\"og:image:width\" content=\"531\" \/>\n\t<meta property=\"og:image:height\" content=\"298\" \/>\n\t<meta property=\"og:image:type\" content=\"image\/png\" \/>\n<meta name=\"author\" content=\"favorite-news\" \/>\n<meta name=\"twitter:card\" content=\"summary_large_image\" \/>\n<meta name=\"twitter:label1\" content=\"Escrito por\" \/>\n\t<meta name=\"twitter:data1\" content=\"favorite-news\" \/>\n\t<meta name=\"twitter:label2\" content=\"Tiempo de lectura\" \/>\n\t<meta name=\"twitter:data2\" content=\"1 minuto\" \/>\n<script type=\"application\/ld+json\" class=\"yoast-schema-graph\">{\"@context\":\"https:\\\/\\\/schema.org\",\"@graph\":[{\"@type\":\"Article\",\"@id\":\"https:\\\/\\\/favorite-news.com\\\/es\\\/facebook-probara-los-controles-de-exclusion-de-temas-para-los-anunciantes-en-la-seccion-de-noticias\\\/#article\",\"isPartOf\":{\"@id\":\"https:\\\/\\\/favorite-news.com\\\/es\\\/facebook-probara-los-controles-de-exclusion-de-temas-para-los-anunciantes-en-la-seccion-de-noticias\\\/\"},\"author\":{\"name\":\"favorite-news\",\"@id\":\"https:\\\/\\\/favorite-news.com\\\/es\\\/#\\\/schema\\\/person\\\/b91573b717dcfa5e4696032a9d28d3e8\"},\"headline\":\"Facebook probar\u00e1 los controles de exclusi\u00f3n de temas para los anunciantes en la secci\u00f3n de noticias\",\"datePublished\":\"2021-01-29T12:37:31+00:00\",\"dateModified\":\"2021-01-29T12:37:34+00:00\",\"mainEntityOfPage\":{\"@id\":\"https:\\\/\\\/favorite-news.com\\\/es\\\/facebook-probara-los-controles-de-exclusion-de-temas-para-los-anunciantes-en-la-seccion-de-noticias\\\/\"},\"wordCount\":171,\"commentCount\":0,\"image\":{\"@id\":\"https:\\\/\\\/favorite-news.com\\\/es\\\/facebook-probara-los-controles-de-exclusion-de-temas-para-los-anunciantes-en-la-seccion-de-noticias\\\/#primaryimage\"},\"thumbnailUrl\":\"https:\\\/\\\/favorite-news.com\\\/es\\\/wp-content\\\/uploads\\\/sites\\\/4\\\/2021\\\/01\\\/Facebook-probara-los-controles-de-exclusion-de-temas-para-los.png\",\"articleSection\":[\"NOTICIAS DE INTERNET MARKETING\"],\"inLanguage\":\"es\",\"potentialAction\":[{\"@type\":\"CommentAction\",\"name\":\"Comment\",\"target\":[\"https:\\\/\\\/favorite-news.com\\\/es\\\/facebook-probara-los-controles-de-exclusion-de-temas-para-los-anunciantes-en-la-seccion-de-noticias\\\/#respond\"]}]},{\"@type\":\"WebPage\",\"@id\":\"https:\\\/\\\/favorite-news.com\\\/es\\\/facebook-probara-los-controles-de-exclusion-de-temas-para-los-anunciantes-en-la-seccion-de-noticias\\\/\",\"url\":\"https:\\\/\\\/favorite-news.com\\\/es\\\/facebook-probara-los-controles-de-exclusion-de-temas-para-los-anunciantes-en-la-seccion-de-noticias\\\/\",\"name\":\"Facebook probar\u00e1 los controles de exclusi\u00f3n de temas para los anunciantes en la secci\u00f3n de noticias - Favorite News\",\"isPartOf\":{\"@id\":\"https:\\\/\\\/favorite-news.com\\\/es\\\/#website\"},\"primaryImageOfPage\":{\"@id\":\"https:\\\/\\\/favorite-news.com\\\/es\\\/facebook-probara-los-controles-de-exclusion-de-temas-para-los-anunciantes-en-la-seccion-de-noticias\\\/#primaryimage\"},\"image\":{\"@id\":\"https:\\\/\\\/favorite-news.com\\\/es\\\/facebook-probara-los-controles-de-exclusion-de-temas-para-los-anunciantes-en-la-seccion-de-noticias\\\/#primaryimage\"},\"thumbnailUrl\":\"https:\\\/\\\/favorite-news.com\\\/es\\\/wp-content\\\/uploads\\\/sites\\\/4\\\/2021\\\/01\\\/Facebook-probara-los-controles-de-exclusion-de-temas-para-los.png\",\"datePublished\":\"2021-01-29T12:37:31+00:00\",\"dateModified\":\"2021-01-29T12:37:34+00:00\",\"author\":{\"@id\":\"https:\\\/\\\/favorite-news.com\\\/es\\\/#\\\/schema\\\/person\\\/b91573b717dcfa5e4696032a9d28d3e8\"},\"breadcrumb\":{\"@id\":\"https:\\\/\\\/favorite-news.com\\\/es\\\/facebook-probara-los-controles-de-exclusion-de-temas-para-los-anunciantes-en-la-seccion-de-noticias\\\/#breadcrumb\"},\"inLanguage\":\"es\",\"potentialAction\":[{\"@type\":\"ReadAction\",\"target\":[\"https:\\\/\\\/favorite-news.com\\\/es\\\/facebook-probara-los-controles-de-exclusion-de-temas-para-los-anunciantes-en-la-seccion-de-noticias\\\/\"]}]},{\"@type\":\"ImageObject\",\"inLanguage\":\"es\",\"@id\":\"https:\\\/\\\/favorite-news.com\\\/es\\\/facebook-probara-los-controles-de-exclusion-de-temas-para-los-anunciantes-en-la-seccion-de-noticias\\\/#primaryimage\",\"url\":\"https:\\\/\\\/favorite-news.com\\\/es\\\/wp-content\\\/uploads\\\/sites\\\/4\\\/2021\\\/01\\\/Facebook-probara-los-controles-de-exclusion-de-temas-para-los.png\",\"contentUrl\":\"https:\\\/\\\/favorite-news.com\\\/es\\\/wp-content\\\/uploads\\\/sites\\\/4\\\/2021\\\/01\\\/Facebook-probara-los-controles-de-exclusion-de-temas-para-los.png\",\"width\":531,\"height\":298,\"caption\":\"Facebook probar\u00e1 los controles de exclusi\u00f3n de temas para los anunciantes en la secci\u00f3n de noticias\"},{\"@type\":\"BreadcrumbList\",\"@id\":\"https:\\\/\\\/favorite-news.com\\\/es\\\/facebook-probara-los-controles-de-exclusion-de-temas-para-los-anunciantes-en-la-seccion-de-noticias\\\/#breadcrumb\",\"itemListElement\":[{\"@type\":\"ListItem\",\"position\":1,\"name\":\"Home\",\"item\":\"https:\\\/\\\/favorite-news.com\\\/es\\\/\"},{\"@type\":\"ListItem\",\"position\":2,\"name\":\"Facebook probar\u00e1 los controles de exclusi\u00f3n de temas para los anunciantes en la secci\u00f3n de noticias\"}]},{\"@type\":\"WebSite\",\"@id\":\"https:\\\/\\\/favorite-news.com\\\/es\\\/#website\",\"url\":\"https:\\\/\\\/favorite-news.com\\\/es\\\/\",\"name\":\"Favorite News\",\"description\":\"Favorite News Espa\u00f1a\",\"potentialAction\":[{\"@type\":\"SearchAction\",\"target\":{\"@type\":\"EntryPoint\",\"urlTemplate\":\"https:\\\/\\\/favorite-news.com\\\/es\\\/?s={search_term_string}\"},\"query-input\":{\"@type\":\"PropertyValueSpecification\",\"valueRequired\":true,\"valueName\":\"search_term_string\"}}],\"inLanguage\":\"es\"},{\"@type\":\"Person\",\"@id\":\"https:\\\/\\\/favorite-news.com\\\/es\\\/#\\\/schema\\\/person\\\/b91573b717dcfa5e4696032a9d28d3e8\",\"name\":\"favorite-news\",\"image\":{\"@type\":\"ImageObject\",\"inLanguage\":\"es\",\"@id\":\"https:\\\/\\\/secure.gravatar.com\\\/avatar\\\/6c5a5cb12b74e9d517ee91cf570335b7d16177f1977cc91db161adfa435945a7?s=96&d=mm&r=g\",\"url\":\"https:\\\/\\\/secure.gravatar.com\\\/avatar\\\/6c5a5cb12b74e9d517ee91cf570335b7d16177f1977cc91db161adfa435945a7?s=96&d=mm&r=g\",\"contentUrl\":\"https:\\\/\\\/secure.gravatar.com\\\/avatar\\\/6c5a5cb12b74e9d517ee91cf570335b7d16177f1977cc91db161adfa435945a7?s=96&d=mm&r=g\",\"caption\":\"favorite-news\"},\"url\":\"https:\\\/\\\/favorite-news.com\\\/es\\\/author\\\/pt\\\/\"}]}<\/script>\n<!-- \/ Yoast SEO plugin. -->","yoast_head_json":{"title":"Facebook probar\u00e1 los controles de exclusi\u00f3n de temas para los anunciantes en la secci\u00f3n de noticias - Favorite News","robots":{"index":"index","follow":"follow","max-snippet":"max-snippet:-1","max-image-preview":"max-image-preview:large","max-video-preview":"max-video-preview:-1"},"canonical":"https:\/\/favorite-news.com\/es\/facebook-probara-los-controles-de-exclusion-de-temas-para-los-anunciantes-en-la-seccion-de-noticias\/","og_locale":"es_ES","og_type":"article","og_title":"Facebook probar\u00e1 los controles de exclusi\u00f3n de temas para los anunciantes en la secci\u00f3n de noticias - Favorite News","og_description":"Facebook comenzar\u00e1 este 2021 a crear y probar nuevos controles de exclusi\u00f3n de temas con un peque\u00f1o grupo de anunciantes. Estos controles ayudar\u00e1n a resolver el problema que ha tenido con algunos anunciantes a los que no les ha gustado que su publicidad aparezca al lado de contenidos de odio y llegaron a retirar sus [&hellip;]","og_url":"https:\/\/favorite-news.com\/es\/facebook-probara-los-controles-de-exclusion-de-temas-para-los-anunciantes-en-la-seccion-de-noticias\/","og_site_name":"Favorite News","article_published_time":"2021-01-29T12:37:31+00:00","article_modified_time":"2021-01-29T12:37:34+00:00","og_image":[{"width":531,"height":298,"url":"https:\/\/favorite-news.com\/es\/wp-content\/uploads\/sites\/4\/2021\/01\/Facebook-probara-los-controles-de-exclusion-de-temas-para-los.png","type":"image\/png"}],"author":"favorite-news","twitter_card":"summary_large_image","twitter_misc":{"Escrito por":"favorite-news","Tiempo de lectura":"1 minuto"},"schema":{"@context":"https:\/\/schema.org","@graph":[{"@type":"Article","@id":"https:\/\/favorite-news.com\/es\/facebook-probara-los-controles-de-exclusion-de-temas-para-los-anunciantes-en-la-seccion-de-noticias\/#article","isPartOf":{"@id":"https:\/\/favorite-news.com\/es\/facebook-probara-los-controles-de-exclusion-de-temas-para-los-anunciantes-en-la-seccion-de-noticias\/"},"author":{"name":"favorite-news","@id":"https:\/\/favorite-news.com\/es\/#\/schema\/person\/b91573b717dcfa5e4696032a9d28d3e8"},"headline":"Facebook probar\u00e1 los controles de exclusi\u00f3n de temas para los anunciantes en la secci\u00f3n de noticias","datePublished":"2021-01-29T12:37:31+00:00","dateModified":"2021-01-29T12:37:34+00:00","mainEntityOfPage":{"@id":"https:\/\/favorite-news.com\/es\/facebook-probara-los-controles-de-exclusion-de-temas-para-los-anunciantes-en-la-seccion-de-noticias\/"},"wordCount":171,"commentCount":0,"image":{"@id":"https:\/\/favorite-news.com\/es\/facebook-probara-los-controles-de-exclusion-de-temas-para-los-anunciantes-en-la-seccion-de-noticias\/#primaryimage"},"thumbnailUrl":"https:\/\/favorite-news.com\/es\/wp-content\/uploads\/sites\/4\/2021\/01\/Facebook-probara-los-controles-de-exclusion-de-temas-para-los.png","articleSection":["NOTICIAS DE INTERNET MARKETING"],"inLanguage":"es","potentialAction":[{"@type":"CommentAction","name":"Comment","target":["https:\/\/favorite-news.com\/es\/facebook-probara-los-controles-de-exclusion-de-temas-para-los-anunciantes-en-la-seccion-de-noticias\/#respond"]}]},{"@type":"WebPage","@id":"https:\/\/favorite-news.com\/es\/facebook-probara-los-controles-de-exclusion-de-temas-para-los-anunciantes-en-la-seccion-de-noticias\/","url":"https:\/\/favorite-news.com\/es\/facebook-probara-los-controles-de-exclusion-de-temas-para-los-anunciantes-en-la-seccion-de-noticias\/","name":"Facebook probar\u00e1 los controles de exclusi\u00f3n de temas para los anunciantes en la secci\u00f3n de noticias - Favorite News","isPartOf":{"@id":"https:\/\/favorite-news.com\/es\/#website"},"primaryImageOfPage":{"@id":"https:\/\/favorite-news.com\/es\/facebook-probara-los-controles-de-exclusion-de-temas-para-los-anunciantes-en-la-seccion-de-noticias\/#primaryimage"},"image":{"@id":"https:\/\/favorite-news.com\/es\/facebook-probara-los-controles-de-exclusion-de-temas-para-los-anunciantes-en-la-seccion-de-noticias\/#primaryimage"},"thumbnailUrl":"https:\/\/favorite-news.com\/es\/wp-content\/uploads\/sites\/4\/2021\/01\/Facebook-probara-los-controles-de-exclusion-de-temas-para-los.png","datePublished":"2021-01-29T12:37:31+00:00","dateModified":"2021-01-29T12:37:34+00:00","author":{"@id":"https:\/\/favorite-news.com\/es\/#\/schema\/person\/b91573b717dcfa5e4696032a9d28d3e8"},"breadcrumb":{"@id":"https:\/\/favorite-news.com\/es\/facebook-probara-los-controles-de-exclusion-de-temas-para-los-anunciantes-en-la-seccion-de-noticias\/#breadcrumb"},"inLanguage":"es","potentialAction":[{"@type":"ReadAction","target":["https:\/\/favorite-news.com\/es\/facebook-probara-los-controles-de-exclusion-de-temas-para-los-anunciantes-en-la-seccion-de-noticias\/"]}]},{"@type":"ImageObject","inLanguage":"es","@id":"https:\/\/favorite-news.com\/es\/facebook-probara-los-controles-de-exclusion-de-temas-para-los-anunciantes-en-la-seccion-de-noticias\/#primaryimage","url":"https:\/\/favorite-news.com\/es\/wp-content\/uploads\/sites\/4\/2021\/01\/Facebook-probara-los-controles-de-exclusion-de-temas-para-los.png","contentUrl":"https:\/\/favorite-news.com\/es\/wp-content\/uploads\/sites\/4\/2021\/01\/Facebook-probara-los-controles-de-exclusion-de-temas-para-los.png","width":531,"height":298,"caption":"Facebook probar\u00e1 los controles de exclusi\u00f3n de temas para los anunciantes en la secci\u00f3n de noticias"},{"@type":"BreadcrumbList","@id":"https:\/\/favorite-news.com\/es\/facebook-probara-los-controles-de-exclusion-de-temas-para-los-anunciantes-en-la-seccion-de-noticias\/#breadcrumb","itemListElement":[{"@type":"ListItem","position":1,"name":"Home","item":"https:\/\/favorite-news.com\/es\/"},{"@type":"ListItem","position":2,"name":"Facebook probar\u00e1 los controles de exclusi\u00f3n de temas para los anunciantes en la secci\u00f3n de noticias"}]},{"@type":"WebSite","@id":"https:\/\/favorite-news.com\/es\/#website","url":"https:\/\/favorite-news.com\/es\/","name":"Favorite News","description":"Favorite News Espa\u00f1a","potentialAction":[{"@type":"SearchAction","target":{"@type":"EntryPoint","urlTemplate":"https:\/\/favorite-news.com\/es\/?s={search_term_string}"},"query-input":{"@type":"PropertyValueSpecification","valueRequired":true,"valueName":"search_term_string"}}],"inLanguage":"es"},{"@type":"Person","@id":"https:\/\/favorite-news.com\/es\/#\/schema\/person\/b91573b717dcfa5e4696032a9d28d3e8","name":"favorite-news","image":{"@type":"ImageObject","inLanguage":"es","@id":"https:\/\/secure.gravatar.com\/avatar\/6c5a5cb12b74e9d517ee91cf570335b7d16177f1977cc91db161adfa435945a7?s=96&d=mm&r=g","url":"https:\/\/secure.gravatar.com\/avatar\/6c5a5cb12b74e9d517ee91cf570335b7d16177f1977cc91db161adfa435945a7?s=96&d=mm&r=g","contentUrl":"https:\/\/secure.gravatar.com\/avatar\/6c5a5cb12b74e9d517ee91cf570335b7d16177f1977cc91db161adfa435945a7?s=96&d=mm&r=g","caption":"favorite-news"},"url":"https:\/\/favorite-news.com\/es\/author\/pt\/"}]}},"_links":{"self":[{"href":"https:\/\/favorite-news.com\/es\/wp-json\/wp\/v2\/posts\/5639","targetHints":{"allow":["GET"]}}],"collection":[{"href":"https:\/\/favorite-news.com\/es\/wp-json\/wp\/v2\/posts"}],"about":[{"href":"https:\/\/favorite-news.com\/es\/wp-json\/wp\/v2\/types\/post"}],"author":[{"embeddable":true,"href":"https:\/\/favorite-news.com\/es\/wp-json\/wp\/v2\/users\/2"}],"replies":[{"embeddable":true,"href":"https:\/\/favorite-news.com\/es\/wp-json\/wp\/v2\/comments?post=5639"}],"version-history":[{"count":1,"href":"https:\/\/favorite-news.com\/es\/wp-json\/wp\/v2\/posts\/5639\/revisions"}],"predecessor-version":[{"id":5641,"href":"https:\/\/favorite-news.com\/es\/wp-json\/wp\/v2\/posts\/5639\/revisions\/5641"}],"wp:featuredmedia":[{"embeddable":true,"href":"https:\/\/favorite-news.com\/es\/wp-json\/wp\/v2\/media\/5640"}],"wp:attachment":[{"href":"https:\/\/favorite-news.com\/es\/wp-json\/wp\/v2\/media?parent=5639"}],"wp:term":[{"taxonomy":"category","embeddable":true,"href":"https:\/\/favorite-news.com\/es\/wp-json\/wp\/v2\/categories?post=5639"},{"taxonomy":"post_tag","embeddable":true,"href":"https:\/\/favorite-news.com\/es\/wp-json\/wp\/v2\/tags?post=5639"}],"curies":[{"name":"wp","href":"https:\/\/api.w.org\/{rel}","templated":true}]}}