{"id":5633,"date":"2021-01-28T15:28:22","date_gmt":"2021-01-28T12:28:22","guid":{"rendered":"https:\/\/favorite-news.com\/es\/casi-la-mitad-de-los-internautas-escucha-podcast\/"},"modified":"2021-01-28T15:28:24","modified_gmt":"2021-01-28T12:28:24","slug":"casi-la-mitad-de-los-internautas-escucha-podcast","status":"publish","type":"post","link":"https:\/\/favorite-news.com\/es\/casi-la-mitad-de-los-internautas-escucha-podcast\/","title":{"rendered":"Casi la mitad de los internautas escucha \u2018podcast\u2019"},"content":{"rendered":"<p>Grabaci\u00f3n de un podcastPor segundo a\u00f1o consecutivo, Prodigioso Volc\u00e1n, en colaboraci\u00f3n con la empresa de investigaci\u00f3n de mercados SEIM, ha analizado el estado de la voz y el audio en Espa\u00f1a en 2020. Este informe, al que se puede acceder desde este enlace\u00a0 destaca el aumento de la interacci\u00f3n con los dispositivos de voz, especialmente en la escucha de podcast y el uso de altavoces inteligentes.El n\u00famero de espa\u00f1oles con un altavoz inteligente en su hogar ha experimentado un notable incremento en el \u00faltimo a\u00f1o. En 2019, un 6,2% de los internautas ten\u00edan uno, frente al 12,4% de 2020. Adem\u00e1s, casi la mitad de los internautas escuchan podcast (47,1% en 2020, frente a 41,5% en 2019) y uno de cada tres consume audiolibros (32,2% en 2020; 27% en 2019).\u201cEl boom del audio se produce por un cambio de h\u00e1bitos, un cambio de nuestro propio estilo de vida\u201d, explica Noelia Ruiz, socia directora de SEIM. \u201cAntes los momentos de entretenimiento estaban aislados en nuestro d\u00eda a d\u00eda. Ahora, con esa falta de tiempo, con el hecho de que vayamos tan deprisa, los hemos incorporado en las actividades que realizamos a diario. \u201c[El audio] es el \u00fanico que se adapta plenamente a tu actividad diaria\u201d, se\u00f1ala.\u00a0Est\u00e1 por ver si los cambios ser\u00e1n para siempre o solo coyunturales. En concreto, a causa de la pandemia. Todo parece indicar que nos encontramos ante un mercado en auge. Los datos de 2020 revelan que uno de cada cinco usuarios de asistentes de voz dice haberlo usado m\u00e1s (19%), uno de cada ocho usuarios de podcast los ha escuchado a\u00fan m\u00e1s (12%) y uno de cada quince de audiolibros los ha consumido m\u00e1s (7%).\u00a0Tras la presentaci\u00f3n del estudio, Emma Rodero, directora del Media Psychology Lab de la Universidad Pompeu Fabra y experta en voz y Nieves \u00c1balos, chief product officer de Monoceros Lab han desvelado sus ideas, a veces divergentes otras no tanto, respecto al futuro de la voz.\u00a0\u201cLa historia de la humanidad se cuenta a trav\u00e9s de la voz. El exceso de pantallas nos ha provocado un regreso a la voz, a recibir la voz de una manera m\u00e1s c\u00e1lida\u00bbMientras que \u00c1balos ha destacado la importancia y el incremento del uso de los smart speakers, Rodero ha subrayado que la pandemia ha devuelto a la voz el lugar que le corresponde. \u201cLa historia de la humanidad se cuenta a trav\u00e9s de la voz. El exceso de pantallas nos ha provocado un regreso a la voz, a recibir la voz de una manera m\u00e1s c\u00e1lida. La voz humana est\u00e1 muy conectada con nuestras emociones, es la que nos arropa y contribuye a minar la soledad\u201d, recalca Rodero al tiempo que \u00c1balos reconoce que \u201clas voces sint\u00e9ticas neuronales han mejorado respecto a los sonidos de lata de antes. Hoy son m\u00e1s expresivas, pero todav\u00eda deben mejorar ese v\u00ednculo emocional que de momento no poseen\u201d. Ambas especialistas han coincidido en que el futuro la voz ser\u00e1 una experiencia integradora y multimoda.\u00a0La presentaci\u00f3n del estudio de voz ha finalizado con una mesa redonda sobre el auge del podcast y los audiolibros en la que han participado Juan Baixeras, country manager de Audible; Idoia L Cantolla, responsable de contenido de Podimo y Mar\u00eda Jes\u00fas Espinosa, directora de Podium Podcast.\u00a0\u201cSi durante las \u00faltimas dos d\u00e9cadas hemos hablado de disrupci\u00f3n ahora la palabra es aceleraci\u00f3n. Las cosas van m\u00e1s r\u00e1pido. La pandemia lo ha acelerado todo\u201d, ha confesado Idoia L. Cantolla.\u00bbSe est\u00e1 acelerando la implantaci\u00f3n de las aplicaciones de audio porque la gente encuentra en ellas una nueva ventana para escapar, para tener mayor alternativa en entretenimiento, informaci\u00f3n y educaci\u00f3n\u201d\u201cLo que ha sucedido con el coronavirus es que ha cambiado nuestros h\u00e1bitos en muchos aspectos que desconoc\u00edamos\u201d, explica Juan Baxeira. \u201cEl audio es una experiencia \u00edntima, un momento de calma y refugio. Se est\u00e1 acelerando la implantaci\u00f3n de las aplicaciones de audio porque la gente encuentra en ellas una nueva ventana para escapar, para tener mayor alternativa en entretenimiento, informaci\u00f3n y educaci\u00f3n\u201d, matiza.El usuario de podcast ha cambiado de h\u00e1bito a la hora de consumirlo, y, sobre todo, que lo asocia a una actividad. El podcast se beneficia del uso extendido del m\u00f3vil, pero tambi\u00e9n del multitasking: permite compaginarlo con tareas dom\u00e9sticas, un viaje al trabajo, a la universidad, al colegio, hacer deporte.Para concluir, los especialistas han destacado que si el 2020 ha sido el a\u00f1o de la explosi\u00f3n del podcast, el a\u00f1o de la apuesta por el audioentretenimento, el 2021 va a ser el a\u00f1o de la consolidaci\u00f3n de los modelos de negocio.<br \/>\n<br \/>\n<!--noindex--><br \/>\n<a href=\"http:\/\/www.marketingnews.es\/investigacion\/noticia\/1164166031605\/casi-mitad-de-internautas-escucha-podcast.1.html\" rel=\"nofollow\">Source link <\/a><br \/>\n<!--\/noindex--><\/p>\n","protected":false},"excerpt":{"rendered":"<p>Grabaci\u00f3n de un podcastPor segundo a\u00f1o consecutivo, Prodigioso Volc\u00e1n, en colaboraci\u00f3n con la empresa de investigaci\u00f3n de mercados SEIM, ha analizado el estado de la voz y el audio en Espa\u00f1a en 2020. Este informe, al que se puede acceder desde este enlace\u00a0 destaca el aumento de la interacci\u00f3n con los dispositivos de voz, especialmente [&hellip;]<\/p>\n","protected":false},"author":2,"featured_media":5634,"comment_status":"open","ping_status":"open","sticky":false,"template":"","format":"standard","meta":{"footnotes":""},"categories":[2],"tags":[],"class_list":["post-5633","post","type-post","status-publish","format-standard","has-post-thumbnail","hentry","category-noticias-de-internet-marketing"],"yoast_head":"<!-- This site is optimized with the Yoast SEO plugin v27.4 - https:\/\/yoast.com\/product\/yoast-seo-wordpress\/ -->\n<title>Casi la mitad de los internautas escucha \u2018podcast\u2019 - Favorite News<\/title>\n<meta name=\"robots\" content=\"index, follow, max-snippet:-1, max-image-preview:large, max-video-preview:-1\" \/>\n<link rel=\"canonical\" href=\"https:\/\/favorite-news.com\/es\/casi-la-mitad-de-los-internautas-escucha-podcast\/\" \/>\n<meta property=\"og:locale\" content=\"es_ES\" \/>\n<meta property=\"og:type\" content=\"article\" \/>\n<meta property=\"og:title\" content=\"Casi la mitad de los internautas escucha \u2018podcast\u2019 - Favorite News\" \/>\n<meta property=\"og:description\" content=\"Grabaci\u00f3n de un podcastPor segundo a\u00f1o consecutivo, Prodigioso Volc\u00e1n, en colaboraci\u00f3n con la empresa de investigaci\u00f3n de mercados SEIM, ha analizado el estado de la voz y el audio en Espa\u00f1a en 2020. Este informe, al que se puede acceder desde este enlace\u00a0 destaca el aumento de la interacci\u00f3n con los dispositivos de voz, especialmente [&hellip;]\" \/>\n<meta property=\"og:url\" content=\"https:\/\/favorite-news.com\/es\/casi-la-mitad-de-los-internautas-escucha-podcast\/\" \/>\n<meta property=\"og:site_name\" content=\"Favorite News\" \/>\n<meta property=\"article:published_time\" content=\"2021-01-28T12:28:22+00:00\" \/>\n<meta property=\"article:modified_time\" content=\"2021-01-28T12:28:24+00:00\" \/>\n<meta property=\"og:image\" content=\"https:\/\/favorite-news.com\/es\/wp-content\/uploads\/sites\/4\/2021\/01\/Casi-la-mitad-de-los-internautas-escucha-\u2018podcast.jpg\" \/>\n\t<meta property=\"og:image:width\" content=\"1280\" \/>\n\t<meta property=\"og:image:height\" content=\"853\" \/>\n\t<meta property=\"og:image:type\" content=\"image\/jpeg\" \/>\n<meta name=\"author\" content=\"favorite-news\" \/>\n<meta name=\"twitter:card\" content=\"summary_large_image\" \/>\n<meta name=\"twitter:label1\" content=\"Escrito por\" \/>\n\t<meta name=\"twitter:data1\" content=\"favorite-news\" \/>\n\t<meta name=\"twitter:label2\" content=\"Tiempo de lectura\" \/>\n\t<meta name=\"twitter:data2\" content=\"4 minutos\" \/>\n<script type=\"application\/ld+json\" class=\"yoast-schema-graph\">{\"@context\":\"https:\\\/\\\/schema.org\",\"@graph\":[{\"@type\":\"Article\",\"@id\":\"https:\\\/\\\/favorite-news.com\\\/es\\\/casi-la-mitad-de-los-internautas-escucha-podcast\\\/#article\",\"isPartOf\":{\"@id\":\"https:\\\/\\\/favorite-news.com\\\/es\\\/casi-la-mitad-de-los-internautas-escucha-podcast\\\/\"},\"author\":{\"name\":\"favorite-news\",\"@id\":\"https:\\\/\\\/favorite-news.com\\\/es\\\/#\\\/schema\\\/person\\\/b91573b717dcfa5e4696032a9d28d3e8\"},\"headline\":\"Casi la mitad de los internautas escucha \u2018podcast\u2019\",\"datePublished\":\"2021-01-28T12:28:22+00:00\",\"dateModified\":\"2021-01-28T12:28:24+00:00\",\"mainEntityOfPage\":{\"@id\":\"https:\\\/\\\/favorite-news.com\\\/es\\\/casi-la-mitad-de-los-internautas-escucha-podcast\\\/\"},\"wordCount\":812,\"commentCount\":0,\"image\":{\"@id\":\"https:\\\/\\\/favorite-news.com\\\/es\\\/casi-la-mitad-de-los-internautas-escucha-podcast\\\/#primaryimage\"},\"thumbnailUrl\":\"https:\\\/\\\/favorite-news.com\\\/es\\\/wp-content\\\/uploads\\\/sites\\\/4\\\/2021\\\/01\\\/Casi-la-mitad-de-los-internautas-escucha-\u2018podcast.jpg\",\"articleSection\":[\"NOTICIAS DE INTERNET MARKETING\"],\"inLanguage\":\"es\",\"potentialAction\":[{\"@type\":\"CommentAction\",\"name\":\"Comment\",\"target\":[\"https:\\\/\\\/favorite-news.com\\\/es\\\/casi-la-mitad-de-los-internautas-escucha-podcast\\\/#respond\"]}]},{\"@type\":\"WebPage\",\"@id\":\"https:\\\/\\\/favorite-news.com\\\/es\\\/casi-la-mitad-de-los-internautas-escucha-podcast\\\/\",\"url\":\"https:\\\/\\\/favorite-news.com\\\/es\\\/casi-la-mitad-de-los-internautas-escucha-podcast\\\/\",\"name\":\"Casi la mitad de los internautas escucha \u2018podcast\u2019 - Favorite News\",\"isPartOf\":{\"@id\":\"https:\\\/\\\/favorite-news.com\\\/es\\\/#website\"},\"primaryImageOfPage\":{\"@id\":\"https:\\\/\\\/favorite-news.com\\\/es\\\/casi-la-mitad-de-los-internautas-escucha-podcast\\\/#primaryimage\"},\"image\":{\"@id\":\"https:\\\/\\\/favorite-news.com\\\/es\\\/casi-la-mitad-de-los-internautas-escucha-podcast\\\/#primaryimage\"},\"thumbnailUrl\":\"https:\\\/\\\/favorite-news.com\\\/es\\\/wp-content\\\/uploads\\\/sites\\\/4\\\/2021\\\/01\\\/Casi-la-mitad-de-los-internautas-escucha-\u2018podcast.jpg\",\"datePublished\":\"2021-01-28T12:28:22+00:00\",\"dateModified\":\"2021-01-28T12:28:24+00:00\",\"author\":{\"@id\":\"https:\\\/\\\/favorite-news.com\\\/es\\\/#\\\/schema\\\/person\\\/b91573b717dcfa5e4696032a9d28d3e8\"},\"breadcrumb\":{\"@id\":\"https:\\\/\\\/favorite-news.com\\\/es\\\/casi-la-mitad-de-los-internautas-escucha-podcast\\\/#breadcrumb\"},\"inLanguage\":\"es\",\"potentialAction\":[{\"@type\":\"ReadAction\",\"target\":[\"https:\\\/\\\/favorite-news.com\\\/es\\\/casi-la-mitad-de-los-internautas-escucha-podcast\\\/\"]}]},{\"@type\":\"ImageObject\",\"inLanguage\":\"es\",\"@id\":\"https:\\\/\\\/favorite-news.com\\\/es\\\/casi-la-mitad-de-los-internautas-escucha-podcast\\\/#primaryimage\",\"url\":\"https:\\\/\\\/favorite-news.com\\\/es\\\/wp-content\\\/uploads\\\/sites\\\/4\\\/2021\\\/01\\\/Casi-la-mitad-de-los-internautas-escucha-\u2018podcast.jpg\",\"contentUrl\":\"https:\\\/\\\/favorite-news.com\\\/es\\\/wp-content\\\/uploads\\\/sites\\\/4\\\/2021\\\/01\\\/Casi-la-mitad-de-los-internautas-escucha-\u2018podcast.jpg\",\"width\":1280,\"height\":853,\"caption\":\"Casi la mitad de los internautas escucha \u2018podcast\u2019\"},{\"@type\":\"BreadcrumbList\",\"@id\":\"https:\\\/\\\/favorite-news.com\\\/es\\\/casi-la-mitad-de-los-internautas-escucha-podcast\\\/#breadcrumb\",\"itemListElement\":[{\"@type\":\"ListItem\",\"position\":1,\"name\":\"Home\",\"item\":\"https:\\\/\\\/favorite-news.com\\\/es\\\/\"},{\"@type\":\"ListItem\",\"position\":2,\"name\":\"Casi la mitad de los internautas escucha \u2018podcast\u2019\"}]},{\"@type\":\"WebSite\",\"@id\":\"https:\\\/\\\/favorite-news.com\\\/es\\\/#website\",\"url\":\"https:\\\/\\\/favorite-news.com\\\/es\\\/\",\"name\":\"Favorite News\",\"description\":\"Favorite News Espa\u00f1a\",\"potentialAction\":[{\"@type\":\"SearchAction\",\"target\":{\"@type\":\"EntryPoint\",\"urlTemplate\":\"https:\\\/\\\/favorite-news.com\\\/es\\\/?s={search_term_string}\"},\"query-input\":{\"@type\":\"PropertyValueSpecification\",\"valueRequired\":true,\"valueName\":\"search_term_string\"}}],\"inLanguage\":\"es\"},{\"@type\":\"Person\",\"@id\":\"https:\\\/\\\/favorite-news.com\\\/es\\\/#\\\/schema\\\/person\\\/b91573b717dcfa5e4696032a9d28d3e8\",\"name\":\"favorite-news\",\"image\":{\"@type\":\"ImageObject\",\"inLanguage\":\"es\",\"@id\":\"https:\\\/\\\/secure.gravatar.com\\\/avatar\\\/6c5a5cb12b74e9d517ee91cf570335b7d16177f1977cc91db161adfa435945a7?s=96&d=mm&r=g\",\"url\":\"https:\\\/\\\/secure.gravatar.com\\\/avatar\\\/6c5a5cb12b74e9d517ee91cf570335b7d16177f1977cc91db161adfa435945a7?s=96&d=mm&r=g\",\"contentUrl\":\"https:\\\/\\\/secure.gravatar.com\\\/avatar\\\/6c5a5cb12b74e9d517ee91cf570335b7d16177f1977cc91db161adfa435945a7?s=96&d=mm&r=g\",\"caption\":\"favorite-news\"},\"url\":\"https:\\\/\\\/favorite-news.com\\\/es\\\/author\\\/pt\\\/\"}]}<\/script>\n<!-- \/ Yoast SEO plugin. -->","yoast_head_json":{"title":"Casi la mitad de los internautas escucha \u2018podcast\u2019 - Favorite News","robots":{"index":"index","follow":"follow","max-snippet":"max-snippet:-1","max-image-preview":"max-image-preview:large","max-video-preview":"max-video-preview:-1"},"canonical":"https:\/\/favorite-news.com\/es\/casi-la-mitad-de-los-internautas-escucha-podcast\/","og_locale":"es_ES","og_type":"article","og_title":"Casi la mitad de los internautas escucha \u2018podcast\u2019 - Favorite News","og_description":"Grabaci\u00f3n de un podcastPor segundo a\u00f1o consecutivo, Prodigioso Volc\u00e1n, en colaboraci\u00f3n con la empresa de investigaci\u00f3n de mercados SEIM, ha analizado el estado de la voz y el audio en Espa\u00f1a en 2020. Este informe, al que se puede acceder desde este enlace\u00a0 destaca el aumento de la interacci\u00f3n con los dispositivos de voz, especialmente [&hellip;]","og_url":"https:\/\/favorite-news.com\/es\/casi-la-mitad-de-los-internautas-escucha-podcast\/","og_site_name":"Favorite News","article_published_time":"2021-01-28T12:28:22+00:00","article_modified_time":"2021-01-28T12:28:24+00:00","og_image":[{"width":1280,"height":853,"url":"https:\/\/favorite-news.com\/es\/wp-content\/uploads\/sites\/4\/2021\/01\/Casi-la-mitad-de-los-internautas-escucha-\u2018podcast.jpg","type":"image\/jpeg"}],"author":"favorite-news","twitter_card":"summary_large_image","twitter_misc":{"Escrito por":"favorite-news","Tiempo de lectura":"4 minutos"},"schema":{"@context":"https:\/\/schema.org","@graph":[{"@type":"Article","@id":"https:\/\/favorite-news.com\/es\/casi-la-mitad-de-los-internautas-escucha-podcast\/#article","isPartOf":{"@id":"https:\/\/favorite-news.com\/es\/casi-la-mitad-de-los-internautas-escucha-podcast\/"},"author":{"name":"favorite-news","@id":"https:\/\/favorite-news.com\/es\/#\/schema\/person\/b91573b717dcfa5e4696032a9d28d3e8"},"headline":"Casi la mitad de los internautas escucha \u2018podcast\u2019","datePublished":"2021-01-28T12:28:22+00:00","dateModified":"2021-01-28T12:28:24+00:00","mainEntityOfPage":{"@id":"https:\/\/favorite-news.com\/es\/casi-la-mitad-de-los-internautas-escucha-podcast\/"},"wordCount":812,"commentCount":0,"image":{"@id":"https:\/\/favorite-news.com\/es\/casi-la-mitad-de-los-internautas-escucha-podcast\/#primaryimage"},"thumbnailUrl":"https:\/\/favorite-news.com\/es\/wp-content\/uploads\/sites\/4\/2021\/01\/Casi-la-mitad-de-los-internautas-escucha-\u2018podcast.jpg","articleSection":["NOTICIAS DE INTERNET MARKETING"],"inLanguage":"es","potentialAction":[{"@type":"CommentAction","name":"Comment","target":["https:\/\/favorite-news.com\/es\/casi-la-mitad-de-los-internautas-escucha-podcast\/#respond"]}]},{"@type":"WebPage","@id":"https:\/\/favorite-news.com\/es\/casi-la-mitad-de-los-internautas-escucha-podcast\/","url":"https:\/\/favorite-news.com\/es\/casi-la-mitad-de-los-internautas-escucha-podcast\/","name":"Casi la mitad de los internautas escucha \u2018podcast\u2019 - Favorite News","isPartOf":{"@id":"https:\/\/favorite-news.com\/es\/#website"},"primaryImageOfPage":{"@id":"https:\/\/favorite-news.com\/es\/casi-la-mitad-de-los-internautas-escucha-podcast\/#primaryimage"},"image":{"@id":"https:\/\/favorite-news.com\/es\/casi-la-mitad-de-los-internautas-escucha-podcast\/#primaryimage"},"thumbnailUrl":"https:\/\/favorite-news.com\/es\/wp-content\/uploads\/sites\/4\/2021\/01\/Casi-la-mitad-de-los-internautas-escucha-\u2018podcast.jpg","datePublished":"2021-01-28T12:28:22+00:00","dateModified":"2021-01-28T12:28:24+00:00","author":{"@id":"https:\/\/favorite-news.com\/es\/#\/schema\/person\/b91573b717dcfa5e4696032a9d28d3e8"},"breadcrumb":{"@id":"https:\/\/favorite-news.com\/es\/casi-la-mitad-de-los-internautas-escucha-podcast\/#breadcrumb"},"inLanguage":"es","potentialAction":[{"@type":"ReadAction","target":["https:\/\/favorite-news.com\/es\/casi-la-mitad-de-los-internautas-escucha-podcast\/"]}]},{"@type":"ImageObject","inLanguage":"es","@id":"https:\/\/favorite-news.com\/es\/casi-la-mitad-de-los-internautas-escucha-podcast\/#primaryimage","url":"https:\/\/favorite-news.com\/es\/wp-content\/uploads\/sites\/4\/2021\/01\/Casi-la-mitad-de-los-internautas-escucha-\u2018podcast.jpg","contentUrl":"https:\/\/favorite-news.com\/es\/wp-content\/uploads\/sites\/4\/2021\/01\/Casi-la-mitad-de-los-internautas-escucha-\u2018podcast.jpg","width":1280,"height":853,"caption":"Casi la mitad de los internautas escucha \u2018podcast\u2019"},{"@type":"BreadcrumbList","@id":"https:\/\/favorite-news.com\/es\/casi-la-mitad-de-los-internautas-escucha-podcast\/#breadcrumb","itemListElement":[{"@type":"ListItem","position":1,"name":"Home","item":"https:\/\/favorite-news.com\/es\/"},{"@type":"ListItem","position":2,"name":"Casi la mitad de los internautas escucha \u2018podcast\u2019"}]},{"@type":"WebSite","@id":"https:\/\/favorite-news.com\/es\/#website","url":"https:\/\/favorite-news.com\/es\/","name":"Favorite News","description":"Favorite News Espa\u00f1a","potentialAction":[{"@type":"SearchAction","target":{"@type":"EntryPoint","urlTemplate":"https:\/\/favorite-news.com\/es\/?s={search_term_string}"},"query-input":{"@type":"PropertyValueSpecification","valueRequired":true,"valueName":"search_term_string"}}],"inLanguage":"es"},{"@type":"Person","@id":"https:\/\/favorite-news.com\/es\/#\/schema\/person\/b91573b717dcfa5e4696032a9d28d3e8","name":"favorite-news","image":{"@type":"ImageObject","inLanguage":"es","@id":"https:\/\/secure.gravatar.com\/avatar\/6c5a5cb12b74e9d517ee91cf570335b7d16177f1977cc91db161adfa435945a7?s=96&d=mm&r=g","url":"https:\/\/secure.gravatar.com\/avatar\/6c5a5cb12b74e9d517ee91cf570335b7d16177f1977cc91db161adfa435945a7?s=96&d=mm&r=g","contentUrl":"https:\/\/secure.gravatar.com\/avatar\/6c5a5cb12b74e9d517ee91cf570335b7d16177f1977cc91db161adfa435945a7?s=96&d=mm&r=g","caption":"favorite-news"},"url":"https:\/\/favorite-news.com\/es\/author\/pt\/"}]}},"_links":{"self":[{"href":"https:\/\/favorite-news.com\/es\/wp-json\/wp\/v2\/posts\/5633","targetHints":{"allow":["GET"]}}],"collection":[{"href":"https:\/\/favorite-news.com\/es\/wp-json\/wp\/v2\/posts"}],"about":[{"href":"https:\/\/favorite-news.com\/es\/wp-json\/wp\/v2\/types\/post"}],"author":[{"embeddable":true,"href":"https:\/\/favorite-news.com\/es\/wp-json\/wp\/v2\/users\/2"}],"replies":[{"embeddable":true,"href":"https:\/\/favorite-news.com\/es\/wp-json\/wp\/v2\/comments?post=5633"}],"version-history":[{"count":1,"href":"https:\/\/favorite-news.com\/es\/wp-json\/wp\/v2\/posts\/5633\/revisions"}],"predecessor-version":[{"id":5635,"href":"https:\/\/favorite-news.com\/es\/wp-json\/wp\/v2\/posts\/5633\/revisions\/5635"}],"wp:featuredmedia":[{"embeddable":true,"href":"https:\/\/favorite-news.com\/es\/wp-json\/wp\/v2\/media\/5634"}],"wp:attachment":[{"href":"https:\/\/favorite-news.com\/es\/wp-json\/wp\/v2\/media?parent=5633"}],"wp:term":[{"taxonomy":"category","embeddable":true,"href":"https:\/\/favorite-news.com\/es\/wp-json\/wp\/v2\/categories?post=5633"},{"taxonomy":"post_tag","embeddable":true,"href":"https:\/\/favorite-news.com\/es\/wp-json\/wp\/v2\/tags?post=5633"}],"curies":[{"name":"wp","href":"https:\/\/api.w.org\/{rel}","templated":true}]}}