{"id":5625,"date":"2021-01-27T15:12:32","date_gmt":"2021-01-27T12:12:32","guid":{"rendered":"https:\/\/favorite-news.com\/es\/por-que-ca-ha-dejado-asi-sus-escaparates\/"},"modified":"2021-01-27T15:12:35","modified_gmt":"2021-01-27T12:12:35","slug":"por-que-ca-ha-dejado-asi-sus-escaparates","status":"publish","type":"post","link":"https:\/\/favorite-news.com\/es\/por-que-ca-ha-dejado-asi-sus-escaparates\/","title":{"rendered":"Por qu\u00e9 C&#038;A ha dejado as\u00ed sus escaparates"},"content":{"rendered":"<p>Uno de los escaparatesLa Organizaci\u00f3n de las Naciones Unidas (ONU) declar\u00f3 el 28 de enero como el D\u00eda Mundial por la Reducci\u00f3n de las Emisiones de CO2, una fecha clave en el a\u00f1o para tomar decisiones a favor de la protecci\u00f3n y cuidado del medioambiente. El objetivo es sensibilizar a todos los habitantes del planeta sobre el impacto que est\u00e1 teniendo el cambio clim\u00e1tico en nuestras vidas y la cadena de tiendas C&amp;A quiere contribuir a la causa.\u00a0Del 28 al 31 de enero,\u00a0\u00a0los escaparates de algunas tiendas de la marca lucir\u00e1n el mensaje\u00a0\u201cNo des la espalda al cambio clim\u00e1tico\u201d y\u00a0los maniqu\u00edes \u00a0lucir\u00e1n sin ropa y posar\u00e1n de espaldas. Las localidades de las tiendas en las que se ha puesto en marcha esta acci\u00f3n son \u00a0Valencia (Centro Comercial Nuevo Centro), Sevilla (Calle Tetu\u00e1n), y M\u00e1laga (Centro Comercial La Rosaleda), en Andaluc\u00eda. Tambi\u00e9n en Madrid (La Vaguada y Legan\u00e9s), La Coru\u00f1a, Zaragoza (Avenida Independencia), Barcelona (Calle Pelayo).\u00a0\u00a0\u201cCon esta campa\u00f1a pretendemos concienciar sobre la necesidad de cambiar nuestra mentalidad y actuar pronto para frenar el cambio clim\u00e1tico. En C&amp;A Espa\u00f1a y Portugal hemos dado nuestro paso con el proyecto carbono neutro para nuestras tiendas en Espa\u00f1a y Portugal. Nuestro m\u00e1ximo compromiso es hacer de la sostenibilidad la norma. No solo a trav\u00e9s de nuestras colecciones, ofreciendo productos finales m\u00e1s sostenibles, tambi\u00e9n verlo reflejado en nuestra cadena de valor y operaciones\u00bb, ha afirmado en un comunicado\u00a0Domingos Esteves, director general de C&amp;A para Espa\u00f1a y Portugal.\u00a0SostenibilidadUno de los grandes hitos del 2020 para C&amp;A Espa\u00f1a ha sido conseguir que todas las tiendas de su portfolio sean carbono neutro. El proyecto est\u00e1 enmarcado dentro de la estrategia de sostenibilidad de la marca. Adem\u00e1s, para 2030, C&amp;A reducir\u00e1 un 30% las emisiones de gases efecto invernadero tambi\u00e9n en la cadena de producci\u00f3n.Este anuncio se fija dentro del Plan de Responsabilidad Social Corporativa (RSC) de la compa\u00f1\u00eda, que tambi\u00e9n incluye el compromiso para 2030 de la reducci\u00f3n del 30% de gases efecto invernadero. Esta medida abarca tanto a su cadena de producci\u00f3n como en las f\u00e1bricas y tiendas, mediante el uso y suministro de materiales m\u00e1s sostenibles al igual que una gesti\u00f3n responsable del rendimiento medioambiental de su cadena de suministro.\u00a0Entre otras iniciativas importantes, C&amp;A se ha propuesto a mejorar la eficiencia de sus procesos haciendo que toda la electricidad que utilizan provenga de fuentes renovables, queriendo conseguir que para 2025 que toda su energ\u00eda sea 100% renovable. Estas importantes medidas que favorecen el cuidado del medio ambiente han logrado que C&amp;A sea reconocida como una de las pocas marcas que revelan todo su inventario de gases de efecto invernadero desde hace 5 a\u00f1os.\u00a0\u00a0<br \/>\n<br \/>\n<!--noindex--><br \/>\n<a href=\"http:\/\/www.marketingnews.es\/marcas\/noticia\/1164139054305\/c-dejado-asi-escaparates.1.html\" rel=\"nofollow\">Source link <\/a><br \/>\n<!--\/noindex--><\/p>\n","protected":false},"excerpt":{"rendered":"<p>Uno de los escaparatesLa Organizaci\u00f3n de las Naciones Unidas (ONU) declar\u00f3 el 28 de enero como el D\u00eda Mundial por la Reducci\u00f3n de las Emisiones de CO2, una fecha clave en el a\u00f1o para tomar decisiones a favor de la protecci\u00f3n y cuidado del medioambiente. El objetivo es sensibilizar a todos los habitantes del planeta [&hellip;]<\/p>\n","protected":false},"author":2,"featured_media":5626,"comment_status":"open","ping_status":"open","sticky":false,"template":"","format":"standard","meta":{"footnotes":""},"categories":[2],"tags":[],"class_list":["post-5625","post","type-post","status-publish","format-standard","has-post-thumbnail","hentry","category-noticias-de-internet-marketing"],"yoast_head":"<!-- This site is optimized with the Yoast SEO plugin v27.4 - https:\/\/yoast.com\/product\/yoast-seo-wordpress\/ -->\n<title>Por qu\u00e9 C&amp;A ha dejado as\u00ed sus escaparates - Favorite News<\/title>\n<meta name=\"robots\" content=\"index, follow, max-snippet:-1, max-image-preview:large, max-video-preview:-1\" \/>\n<link rel=\"canonical\" href=\"https:\/\/favorite-news.com\/es\/por-que-ca-ha-dejado-asi-sus-escaparates\/\" \/>\n<meta property=\"og:locale\" content=\"es_ES\" \/>\n<meta property=\"og:type\" content=\"article\" \/>\n<meta property=\"og:title\" content=\"Por qu\u00e9 C&amp;A ha dejado as\u00ed sus escaparates - Favorite News\" \/>\n<meta property=\"og:description\" content=\"Uno de los escaparatesLa Organizaci\u00f3n de las Naciones Unidas (ONU) declar\u00f3 el 28 de enero como el D\u00eda Mundial por la Reducci\u00f3n de las Emisiones de CO2, una fecha clave en el a\u00f1o para tomar decisiones a favor de la protecci\u00f3n y cuidado del medioambiente. El objetivo es sensibilizar a todos los habitantes del planeta [&hellip;]\" \/>\n<meta property=\"og:url\" content=\"https:\/\/favorite-news.com\/es\/por-que-ca-ha-dejado-asi-sus-escaparates\/\" \/>\n<meta property=\"og:site_name\" content=\"Favorite News\" \/>\n<meta property=\"article:published_time\" content=\"2021-01-27T12:12:32+00:00\" \/>\n<meta property=\"article:modified_time\" content=\"2021-01-27T12:12:35+00:00\" \/>\n<meta property=\"og:image\" content=\"https:\/\/favorite-news.com\/es\/wp-content\/uploads\/sites\/4\/2021\/01\/Por-que-CA-ha-dejado-asi-sus-escaparates.jpg\" \/>\n\t<meta property=\"og:image:width\" content=\"529\" \/>\n\t<meta property=\"og:image:height\" content=\"300\" \/>\n\t<meta property=\"og:image:type\" content=\"image\/jpeg\" \/>\n<meta name=\"author\" content=\"favorite-news\" \/>\n<meta name=\"twitter:card\" content=\"summary_large_image\" \/>\n<meta name=\"twitter:label1\" content=\"Escrito por\" \/>\n\t<meta name=\"twitter:data1\" content=\"favorite-news\" \/>\n\t<meta name=\"twitter:label2\" content=\"Tiempo de lectura\" \/>\n\t<meta name=\"twitter:data2\" content=\"2 minutos\" \/>\n<script type=\"application\/ld+json\" class=\"yoast-schema-graph\">{\"@context\":\"https:\\\/\\\/schema.org\",\"@graph\":[{\"@type\":\"Article\",\"@id\":\"https:\\\/\\\/favorite-news.com\\\/es\\\/por-que-ca-ha-dejado-asi-sus-escaparates\\\/#article\",\"isPartOf\":{\"@id\":\"https:\\\/\\\/favorite-news.com\\\/es\\\/por-que-ca-ha-dejado-asi-sus-escaparates\\\/\"},\"author\":{\"name\":\"favorite-news\",\"@id\":\"https:\\\/\\\/favorite-news.com\\\/es\\\/#\\\/schema\\\/person\\\/b91573b717dcfa5e4696032a9d28d3e8\"},\"headline\":\"Por qu\u00e9 C&#038;A ha dejado as\u00ed sus escaparates\",\"datePublished\":\"2021-01-27T12:12:32+00:00\",\"dateModified\":\"2021-01-27T12:12:35+00:00\",\"mainEntityOfPage\":{\"@id\":\"https:\\\/\\\/favorite-news.com\\\/es\\\/por-que-ca-ha-dejado-asi-sus-escaparates\\\/\"},\"wordCount\":499,\"commentCount\":0,\"image\":{\"@id\":\"https:\\\/\\\/favorite-news.com\\\/es\\\/por-que-ca-ha-dejado-asi-sus-escaparates\\\/#primaryimage\"},\"thumbnailUrl\":\"https:\\\/\\\/favorite-news.com\\\/es\\\/wp-content\\\/uploads\\\/sites\\\/4\\\/2021\\\/01\\\/Por-que-CA-ha-dejado-asi-sus-escaparates.jpg\",\"articleSection\":[\"NOTICIAS DE INTERNET MARKETING\"],\"inLanguage\":\"es\",\"potentialAction\":[{\"@type\":\"CommentAction\",\"name\":\"Comment\",\"target\":[\"https:\\\/\\\/favorite-news.com\\\/es\\\/por-que-ca-ha-dejado-asi-sus-escaparates\\\/#respond\"]}]},{\"@type\":\"WebPage\",\"@id\":\"https:\\\/\\\/favorite-news.com\\\/es\\\/por-que-ca-ha-dejado-asi-sus-escaparates\\\/\",\"url\":\"https:\\\/\\\/favorite-news.com\\\/es\\\/por-que-ca-ha-dejado-asi-sus-escaparates\\\/\",\"name\":\"Por qu\u00e9 C&A ha dejado as\u00ed sus escaparates - Favorite News\",\"isPartOf\":{\"@id\":\"https:\\\/\\\/favorite-news.com\\\/es\\\/#website\"},\"primaryImageOfPage\":{\"@id\":\"https:\\\/\\\/favorite-news.com\\\/es\\\/por-que-ca-ha-dejado-asi-sus-escaparates\\\/#primaryimage\"},\"image\":{\"@id\":\"https:\\\/\\\/favorite-news.com\\\/es\\\/por-que-ca-ha-dejado-asi-sus-escaparates\\\/#primaryimage\"},\"thumbnailUrl\":\"https:\\\/\\\/favorite-news.com\\\/es\\\/wp-content\\\/uploads\\\/sites\\\/4\\\/2021\\\/01\\\/Por-que-CA-ha-dejado-asi-sus-escaparates.jpg\",\"datePublished\":\"2021-01-27T12:12:32+00:00\",\"dateModified\":\"2021-01-27T12:12:35+00:00\",\"author\":{\"@id\":\"https:\\\/\\\/favorite-news.com\\\/es\\\/#\\\/schema\\\/person\\\/b91573b717dcfa5e4696032a9d28d3e8\"},\"breadcrumb\":{\"@id\":\"https:\\\/\\\/favorite-news.com\\\/es\\\/por-que-ca-ha-dejado-asi-sus-escaparates\\\/#breadcrumb\"},\"inLanguage\":\"es\",\"potentialAction\":[{\"@type\":\"ReadAction\",\"target\":[\"https:\\\/\\\/favorite-news.com\\\/es\\\/por-que-ca-ha-dejado-asi-sus-escaparates\\\/\"]}]},{\"@type\":\"ImageObject\",\"inLanguage\":\"es\",\"@id\":\"https:\\\/\\\/favorite-news.com\\\/es\\\/por-que-ca-ha-dejado-asi-sus-escaparates\\\/#primaryimage\",\"url\":\"https:\\\/\\\/favorite-news.com\\\/es\\\/wp-content\\\/uploads\\\/sites\\\/4\\\/2021\\\/01\\\/Por-que-CA-ha-dejado-asi-sus-escaparates.jpg\",\"contentUrl\":\"https:\\\/\\\/favorite-news.com\\\/es\\\/wp-content\\\/uploads\\\/sites\\\/4\\\/2021\\\/01\\\/Por-que-CA-ha-dejado-asi-sus-escaparates.jpg\",\"width\":529,\"height\":300,\"caption\":\"Por qu\u00e9 C&A ha dejado as\u00ed sus escaparates\"},{\"@type\":\"BreadcrumbList\",\"@id\":\"https:\\\/\\\/favorite-news.com\\\/es\\\/por-que-ca-ha-dejado-asi-sus-escaparates\\\/#breadcrumb\",\"itemListElement\":[{\"@type\":\"ListItem\",\"position\":1,\"name\":\"Home\",\"item\":\"https:\\\/\\\/favorite-news.com\\\/es\\\/\"},{\"@type\":\"ListItem\",\"position\":2,\"name\":\"Por qu\u00e9 C&#038;A ha dejado as\u00ed sus escaparates\"}]},{\"@type\":\"WebSite\",\"@id\":\"https:\\\/\\\/favorite-news.com\\\/es\\\/#website\",\"url\":\"https:\\\/\\\/favorite-news.com\\\/es\\\/\",\"name\":\"Favorite News\",\"description\":\"Favorite News Espa\u00f1a\",\"potentialAction\":[{\"@type\":\"SearchAction\",\"target\":{\"@type\":\"EntryPoint\",\"urlTemplate\":\"https:\\\/\\\/favorite-news.com\\\/es\\\/?s={search_term_string}\"},\"query-input\":{\"@type\":\"PropertyValueSpecification\",\"valueRequired\":true,\"valueName\":\"search_term_string\"}}],\"inLanguage\":\"es\"},{\"@type\":\"Person\",\"@id\":\"https:\\\/\\\/favorite-news.com\\\/es\\\/#\\\/schema\\\/person\\\/b91573b717dcfa5e4696032a9d28d3e8\",\"name\":\"favorite-news\",\"image\":{\"@type\":\"ImageObject\",\"inLanguage\":\"es\",\"@id\":\"https:\\\/\\\/secure.gravatar.com\\\/avatar\\\/6c5a5cb12b74e9d517ee91cf570335b7d16177f1977cc91db161adfa435945a7?s=96&d=mm&r=g\",\"url\":\"https:\\\/\\\/secure.gravatar.com\\\/avatar\\\/6c5a5cb12b74e9d517ee91cf570335b7d16177f1977cc91db161adfa435945a7?s=96&d=mm&r=g\",\"contentUrl\":\"https:\\\/\\\/secure.gravatar.com\\\/avatar\\\/6c5a5cb12b74e9d517ee91cf570335b7d16177f1977cc91db161adfa435945a7?s=96&d=mm&r=g\",\"caption\":\"favorite-news\"},\"url\":\"https:\\\/\\\/favorite-news.com\\\/es\\\/author\\\/pt\\\/\"}]}<\/script>\n<!-- \/ Yoast SEO plugin. -->","yoast_head_json":{"title":"Por qu\u00e9 C&A ha dejado as\u00ed sus escaparates - Favorite News","robots":{"index":"index","follow":"follow","max-snippet":"max-snippet:-1","max-image-preview":"max-image-preview:large","max-video-preview":"max-video-preview:-1"},"canonical":"https:\/\/favorite-news.com\/es\/por-que-ca-ha-dejado-asi-sus-escaparates\/","og_locale":"es_ES","og_type":"article","og_title":"Por qu\u00e9 C&A ha dejado as\u00ed sus escaparates - Favorite News","og_description":"Uno de los escaparatesLa Organizaci\u00f3n de las Naciones Unidas (ONU) declar\u00f3 el 28 de enero como el D\u00eda Mundial por la Reducci\u00f3n de las Emisiones de CO2, una fecha clave en el a\u00f1o para tomar decisiones a favor de la protecci\u00f3n y cuidado del medioambiente. El objetivo es sensibilizar a todos los habitantes del planeta [&hellip;]","og_url":"https:\/\/favorite-news.com\/es\/por-que-ca-ha-dejado-asi-sus-escaparates\/","og_site_name":"Favorite News","article_published_time":"2021-01-27T12:12:32+00:00","article_modified_time":"2021-01-27T12:12:35+00:00","og_image":[{"width":529,"height":300,"url":"https:\/\/favorite-news.com\/es\/wp-content\/uploads\/sites\/4\/2021\/01\/Por-que-CA-ha-dejado-asi-sus-escaparates.jpg","type":"image\/jpeg"}],"author":"favorite-news","twitter_card":"summary_large_image","twitter_misc":{"Escrito por":"favorite-news","Tiempo de lectura":"2 minutos"},"schema":{"@context":"https:\/\/schema.org","@graph":[{"@type":"Article","@id":"https:\/\/favorite-news.com\/es\/por-que-ca-ha-dejado-asi-sus-escaparates\/#article","isPartOf":{"@id":"https:\/\/favorite-news.com\/es\/por-que-ca-ha-dejado-asi-sus-escaparates\/"},"author":{"name":"favorite-news","@id":"https:\/\/favorite-news.com\/es\/#\/schema\/person\/b91573b717dcfa5e4696032a9d28d3e8"},"headline":"Por qu\u00e9 C&#038;A ha dejado as\u00ed sus escaparates","datePublished":"2021-01-27T12:12:32+00:00","dateModified":"2021-01-27T12:12:35+00:00","mainEntityOfPage":{"@id":"https:\/\/favorite-news.com\/es\/por-que-ca-ha-dejado-asi-sus-escaparates\/"},"wordCount":499,"commentCount":0,"image":{"@id":"https:\/\/favorite-news.com\/es\/por-que-ca-ha-dejado-asi-sus-escaparates\/#primaryimage"},"thumbnailUrl":"https:\/\/favorite-news.com\/es\/wp-content\/uploads\/sites\/4\/2021\/01\/Por-que-CA-ha-dejado-asi-sus-escaparates.jpg","articleSection":["NOTICIAS DE INTERNET MARKETING"],"inLanguage":"es","potentialAction":[{"@type":"CommentAction","name":"Comment","target":["https:\/\/favorite-news.com\/es\/por-que-ca-ha-dejado-asi-sus-escaparates\/#respond"]}]},{"@type":"WebPage","@id":"https:\/\/favorite-news.com\/es\/por-que-ca-ha-dejado-asi-sus-escaparates\/","url":"https:\/\/favorite-news.com\/es\/por-que-ca-ha-dejado-asi-sus-escaparates\/","name":"Por qu\u00e9 C&A ha dejado as\u00ed sus escaparates - Favorite News","isPartOf":{"@id":"https:\/\/favorite-news.com\/es\/#website"},"primaryImageOfPage":{"@id":"https:\/\/favorite-news.com\/es\/por-que-ca-ha-dejado-asi-sus-escaparates\/#primaryimage"},"image":{"@id":"https:\/\/favorite-news.com\/es\/por-que-ca-ha-dejado-asi-sus-escaparates\/#primaryimage"},"thumbnailUrl":"https:\/\/favorite-news.com\/es\/wp-content\/uploads\/sites\/4\/2021\/01\/Por-que-CA-ha-dejado-asi-sus-escaparates.jpg","datePublished":"2021-01-27T12:12:32+00:00","dateModified":"2021-01-27T12:12:35+00:00","author":{"@id":"https:\/\/favorite-news.com\/es\/#\/schema\/person\/b91573b717dcfa5e4696032a9d28d3e8"},"breadcrumb":{"@id":"https:\/\/favorite-news.com\/es\/por-que-ca-ha-dejado-asi-sus-escaparates\/#breadcrumb"},"inLanguage":"es","potentialAction":[{"@type":"ReadAction","target":["https:\/\/favorite-news.com\/es\/por-que-ca-ha-dejado-asi-sus-escaparates\/"]}]},{"@type":"ImageObject","inLanguage":"es","@id":"https:\/\/favorite-news.com\/es\/por-que-ca-ha-dejado-asi-sus-escaparates\/#primaryimage","url":"https:\/\/favorite-news.com\/es\/wp-content\/uploads\/sites\/4\/2021\/01\/Por-que-CA-ha-dejado-asi-sus-escaparates.jpg","contentUrl":"https:\/\/favorite-news.com\/es\/wp-content\/uploads\/sites\/4\/2021\/01\/Por-que-CA-ha-dejado-asi-sus-escaparates.jpg","width":529,"height":300,"caption":"Por qu\u00e9 C&A ha dejado as\u00ed sus escaparates"},{"@type":"BreadcrumbList","@id":"https:\/\/favorite-news.com\/es\/por-que-ca-ha-dejado-asi-sus-escaparates\/#breadcrumb","itemListElement":[{"@type":"ListItem","position":1,"name":"Home","item":"https:\/\/favorite-news.com\/es\/"},{"@type":"ListItem","position":2,"name":"Por qu\u00e9 C&#038;A ha dejado as\u00ed sus escaparates"}]},{"@type":"WebSite","@id":"https:\/\/favorite-news.com\/es\/#website","url":"https:\/\/favorite-news.com\/es\/","name":"Favorite News","description":"Favorite News Espa\u00f1a","potentialAction":[{"@type":"SearchAction","target":{"@type":"EntryPoint","urlTemplate":"https:\/\/favorite-news.com\/es\/?s={search_term_string}"},"query-input":{"@type":"PropertyValueSpecification","valueRequired":true,"valueName":"search_term_string"}}],"inLanguage":"es"},{"@type":"Person","@id":"https:\/\/favorite-news.com\/es\/#\/schema\/person\/b91573b717dcfa5e4696032a9d28d3e8","name":"favorite-news","image":{"@type":"ImageObject","inLanguage":"es","@id":"https:\/\/secure.gravatar.com\/avatar\/6c5a5cb12b74e9d517ee91cf570335b7d16177f1977cc91db161adfa435945a7?s=96&d=mm&r=g","url":"https:\/\/secure.gravatar.com\/avatar\/6c5a5cb12b74e9d517ee91cf570335b7d16177f1977cc91db161adfa435945a7?s=96&d=mm&r=g","contentUrl":"https:\/\/secure.gravatar.com\/avatar\/6c5a5cb12b74e9d517ee91cf570335b7d16177f1977cc91db161adfa435945a7?s=96&d=mm&r=g","caption":"favorite-news"},"url":"https:\/\/favorite-news.com\/es\/author\/pt\/"}]}},"_links":{"self":[{"href":"https:\/\/favorite-news.com\/es\/wp-json\/wp\/v2\/posts\/5625","targetHints":{"allow":["GET"]}}],"collection":[{"href":"https:\/\/favorite-news.com\/es\/wp-json\/wp\/v2\/posts"}],"about":[{"href":"https:\/\/favorite-news.com\/es\/wp-json\/wp\/v2\/types\/post"}],"author":[{"embeddable":true,"href":"https:\/\/favorite-news.com\/es\/wp-json\/wp\/v2\/users\/2"}],"replies":[{"embeddable":true,"href":"https:\/\/favorite-news.com\/es\/wp-json\/wp\/v2\/comments?post=5625"}],"version-history":[{"count":1,"href":"https:\/\/favorite-news.com\/es\/wp-json\/wp\/v2\/posts\/5625\/revisions"}],"predecessor-version":[{"id":5627,"href":"https:\/\/favorite-news.com\/es\/wp-json\/wp\/v2\/posts\/5625\/revisions\/5627"}],"wp:featuredmedia":[{"embeddable":true,"href":"https:\/\/favorite-news.com\/es\/wp-json\/wp\/v2\/media\/5626"}],"wp:attachment":[{"href":"https:\/\/favorite-news.com\/es\/wp-json\/wp\/v2\/media?parent=5625"}],"wp:term":[{"taxonomy":"category","embeddable":true,"href":"https:\/\/favorite-news.com\/es\/wp-json\/wp\/v2\/categories?post=5625"},{"taxonomy":"post_tag","embeddable":true,"href":"https:\/\/favorite-news.com\/es\/wp-json\/wp\/v2\/tags?post=5625"}],"curies":[{"name":"wp","href":"https:\/\/api.w.org\/{rel}","templated":true}]}}