{"id":5614,"date":"2021-01-25T14:58:31","date_gmt":"2021-01-25T11:58:31","guid":{"rendered":"https:\/\/favorite-news.com\/es\/maria-baselga-directora-de-marketing-y-comunicacion-de-la-fundacion-a-la-par\/"},"modified":"2021-01-25T14:58:34","modified_gmt":"2021-01-25T11:58:34","slug":"maria-baselga-directora-de-marketing-y-comunicacion-de-la-fundacion-a-la-par","status":"publish","type":"post","link":"https:\/\/favorite-news.com\/es\/maria-baselga-directora-de-marketing-y-comunicacion-de-la-fundacion-a-la-par\/","title":{"rendered":"Mar\u00eda Baselga, directora de marketing y comunicaci\u00f3n de la Fundaci\u00f3n A la Par"},"content":{"rendered":"<p>Mar\u00eda BaselgaLa Fundaci\u00f3n A la Par, que preside Almudena Martorell, ha nombrado a Mar\u00eda Baselga directora de marketing y comunicaci\u00f3n.Licenciada en Administraci\u00f3n y Direcci\u00f3n de Empresas por C.U.N.E.F (Colegio Universitario de Estudios Financieros), Baselga ha sido directora de marketing de Zumosol. Igualmente, trabaj\u00f3 m\u00e1s de 13 a\u00f1os en Unilever, multinacional de productos de consumo, en marcas internacionales como Dove, Frigo, Rexona, donde desempe\u00f1\u00f3 funciones de marketing pero tambi\u00e9n de ventasEntre sus retos como directora de marketing y comunicaci\u00f3n de la Fundaci\u00f3n A la Par se encuentran, por un lado, \u201ctrabajar en dar mayor visibilidad y concienciaci\u00f3n social a la discapacidad intelectual\u201d, y, por otro, ser capaz de dar a conocer la Fundaci\u00f3n \u201ca m\u00e1s personas con discapacidad intelectual, para as\u00ed poder ayudarlas y crecer como fundaci\u00f3n\u201d.\u00a0<br \/>\n<br \/>\n<!--noindex--><br \/>\n<a href=\"http:\/\/www.marketingnews.es\/profesionales\/noticia\/1164097031505\/maria-baselga-directora-de-marketing-y-comunicacion-de-fundacion-par.1.html\" rel=\"nofollow\">Source link <\/a><br \/>\n<!--\/noindex--><\/p>\n","protected":false},"excerpt":{"rendered":"<p>Mar\u00eda BaselgaLa Fundaci\u00f3n A la Par, que preside Almudena Martorell, ha nombrado a Mar\u00eda Baselga directora de marketing y comunicaci\u00f3n.Licenciada en Administraci\u00f3n y Direcci\u00f3n de Empresas por C.U.N.E.F (Colegio Universitario de Estudios Financieros), Baselga ha sido directora de marketing de Zumosol. Igualmente, trabaj\u00f3 m\u00e1s de 13 a\u00f1os en Unilever, multinacional de productos de consumo, en [&hellip;]<\/p>\n","protected":false},"author":2,"featured_media":5615,"comment_status":"open","ping_status":"open","sticky":false,"template":"","format":"standard","meta":{"footnotes":""},"categories":[2],"tags":[],"class_list":["post-5614","post","type-post","status-publish","format-standard","has-post-thumbnail","hentry","category-noticias-de-internet-marketing"],"yoast_head":"<!-- This site is optimized with the Yoast SEO plugin v27.4 - https:\/\/yoast.com\/product\/yoast-seo-wordpress\/ -->\n<title>Mar\u00eda Baselga, directora de marketing y comunicaci\u00f3n de la Fundaci\u00f3n A la Par - Favorite News<\/title>\n<meta name=\"robots\" content=\"index, follow, max-snippet:-1, max-image-preview:large, max-video-preview:-1\" \/>\n<link rel=\"canonical\" href=\"https:\/\/favorite-news.com\/es\/maria-baselga-directora-de-marketing-y-comunicacion-de-la-fundacion-a-la-par\/\" \/>\n<meta property=\"og:locale\" content=\"es_ES\" \/>\n<meta property=\"og:type\" content=\"article\" \/>\n<meta property=\"og:title\" content=\"Mar\u00eda Baselga, directora de marketing y comunicaci\u00f3n de la Fundaci\u00f3n A la Par - Favorite News\" \/>\n<meta property=\"og:description\" content=\"Mar\u00eda BaselgaLa Fundaci\u00f3n A la Par, que preside Almudena Martorell, ha nombrado a Mar\u00eda Baselga directora de marketing y comunicaci\u00f3n.Licenciada en Administraci\u00f3n y Direcci\u00f3n de Empresas por C.U.N.E.F (Colegio Universitario de Estudios Financieros), Baselga ha sido directora de marketing de Zumosol. Igualmente, trabaj\u00f3 m\u00e1s de 13 a\u00f1os en Unilever, multinacional de productos de consumo, en [&hellip;]\" \/>\n<meta property=\"og:url\" content=\"https:\/\/favorite-news.com\/es\/maria-baselga-directora-de-marketing-y-comunicacion-de-la-fundacion-a-la-par\/\" \/>\n<meta property=\"og:site_name\" content=\"Favorite News\" \/>\n<meta property=\"article:published_time\" content=\"2021-01-25T11:58:31+00:00\" \/>\n<meta property=\"article:modified_time\" content=\"2021-01-25T11:58:34+00:00\" \/>\n<meta property=\"og:image\" content=\"https:\/\/favorite-news.com\/es\/wp-content\/uploads\/sites\/4\/2021\/01\/Maria-Baselga-directora-de-marketing-y-comunicacion-de-la-Fundacion.jpg\" \/>\n\t<meta property=\"og:image:width\" content=\"530\" \/>\n\t<meta property=\"og:image:height\" content=\"300\" \/>\n\t<meta property=\"og:image:type\" content=\"image\/jpeg\" \/>\n<meta name=\"author\" content=\"favorite-news\" \/>\n<meta name=\"twitter:card\" content=\"summary_large_image\" \/>\n<meta name=\"twitter:label1\" content=\"Escrito por\" \/>\n\t<meta name=\"twitter:data1\" content=\"favorite-news\" \/>\n\t<meta name=\"twitter:label2\" content=\"Tiempo de lectura\" \/>\n\t<meta name=\"twitter:data2\" content=\"1 minuto\" \/>\n<script type=\"application\/ld+json\" class=\"yoast-schema-graph\">{\"@context\":\"https:\\\/\\\/schema.org\",\"@graph\":[{\"@type\":\"Article\",\"@id\":\"https:\\\/\\\/favorite-news.com\\\/es\\\/maria-baselga-directora-de-marketing-y-comunicacion-de-la-fundacion-a-la-par\\\/#article\",\"isPartOf\":{\"@id\":\"https:\\\/\\\/favorite-news.com\\\/es\\\/maria-baselga-directora-de-marketing-y-comunicacion-de-la-fundacion-a-la-par\\\/\"},\"author\":{\"name\":\"favorite-news\",\"@id\":\"https:\\\/\\\/favorite-news.com\\\/es\\\/#\\\/schema\\\/person\\\/b91573b717dcfa5e4696032a9d28d3e8\"},\"headline\":\"Mar\u00eda Baselga, directora de marketing y comunicaci\u00f3n de la Fundaci\u00f3n A la Par\",\"datePublished\":\"2021-01-25T11:58:31+00:00\",\"dateModified\":\"2021-01-25T11:58:34+00:00\",\"mainEntityOfPage\":{\"@id\":\"https:\\\/\\\/favorite-news.com\\\/es\\\/maria-baselga-directora-de-marketing-y-comunicacion-de-la-fundacion-a-la-par\\\/\"},\"wordCount\":163,\"commentCount\":0,\"image\":{\"@id\":\"https:\\\/\\\/favorite-news.com\\\/es\\\/maria-baselga-directora-de-marketing-y-comunicacion-de-la-fundacion-a-la-par\\\/#primaryimage\"},\"thumbnailUrl\":\"https:\\\/\\\/favorite-news.com\\\/es\\\/wp-content\\\/uploads\\\/sites\\\/4\\\/2021\\\/01\\\/Maria-Baselga-directora-de-marketing-y-comunicacion-de-la-Fundacion.jpg\",\"articleSection\":[\"NOTICIAS DE INTERNET MARKETING\"],\"inLanguage\":\"es\",\"potentialAction\":[{\"@type\":\"CommentAction\",\"name\":\"Comment\",\"target\":[\"https:\\\/\\\/favorite-news.com\\\/es\\\/maria-baselga-directora-de-marketing-y-comunicacion-de-la-fundacion-a-la-par\\\/#respond\"]}]},{\"@type\":\"WebPage\",\"@id\":\"https:\\\/\\\/favorite-news.com\\\/es\\\/maria-baselga-directora-de-marketing-y-comunicacion-de-la-fundacion-a-la-par\\\/\",\"url\":\"https:\\\/\\\/favorite-news.com\\\/es\\\/maria-baselga-directora-de-marketing-y-comunicacion-de-la-fundacion-a-la-par\\\/\",\"name\":\"Mar\u00eda Baselga, directora de marketing y comunicaci\u00f3n de la Fundaci\u00f3n A la Par - Favorite News\",\"isPartOf\":{\"@id\":\"https:\\\/\\\/favorite-news.com\\\/es\\\/#website\"},\"primaryImageOfPage\":{\"@id\":\"https:\\\/\\\/favorite-news.com\\\/es\\\/maria-baselga-directora-de-marketing-y-comunicacion-de-la-fundacion-a-la-par\\\/#primaryimage\"},\"image\":{\"@id\":\"https:\\\/\\\/favorite-news.com\\\/es\\\/maria-baselga-directora-de-marketing-y-comunicacion-de-la-fundacion-a-la-par\\\/#primaryimage\"},\"thumbnailUrl\":\"https:\\\/\\\/favorite-news.com\\\/es\\\/wp-content\\\/uploads\\\/sites\\\/4\\\/2021\\\/01\\\/Maria-Baselga-directora-de-marketing-y-comunicacion-de-la-Fundacion.jpg\",\"datePublished\":\"2021-01-25T11:58:31+00:00\",\"dateModified\":\"2021-01-25T11:58:34+00:00\",\"author\":{\"@id\":\"https:\\\/\\\/favorite-news.com\\\/es\\\/#\\\/schema\\\/person\\\/b91573b717dcfa5e4696032a9d28d3e8\"},\"breadcrumb\":{\"@id\":\"https:\\\/\\\/favorite-news.com\\\/es\\\/maria-baselga-directora-de-marketing-y-comunicacion-de-la-fundacion-a-la-par\\\/#breadcrumb\"},\"inLanguage\":\"es\",\"potentialAction\":[{\"@type\":\"ReadAction\",\"target\":[\"https:\\\/\\\/favorite-news.com\\\/es\\\/maria-baselga-directora-de-marketing-y-comunicacion-de-la-fundacion-a-la-par\\\/\"]}]},{\"@type\":\"ImageObject\",\"inLanguage\":\"es\",\"@id\":\"https:\\\/\\\/favorite-news.com\\\/es\\\/maria-baselga-directora-de-marketing-y-comunicacion-de-la-fundacion-a-la-par\\\/#primaryimage\",\"url\":\"https:\\\/\\\/favorite-news.com\\\/es\\\/wp-content\\\/uploads\\\/sites\\\/4\\\/2021\\\/01\\\/Maria-Baselga-directora-de-marketing-y-comunicacion-de-la-Fundacion.jpg\",\"contentUrl\":\"https:\\\/\\\/favorite-news.com\\\/es\\\/wp-content\\\/uploads\\\/sites\\\/4\\\/2021\\\/01\\\/Maria-Baselga-directora-de-marketing-y-comunicacion-de-la-Fundacion.jpg\",\"width\":530,\"height\":300,\"caption\":\"Mar\u00eda Baselga, directora de marketing y comunicaci\u00f3n de la Fundaci\u00f3n A la Par\"},{\"@type\":\"BreadcrumbList\",\"@id\":\"https:\\\/\\\/favorite-news.com\\\/es\\\/maria-baselga-directora-de-marketing-y-comunicacion-de-la-fundacion-a-la-par\\\/#breadcrumb\",\"itemListElement\":[{\"@type\":\"ListItem\",\"position\":1,\"name\":\"Home\",\"item\":\"https:\\\/\\\/favorite-news.com\\\/es\\\/\"},{\"@type\":\"ListItem\",\"position\":2,\"name\":\"Mar\u00eda Baselga, directora de marketing y comunicaci\u00f3n de la Fundaci\u00f3n A la Par\"}]},{\"@type\":\"WebSite\",\"@id\":\"https:\\\/\\\/favorite-news.com\\\/es\\\/#website\",\"url\":\"https:\\\/\\\/favorite-news.com\\\/es\\\/\",\"name\":\"Favorite News\",\"description\":\"Favorite News Espa\u00f1a\",\"potentialAction\":[{\"@type\":\"SearchAction\",\"target\":{\"@type\":\"EntryPoint\",\"urlTemplate\":\"https:\\\/\\\/favorite-news.com\\\/es\\\/?s={search_term_string}\"},\"query-input\":{\"@type\":\"PropertyValueSpecification\",\"valueRequired\":true,\"valueName\":\"search_term_string\"}}],\"inLanguage\":\"es\"},{\"@type\":\"Person\",\"@id\":\"https:\\\/\\\/favorite-news.com\\\/es\\\/#\\\/schema\\\/person\\\/b91573b717dcfa5e4696032a9d28d3e8\",\"name\":\"favorite-news\",\"image\":{\"@type\":\"ImageObject\",\"inLanguage\":\"es\",\"@id\":\"https:\\\/\\\/secure.gravatar.com\\\/avatar\\\/6c5a5cb12b74e9d517ee91cf570335b7d16177f1977cc91db161adfa435945a7?s=96&d=mm&r=g\",\"url\":\"https:\\\/\\\/secure.gravatar.com\\\/avatar\\\/6c5a5cb12b74e9d517ee91cf570335b7d16177f1977cc91db161adfa435945a7?s=96&d=mm&r=g\",\"contentUrl\":\"https:\\\/\\\/secure.gravatar.com\\\/avatar\\\/6c5a5cb12b74e9d517ee91cf570335b7d16177f1977cc91db161adfa435945a7?s=96&d=mm&r=g\",\"caption\":\"favorite-news\"},\"url\":\"https:\\\/\\\/favorite-news.com\\\/es\\\/author\\\/pt\\\/\"}]}<\/script>\n<!-- \/ Yoast SEO plugin. -->","yoast_head_json":{"title":"Mar\u00eda Baselga, directora de marketing y comunicaci\u00f3n de la Fundaci\u00f3n A la Par - Favorite News","robots":{"index":"index","follow":"follow","max-snippet":"max-snippet:-1","max-image-preview":"max-image-preview:large","max-video-preview":"max-video-preview:-1"},"canonical":"https:\/\/favorite-news.com\/es\/maria-baselga-directora-de-marketing-y-comunicacion-de-la-fundacion-a-la-par\/","og_locale":"es_ES","og_type":"article","og_title":"Mar\u00eda Baselga, directora de marketing y comunicaci\u00f3n de la Fundaci\u00f3n A la Par - Favorite News","og_description":"Mar\u00eda BaselgaLa Fundaci\u00f3n A la Par, que preside Almudena Martorell, ha nombrado a Mar\u00eda Baselga directora de marketing y comunicaci\u00f3n.Licenciada en Administraci\u00f3n y Direcci\u00f3n de Empresas por C.U.N.E.F (Colegio Universitario de Estudios Financieros), Baselga ha sido directora de marketing de Zumosol. Igualmente, trabaj\u00f3 m\u00e1s de 13 a\u00f1os en Unilever, multinacional de productos de consumo, en [&hellip;]","og_url":"https:\/\/favorite-news.com\/es\/maria-baselga-directora-de-marketing-y-comunicacion-de-la-fundacion-a-la-par\/","og_site_name":"Favorite News","article_published_time":"2021-01-25T11:58:31+00:00","article_modified_time":"2021-01-25T11:58:34+00:00","og_image":[{"width":530,"height":300,"url":"https:\/\/favorite-news.com\/es\/wp-content\/uploads\/sites\/4\/2021\/01\/Maria-Baselga-directora-de-marketing-y-comunicacion-de-la-Fundacion.jpg","type":"image\/jpeg"}],"author":"favorite-news","twitter_card":"summary_large_image","twitter_misc":{"Escrito por":"favorite-news","Tiempo de lectura":"1 minuto"},"schema":{"@context":"https:\/\/schema.org","@graph":[{"@type":"Article","@id":"https:\/\/favorite-news.com\/es\/maria-baselga-directora-de-marketing-y-comunicacion-de-la-fundacion-a-la-par\/#article","isPartOf":{"@id":"https:\/\/favorite-news.com\/es\/maria-baselga-directora-de-marketing-y-comunicacion-de-la-fundacion-a-la-par\/"},"author":{"name":"favorite-news","@id":"https:\/\/favorite-news.com\/es\/#\/schema\/person\/b91573b717dcfa5e4696032a9d28d3e8"},"headline":"Mar\u00eda Baselga, directora de marketing y comunicaci\u00f3n de la Fundaci\u00f3n A la Par","datePublished":"2021-01-25T11:58:31+00:00","dateModified":"2021-01-25T11:58:34+00:00","mainEntityOfPage":{"@id":"https:\/\/favorite-news.com\/es\/maria-baselga-directora-de-marketing-y-comunicacion-de-la-fundacion-a-la-par\/"},"wordCount":163,"commentCount":0,"image":{"@id":"https:\/\/favorite-news.com\/es\/maria-baselga-directora-de-marketing-y-comunicacion-de-la-fundacion-a-la-par\/#primaryimage"},"thumbnailUrl":"https:\/\/favorite-news.com\/es\/wp-content\/uploads\/sites\/4\/2021\/01\/Maria-Baselga-directora-de-marketing-y-comunicacion-de-la-Fundacion.jpg","articleSection":["NOTICIAS DE INTERNET MARKETING"],"inLanguage":"es","potentialAction":[{"@type":"CommentAction","name":"Comment","target":["https:\/\/favorite-news.com\/es\/maria-baselga-directora-de-marketing-y-comunicacion-de-la-fundacion-a-la-par\/#respond"]}]},{"@type":"WebPage","@id":"https:\/\/favorite-news.com\/es\/maria-baselga-directora-de-marketing-y-comunicacion-de-la-fundacion-a-la-par\/","url":"https:\/\/favorite-news.com\/es\/maria-baselga-directora-de-marketing-y-comunicacion-de-la-fundacion-a-la-par\/","name":"Mar\u00eda Baselga, directora de marketing y comunicaci\u00f3n de la Fundaci\u00f3n A la Par - Favorite News","isPartOf":{"@id":"https:\/\/favorite-news.com\/es\/#website"},"primaryImageOfPage":{"@id":"https:\/\/favorite-news.com\/es\/maria-baselga-directora-de-marketing-y-comunicacion-de-la-fundacion-a-la-par\/#primaryimage"},"image":{"@id":"https:\/\/favorite-news.com\/es\/maria-baselga-directora-de-marketing-y-comunicacion-de-la-fundacion-a-la-par\/#primaryimage"},"thumbnailUrl":"https:\/\/favorite-news.com\/es\/wp-content\/uploads\/sites\/4\/2021\/01\/Maria-Baselga-directora-de-marketing-y-comunicacion-de-la-Fundacion.jpg","datePublished":"2021-01-25T11:58:31+00:00","dateModified":"2021-01-25T11:58:34+00:00","author":{"@id":"https:\/\/favorite-news.com\/es\/#\/schema\/person\/b91573b717dcfa5e4696032a9d28d3e8"},"breadcrumb":{"@id":"https:\/\/favorite-news.com\/es\/maria-baselga-directora-de-marketing-y-comunicacion-de-la-fundacion-a-la-par\/#breadcrumb"},"inLanguage":"es","potentialAction":[{"@type":"ReadAction","target":["https:\/\/favorite-news.com\/es\/maria-baselga-directora-de-marketing-y-comunicacion-de-la-fundacion-a-la-par\/"]}]},{"@type":"ImageObject","inLanguage":"es","@id":"https:\/\/favorite-news.com\/es\/maria-baselga-directora-de-marketing-y-comunicacion-de-la-fundacion-a-la-par\/#primaryimage","url":"https:\/\/favorite-news.com\/es\/wp-content\/uploads\/sites\/4\/2021\/01\/Maria-Baselga-directora-de-marketing-y-comunicacion-de-la-Fundacion.jpg","contentUrl":"https:\/\/favorite-news.com\/es\/wp-content\/uploads\/sites\/4\/2021\/01\/Maria-Baselga-directora-de-marketing-y-comunicacion-de-la-Fundacion.jpg","width":530,"height":300,"caption":"Mar\u00eda Baselga, directora de marketing y comunicaci\u00f3n de la Fundaci\u00f3n A la Par"},{"@type":"BreadcrumbList","@id":"https:\/\/favorite-news.com\/es\/maria-baselga-directora-de-marketing-y-comunicacion-de-la-fundacion-a-la-par\/#breadcrumb","itemListElement":[{"@type":"ListItem","position":1,"name":"Home","item":"https:\/\/favorite-news.com\/es\/"},{"@type":"ListItem","position":2,"name":"Mar\u00eda Baselga, directora de marketing y comunicaci\u00f3n de la Fundaci\u00f3n A la Par"}]},{"@type":"WebSite","@id":"https:\/\/favorite-news.com\/es\/#website","url":"https:\/\/favorite-news.com\/es\/","name":"Favorite News","description":"Favorite News Espa\u00f1a","potentialAction":[{"@type":"SearchAction","target":{"@type":"EntryPoint","urlTemplate":"https:\/\/favorite-news.com\/es\/?s={search_term_string}"},"query-input":{"@type":"PropertyValueSpecification","valueRequired":true,"valueName":"search_term_string"}}],"inLanguage":"es"},{"@type":"Person","@id":"https:\/\/favorite-news.com\/es\/#\/schema\/person\/b91573b717dcfa5e4696032a9d28d3e8","name":"favorite-news","image":{"@type":"ImageObject","inLanguage":"es","@id":"https:\/\/secure.gravatar.com\/avatar\/6c5a5cb12b74e9d517ee91cf570335b7d16177f1977cc91db161adfa435945a7?s=96&d=mm&r=g","url":"https:\/\/secure.gravatar.com\/avatar\/6c5a5cb12b74e9d517ee91cf570335b7d16177f1977cc91db161adfa435945a7?s=96&d=mm&r=g","contentUrl":"https:\/\/secure.gravatar.com\/avatar\/6c5a5cb12b74e9d517ee91cf570335b7d16177f1977cc91db161adfa435945a7?s=96&d=mm&r=g","caption":"favorite-news"},"url":"https:\/\/favorite-news.com\/es\/author\/pt\/"}]}},"_links":{"self":[{"href":"https:\/\/favorite-news.com\/es\/wp-json\/wp\/v2\/posts\/5614","targetHints":{"allow":["GET"]}}],"collection":[{"href":"https:\/\/favorite-news.com\/es\/wp-json\/wp\/v2\/posts"}],"about":[{"href":"https:\/\/favorite-news.com\/es\/wp-json\/wp\/v2\/types\/post"}],"author":[{"embeddable":true,"href":"https:\/\/favorite-news.com\/es\/wp-json\/wp\/v2\/users\/2"}],"replies":[{"embeddable":true,"href":"https:\/\/favorite-news.com\/es\/wp-json\/wp\/v2\/comments?post=5614"}],"version-history":[{"count":1,"href":"https:\/\/favorite-news.com\/es\/wp-json\/wp\/v2\/posts\/5614\/revisions"}],"predecessor-version":[{"id":5616,"href":"https:\/\/favorite-news.com\/es\/wp-json\/wp\/v2\/posts\/5614\/revisions\/5616"}],"wp:featuredmedia":[{"embeddable":true,"href":"https:\/\/favorite-news.com\/es\/wp-json\/wp\/v2\/media\/5615"}],"wp:attachment":[{"href":"https:\/\/favorite-news.com\/es\/wp-json\/wp\/v2\/media?parent=5614"}],"wp:term":[{"taxonomy":"category","embeddable":true,"href":"https:\/\/favorite-news.com\/es\/wp-json\/wp\/v2\/categories?post=5614"},{"taxonomy":"post_tag","embeddable":true,"href":"https:\/\/favorite-news.com\/es\/wp-json\/wp\/v2\/tags?post=5614"}],"curies":[{"name":"wp","href":"https:\/\/api.w.org\/{rel}","templated":true}]}}