{"id":5588,"date":"2021-01-20T14:20:45","date_gmt":"2021-01-20T11:20:45","guid":{"rendered":"https:\/\/favorite-news.com\/es\/asi-es-el-nuevo-consumidor-que-ha-surgido-por-la-pandemia\/"},"modified":"2021-01-20T14:20:48","modified_gmt":"2021-01-20T11:20:48","slug":"asi-es-el-nuevo-consumidor-que-ha-surgido-por-la-pandemia","status":"publish","type":"post","link":"https:\/\/favorite-news.com\/es\/asi-es-el-nuevo-consumidor-que-ha-surgido-por-la-pandemia\/","title":{"rendered":"As\u00ed es el nuevo consumidor que ha surgido por la pandemia"},"content":{"rendered":"<p>El uso de la bicicleta como medio de transporte ha crecido un 23%Los \u00faltimos datos del an\u00e1lisis de Carat, correspondientes el cuarto trimestre de 2020, obtenidos a partir de M1Panel (antiguo CCS), cuantifican la reducci\u00f3n del contacto f\u00edsico y la vida social, se\u00f1alan los cambios en nuestras preferencias y preocupaciones y confirman el gran impulso de la digitalizaci\u00f3n.Seg\u00fan los resultados de la investigaci\u00f3n, el confinamiento nos ha dejado una sociedad con menos contacto f\u00edsico y con menor vida social, en la que un 67,7% de los individuos ha reducido su asistencia a eventos o lugares de entretenimiento, el 58% ha ido menos a bares o restaurantes y el 57,8% ha reducido la interacci\u00f3n frecuente con amigos.La pandemia tambi\u00e9n ha modificado notablemente nuestras preocupaciones y preferencias. Lo local cobra especial relevancia. Un 59,2% de los consumidores prefiere marcas nacionales y un 37,5% ya elige las tiendas de barrio frente a otras opciones. La estabilidad en el trabajo se ha convertido, seg\u00fan Carat, en nuestra principal preocupaci\u00f3n. El 28,7% se siente menos seguro en su trabajo que hace un a\u00f1o.El cambio de h\u00e1bitos afecta tambi\u00e9n de forma notable a nuestro consumo de medios, que se ha hecho mucho m\u00e1s digital y ha impulsado los servicios de streaming. En el \u00faltimo trimestre de 2020, el 90,7% de la poblaci\u00f3n se conecta a internet a diario y el 50,3% ve tambi\u00e9n a diario contenidos de TV\/video streaming bajo demanda. El 38,9% escucha m\u00fasica en streaming y el 35,7% juega a diario a videojuegos online.Los desplazamientos han disminuido y se ha reducido el uso del transporte p\u00fablico un 36,9%, desplazado por otros medios de transporte entre los que destaca la bicicleta, cuyo uso ha aumentado un 23%.El estudio de Carat tambi\u00e9n habla de que el descenso de las compras ha sido generalizado en todas las categor\u00edas, salvo en alimentaci\u00f3n, que ha aumentado un 1,7% respecto a 2019 y las de equipamientos tecnol\u00f3gicos, que crece m\u00e1s del 4,5% en todos los dispositivos y casi un 8% en smartphones. Uno de cada tres consumidores realiza ya sus compras preferentemente online, una modalidad que ha aumentado un 49,8% en el sector de la alimentaci\u00f3n. El 63,5% de los consumidores prefiere retrasar una compra importante hasta que mejore la econom\u00eda, pero es una cifra muy similar a la que ya se registraba en 2019 y solo ha crecido un 0,6% respecto al a\u00f1o pasado.Accede a la infograf\u00eda\u00a0\u00a0<br \/>\n<br \/>\n<!--noindex--><br \/>\n<a href=\"http:\/\/www.marketingnews.es\/investigacion\/noticia\/1164018031605\/asi-nuevo-consumidor-surgido-pandemia.1.html\" rel=\"nofollow\">Source link <\/a><br \/>\n<!--\/noindex--><\/p>\n","protected":false},"excerpt":{"rendered":"<p>El uso de la bicicleta como medio de transporte ha crecido un 23%Los \u00faltimos datos del an\u00e1lisis de Carat, correspondientes el cuarto trimestre de 2020, obtenidos a partir de M1Panel (antiguo CCS), cuantifican la reducci\u00f3n del contacto f\u00edsico y la vida social, se\u00f1alan los cambios en nuestras preferencias y preocupaciones y confirman el gran impulso [&hellip;]<\/p>\n","protected":false},"author":2,"featured_media":5589,"comment_status":"open","ping_status":"open","sticky":false,"template":"","format":"standard","meta":{"footnotes":""},"categories":[2],"tags":[],"class_list":["post-5588","post","type-post","status-publish","format-standard","has-post-thumbnail","hentry","category-noticias-de-internet-marketing"],"yoast_head":"<!-- This site is optimized with the Yoast SEO plugin v27.4 - https:\/\/yoast.com\/product\/yoast-seo-wordpress\/ -->\n<title>As\u00ed es el nuevo consumidor que ha surgido por la pandemia - Favorite News<\/title>\n<meta name=\"robots\" content=\"index, follow, max-snippet:-1, max-image-preview:large, max-video-preview:-1\" \/>\n<link rel=\"canonical\" href=\"https:\/\/favorite-news.com\/es\/asi-es-el-nuevo-consumidor-que-ha-surgido-por-la-pandemia\/\" \/>\n<meta property=\"og:locale\" content=\"es_ES\" \/>\n<meta property=\"og:type\" content=\"article\" \/>\n<meta property=\"og:title\" content=\"As\u00ed es el nuevo consumidor que ha surgido por la pandemia - Favorite News\" \/>\n<meta property=\"og:description\" content=\"El uso de la bicicleta como medio de transporte ha crecido un 23%Los \u00faltimos datos del an\u00e1lisis de Carat, correspondientes el cuarto trimestre de 2020, obtenidos a partir de M1Panel (antiguo CCS), cuantifican la reducci\u00f3n del contacto f\u00edsico y la vida social, se\u00f1alan los cambios en nuestras preferencias y preocupaciones y confirman el gran impulso [&hellip;]\" \/>\n<meta property=\"og:url\" content=\"https:\/\/favorite-news.com\/es\/asi-es-el-nuevo-consumidor-que-ha-surgido-por-la-pandemia\/\" \/>\n<meta property=\"og:site_name\" content=\"Favorite News\" \/>\n<meta property=\"article:published_time\" content=\"2021-01-20T11:20:45+00:00\" \/>\n<meta property=\"article:modified_time\" content=\"2021-01-20T11:20:48+00:00\" \/>\n<meta property=\"og:image\" content=\"https:\/\/favorite-news.com\/es\/wp-content\/uploads\/sites\/4\/2021\/01\/Asi-es-el-nuevo-consumidor-que-ha-surgido-por-la.jpg\" \/>\n\t<meta property=\"og:image:width\" content=\"530\" \/>\n\t<meta property=\"og:image:height\" content=\"300\" \/>\n\t<meta property=\"og:image:type\" content=\"image\/jpeg\" \/>\n<meta name=\"author\" content=\"favorite-news\" \/>\n<meta name=\"twitter:card\" content=\"summary_large_image\" \/>\n<meta name=\"twitter:label1\" content=\"Escrito por\" \/>\n\t<meta name=\"twitter:data1\" content=\"favorite-news\" \/>\n\t<meta name=\"twitter:label2\" content=\"Tiempo de lectura\" \/>\n\t<meta name=\"twitter:data2\" content=\"2 minutos\" \/>\n<script type=\"application\/ld+json\" class=\"yoast-schema-graph\">{\"@context\":\"https:\\\/\\\/schema.org\",\"@graph\":[{\"@type\":\"Article\",\"@id\":\"https:\\\/\\\/favorite-news.com\\\/es\\\/asi-es-el-nuevo-consumidor-que-ha-surgido-por-la-pandemia\\\/#article\",\"isPartOf\":{\"@id\":\"https:\\\/\\\/favorite-news.com\\\/es\\\/asi-es-el-nuevo-consumidor-que-ha-surgido-por-la-pandemia\\\/\"},\"author\":{\"name\":\"favorite-news\",\"@id\":\"https:\\\/\\\/favorite-news.com\\\/es\\\/#\\\/schema\\\/person\\\/b91573b717dcfa5e4696032a9d28d3e8\"},\"headline\":\"As\u00ed es el nuevo consumidor que ha surgido por la pandemia\",\"datePublished\":\"2021-01-20T11:20:45+00:00\",\"dateModified\":\"2021-01-20T11:20:48+00:00\",\"mainEntityOfPage\":{\"@id\":\"https:\\\/\\\/favorite-news.com\\\/es\\\/asi-es-el-nuevo-consumidor-que-ha-surgido-por-la-pandemia\\\/\"},\"wordCount\":426,\"commentCount\":0,\"image\":{\"@id\":\"https:\\\/\\\/favorite-news.com\\\/es\\\/asi-es-el-nuevo-consumidor-que-ha-surgido-por-la-pandemia\\\/#primaryimage\"},\"thumbnailUrl\":\"https:\\\/\\\/favorite-news.com\\\/es\\\/wp-content\\\/uploads\\\/sites\\\/4\\\/2021\\\/01\\\/Asi-es-el-nuevo-consumidor-que-ha-surgido-por-la.jpg\",\"articleSection\":[\"NOTICIAS DE INTERNET MARKETING\"],\"inLanguage\":\"es\",\"potentialAction\":[{\"@type\":\"CommentAction\",\"name\":\"Comment\",\"target\":[\"https:\\\/\\\/favorite-news.com\\\/es\\\/asi-es-el-nuevo-consumidor-que-ha-surgido-por-la-pandemia\\\/#respond\"]}]},{\"@type\":\"WebPage\",\"@id\":\"https:\\\/\\\/favorite-news.com\\\/es\\\/asi-es-el-nuevo-consumidor-que-ha-surgido-por-la-pandemia\\\/\",\"url\":\"https:\\\/\\\/favorite-news.com\\\/es\\\/asi-es-el-nuevo-consumidor-que-ha-surgido-por-la-pandemia\\\/\",\"name\":\"As\u00ed es el nuevo consumidor que ha surgido por la pandemia - Favorite News\",\"isPartOf\":{\"@id\":\"https:\\\/\\\/favorite-news.com\\\/es\\\/#website\"},\"primaryImageOfPage\":{\"@id\":\"https:\\\/\\\/favorite-news.com\\\/es\\\/asi-es-el-nuevo-consumidor-que-ha-surgido-por-la-pandemia\\\/#primaryimage\"},\"image\":{\"@id\":\"https:\\\/\\\/favorite-news.com\\\/es\\\/asi-es-el-nuevo-consumidor-que-ha-surgido-por-la-pandemia\\\/#primaryimage\"},\"thumbnailUrl\":\"https:\\\/\\\/favorite-news.com\\\/es\\\/wp-content\\\/uploads\\\/sites\\\/4\\\/2021\\\/01\\\/Asi-es-el-nuevo-consumidor-que-ha-surgido-por-la.jpg\",\"datePublished\":\"2021-01-20T11:20:45+00:00\",\"dateModified\":\"2021-01-20T11:20:48+00:00\",\"author\":{\"@id\":\"https:\\\/\\\/favorite-news.com\\\/es\\\/#\\\/schema\\\/person\\\/b91573b717dcfa5e4696032a9d28d3e8\"},\"breadcrumb\":{\"@id\":\"https:\\\/\\\/favorite-news.com\\\/es\\\/asi-es-el-nuevo-consumidor-que-ha-surgido-por-la-pandemia\\\/#breadcrumb\"},\"inLanguage\":\"es\",\"potentialAction\":[{\"@type\":\"ReadAction\",\"target\":[\"https:\\\/\\\/favorite-news.com\\\/es\\\/asi-es-el-nuevo-consumidor-que-ha-surgido-por-la-pandemia\\\/\"]}]},{\"@type\":\"ImageObject\",\"inLanguage\":\"es\",\"@id\":\"https:\\\/\\\/favorite-news.com\\\/es\\\/asi-es-el-nuevo-consumidor-que-ha-surgido-por-la-pandemia\\\/#primaryimage\",\"url\":\"https:\\\/\\\/favorite-news.com\\\/es\\\/wp-content\\\/uploads\\\/sites\\\/4\\\/2021\\\/01\\\/Asi-es-el-nuevo-consumidor-que-ha-surgido-por-la.jpg\",\"contentUrl\":\"https:\\\/\\\/favorite-news.com\\\/es\\\/wp-content\\\/uploads\\\/sites\\\/4\\\/2021\\\/01\\\/Asi-es-el-nuevo-consumidor-que-ha-surgido-por-la.jpg\",\"width\":530,\"height\":300,\"caption\":\"As\u00ed es el nuevo consumidor que ha surgido por la pandemia\"},{\"@type\":\"BreadcrumbList\",\"@id\":\"https:\\\/\\\/favorite-news.com\\\/es\\\/asi-es-el-nuevo-consumidor-que-ha-surgido-por-la-pandemia\\\/#breadcrumb\",\"itemListElement\":[{\"@type\":\"ListItem\",\"position\":1,\"name\":\"Home\",\"item\":\"https:\\\/\\\/favorite-news.com\\\/es\\\/\"},{\"@type\":\"ListItem\",\"position\":2,\"name\":\"As\u00ed es el nuevo consumidor que ha surgido por la pandemia\"}]},{\"@type\":\"WebSite\",\"@id\":\"https:\\\/\\\/favorite-news.com\\\/es\\\/#website\",\"url\":\"https:\\\/\\\/favorite-news.com\\\/es\\\/\",\"name\":\"Favorite News\",\"description\":\"Favorite News Espa\u00f1a\",\"potentialAction\":[{\"@type\":\"SearchAction\",\"target\":{\"@type\":\"EntryPoint\",\"urlTemplate\":\"https:\\\/\\\/favorite-news.com\\\/es\\\/?s={search_term_string}\"},\"query-input\":{\"@type\":\"PropertyValueSpecification\",\"valueRequired\":true,\"valueName\":\"search_term_string\"}}],\"inLanguage\":\"es\"},{\"@type\":\"Person\",\"@id\":\"https:\\\/\\\/favorite-news.com\\\/es\\\/#\\\/schema\\\/person\\\/b91573b717dcfa5e4696032a9d28d3e8\",\"name\":\"favorite-news\",\"image\":{\"@type\":\"ImageObject\",\"inLanguage\":\"es\",\"@id\":\"https:\\\/\\\/secure.gravatar.com\\\/avatar\\\/6c5a5cb12b74e9d517ee91cf570335b7d16177f1977cc91db161adfa435945a7?s=96&d=mm&r=g\",\"url\":\"https:\\\/\\\/secure.gravatar.com\\\/avatar\\\/6c5a5cb12b74e9d517ee91cf570335b7d16177f1977cc91db161adfa435945a7?s=96&d=mm&r=g\",\"contentUrl\":\"https:\\\/\\\/secure.gravatar.com\\\/avatar\\\/6c5a5cb12b74e9d517ee91cf570335b7d16177f1977cc91db161adfa435945a7?s=96&d=mm&r=g\",\"caption\":\"favorite-news\"},\"url\":\"https:\\\/\\\/favorite-news.com\\\/es\\\/author\\\/pt\\\/\"}]}<\/script>\n<!-- \/ Yoast SEO plugin. -->","yoast_head_json":{"title":"As\u00ed es el nuevo consumidor que ha surgido por la pandemia - Favorite News","robots":{"index":"index","follow":"follow","max-snippet":"max-snippet:-1","max-image-preview":"max-image-preview:large","max-video-preview":"max-video-preview:-1"},"canonical":"https:\/\/favorite-news.com\/es\/asi-es-el-nuevo-consumidor-que-ha-surgido-por-la-pandemia\/","og_locale":"es_ES","og_type":"article","og_title":"As\u00ed es el nuevo consumidor que ha surgido por la pandemia - Favorite News","og_description":"El uso de la bicicleta como medio de transporte ha crecido un 23%Los \u00faltimos datos del an\u00e1lisis de Carat, correspondientes el cuarto trimestre de 2020, obtenidos a partir de M1Panel (antiguo CCS), cuantifican la reducci\u00f3n del contacto f\u00edsico y la vida social, se\u00f1alan los cambios en nuestras preferencias y preocupaciones y confirman el gran impulso [&hellip;]","og_url":"https:\/\/favorite-news.com\/es\/asi-es-el-nuevo-consumidor-que-ha-surgido-por-la-pandemia\/","og_site_name":"Favorite News","article_published_time":"2021-01-20T11:20:45+00:00","article_modified_time":"2021-01-20T11:20:48+00:00","og_image":[{"width":530,"height":300,"url":"https:\/\/favorite-news.com\/es\/wp-content\/uploads\/sites\/4\/2021\/01\/Asi-es-el-nuevo-consumidor-que-ha-surgido-por-la.jpg","type":"image\/jpeg"}],"author":"favorite-news","twitter_card":"summary_large_image","twitter_misc":{"Escrito por":"favorite-news","Tiempo de lectura":"2 minutos"},"schema":{"@context":"https:\/\/schema.org","@graph":[{"@type":"Article","@id":"https:\/\/favorite-news.com\/es\/asi-es-el-nuevo-consumidor-que-ha-surgido-por-la-pandemia\/#article","isPartOf":{"@id":"https:\/\/favorite-news.com\/es\/asi-es-el-nuevo-consumidor-que-ha-surgido-por-la-pandemia\/"},"author":{"name":"favorite-news","@id":"https:\/\/favorite-news.com\/es\/#\/schema\/person\/b91573b717dcfa5e4696032a9d28d3e8"},"headline":"As\u00ed es el nuevo consumidor que ha surgido por la pandemia","datePublished":"2021-01-20T11:20:45+00:00","dateModified":"2021-01-20T11:20:48+00:00","mainEntityOfPage":{"@id":"https:\/\/favorite-news.com\/es\/asi-es-el-nuevo-consumidor-que-ha-surgido-por-la-pandemia\/"},"wordCount":426,"commentCount":0,"image":{"@id":"https:\/\/favorite-news.com\/es\/asi-es-el-nuevo-consumidor-que-ha-surgido-por-la-pandemia\/#primaryimage"},"thumbnailUrl":"https:\/\/favorite-news.com\/es\/wp-content\/uploads\/sites\/4\/2021\/01\/Asi-es-el-nuevo-consumidor-que-ha-surgido-por-la.jpg","articleSection":["NOTICIAS DE INTERNET MARKETING"],"inLanguage":"es","potentialAction":[{"@type":"CommentAction","name":"Comment","target":["https:\/\/favorite-news.com\/es\/asi-es-el-nuevo-consumidor-que-ha-surgido-por-la-pandemia\/#respond"]}]},{"@type":"WebPage","@id":"https:\/\/favorite-news.com\/es\/asi-es-el-nuevo-consumidor-que-ha-surgido-por-la-pandemia\/","url":"https:\/\/favorite-news.com\/es\/asi-es-el-nuevo-consumidor-que-ha-surgido-por-la-pandemia\/","name":"As\u00ed es el nuevo consumidor que ha surgido por la pandemia - Favorite News","isPartOf":{"@id":"https:\/\/favorite-news.com\/es\/#website"},"primaryImageOfPage":{"@id":"https:\/\/favorite-news.com\/es\/asi-es-el-nuevo-consumidor-que-ha-surgido-por-la-pandemia\/#primaryimage"},"image":{"@id":"https:\/\/favorite-news.com\/es\/asi-es-el-nuevo-consumidor-que-ha-surgido-por-la-pandemia\/#primaryimage"},"thumbnailUrl":"https:\/\/favorite-news.com\/es\/wp-content\/uploads\/sites\/4\/2021\/01\/Asi-es-el-nuevo-consumidor-que-ha-surgido-por-la.jpg","datePublished":"2021-01-20T11:20:45+00:00","dateModified":"2021-01-20T11:20:48+00:00","author":{"@id":"https:\/\/favorite-news.com\/es\/#\/schema\/person\/b91573b717dcfa5e4696032a9d28d3e8"},"breadcrumb":{"@id":"https:\/\/favorite-news.com\/es\/asi-es-el-nuevo-consumidor-que-ha-surgido-por-la-pandemia\/#breadcrumb"},"inLanguage":"es","potentialAction":[{"@type":"ReadAction","target":["https:\/\/favorite-news.com\/es\/asi-es-el-nuevo-consumidor-que-ha-surgido-por-la-pandemia\/"]}]},{"@type":"ImageObject","inLanguage":"es","@id":"https:\/\/favorite-news.com\/es\/asi-es-el-nuevo-consumidor-que-ha-surgido-por-la-pandemia\/#primaryimage","url":"https:\/\/favorite-news.com\/es\/wp-content\/uploads\/sites\/4\/2021\/01\/Asi-es-el-nuevo-consumidor-que-ha-surgido-por-la.jpg","contentUrl":"https:\/\/favorite-news.com\/es\/wp-content\/uploads\/sites\/4\/2021\/01\/Asi-es-el-nuevo-consumidor-que-ha-surgido-por-la.jpg","width":530,"height":300,"caption":"As\u00ed es el nuevo consumidor que ha surgido por la pandemia"},{"@type":"BreadcrumbList","@id":"https:\/\/favorite-news.com\/es\/asi-es-el-nuevo-consumidor-que-ha-surgido-por-la-pandemia\/#breadcrumb","itemListElement":[{"@type":"ListItem","position":1,"name":"Home","item":"https:\/\/favorite-news.com\/es\/"},{"@type":"ListItem","position":2,"name":"As\u00ed es el nuevo consumidor que ha surgido por la pandemia"}]},{"@type":"WebSite","@id":"https:\/\/favorite-news.com\/es\/#website","url":"https:\/\/favorite-news.com\/es\/","name":"Favorite News","description":"Favorite News Espa\u00f1a","potentialAction":[{"@type":"SearchAction","target":{"@type":"EntryPoint","urlTemplate":"https:\/\/favorite-news.com\/es\/?s={search_term_string}"},"query-input":{"@type":"PropertyValueSpecification","valueRequired":true,"valueName":"search_term_string"}}],"inLanguage":"es"},{"@type":"Person","@id":"https:\/\/favorite-news.com\/es\/#\/schema\/person\/b91573b717dcfa5e4696032a9d28d3e8","name":"favorite-news","image":{"@type":"ImageObject","inLanguage":"es","@id":"https:\/\/secure.gravatar.com\/avatar\/6c5a5cb12b74e9d517ee91cf570335b7d16177f1977cc91db161adfa435945a7?s=96&d=mm&r=g","url":"https:\/\/secure.gravatar.com\/avatar\/6c5a5cb12b74e9d517ee91cf570335b7d16177f1977cc91db161adfa435945a7?s=96&d=mm&r=g","contentUrl":"https:\/\/secure.gravatar.com\/avatar\/6c5a5cb12b74e9d517ee91cf570335b7d16177f1977cc91db161adfa435945a7?s=96&d=mm&r=g","caption":"favorite-news"},"url":"https:\/\/favorite-news.com\/es\/author\/pt\/"}]}},"_links":{"self":[{"href":"https:\/\/favorite-news.com\/es\/wp-json\/wp\/v2\/posts\/5588","targetHints":{"allow":["GET"]}}],"collection":[{"href":"https:\/\/favorite-news.com\/es\/wp-json\/wp\/v2\/posts"}],"about":[{"href":"https:\/\/favorite-news.com\/es\/wp-json\/wp\/v2\/types\/post"}],"author":[{"embeddable":true,"href":"https:\/\/favorite-news.com\/es\/wp-json\/wp\/v2\/users\/2"}],"replies":[{"embeddable":true,"href":"https:\/\/favorite-news.com\/es\/wp-json\/wp\/v2\/comments?post=5588"}],"version-history":[{"count":1,"href":"https:\/\/favorite-news.com\/es\/wp-json\/wp\/v2\/posts\/5588\/revisions"}],"predecessor-version":[{"id":5590,"href":"https:\/\/favorite-news.com\/es\/wp-json\/wp\/v2\/posts\/5588\/revisions\/5590"}],"wp:featuredmedia":[{"embeddable":true,"href":"https:\/\/favorite-news.com\/es\/wp-json\/wp\/v2\/media\/5589"}],"wp:attachment":[{"href":"https:\/\/favorite-news.com\/es\/wp-json\/wp\/v2\/media?parent=5588"}],"wp:term":[{"taxonomy":"category","embeddable":true,"href":"https:\/\/favorite-news.com\/es\/wp-json\/wp\/v2\/categories?post=5588"},{"taxonomy":"post_tag","embeddable":true,"href":"https:\/\/favorite-news.com\/es\/wp-json\/wp\/v2\/tags?post=5588"}],"curies":[{"name":"wp","href":"https:\/\/api.w.org\/{rel}","templated":true}]}}