{"id":5543,"date":"2021-01-12T13:33:56","date_gmt":"2021-01-12T10:33:56","guid":{"rendered":"https:\/\/favorite-news.com\/es\/samsung-ficha-a-rappel-para-el-lanzamiento-del-nuevo-samsung-galaxy\/"},"modified":"2021-01-19T23:52:12","modified_gmt":"2021-01-19T20:52:12","slug":"samsung-ficha-a-rappel-para-el-lanzamiento-del-nuevo-samsung-galaxy","status":"publish","type":"post","link":"https:\/\/favorite-news.com\/es\/samsung-ficha-a-rappel-para-el-lanzamiento-del-nuevo-samsung-galaxy\/","title":{"rendered":"Samsung ficha a Rappel para el lanzamiento del nuevo Samsung Galaxy"},"content":{"rendered":"<p>RappelEl famoso vidente Rappel se pondr\u00e1 a los mandos del perfil de @SamsungEspana de Twitter el pr\u00f3ximo mi\u00e9rcoles 13, de 16h a 20h. Durante esta acci\u00f3n de real time social marketing, denominada \u2018La Hora Gal\u00e1ctica\u2019 y desarrollada por la agencia Cheil, el futur\u00f3lgo predecir\u00e1 el futuro de todos aquellos usuarios que se quieran \u00a0averiguar cu\u00e1l ser\u00e1 el nombre del nuevo Samsung Galaxy, que ver\u00e1 la luz el pr\u00f3ximo 14 de enero.Previamente, durante este fin de semana, Rappel ha invitado a la audiencia a participar en esta iniciativa, con la que Samsung empieza un a\u00f1o lleno de \u00abacciones disruptivas con las que pretende dar una nota de humor, de color y, sobre todo, de innovaci\u00f3n a este nuevo a\u00f1o\u00bb, seg\u00fan un comunicado del anunciante.\u00a0El objetivo es generar expectaci\u00f3n entre los fans y conversaci\u00f3n en torno a uno de los lanzamientos m\u00e1s esperados del a\u00f1o para la marca coreana.Clarifica tu 2021 el pr\u00f3ximo 13 de enero a las 16.00h? \u00a1Solo con un tweet! \u00bfC\u00f3mo?Sigue los pasos de la imagen y conocer\u00e1s tu destino sobre esos temas que te inquietan ? #SamsungUnpacked#LaHoraGal\u00e1cticapic.twitter.com\/fn5jW2nLh1\u2014 Samsung Espa\u00f1a (@SamsungEspana) January 11, 2021\u00a0<script async src=\"https:\/\/platform.twitter.com\/widgets.js\" charset=\"utf-8\"><\/script><\/p>\n<p><!--noindex--><br \/>\n<a href=\"http:\/\/www.marketingnews.es\/marcas\/noticia\/1163881054305\/samsung-ficha-rappel-lanzamiento-del-nuevo-samsung-galaxy.1.html\" rel=\"nofollow\">Source link <\/a><br \/>\n<!--\/noindex--><\/p>\n","protected":false},"excerpt":{"rendered":"<p>RappelEl famoso vidente Rappel se pondr\u00e1 a los mandos del perfil de @SamsungEspana de Twitter el pr\u00f3ximo mi\u00e9rcoles 13, de 16h a 20h. Durante esta acci\u00f3n de real time social marketing, denominada \u2018La Hora Gal\u00e1ctica\u2019 y desarrollada por la agencia Cheil, el futur\u00f3lgo predecir\u00e1 el futuro de todos aquellos usuarios que se quieran \u00a0averiguar cu\u00e1l [&hellip;]<\/p>\n","protected":false},"author":2,"featured_media":5544,"comment_status":"open","ping_status":"open","sticky":false,"template":"","format":"standard","meta":{"footnotes":""},"categories":[2],"tags":[],"class_list":["post-5543","post","type-post","status-publish","format-standard","has-post-thumbnail","hentry","category-noticias-de-internet-marketing"],"yoast_head":"<!-- This site is optimized with the Yoast SEO plugin v27.4 - https:\/\/yoast.com\/product\/yoast-seo-wordpress\/ -->\n<title>Samsung ficha a Rappel para el lanzamiento del nuevo Samsung Galaxy - Favorite News<\/title>\n<meta name=\"robots\" content=\"index, follow, max-snippet:-1, max-image-preview:large, max-video-preview:-1\" \/>\n<link rel=\"canonical\" href=\"https:\/\/favorite-news.com\/es\/samsung-ficha-a-rappel-para-el-lanzamiento-del-nuevo-samsung-galaxy\/\" \/>\n<meta property=\"og:locale\" content=\"es_ES\" \/>\n<meta property=\"og:type\" content=\"article\" \/>\n<meta property=\"og:title\" content=\"Samsung ficha a Rappel para el lanzamiento del nuevo Samsung Galaxy - Favorite News\" \/>\n<meta property=\"og:description\" content=\"RappelEl famoso vidente Rappel se pondr\u00e1 a los mandos del perfil de @SamsungEspana de Twitter el pr\u00f3ximo mi\u00e9rcoles 13, de 16h a 20h. Durante esta acci\u00f3n de real time social marketing, denominada \u2018La Hora Gal\u00e1ctica\u2019 y desarrollada por la agencia Cheil, el futur\u00f3lgo predecir\u00e1 el futuro de todos aquellos usuarios que se quieran \u00a0averiguar cu\u00e1l [&hellip;]\" \/>\n<meta property=\"og:url\" content=\"https:\/\/favorite-news.com\/es\/samsung-ficha-a-rappel-para-el-lanzamiento-del-nuevo-samsung-galaxy\/\" \/>\n<meta property=\"og:site_name\" content=\"Favorite News\" \/>\n<meta property=\"article:published_time\" content=\"2021-01-12T10:33:56+00:00\" \/>\n<meta property=\"article:modified_time\" content=\"2021-01-19T20:52:12+00:00\" \/>\n<meta property=\"og:image\" content=\"https:\/\/favorite-news.com\/es\/wp-content\/uploads\/sites\/4\/2021\/01\/Samsung-ficha-a-Rappel-para-el-lanzamiento-del-nuevo-Samsung.png\" \/>\n\t<meta property=\"og:image:width\" content=\"1080\" \/>\n\t<meta property=\"og:image:height\" content=\"1080\" \/>\n\t<meta property=\"og:image:type\" content=\"image\/png\" \/>\n<meta name=\"author\" content=\"favorite-news\" \/>\n<meta name=\"twitter:card\" content=\"summary_large_image\" \/>\n<meta name=\"twitter:label1\" content=\"Escrito por\" \/>\n\t<meta name=\"twitter:data1\" content=\"favorite-news\" \/>\n\t<meta name=\"twitter:label2\" content=\"Tiempo de lectura\" \/>\n\t<meta name=\"twitter:data2\" content=\"1 minuto\" \/>\n<script type=\"application\/ld+json\" class=\"yoast-schema-graph\">{\"@context\":\"https:\\\/\\\/schema.org\",\"@graph\":[{\"@type\":\"Article\",\"@id\":\"https:\\\/\\\/favorite-news.com\\\/es\\\/samsung-ficha-a-rappel-para-el-lanzamiento-del-nuevo-samsung-galaxy\\\/#article\",\"isPartOf\":{\"@id\":\"https:\\\/\\\/favorite-news.com\\\/es\\\/samsung-ficha-a-rappel-para-el-lanzamiento-del-nuevo-samsung-galaxy\\\/\"},\"author\":{\"name\":\"favorite-news\",\"@id\":\"https:\\\/\\\/favorite-news.com\\\/es\\\/#\\\/schema\\\/person\\\/b91573b717dcfa5e4696032a9d28d3e8\"},\"headline\":\"Samsung ficha a Rappel para el lanzamiento del nuevo Samsung Galaxy\",\"datePublished\":\"2021-01-12T10:33:56+00:00\",\"dateModified\":\"2021-01-19T20:52:12+00:00\",\"mainEntityOfPage\":{\"@id\":\"https:\\\/\\\/favorite-news.com\\\/es\\\/samsung-ficha-a-rappel-para-el-lanzamiento-del-nuevo-samsung-galaxy\\\/\"},\"wordCount\":221,\"commentCount\":0,\"image\":{\"@id\":\"https:\\\/\\\/favorite-news.com\\\/es\\\/samsung-ficha-a-rappel-para-el-lanzamiento-del-nuevo-samsung-galaxy\\\/#primaryimage\"},\"thumbnailUrl\":\"https:\\\/\\\/favorite-news.com\\\/es\\\/wp-content\\\/uploads\\\/sites\\\/4\\\/2021\\\/01\\\/Samsung-ficha-a-Rappel-para-el-lanzamiento-del-nuevo-Samsung.png\",\"articleSection\":[\"NOTICIAS DE INTERNET MARKETING\"],\"inLanguage\":\"es\",\"potentialAction\":[{\"@type\":\"CommentAction\",\"name\":\"Comment\",\"target\":[\"https:\\\/\\\/favorite-news.com\\\/es\\\/samsung-ficha-a-rappel-para-el-lanzamiento-del-nuevo-samsung-galaxy\\\/#respond\"]}]},{\"@type\":\"WebPage\",\"@id\":\"https:\\\/\\\/favorite-news.com\\\/es\\\/samsung-ficha-a-rappel-para-el-lanzamiento-del-nuevo-samsung-galaxy\\\/\",\"url\":\"https:\\\/\\\/favorite-news.com\\\/es\\\/samsung-ficha-a-rappel-para-el-lanzamiento-del-nuevo-samsung-galaxy\\\/\",\"name\":\"Samsung ficha a Rappel para el lanzamiento del nuevo Samsung Galaxy - Favorite News\",\"isPartOf\":{\"@id\":\"https:\\\/\\\/favorite-news.com\\\/es\\\/#website\"},\"primaryImageOfPage\":{\"@id\":\"https:\\\/\\\/favorite-news.com\\\/es\\\/samsung-ficha-a-rappel-para-el-lanzamiento-del-nuevo-samsung-galaxy\\\/#primaryimage\"},\"image\":{\"@id\":\"https:\\\/\\\/favorite-news.com\\\/es\\\/samsung-ficha-a-rappel-para-el-lanzamiento-del-nuevo-samsung-galaxy\\\/#primaryimage\"},\"thumbnailUrl\":\"https:\\\/\\\/favorite-news.com\\\/es\\\/wp-content\\\/uploads\\\/sites\\\/4\\\/2021\\\/01\\\/Samsung-ficha-a-Rappel-para-el-lanzamiento-del-nuevo-Samsung.png\",\"datePublished\":\"2021-01-12T10:33:56+00:00\",\"dateModified\":\"2021-01-19T20:52:12+00:00\",\"author\":{\"@id\":\"https:\\\/\\\/favorite-news.com\\\/es\\\/#\\\/schema\\\/person\\\/b91573b717dcfa5e4696032a9d28d3e8\"},\"breadcrumb\":{\"@id\":\"https:\\\/\\\/favorite-news.com\\\/es\\\/samsung-ficha-a-rappel-para-el-lanzamiento-del-nuevo-samsung-galaxy\\\/#breadcrumb\"},\"inLanguage\":\"es\",\"potentialAction\":[{\"@type\":\"ReadAction\",\"target\":[\"https:\\\/\\\/favorite-news.com\\\/es\\\/samsung-ficha-a-rappel-para-el-lanzamiento-del-nuevo-samsung-galaxy\\\/\"]}]},{\"@type\":\"ImageObject\",\"inLanguage\":\"es\",\"@id\":\"https:\\\/\\\/favorite-news.com\\\/es\\\/samsung-ficha-a-rappel-para-el-lanzamiento-del-nuevo-samsung-galaxy\\\/#primaryimage\",\"url\":\"https:\\\/\\\/favorite-news.com\\\/es\\\/wp-content\\\/uploads\\\/sites\\\/4\\\/2021\\\/01\\\/Samsung-ficha-a-Rappel-para-el-lanzamiento-del-nuevo-Samsung.png\",\"contentUrl\":\"https:\\\/\\\/favorite-news.com\\\/es\\\/wp-content\\\/uploads\\\/sites\\\/4\\\/2021\\\/01\\\/Samsung-ficha-a-Rappel-para-el-lanzamiento-del-nuevo-Samsung.png\",\"width\":1080,\"height\":1080,\"caption\":\"Samsung ficha a Rappel para el lanzamiento del nuevo Samsung Galaxy\"},{\"@type\":\"BreadcrumbList\",\"@id\":\"https:\\\/\\\/favorite-news.com\\\/es\\\/samsung-ficha-a-rappel-para-el-lanzamiento-del-nuevo-samsung-galaxy\\\/#breadcrumb\",\"itemListElement\":[{\"@type\":\"ListItem\",\"position\":1,\"name\":\"Home\",\"item\":\"https:\\\/\\\/favorite-news.com\\\/es\\\/\"},{\"@type\":\"ListItem\",\"position\":2,\"name\":\"Samsung ficha a Rappel para el lanzamiento del nuevo Samsung Galaxy\"}]},{\"@type\":\"WebSite\",\"@id\":\"https:\\\/\\\/favorite-news.com\\\/es\\\/#website\",\"url\":\"https:\\\/\\\/favorite-news.com\\\/es\\\/\",\"name\":\"Favorite News\",\"description\":\"Favorite News Espa\u00f1a\",\"potentialAction\":[{\"@type\":\"SearchAction\",\"target\":{\"@type\":\"EntryPoint\",\"urlTemplate\":\"https:\\\/\\\/favorite-news.com\\\/es\\\/?s={search_term_string}\"},\"query-input\":{\"@type\":\"PropertyValueSpecification\",\"valueRequired\":true,\"valueName\":\"search_term_string\"}}],\"inLanguage\":\"es\"},{\"@type\":\"Person\",\"@id\":\"https:\\\/\\\/favorite-news.com\\\/es\\\/#\\\/schema\\\/person\\\/b91573b717dcfa5e4696032a9d28d3e8\",\"name\":\"favorite-news\",\"image\":{\"@type\":\"ImageObject\",\"inLanguage\":\"es\",\"@id\":\"https:\\\/\\\/secure.gravatar.com\\\/avatar\\\/6c5a5cb12b74e9d517ee91cf570335b7d16177f1977cc91db161adfa435945a7?s=96&d=mm&r=g\",\"url\":\"https:\\\/\\\/secure.gravatar.com\\\/avatar\\\/6c5a5cb12b74e9d517ee91cf570335b7d16177f1977cc91db161adfa435945a7?s=96&d=mm&r=g\",\"contentUrl\":\"https:\\\/\\\/secure.gravatar.com\\\/avatar\\\/6c5a5cb12b74e9d517ee91cf570335b7d16177f1977cc91db161adfa435945a7?s=96&d=mm&r=g\",\"caption\":\"favorite-news\"},\"url\":\"https:\\\/\\\/favorite-news.com\\\/es\\\/author\\\/pt\\\/\"}]}<\/script>\n<!-- \/ Yoast SEO plugin. -->","yoast_head_json":{"title":"Samsung ficha a Rappel para el lanzamiento del nuevo Samsung Galaxy - Favorite News","robots":{"index":"index","follow":"follow","max-snippet":"max-snippet:-1","max-image-preview":"max-image-preview:large","max-video-preview":"max-video-preview:-1"},"canonical":"https:\/\/favorite-news.com\/es\/samsung-ficha-a-rappel-para-el-lanzamiento-del-nuevo-samsung-galaxy\/","og_locale":"es_ES","og_type":"article","og_title":"Samsung ficha a Rappel para el lanzamiento del nuevo Samsung Galaxy - Favorite News","og_description":"RappelEl famoso vidente Rappel se pondr\u00e1 a los mandos del perfil de @SamsungEspana de Twitter el pr\u00f3ximo mi\u00e9rcoles 13, de 16h a 20h. Durante esta acci\u00f3n de real time social marketing, denominada \u2018La Hora Gal\u00e1ctica\u2019 y desarrollada por la agencia Cheil, el futur\u00f3lgo predecir\u00e1 el futuro de todos aquellos usuarios que se quieran \u00a0averiguar cu\u00e1l [&hellip;]","og_url":"https:\/\/favorite-news.com\/es\/samsung-ficha-a-rappel-para-el-lanzamiento-del-nuevo-samsung-galaxy\/","og_site_name":"Favorite News","article_published_time":"2021-01-12T10:33:56+00:00","article_modified_time":"2021-01-19T20:52:12+00:00","og_image":[{"width":1080,"height":1080,"url":"https:\/\/favorite-news.com\/es\/wp-content\/uploads\/sites\/4\/2021\/01\/Samsung-ficha-a-Rappel-para-el-lanzamiento-del-nuevo-Samsung.png","type":"image\/png"}],"author":"favorite-news","twitter_card":"summary_large_image","twitter_misc":{"Escrito por":"favorite-news","Tiempo de lectura":"1 minuto"},"schema":{"@context":"https:\/\/schema.org","@graph":[{"@type":"Article","@id":"https:\/\/favorite-news.com\/es\/samsung-ficha-a-rappel-para-el-lanzamiento-del-nuevo-samsung-galaxy\/#article","isPartOf":{"@id":"https:\/\/favorite-news.com\/es\/samsung-ficha-a-rappel-para-el-lanzamiento-del-nuevo-samsung-galaxy\/"},"author":{"name":"favorite-news","@id":"https:\/\/favorite-news.com\/es\/#\/schema\/person\/b91573b717dcfa5e4696032a9d28d3e8"},"headline":"Samsung ficha a Rappel para el lanzamiento del nuevo Samsung Galaxy","datePublished":"2021-01-12T10:33:56+00:00","dateModified":"2021-01-19T20:52:12+00:00","mainEntityOfPage":{"@id":"https:\/\/favorite-news.com\/es\/samsung-ficha-a-rappel-para-el-lanzamiento-del-nuevo-samsung-galaxy\/"},"wordCount":221,"commentCount":0,"image":{"@id":"https:\/\/favorite-news.com\/es\/samsung-ficha-a-rappel-para-el-lanzamiento-del-nuevo-samsung-galaxy\/#primaryimage"},"thumbnailUrl":"https:\/\/favorite-news.com\/es\/wp-content\/uploads\/sites\/4\/2021\/01\/Samsung-ficha-a-Rappel-para-el-lanzamiento-del-nuevo-Samsung.png","articleSection":["NOTICIAS DE INTERNET MARKETING"],"inLanguage":"es","potentialAction":[{"@type":"CommentAction","name":"Comment","target":["https:\/\/favorite-news.com\/es\/samsung-ficha-a-rappel-para-el-lanzamiento-del-nuevo-samsung-galaxy\/#respond"]}]},{"@type":"WebPage","@id":"https:\/\/favorite-news.com\/es\/samsung-ficha-a-rappel-para-el-lanzamiento-del-nuevo-samsung-galaxy\/","url":"https:\/\/favorite-news.com\/es\/samsung-ficha-a-rappel-para-el-lanzamiento-del-nuevo-samsung-galaxy\/","name":"Samsung ficha a Rappel para el lanzamiento del nuevo Samsung Galaxy - Favorite News","isPartOf":{"@id":"https:\/\/favorite-news.com\/es\/#website"},"primaryImageOfPage":{"@id":"https:\/\/favorite-news.com\/es\/samsung-ficha-a-rappel-para-el-lanzamiento-del-nuevo-samsung-galaxy\/#primaryimage"},"image":{"@id":"https:\/\/favorite-news.com\/es\/samsung-ficha-a-rappel-para-el-lanzamiento-del-nuevo-samsung-galaxy\/#primaryimage"},"thumbnailUrl":"https:\/\/favorite-news.com\/es\/wp-content\/uploads\/sites\/4\/2021\/01\/Samsung-ficha-a-Rappel-para-el-lanzamiento-del-nuevo-Samsung.png","datePublished":"2021-01-12T10:33:56+00:00","dateModified":"2021-01-19T20:52:12+00:00","author":{"@id":"https:\/\/favorite-news.com\/es\/#\/schema\/person\/b91573b717dcfa5e4696032a9d28d3e8"},"breadcrumb":{"@id":"https:\/\/favorite-news.com\/es\/samsung-ficha-a-rappel-para-el-lanzamiento-del-nuevo-samsung-galaxy\/#breadcrumb"},"inLanguage":"es","potentialAction":[{"@type":"ReadAction","target":["https:\/\/favorite-news.com\/es\/samsung-ficha-a-rappel-para-el-lanzamiento-del-nuevo-samsung-galaxy\/"]}]},{"@type":"ImageObject","inLanguage":"es","@id":"https:\/\/favorite-news.com\/es\/samsung-ficha-a-rappel-para-el-lanzamiento-del-nuevo-samsung-galaxy\/#primaryimage","url":"https:\/\/favorite-news.com\/es\/wp-content\/uploads\/sites\/4\/2021\/01\/Samsung-ficha-a-Rappel-para-el-lanzamiento-del-nuevo-Samsung.png","contentUrl":"https:\/\/favorite-news.com\/es\/wp-content\/uploads\/sites\/4\/2021\/01\/Samsung-ficha-a-Rappel-para-el-lanzamiento-del-nuevo-Samsung.png","width":1080,"height":1080,"caption":"Samsung ficha a Rappel para el lanzamiento del nuevo Samsung Galaxy"},{"@type":"BreadcrumbList","@id":"https:\/\/favorite-news.com\/es\/samsung-ficha-a-rappel-para-el-lanzamiento-del-nuevo-samsung-galaxy\/#breadcrumb","itemListElement":[{"@type":"ListItem","position":1,"name":"Home","item":"https:\/\/favorite-news.com\/es\/"},{"@type":"ListItem","position":2,"name":"Samsung ficha a Rappel para el lanzamiento del nuevo Samsung Galaxy"}]},{"@type":"WebSite","@id":"https:\/\/favorite-news.com\/es\/#website","url":"https:\/\/favorite-news.com\/es\/","name":"Favorite News","description":"Favorite News Espa\u00f1a","potentialAction":[{"@type":"SearchAction","target":{"@type":"EntryPoint","urlTemplate":"https:\/\/favorite-news.com\/es\/?s={search_term_string}"},"query-input":{"@type":"PropertyValueSpecification","valueRequired":true,"valueName":"search_term_string"}}],"inLanguage":"es"},{"@type":"Person","@id":"https:\/\/favorite-news.com\/es\/#\/schema\/person\/b91573b717dcfa5e4696032a9d28d3e8","name":"favorite-news","image":{"@type":"ImageObject","inLanguage":"es","@id":"https:\/\/secure.gravatar.com\/avatar\/6c5a5cb12b74e9d517ee91cf570335b7d16177f1977cc91db161adfa435945a7?s=96&d=mm&r=g","url":"https:\/\/secure.gravatar.com\/avatar\/6c5a5cb12b74e9d517ee91cf570335b7d16177f1977cc91db161adfa435945a7?s=96&d=mm&r=g","contentUrl":"https:\/\/secure.gravatar.com\/avatar\/6c5a5cb12b74e9d517ee91cf570335b7d16177f1977cc91db161adfa435945a7?s=96&d=mm&r=g","caption":"favorite-news"},"url":"https:\/\/favorite-news.com\/es\/author\/pt\/"}]}},"_links":{"self":[{"href":"https:\/\/favorite-news.com\/es\/wp-json\/wp\/v2\/posts\/5543","targetHints":{"allow":["GET"]}}],"collection":[{"href":"https:\/\/favorite-news.com\/es\/wp-json\/wp\/v2\/posts"}],"about":[{"href":"https:\/\/favorite-news.com\/es\/wp-json\/wp\/v2\/types\/post"}],"author":[{"embeddable":true,"href":"https:\/\/favorite-news.com\/es\/wp-json\/wp\/v2\/users\/2"}],"replies":[{"embeddable":true,"href":"https:\/\/favorite-news.com\/es\/wp-json\/wp\/v2\/comments?post=5543"}],"version-history":[{"count":3,"href":"https:\/\/favorite-news.com\/es\/wp-json\/wp\/v2\/posts\/5543\/revisions"}],"predecessor-version":[{"id":5584,"href":"https:\/\/favorite-news.com\/es\/wp-json\/wp\/v2\/posts\/5543\/revisions\/5584"}],"wp:featuredmedia":[{"embeddable":true,"href":"https:\/\/favorite-news.com\/es\/wp-json\/wp\/v2\/media\/5544"}],"wp:attachment":[{"href":"https:\/\/favorite-news.com\/es\/wp-json\/wp\/v2\/media?parent=5543"}],"wp:term":[{"taxonomy":"category","embeddable":true,"href":"https:\/\/favorite-news.com\/es\/wp-json\/wp\/v2\/categories?post=5543"},{"taxonomy":"post_tag","embeddable":true,"href":"https:\/\/favorite-news.com\/es\/wp-json\/wp\/v2\/tags?post=5543"}],"curies":[{"name":"wp","href":"https:\/\/api.w.org\/{rel}","templated":true}]}}