{"id":5533,"date":"2021-01-10T13:29:17","date_gmt":"2021-01-10T10:29:17","guid":{"rendered":"https:\/\/favorite-news.com\/es\/kfc-involucra-al-presidente-de-extremadura-en-su-ultima-accion-en-twitter\/"},"modified":"2021-01-19T23:53:50","modified_gmt":"2021-01-19T20:53:50","slug":"kfc-involucra-al-presidente-de-extremadura-en-su-ultima-accion-en-twitter","status":"publish","type":"post","link":"https:\/\/favorite-news.com\/es\/kfc-involucra-al-presidente-de-extremadura-en-su-ultima-accion-en-twitter\/","title":{"rendered":"KFC involucra al presidente de Extremadura en su \u00faltima acci\u00f3n en Twitter"},"content":{"rendered":"<p>KFC llegar\u00e1 a Extremadura en 2021 y lo ha anunciado a trav\u00e9s de la red social Twitter. La comunidad extreme\u00f1a es la \u00fanica comunidad aut\u00f3noma espa\u00f1ola que hasta el d\u00eda de hoy no contaba con ning\u00fan restaurante de esta cadena en su territorio. Pero ayer mismo se pudo conocer que esta circunstancia est\u00e1 a punto de cambiar gracias a que el propio presidente de Extremadura se sum\u00f3 al caracter\u00edstico shitposting que KFC lleva a cabo diariamente en redes sociales y public\u00f3 una imagen de elaboraci\u00f3n propia acompa\u00f1ada de un mensaje de bienvenida a la regi\u00f3n.\u00a0El ya popular CM de KFC ret\u00f3 a su audiencia extreme\u00f1a para que le hiciera llegar a su presidente un mensaje claro: si respond\u00eda al reclamo de KFC desde su perfil oficial, KFC se compromet\u00eda a conquistar finalmente la regi\u00f3n extreme\u00f1a. La respuesta de este no se hizo esperar y Fern\u00e1ndez Vara, apenas tres horas y media despu\u00e9s, respondi\u00f3 a la llamada de KFC en Twitter mostr\u00e1ndose encantado con la posibilidad de que KFC llegara a su regi\u00f3n y, adem\u00e1s, dando la bienvenida a Extremadura a la cadena de restaurantes de pollo frito.\u00a0Bienvenidos y encantado de que os sum\u00e9is a la gran oferta de nuestra tierra. Sp\u00f3iler: os vais a sorprender. pic.twitter.com\/C6VdUniuNq\u2014 Guillermo Fdez Vara (@GFVara) January 4, 2021\u00a0KFC apuesta por acciones muy notorias desde su cuenta de Twitter,\u00a0\u00a0que ha aumentado sus seguidores en m\u00e1s de 200.000 desde verano.<script async src=\"https:\/\/platform.twitter.com\/widgets.js\" charset=\"utf-8\"><\/script><\/p>\n<p><!--noindex--><br \/>\n<a href=\"http:\/\/www.marketingnews.es\/marcas\/noticia\/1163843054305\/kfc-involucra-al-presidente-de-extremadura-ultima-accion-twitter.1.html\" rel=\"nofollow\">Source link <\/a><br \/>\n<!--\/noindex--><\/p>\n","protected":false},"excerpt":{"rendered":"<p>KFC llegar\u00e1 a Extremadura en 2021 y lo ha anunciado a trav\u00e9s de la red social Twitter. La comunidad extreme\u00f1a es la \u00fanica comunidad aut\u00f3noma espa\u00f1ola que hasta el d\u00eda de hoy no contaba con ning\u00fan restaurante de esta cadena en su territorio. Pero ayer mismo se pudo conocer que esta circunstancia est\u00e1 a punto [&hellip;]<\/p>\n","protected":false},"author":2,"featured_media":5534,"comment_status":"open","ping_status":"open","sticky":false,"template":"","format":"standard","meta":{"footnotes":""},"categories":[2],"tags":[],"class_list":["post-5533","post","type-post","status-publish","format-standard","has-post-thumbnail","hentry","category-noticias-de-internet-marketing"],"yoast_head":"<!-- This site is optimized with the Yoast SEO plugin v27.4 - https:\/\/yoast.com\/product\/yoast-seo-wordpress\/ -->\n<title>KFC involucra al presidente de Extremadura en su \u00faltima acci\u00f3n en Twitter - Favorite News<\/title>\n<meta name=\"robots\" content=\"index, follow, max-snippet:-1, max-image-preview:large, max-video-preview:-1\" \/>\n<link rel=\"canonical\" href=\"https:\/\/favorite-news.com\/es\/kfc-involucra-al-presidente-de-extremadura-en-su-ultima-accion-en-twitter\/\" \/>\n<meta property=\"og:locale\" content=\"es_ES\" \/>\n<meta property=\"og:type\" content=\"article\" \/>\n<meta property=\"og:title\" content=\"KFC involucra al presidente de Extremadura en su \u00faltima acci\u00f3n en Twitter - Favorite News\" \/>\n<meta property=\"og:description\" content=\"KFC llegar\u00e1 a Extremadura en 2021 y lo ha anunciado a trav\u00e9s de la red social Twitter. La comunidad extreme\u00f1a es la \u00fanica comunidad aut\u00f3noma espa\u00f1ola que hasta el d\u00eda de hoy no contaba con ning\u00fan restaurante de esta cadena en su territorio. Pero ayer mismo se pudo conocer que esta circunstancia est\u00e1 a punto [&hellip;]\" \/>\n<meta property=\"og:url\" content=\"https:\/\/favorite-news.com\/es\/kfc-involucra-al-presidente-de-extremadura-en-su-ultima-accion-en-twitter\/\" \/>\n<meta property=\"og:site_name\" content=\"Favorite News\" \/>\n<meta property=\"article:published_time\" content=\"2021-01-10T10:29:17+00:00\" \/>\n<meta property=\"article:modified_time\" content=\"2021-01-19T20:53:50+00:00\" \/>\n<meta property=\"og:image\" content=\"https:\/\/favorite-news.com\/es\/wp-content\/uploads\/sites\/4\/2021\/01\/KFC-involucra-al-presidente-de-Extremadura-en-su-ultima-accion.jpg\" \/>\n\t<meta property=\"og:image:width\" content=\"680\" \/>\n\t<meta property=\"og:image:height\" content=\"340\" \/>\n\t<meta property=\"og:image:type\" content=\"image\/jpeg\" \/>\n<meta name=\"author\" content=\"favorite-news\" \/>\n<meta name=\"twitter:card\" content=\"summary_large_image\" \/>\n<meta name=\"twitter:label1\" content=\"Escrito por\" \/>\n\t<meta name=\"twitter:data1\" content=\"favorite-news\" \/>\n\t<meta name=\"twitter:label2\" content=\"Tiempo de lectura\" \/>\n\t<meta name=\"twitter:data2\" content=\"1 minuto\" \/>\n<script type=\"application\/ld+json\" class=\"yoast-schema-graph\">{\"@context\":\"https:\\\/\\\/schema.org\",\"@graph\":[{\"@type\":\"Article\",\"@id\":\"https:\\\/\\\/favorite-news.com\\\/es\\\/kfc-involucra-al-presidente-de-extremadura-en-su-ultima-accion-en-twitter\\\/#article\",\"isPartOf\":{\"@id\":\"https:\\\/\\\/favorite-news.com\\\/es\\\/kfc-involucra-al-presidente-de-extremadura-en-su-ultima-accion-en-twitter\\\/\"},\"author\":{\"name\":\"favorite-news\",\"@id\":\"https:\\\/\\\/favorite-news.com\\\/es\\\/#\\\/schema\\\/person\\\/b91573b717dcfa5e4696032a9d28d3e8\"},\"headline\":\"KFC involucra al presidente de Extremadura en su \u00faltima acci\u00f3n en Twitter\",\"datePublished\":\"2021-01-10T10:29:17+00:00\",\"dateModified\":\"2021-01-19T20:53:50+00:00\",\"mainEntityOfPage\":{\"@id\":\"https:\\\/\\\/favorite-news.com\\\/es\\\/kfc-involucra-al-presidente-de-extremadura-en-su-ultima-accion-en-twitter\\\/\"},\"wordCount\":275,\"commentCount\":0,\"image\":{\"@id\":\"https:\\\/\\\/favorite-news.com\\\/es\\\/kfc-involucra-al-presidente-de-extremadura-en-su-ultima-accion-en-twitter\\\/#primaryimage\"},\"thumbnailUrl\":\"https:\\\/\\\/favorite-news.com\\\/es\\\/wp-content\\\/uploads\\\/sites\\\/4\\\/2021\\\/01\\\/KFC-involucra-al-presidente-de-Extremadura-en-su-ultima-accion.jpg\",\"articleSection\":[\"NOTICIAS DE INTERNET MARKETING\"],\"inLanguage\":\"es\",\"potentialAction\":[{\"@type\":\"CommentAction\",\"name\":\"Comment\",\"target\":[\"https:\\\/\\\/favorite-news.com\\\/es\\\/kfc-involucra-al-presidente-de-extremadura-en-su-ultima-accion-en-twitter\\\/#respond\"]}]},{\"@type\":\"WebPage\",\"@id\":\"https:\\\/\\\/favorite-news.com\\\/es\\\/kfc-involucra-al-presidente-de-extremadura-en-su-ultima-accion-en-twitter\\\/\",\"url\":\"https:\\\/\\\/favorite-news.com\\\/es\\\/kfc-involucra-al-presidente-de-extremadura-en-su-ultima-accion-en-twitter\\\/\",\"name\":\"KFC involucra al presidente de Extremadura en su \u00faltima acci\u00f3n en Twitter - Favorite News\",\"isPartOf\":{\"@id\":\"https:\\\/\\\/favorite-news.com\\\/es\\\/#website\"},\"primaryImageOfPage\":{\"@id\":\"https:\\\/\\\/favorite-news.com\\\/es\\\/kfc-involucra-al-presidente-de-extremadura-en-su-ultima-accion-en-twitter\\\/#primaryimage\"},\"image\":{\"@id\":\"https:\\\/\\\/favorite-news.com\\\/es\\\/kfc-involucra-al-presidente-de-extremadura-en-su-ultima-accion-en-twitter\\\/#primaryimage\"},\"thumbnailUrl\":\"https:\\\/\\\/favorite-news.com\\\/es\\\/wp-content\\\/uploads\\\/sites\\\/4\\\/2021\\\/01\\\/KFC-involucra-al-presidente-de-Extremadura-en-su-ultima-accion.jpg\",\"datePublished\":\"2021-01-10T10:29:17+00:00\",\"dateModified\":\"2021-01-19T20:53:50+00:00\",\"author\":{\"@id\":\"https:\\\/\\\/favorite-news.com\\\/es\\\/#\\\/schema\\\/person\\\/b91573b717dcfa5e4696032a9d28d3e8\"},\"breadcrumb\":{\"@id\":\"https:\\\/\\\/favorite-news.com\\\/es\\\/kfc-involucra-al-presidente-de-extremadura-en-su-ultima-accion-en-twitter\\\/#breadcrumb\"},\"inLanguage\":\"es\",\"potentialAction\":[{\"@type\":\"ReadAction\",\"target\":[\"https:\\\/\\\/favorite-news.com\\\/es\\\/kfc-involucra-al-presidente-de-extremadura-en-su-ultima-accion-en-twitter\\\/\"]}]},{\"@type\":\"ImageObject\",\"inLanguage\":\"es\",\"@id\":\"https:\\\/\\\/favorite-news.com\\\/es\\\/kfc-involucra-al-presidente-de-extremadura-en-su-ultima-accion-en-twitter\\\/#primaryimage\",\"url\":\"https:\\\/\\\/favorite-news.com\\\/es\\\/wp-content\\\/uploads\\\/sites\\\/4\\\/2021\\\/01\\\/KFC-involucra-al-presidente-de-Extremadura-en-su-ultima-accion.jpg\",\"contentUrl\":\"https:\\\/\\\/favorite-news.com\\\/es\\\/wp-content\\\/uploads\\\/sites\\\/4\\\/2021\\\/01\\\/KFC-involucra-al-presidente-de-Extremadura-en-su-ultima-accion.jpg\",\"width\":680,\"height\":340,\"caption\":\"KFC involucra al presidente de Extremadura en su \u00faltima acci\u00f3n en Twitter\"},{\"@type\":\"BreadcrumbList\",\"@id\":\"https:\\\/\\\/favorite-news.com\\\/es\\\/kfc-involucra-al-presidente-de-extremadura-en-su-ultima-accion-en-twitter\\\/#breadcrumb\",\"itemListElement\":[{\"@type\":\"ListItem\",\"position\":1,\"name\":\"Home\",\"item\":\"https:\\\/\\\/favorite-news.com\\\/es\\\/\"},{\"@type\":\"ListItem\",\"position\":2,\"name\":\"KFC involucra al presidente de Extremadura en su \u00faltima acci\u00f3n en Twitter\"}]},{\"@type\":\"WebSite\",\"@id\":\"https:\\\/\\\/favorite-news.com\\\/es\\\/#website\",\"url\":\"https:\\\/\\\/favorite-news.com\\\/es\\\/\",\"name\":\"Favorite News\",\"description\":\"Favorite News Espa\u00f1a\",\"potentialAction\":[{\"@type\":\"SearchAction\",\"target\":{\"@type\":\"EntryPoint\",\"urlTemplate\":\"https:\\\/\\\/favorite-news.com\\\/es\\\/?s={search_term_string}\"},\"query-input\":{\"@type\":\"PropertyValueSpecification\",\"valueRequired\":true,\"valueName\":\"search_term_string\"}}],\"inLanguage\":\"es\"},{\"@type\":\"Person\",\"@id\":\"https:\\\/\\\/favorite-news.com\\\/es\\\/#\\\/schema\\\/person\\\/b91573b717dcfa5e4696032a9d28d3e8\",\"name\":\"favorite-news\",\"image\":{\"@type\":\"ImageObject\",\"inLanguage\":\"es\",\"@id\":\"https:\\\/\\\/secure.gravatar.com\\\/avatar\\\/6c5a5cb12b74e9d517ee91cf570335b7d16177f1977cc91db161adfa435945a7?s=96&d=mm&r=g\",\"url\":\"https:\\\/\\\/secure.gravatar.com\\\/avatar\\\/6c5a5cb12b74e9d517ee91cf570335b7d16177f1977cc91db161adfa435945a7?s=96&d=mm&r=g\",\"contentUrl\":\"https:\\\/\\\/secure.gravatar.com\\\/avatar\\\/6c5a5cb12b74e9d517ee91cf570335b7d16177f1977cc91db161adfa435945a7?s=96&d=mm&r=g\",\"caption\":\"favorite-news\"},\"url\":\"https:\\\/\\\/favorite-news.com\\\/es\\\/author\\\/pt\\\/\"}]}<\/script>\n<!-- \/ Yoast SEO plugin. -->","yoast_head_json":{"title":"KFC involucra al presidente de Extremadura en su \u00faltima acci\u00f3n en Twitter - Favorite News","robots":{"index":"index","follow":"follow","max-snippet":"max-snippet:-1","max-image-preview":"max-image-preview:large","max-video-preview":"max-video-preview:-1"},"canonical":"https:\/\/favorite-news.com\/es\/kfc-involucra-al-presidente-de-extremadura-en-su-ultima-accion-en-twitter\/","og_locale":"es_ES","og_type":"article","og_title":"KFC involucra al presidente de Extremadura en su \u00faltima acci\u00f3n en Twitter - Favorite News","og_description":"KFC llegar\u00e1 a Extremadura en 2021 y lo ha anunciado a trav\u00e9s de la red social Twitter. La comunidad extreme\u00f1a es la \u00fanica comunidad aut\u00f3noma espa\u00f1ola que hasta el d\u00eda de hoy no contaba con ning\u00fan restaurante de esta cadena en su territorio. Pero ayer mismo se pudo conocer que esta circunstancia est\u00e1 a punto [&hellip;]","og_url":"https:\/\/favorite-news.com\/es\/kfc-involucra-al-presidente-de-extremadura-en-su-ultima-accion-en-twitter\/","og_site_name":"Favorite News","article_published_time":"2021-01-10T10:29:17+00:00","article_modified_time":"2021-01-19T20:53:50+00:00","og_image":[{"width":680,"height":340,"url":"https:\/\/favorite-news.com\/es\/wp-content\/uploads\/sites\/4\/2021\/01\/KFC-involucra-al-presidente-de-Extremadura-en-su-ultima-accion.jpg","type":"image\/jpeg"}],"author":"favorite-news","twitter_card":"summary_large_image","twitter_misc":{"Escrito por":"favorite-news","Tiempo de lectura":"1 minuto"},"schema":{"@context":"https:\/\/schema.org","@graph":[{"@type":"Article","@id":"https:\/\/favorite-news.com\/es\/kfc-involucra-al-presidente-de-extremadura-en-su-ultima-accion-en-twitter\/#article","isPartOf":{"@id":"https:\/\/favorite-news.com\/es\/kfc-involucra-al-presidente-de-extremadura-en-su-ultima-accion-en-twitter\/"},"author":{"name":"favorite-news","@id":"https:\/\/favorite-news.com\/es\/#\/schema\/person\/b91573b717dcfa5e4696032a9d28d3e8"},"headline":"KFC involucra al presidente de Extremadura en su \u00faltima acci\u00f3n en Twitter","datePublished":"2021-01-10T10:29:17+00:00","dateModified":"2021-01-19T20:53:50+00:00","mainEntityOfPage":{"@id":"https:\/\/favorite-news.com\/es\/kfc-involucra-al-presidente-de-extremadura-en-su-ultima-accion-en-twitter\/"},"wordCount":275,"commentCount":0,"image":{"@id":"https:\/\/favorite-news.com\/es\/kfc-involucra-al-presidente-de-extremadura-en-su-ultima-accion-en-twitter\/#primaryimage"},"thumbnailUrl":"https:\/\/favorite-news.com\/es\/wp-content\/uploads\/sites\/4\/2021\/01\/KFC-involucra-al-presidente-de-Extremadura-en-su-ultima-accion.jpg","articleSection":["NOTICIAS DE INTERNET MARKETING"],"inLanguage":"es","potentialAction":[{"@type":"CommentAction","name":"Comment","target":["https:\/\/favorite-news.com\/es\/kfc-involucra-al-presidente-de-extremadura-en-su-ultima-accion-en-twitter\/#respond"]}]},{"@type":"WebPage","@id":"https:\/\/favorite-news.com\/es\/kfc-involucra-al-presidente-de-extremadura-en-su-ultima-accion-en-twitter\/","url":"https:\/\/favorite-news.com\/es\/kfc-involucra-al-presidente-de-extremadura-en-su-ultima-accion-en-twitter\/","name":"KFC involucra al presidente de Extremadura en su \u00faltima acci\u00f3n en Twitter - Favorite News","isPartOf":{"@id":"https:\/\/favorite-news.com\/es\/#website"},"primaryImageOfPage":{"@id":"https:\/\/favorite-news.com\/es\/kfc-involucra-al-presidente-de-extremadura-en-su-ultima-accion-en-twitter\/#primaryimage"},"image":{"@id":"https:\/\/favorite-news.com\/es\/kfc-involucra-al-presidente-de-extremadura-en-su-ultima-accion-en-twitter\/#primaryimage"},"thumbnailUrl":"https:\/\/favorite-news.com\/es\/wp-content\/uploads\/sites\/4\/2021\/01\/KFC-involucra-al-presidente-de-Extremadura-en-su-ultima-accion.jpg","datePublished":"2021-01-10T10:29:17+00:00","dateModified":"2021-01-19T20:53:50+00:00","author":{"@id":"https:\/\/favorite-news.com\/es\/#\/schema\/person\/b91573b717dcfa5e4696032a9d28d3e8"},"breadcrumb":{"@id":"https:\/\/favorite-news.com\/es\/kfc-involucra-al-presidente-de-extremadura-en-su-ultima-accion-en-twitter\/#breadcrumb"},"inLanguage":"es","potentialAction":[{"@type":"ReadAction","target":["https:\/\/favorite-news.com\/es\/kfc-involucra-al-presidente-de-extremadura-en-su-ultima-accion-en-twitter\/"]}]},{"@type":"ImageObject","inLanguage":"es","@id":"https:\/\/favorite-news.com\/es\/kfc-involucra-al-presidente-de-extremadura-en-su-ultima-accion-en-twitter\/#primaryimage","url":"https:\/\/favorite-news.com\/es\/wp-content\/uploads\/sites\/4\/2021\/01\/KFC-involucra-al-presidente-de-Extremadura-en-su-ultima-accion.jpg","contentUrl":"https:\/\/favorite-news.com\/es\/wp-content\/uploads\/sites\/4\/2021\/01\/KFC-involucra-al-presidente-de-Extremadura-en-su-ultima-accion.jpg","width":680,"height":340,"caption":"KFC involucra al presidente de Extremadura en su \u00faltima acci\u00f3n en Twitter"},{"@type":"BreadcrumbList","@id":"https:\/\/favorite-news.com\/es\/kfc-involucra-al-presidente-de-extremadura-en-su-ultima-accion-en-twitter\/#breadcrumb","itemListElement":[{"@type":"ListItem","position":1,"name":"Home","item":"https:\/\/favorite-news.com\/es\/"},{"@type":"ListItem","position":2,"name":"KFC involucra al presidente de Extremadura en su \u00faltima acci\u00f3n en Twitter"}]},{"@type":"WebSite","@id":"https:\/\/favorite-news.com\/es\/#website","url":"https:\/\/favorite-news.com\/es\/","name":"Favorite News","description":"Favorite News Espa\u00f1a","potentialAction":[{"@type":"SearchAction","target":{"@type":"EntryPoint","urlTemplate":"https:\/\/favorite-news.com\/es\/?s={search_term_string}"},"query-input":{"@type":"PropertyValueSpecification","valueRequired":true,"valueName":"search_term_string"}}],"inLanguage":"es"},{"@type":"Person","@id":"https:\/\/favorite-news.com\/es\/#\/schema\/person\/b91573b717dcfa5e4696032a9d28d3e8","name":"favorite-news","image":{"@type":"ImageObject","inLanguage":"es","@id":"https:\/\/secure.gravatar.com\/avatar\/6c5a5cb12b74e9d517ee91cf570335b7d16177f1977cc91db161adfa435945a7?s=96&d=mm&r=g","url":"https:\/\/secure.gravatar.com\/avatar\/6c5a5cb12b74e9d517ee91cf570335b7d16177f1977cc91db161adfa435945a7?s=96&d=mm&r=g","contentUrl":"https:\/\/secure.gravatar.com\/avatar\/6c5a5cb12b74e9d517ee91cf570335b7d16177f1977cc91db161adfa435945a7?s=96&d=mm&r=g","caption":"favorite-news"},"url":"https:\/\/favorite-news.com\/es\/author\/pt\/"}]}},"_links":{"self":[{"href":"https:\/\/favorite-news.com\/es\/wp-json\/wp\/v2\/posts\/5533","targetHints":{"allow":["GET"]}}],"collection":[{"href":"https:\/\/favorite-news.com\/es\/wp-json\/wp\/v2\/posts"}],"about":[{"href":"https:\/\/favorite-news.com\/es\/wp-json\/wp\/v2\/types\/post"}],"author":[{"embeddable":true,"href":"https:\/\/favorite-news.com\/es\/wp-json\/wp\/v2\/users\/2"}],"replies":[{"embeddable":true,"href":"https:\/\/favorite-news.com\/es\/wp-json\/wp\/v2\/comments?post=5533"}],"version-history":[{"count":2,"href":"https:\/\/favorite-news.com\/es\/wp-json\/wp\/v2\/posts\/5533\/revisions"}],"predecessor-version":[{"id":5585,"href":"https:\/\/favorite-news.com\/es\/wp-json\/wp\/v2\/posts\/5533\/revisions\/5585"}],"wp:featuredmedia":[{"embeddable":true,"href":"https:\/\/favorite-news.com\/es\/wp-json\/wp\/v2\/media\/5534"}],"wp:attachment":[{"href":"https:\/\/favorite-news.com\/es\/wp-json\/wp\/v2\/media?parent=5533"}],"wp:term":[{"taxonomy":"category","embeddable":true,"href":"https:\/\/favorite-news.com\/es\/wp-json\/wp\/v2\/categories?post=5533"},{"taxonomy":"post_tag","embeddable":true,"href":"https:\/\/favorite-news.com\/es\/wp-json\/wp\/v2\/tags?post=5533"}],"curies":[{"name":"wp","href":"https:\/\/api.w.org\/{rel}","templated":true}]}}