{"id":5523,"date":"2021-01-08T13:22:26","date_gmt":"2021-01-08T10:22:26","guid":{"rendered":"https:\/\/favorite-news.com\/es\/burger-king-cambia-su-imagen-de-marca-por-primera-vez-en-veinte-anos\/"},"modified":"2021-01-08T13:22:29","modified_gmt":"2021-01-08T10:22:29","slug":"burger-king-cambia-su-imagen-de-marca-por-primera-vez-en-veinte-anos","status":"publish","type":"post","link":"https:\/\/favorite-news.com\/es\/burger-king-cambia-su-imagen-de-marca-por-primera-vez-en-veinte-anos\/","title":{"rendered":"Burger King cambia su imagen de marca por primera vez en veinte a\u00f1os"},"content":{"rendered":"<p>El nuevo logo de Burger KingLa cadena de restauraci\u00f3n Burger King comienza 2021 con un dise\u00f1o visual completamente nuevo que estar\u00e1 presente en todos los puntos de contacto con el cliente. Este\u00a0 nuevo dise\u00f1o, realizado en colaboraci\u00f3n con la agencia creativa Jones Knowles Ritchie (JKR), supone el primer cambio integral de la marca en m\u00e1s de veinte a\u00f1os y busca reflejar de forma m\u00e1s fidedigna los valores de Burger King. \u201cEsta nueva identidad es el comienzo de una nueva etapa de un Burger King con un sabor m\u00e1s real, apetecible y fresco. Recoge el compromiso y la apuesta de la marca por la digitalizaci\u00f3n y las mejoras recientes dirigidas a elevar la calidad y el sabor de la comida con la eliminaci\u00f3n de los conservantes, colorantes y aromas artificiales, as\u00ed como una ambiciosa apuesta por la sostenibilidad ambiental\u201d, afirma la compa\u00f1\u00eda en un comunicado.\u00a0Este nuevo dise\u00f1o se percibir\u00e1 tanto en la nueva identidad visual como en la imagen del restaurante y la totalidad de la experiencia del usuario en el entorno digital. As\u00ed, la marca presentar\u00e1 nuevo logotipo, packaging, mobiliario, carteler\u00eda y decoraci\u00f3n del restaurante, adem\u00e1s de redes sociales y acciones de marketing online.Logotipo. Desde el lanzamiento del logo actual en 1999, la compa\u00f1\u00eda ha evolucionado hacia un lenguaje de dise\u00f1o m\u00e1s moderno y ligado al mundo digital. El nuevo logotipo minimalista busca transmitir confianza, sencillez y diversi\u00f3n.Color: Los colores seleccionados son vivos y llamativos, inspirados en el proceso del cocinado a la parrilla y en sus ingredientes frescos. Las nuevas fotograf\u00edas son de una textura hiperrealista que mejora el aspecto sensorial de la comida.\u00a0Tipograf\u00eda. La nueva fuente exclusiva de Burger King se llama de forma muy apropiada \u00abFlame\u00bb. El tipo de letra se inspira en las formas redondeadas de los productos que componen el men\u00fa de Burger King, as\u00ed como en la personalidad irreverente de la marca.Uniformes. Los nuevos uniformes de los empleados reflejan a los maestros parrilleros de la cocina, mezclando un estilo contempor\u00e1neo y c\u00f3modo con colores y motivos muy distintivos.\u00a0Envases. El nuevo packaging muestra el nuevo logo, as\u00ed como colores llamativos e ilustraciones divertidas de los ingredientes.\u00a0Los clientes comenzar\u00e1n a ver la nueva identidad visual a partir de comienzos de 2021 y en los pr\u00f3ximos a\u00f1os, Burger King pretende implementar este nuevo dise\u00f1o en los restaurantes de todo el mundo. En Espa\u00f1a, donde recientemente ha celebrado su 45 aniversario, \u00a0ya se ha lanzado la nueva identidad visual y se ir\u00e1 implementado de forma progresiva en todos los restaurantes del pa\u00eds.<br \/>\n<br \/>\n<!--noindex--><br \/>\n<a href=\"http:\/\/www.marketingnews.es\/marcas\/noticia\/1163840054305\/burger-king-cambia-imagen-de-marca-primera-vez-veinte-anos.1.html\" rel=\"nofollow\">Source link <\/a><br \/>\n<!--\/noindex--><\/p>\n","protected":false},"excerpt":{"rendered":"<p>El nuevo logo de Burger KingLa cadena de restauraci\u00f3n Burger King comienza 2021 con un dise\u00f1o visual completamente nuevo que estar\u00e1 presente en todos los puntos de contacto con el cliente. Este\u00a0 nuevo dise\u00f1o, realizado en colaboraci\u00f3n con la agencia creativa Jones Knowles Ritchie (JKR), supone el primer cambio integral de la marca en m\u00e1s [&hellip;]<\/p>\n","protected":false},"author":2,"featured_media":5524,"comment_status":"open","ping_status":"open","sticky":false,"template":"","format":"standard","meta":{"footnotes":""},"categories":[2],"tags":[],"class_list":["post-5523","post","type-post","status-publish","format-standard","has-post-thumbnail","hentry","category-noticias-de-internet-marketing"],"yoast_head":"<!-- This site is optimized with the Yoast SEO plugin v27.4 - https:\/\/yoast.com\/product\/yoast-seo-wordpress\/ -->\n<title>Burger King cambia su imagen de marca por primera vez en veinte a\u00f1os - Favorite News<\/title>\n<meta name=\"robots\" content=\"index, follow, max-snippet:-1, max-image-preview:large, max-video-preview:-1\" \/>\n<link rel=\"canonical\" href=\"https:\/\/favorite-news.com\/es\/burger-king-cambia-su-imagen-de-marca-por-primera-vez-en-veinte-anos\/\" \/>\n<meta property=\"og:locale\" content=\"es_ES\" \/>\n<meta property=\"og:type\" content=\"article\" \/>\n<meta property=\"og:title\" content=\"Burger King cambia su imagen de marca por primera vez en veinte a\u00f1os - Favorite News\" \/>\n<meta property=\"og:description\" content=\"El nuevo logo de Burger KingLa cadena de restauraci\u00f3n Burger King comienza 2021 con un dise\u00f1o visual completamente nuevo que estar\u00e1 presente en todos los puntos de contacto con el cliente. Este\u00a0 nuevo dise\u00f1o, realizado en colaboraci\u00f3n con la agencia creativa Jones Knowles Ritchie (JKR), supone el primer cambio integral de la marca en m\u00e1s [&hellip;]\" \/>\n<meta property=\"og:url\" content=\"https:\/\/favorite-news.com\/es\/burger-king-cambia-su-imagen-de-marca-por-primera-vez-en-veinte-anos\/\" \/>\n<meta property=\"og:site_name\" content=\"Favorite News\" \/>\n<meta property=\"article:published_time\" content=\"2021-01-08T10:22:26+00:00\" \/>\n<meta property=\"article:modified_time\" content=\"2021-01-08T10:22:29+00:00\" \/>\n<meta property=\"og:image\" content=\"https:\/\/favorite-news.com\/es\/wp-content\/uploads\/sites\/4\/2021\/01\/Burger-King-cambia-su-imagen-de-marca-por-primera-vez.jpg\" \/>\n\t<meta property=\"og:image:width\" content=\"530\" \/>\n\t<meta property=\"og:image:height\" content=\"298\" \/>\n\t<meta property=\"og:image:type\" content=\"image\/jpeg\" \/>\n<meta name=\"author\" content=\"favorite-news\" \/>\n<meta name=\"twitter:card\" content=\"summary_large_image\" \/>\n<meta name=\"twitter:label1\" content=\"Escrito por\" \/>\n\t<meta name=\"twitter:data1\" content=\"favorite-news\" \/>\n\t<meta name=\"twitter:label2\" content=\"Tiempo de lectura\" \/>\n\t<meta name=\"twitter:data2\" content=\"2 minutos\" \/>\n<script type=\"application\/ld+json\" class=\"yoast-schema-graph\">{\"@context\":\"https:\\\/\\\/schema.org\",\"@graph\":[{\"@type\":\"Article\",\"@id\":\"https:\\\/\\\/favorite-news.com\\\/es\\\/burger-king-cambia-su-imagen-de-marca-por-primera-vez-en-veinte-anos\\\/#article\",\"isPartOf\":{\"@id\":\"https:\\\/\\\/favorite-news.com\\\/es\\\/burger-king-cambia-su-imagen-de-marca-por-primera-vez-en-veinte-anos\\\/\"},\"author\":{\"name\":\"favorite-news\",\"@id\":\"https:\\\/\\\/favorite-news.com\\\/es\\\/#\\\/schema\\\/person\\\/b91573b717dcfa5e4696032a9d28d3e8\"},\"headline\":\"Burger King cambia su imagen de marca por primera vez en veinte a\u00f1os\",\"datePublished\":\"2021-01-08T10:22:26+00:00\",\"dateModified\":\"2021-01-08T10:22:29+00:00\",\"mainEntityOfPage\":{\"@id\":\"https:\\\/\\\/favorite-news.com\\\/es\\\/burger-king-cambia-su-imagen-de-marca-por-primera-vez-en-veinte-anos\\\/\"},\"wordCount\":462,\"commentCount\":0,\"image\":{\"@id\":\"https:\\\/\\\/favorite-news.com\\\/es\\\/burger-king-cambia-su-imagen-de-marca-por-primera-vez-en-veinte-anos\\\/#primaryimage\"},\"thumbnailUrl\":\"https:\\\/\\\/favorite-news.com\\\/es\\\/wp-content\\\/uploads\\\/sites\\\/4\\\/2021\\\/01\\\/Burger-King-cambia-su-imagen-de-marca-por-primera-vez.jpg\",\"articleSection\":[\"NOTICIAS DE INTERNET MARKETING\"],\"inLanguage\":\"es\",\"potentialAction\":[{\"@type\":\"CommentAction\",\"name\":\"Comment\",\"target\":[\"https:\\\/\\\/favorite-news.com\\\/es\\\/burger-king-cambia-su-imagen-de-marca-por-primera-vez-en-veinte-anos\\\/#respond\"]}]},{\"@type\":\"WebPage\",\"@id\":\"https:\\\/\\\/favorite-news.com\\\/es\\\/burger-king-cambia-su-imagen-de-marca-por-primera-vez-en-veinte-anos\\\/\",\"url\":\"https:\\\/\\\/favorite-news.com\\\/es\\\/burger-king-cambia-su-imagen-de-marca-por-primera-vez-en-veinte-anos\\\/\",\"name\":\"Burger King cambia su imagen de marca por primera vez en veinte a\u00f1os - Favorite News\",\"isPartOf\":{\"@id\":\"https:\\\/\\\/favorite-news.com\\\/es\\\/#website\"},\"primaryImageOfPage\":{\"@id\":\"https:\\\/\\\/favorite-news.com\\\/es\\\/burger-king-cambia-su-imagen-de-marca-por-primera-vez-en-veinte-anos\\\/#primaryimage\"},\"image\":{\"@id\":\"https:\\\/\\\/favorite-news.com\\\/es\\\/burger-king-cambia-su-imagen-de-marca-por-primera-vez-en-veinte-anos\\\/#primaryimage\"},\"thumbnailUrl\":\"https:\\\/\\\/favorite-news.com\\\/es\\\/wp-content\\\/uploads\\\/sites\\\/4\\\/2021\\\/01\\\/Burger-King-cambia-su-imagen-de-marca-por-primera-vez.jpg\",\"datePublished\":\"2021-01-08T10:22:26+00:00\",\"dateModified\":\"2021-01-08T10:22:29+00:00\",\"author\":{\"@id\":\"https:\\\/\\\/favorite-news.com\\\/es\\\/#\\\/schema\\\/person\\\/b91573b717dcfa5e4696032a9d28d3e8\"},\"breadcrumb\":{\"@id\":\"https:\\\/\\\/favorite-news.com\\\/es\\\/burger-king-cambia-su-imagen-de-marca-por-primera-vez-en-veinte-anos\\\/#breadcrumb\"},\"inLanguage\":\"es\",\"potentialAction\":[{\"@type\":\"ReadAction\",\"target\":[\"https:\\\/\\\/favorite-news.com\\\/es\\\/burger-king-cambia-su-imagen-de-marca-por-primera-vez-en-veinte-anos\\\/\"]}]},{\"@type\":\"ImageObject\",\"inLanguage\":\"es\",\"@id\":\"https:\\\/\\\/favorite-news.com\\\/es\\\/burger-king-cambia-su-imagen-de-marca-por-primera-vez-en-veinte-anos\\\/#primaryimage\",\"url\":\"https:\\\/\\\/favorite-news.com\\\/es\\\/wp-content\\\/uploads\\\/sites\\\/4\\\/2021\\\/01\\\/Burger-King-cambia-su-imagen-de-marca-por-primera-vez.jpg\",\"contentUrl\":\"https:\\\/\\\/favorite-news.com\\\/es\\\/wp-content\\\/uploads\\\/sites\\\/4\\\/2021\\\/01\\\/Burger-King-cambia-su-imagen-de-marca-por-primera-vez.jpg\",\"width\":530,\"height\":298,\"caption\":\"Burger King cambia su imagen de marca por primera vez en veinte a\u00f1os\"},{\"@type\":\"BreadcrumbList\",\"@id\":\"https:\\\/\\\/favorite-news.com\\\/es\\\/burger-king-cambia-su-imagen-de-marca-por-primera-vez-en-veinte-anos\\\/#breadcrumb\",\"itemListElement\":[{\"@type\":\"ListItem\",\"position\":1,\"name\":\"Home\",\"item\":\"https:\\\/\\\/favorite-news.com\\\/es\\\/\"},{\"@type\":\"ListItem\",\"position\":2,\"name\":\"Burger King cambia su imagen de marca por primera vez en veinte a\u00f1os\"}]},{\"@type\":\"WebSite\",\"@id\":\"https:\\\/\\\/favorite-news.com\\\/es\\\/#website\",\"url\":\"https:\\\/\\\/favorite-news.com\\\/es\\\/\",\"name\":\"Favorite News\",\"description\":\"Favorite News Espa\u00f1a\",\"potentialAction\":[{\"@type\":\"SearchAction\",\"target\":{\"@type\":\"EntryPoint\",\"urlTemplate\":\"https:\\\/\\\/favorite-news.com\\\/es\\\/?s={search_term_string}\"},\"query-input\":{\"@type\":\"PropertyValueSpecification\",\"valueRequired\":true,\"valueName\":\"search_term_string\"}}],\"inLanguage\":\"es\"},{\"@type\":\"Person\",\"@id\":\"https:\\\/\\\/favorite-news.com\\\/es\\\/#\\\/schema\\\/person\\\/b91573b717dcfa5e4696032a9d28d3e8\",\"name\":\"favorite-news\",\"image\":{\"@type\":\"ImageObject\",\"inLanguage\":\"es\",\"@id\":\"https:\\\/\\\/secure.gravatar.com\\\/avatar\\\/6c5a5cb12b74e9d517ee91cf570335b7d16177f1977cc91db161adfa435945a7?s=96&d=mm&r=g\",\"url\":\"https:\\\/\\\/secure.gravatar.com\\\/avatar\\\/6c5a5cb12b74e9d517ee91cf570335b7d16177f1977cc91db161adfa435945a7?s=96&d=mm&r=g\",\"contentUrl\":\"https:\\\/\\\/secure.gravatar.com\\\/avatar\\\/6c5a5cb12b74e9d517ee91cf570335b7d16177f1977cc91db161adfa435945a7?s=96&d=mm&r=g\",\"caption\":\"favorite-news\"},\"url\":\"https:\\\/\\\/favorite-news.com\\\/es\\\/author\\\/pt\\\/\"}]}<\/script>\n<!-- \/ Yoast SEO plugin. -->","yoast_head_json":{"title":"Burger King cambia su imagen de marca por primera vez en veinte a\u00f1os - Favorite News","robots":{"index":"index","follow":"follow","max-snippet":"max-snippet:-1","max-image-preview":"max-image-preview:large","max-video-preview":"max-video-preview:-1"},"canonical":"https:\/\/favorite-news.com\/es\/burger-king-cambia-su-imagen-de-marca-por-primera-vez-en-veinte-anos\/","og_locale":"es_ES","og_type":"article","og_title":"Burger King cambia su imagen de marca por primera vez en veinte a\u00f1os - Favorite News","og_description":"El nuevo logo de Burger KingLa cadena de restauraci\u00f3n Burger King comienza 2021 con un dise\u00f1o visual completamente nuevo que estar\u00e1 presente en todos los puntos de contacto con el cliente. Este\u00a0 nuevo dise\u00f1o, realizado en colaboraci\u00f3n con la agencia creativa Jones Knowles Ritchie (JKR), supone el primer cambio integral de la marca en m\u00e1s [&hellip;]","og_url":"https:\/\/favorite-news.com\/es\/burger-king-cambia-su-imagen-de-marca-por-primera-vez-en-veinte-anos\/","og_site_name":"Favorite News","article_published_time":"2021-01-08T10:22:26+00:00","article_modified_time":"2021-01-08T10:22:29+00:00","og_image":[{"width":530,"height":298,"url":"https:\/\/favorite-news.com\/es\/wp-content\/uploads\/sites\/4\/2021\/01\/Burger-King-cambia-su-imagen-de-marca-por-primera-vez.jpg","type":"image\/jpeg"}],"author":"favorite-news","twitter_card":"summary_large_image","twitter_misc":{"Escrito por":"favorite-news","Tiempo de lectura":"2 minutos"},"schema":{"@context":"https:\/\/schema.org","@graph":[{"@type":"Article","@id":"https:\/\/favorite-news.com\/es\/burger-king-cambia-su-imagen-de-marca-por-primera-vez-en-veinte-anos\/#article","isPartOf":{"@id":"https:\/\/favorite-news.com\/es\/burger-king-cambia-su-imagen-de-marca-por-primera-vez-en-veinte-anos\/"},"author":{"name":"favorite-news","@id":"https:\/\/favorite-news.com\/es\/#\/schema\/person\/b91573b717dcfa5e4696032a9d28d3e8"},"headline":"Burger King cambia su imagen de marca por primera vez en veinte a\u00f1os","datePublished":"2021-01-08T10:22:26+00:00","dateModified":"2021-01-08T10:22:29+00:00","mainEntityOfPage":{"@id":"https:\/\/favorite-news.com\/es\/burger-king-cambia-su-imagen-de-marca-por-primera-vez-en-veinte-anos\/"},"wordCount":462,"commentCount":0,"image":{"@id":"https:\/\/favorite-news.com\/es\/burger-king-cambia-su-imagen-de-marca-por-primera-vez-en-veinte-anos\/#primaryimage"},"thumbnailUrl":"https:\/\/favorite-news.com\/es\/wp-content\/uploads\/sites\/4\/2021\/01\/Burger-King-cambia-su-imagen-de-marca-por-primera-vez.jpg","articleSection":["NOTICIAS DE INTERNET MARKETING"],"inLanguage":"es","potentialAction":[{"@type":"CommentAction","name":"Comment","target":["https:\/\/favorite-news.com\/es\/burger-king-cambia-su-imagen-de-marca-por-primera-vez-en-veinte-anos\/#respond"]}]},{"@type":"WebPage","@id":"https:\/\/favorite-news.com\/es\/burger-king-cambia-su-imagen-de-marca-por-primera-vez-en-veinte-anos\/","url":"https:\/\/favorite-news.com\/es\/burger-king-cambia-su-imagen-de-marca-por-primera-vez-en-veinte-anos\/","name":"Burger King cambia su imagen de marca por primera vez en veinte a\u00f1os - Favorite News","isPartOf":{"@id":"https:\/\/favorite-news.com\/es\/#website"},"primaryImageOfPage":{"@id":"https:\/\/favorite-news.com\/es\/burger-king-cambia-su-imagen-de-marca-por-primera-vez-en-veinte-anos\/#primaryimage"},"image":{"@id":"https:\/\/favorite-news.com\/es\/burger-king-cambia-su-imagen-de-marca-por-primera-vez-en-veinte-anos\/#primaryimage"},"thumbnailUrl":"https:\/\/favorite-news.com\/es\/wp-content\/uploads\/sites\/4\/2021\/01\/Burger-King-cambia-su-imagen-de-marca-por-primera-vez.jpg","datePublished":"2021-01-08T10:22:26+00:00","dateModified":"2021-01-08T10:22:29+00:00","author":{"@id":"https:\/\/favorite-news.com\/es\/#\/schema\/person\/b91573b717dcfa5e4696032a9d28d3e8"},"breadcrumb":{"@id":"https:\/\/favorite-news.com\/es\/burger-king-cambia-su-imagen-de-marca-por-primera-vez-en-veinte-anos\/#breadcrumb"},"inLanguage":"es","potentialAction":[{"@type":"ReadAction","target":["https:\/\/favorite-news.com\/es\/burger-king-cambia-su-imagen-de-marca-por-primera-vez-en-veinte-anos\/"]}]},{"@type":"ImageObject","inLanguage":"es","@id":"https:\/\/favorite-news.com\/es\/burger-king-cambia-su-imagen-de-marca-por-primera-vez-en-veinte-anos\/#primaryimage","url":"https:\/\/favorite-news.com\/es\/wp-content\/uploads\/sites\/4\/2021\/01\/Burger-King-cambia-su-imagen-de-marca-por-primera-vez.jpg","contentUrl":"https:\/\/favorite-news.com\/es\/wp-content\/uploads\/sites\/4\/2021\/01\/Burger-King-cambia-su-imagen-de-marca-por-primera-vez.jpg","width":530,"height":298,"caption":"Burger King cambia su imagen de marca por primera vez en veinte a\u00f1os"},{"@type":"BreadcrumbList","@id":"https:\/\/favorite-news.com\/es\/burger-king-cambia-su-imagen-de-marca-por-primera-vez-en-veinte-anos\/#breadcrumb","itemListElement":[{"@type":"ListItem","position":1,"name":"Home","item":"https:\/\/favorite-news.com\/es\/"},{"@type":"ListItem","position":2,"name":"Burger King cambia su imagen de marca por primera vez en veinte a\u00f1os"}]},{"@type":"WebSite","@id":"https:\/\/favorite-news.com\/es\/#website","url":"https:\/\/favorite-news.com\/es\/","name":"Favorite News","description":"Favorite News Espa\u00f1a","potentialAction":[{"@type":"SearchAction","target":{"@type":"EntryPoint","urlTemplate":"https:\/\/favorite-news.com\/es\/?s={search_term_string}"},"query-input":{"@type":"PropertyValueSpecification","valueRequired":true,"valueName":"search_term_string"}}],"inLanguage":"es"},{"@type":"Person","@id":"https:\/\/favorite-news.com\/es\/#\/schema\/person\/b91573b717dcfa5e4696032a9d28d3e8","name":"favorite-news","image":{"@type":"ImageObject","inLanguage":"es","@id":"https:\/\/secure.gravatar.com\/avatar\/6c5a5cb12b74e9d517ee91cf570335b7d16177f1977cc91db161adfa435945a7?s=96&d=mm&r=g","url":"https:\/\/secure.gravatar.com\/avatar\/6c5a5cb12b74e9d517ee91cf570335b7d16177f1977cc91db161adfa435945a7?s=96&d=mm&r=g","contentUrl":"https:\/\/secure.gravatar.com\/avatar\/6c5a5cb12b74e9d517ee91cf570335b7d16177f1977cc91db161adfa435945a7?s=96&d=mm&r=g","caption":"favorite-news"},"url":"https:\/\/favorite-news.com\/es\/author\/pt\/"}]}},"_links":{"self":[{"href":"https:\/\/favorite-news.com\/es\/wp-json\/wp\/v2\/posts\/5523","targetHints":{"allow":["GET"]}}],"collection":[{"href":"https:\/\/favorite-news.com\/es\/wp-json\/wp\/v2\/posts"}],"about":[{"href":"https:\/\/favorite-news.com\/es\/wp-json\/wp\/v2\/types\/post"}],"author":[{"embeddable":true,"href":"https:\/\/favorite-news.com\/es\/wp-json\/wp\/v2\/users\/2"}],"replies":[{"embeddable":true,"href":"https:\/\/favorite-news.com\/es\/wp-json\/wp\/v2\/comments?post=5523"}],"version-history":[{"count":1,"href":"https:\/\/favorite-news.com\/es\/wp-json\/wp\/v2\/posts\/5523\/revisions"}],"predecessor-version":[{"id":5525,"href":"https:\/\/favorite-news.com\/es\/wp-json\/wp\/v2\/posts\/5523\/revisions\/5525"}],"wp:featuredmedia":[{"embeddable":true,"href":"https:\/\/favorite-news.com\/es\/wp-json\/wp\/v2\/media\/5524"}],"wp:attachment":[{"href":"https:\/\/favorite-news.com\/es\/wp-json\/wp\/v2\/media?parent=5523"}],"wp:term":[{"taxonomy":"category","embeddable":true,"href":"https:\/\/favorite-news.com\/es\/wp-json\/wp\/v2\/categories?post=5523"},{"taxonomy":"post_tag","embeddable":true,"href":"https:\/\/favorite-news.com\/es\/wp-json\/wp\/v2\/tags?post=5523"}],"curies":[{"name":"wp","href":"https:\/\/api.w.org\/{rel}","templated":true}]}}