{"id":5484,"date":"2021-01-01T12:29:20","date_gmt":"2021-01-01T09:29:20","guid":{"rendered":"https:\/\/favorite-news.com\/es\/el-emotivo-homenaje-a-maradona-de-un-canal-de-television-argentino\/"},"modified":"2021-01-01T12:29:23","modified_gmt":"2021-01-01T09:29:23","slug":"el-emotivo-homenaje-a-maradona-de-un-canal-de-television-argentino","status":"publish","type":"post","link":"https:\/\/favorite-news.com\/es\/el-emotivo-homenaje-a-maradona-de-un-canal-de-television-argentino\/","title":{"rendered":"El emotivo homenaje a Maradona de un canal de televisi\u00f3n argentino"},"content":{"rendered":"<p>La creatividad es de la agencia argentina Mercado McCannUna pelota azteca, que realiza un viaje por el mundo, para tener su propia despedida, es la protagonista de la campa\u00f1a con la que TYC Sports quiere recordar a Maradona.\u201cLa partida de Diego nos hace sentir en una especie de duelo interminable, nos genera una herida imposible de cicatrizar. Como marca de deportes ten\u00edamos la necesidad de compartir lo que sentimos con el p\u00fablico, de abrazarlos y hacerles saber que en TyC Sports tambi\u00e9n sentimos que una parte nuestra se va con \u00e9l\u201d, afirma en un comunicado Mariano Malvasio, gerente de marketing de TyC Sports.\u201cComo muchos argentinos, sentimos las ganas de decirle a Diego cu\u00e1nto lo vamos a extra\u00f1ar. Pero ni bien nos planteamos con el equipo de TyC Sports hacerle un spot de despedida, nos propusimos encontrar el tono adecuado, un mensaje que toque una fibra, que se sienta honesto, afectuoso y respetuoso, en primer lugar. Sabemos que en estos d\u00edas hubo muchos homenajes a Diego, pero de todas formas sent\u00edamos que faltaba uno, ni mas ni menos importante, pero s\u00ed clave en esta historia\u201d, comentaron Juampi Lufrano y Nico Massimino, responsables de la campa\u00f1a en Mercado McCann, agencia que firma la creatividad.\u00a0<br \/>\n<br \/>\n<!--noindex--><br \/>\n<a href=\"http:\/\/www.marketingnews.es\/internacional\/noticia\/1163740028505\/emotivo-homenaje-maradona-de-canal-de-television-argentino.1.html\" rel=\"nofollow\">Source link <\/a><br \/>\n<!--\/noindex--><\/p>\n","protected":false},"excerpt":{"rendered":"<p>La creatividad es de la agencia argentina Mercado McCannUna pelota azteca, que realiza un viaje por el mundo, para tener su propia despedida, es la protagonista de la campa\u00f1a con la que TYC Sports quiere recordar a Maradona.\u201cLa partida de Diego nos hace sentir en una especie de duelo interminable, nos genera una herida imposible [&hellip;]<\/p>\n","protected":false},"author":2,"featured_media":5485,"comment_status":"open","ping_status":"open","sticky":false,"template":"","format":"standard","meta":{"footnotes":""},"categories":[2],"tags":[],"class_list":["post-5484","post","type-post","status-publish","format-standard","has-post-thumbnail","hentry","category-noticias-de-internet-marketing"],"yoast_head":"<!-- This site is optimized with the Yoast SEO plugin v27.4 - https:\/\/yoast.com\/product\/yoast-seo-wordpress\/ -->\n<title>El emotivo homenaje a Maradona de un canal de televisi\u00f3n argentino - Favorite News<\/title>\n<meta name=\"robots\" content=\"index, follow, max-snippet:-1, max-image-preview:large, max-video-preview:-1\" \/>\n<link rel=\"canonical\" href=\"https:\/\/favorite-news.com\/es\/el-emotivo-homenaje-a-maradona-de-un-canal-de-television-argentino\/\" \/>\n<meta property=\"og:locale\" content=\"es_ES\" \/>\n<meta property=\"og:type\" content=\"article\" \/>\n<meta property=\"og:title\" content=\"El emotivo homenaje a Maradona de un canal de televisi\u00f3n argentino - Favorite News\" \/>\n<meta property=\"og:description\" content=\"La creatividad es de la agencia argentina Mercado McCannUna pelota azteca, que realiza un viaje por el mundo, para tener su propia despedida, es la protagonista de la campa\u00f1a con la que TYC Sports quiere recordar a Maradona.\u201cLa partida de Diego nos hace sentir en una especie de duelo interminable, nos genera una herida imposible [&hellip;]\" \/>\n<meta property=\"og:url\" content=\"https:\/\/favorite-news.com\/es\/el-emotivo-homenaje-a-maradona-de-un-canal-de-television-argentino\/\" \/>\n<meta property=\"og:site_name\" content=\"Favorite News\" \/>\n<meta property=\"article:published_time\" content=\"2021-01-01T09:29:20+00:00\" \/>\n<meta property=\"article:modified_time\" content=\"2021-01-01T09:29:23+00:00\" \/>\n<meta property=\"og:image\" content=\"https:\/\/favorite-news.com\/es\/wp-content\/uploads\/sites\/4\/2021\/01\/El-emotivo-homenaje-a-Maradona-de-un-canal-de-television.jpg\" \/>\n\t<meta property=\"og:image:width\" content=\"530\" \/>\n\t<meta property=\"og:image:height\" content=\"298\" \/>\n\t<meta property=\"og:image:type\" content=\"image\/jpeg\" \/>\n<meta name=\"author\" content=\"favorite-news\" \/>\n<meta name=\"twitter:card\" content=\"summary_large_image\" \/>\n<meta name=\"twitter:label1\" content=\"Escrito por\" \/>\n\t<meta name=\"twitter:data1\" content=\"favorite-news\" \/>\n\t<meta name=\"twitter:label2\" content=\"Tiempo de lectura\" \/>\n\t<meta name=\"twitter:data2\" content=\"1 minuto\" \/>\n<script type=\"application\/ld+json\" class=\"yoast-schema-graph\">{\"@context\":\"https:\\\/\\\/schema.org\",\"@graph\":[{\"@type\":\"Article\",\"@id\":\"https:\\\/\\\/favorite-news.com\\\/es\\\/el-emotivo-homenaje-a-maradona-de-un-canal-de-television-argentino\\\/#article\",\"isPartOf\":{\"@id\":\"https:\\\/\\\/favorite-news.com\\\/es\\\/el-emotivo-homenaje-a-maradona-de-un-canal-de-television-argentino\\\/\"},\"author\":{\"name\":\"favorite-news\",\"@id\":\"https:\\\/\\\/favorite-news.com\\\/es\\\/#\\\/schema\\\/person\\\/b91573b717dcfa5e4696032a9d28d3e8\"},\"headline\":\"El emotivo homenaje a Maradona de un canal de televisi\u00f3n argentino\",\"datePublished\":\"2021-01-01T09:29:20+00:00\",\"dateModified\":\"2021-01-01T09:29:23+00:00\",\"mainEntityOfPage\":{\"@id\":\"https:\\\/\\\/favorite-news.com\\\/es\\\/el-emotivo-homenaje-a-maradona-de-un-canal-de-television-argentino\\\/\"},\"wordCount\":227,\"commentCount\":0,\"image\":{\"@id\":\"https:\\\/\\\/favorite-news.com\\\/es\\\/el-emotivo-homenaje-a-maradona-de-un-canal-de-television-argentino\\\/#primaryimage\"},\"thumbnailUrl\":\"https:\\\/\\\/favorite-news.com\\\/es\\\/wp-content\\\/uploads\\\/sites\\\/4\\\/2021\\\/01\\\/El-emotivo-homenaje-a-Maradona-de-un-canal-de-television.jpg\",\"articleSection\":[\"NOTICIAS DE INTERNET MARKETING\"],\"inLanguage\":\"es\",\"potentialAction\":[{\"@type\":\"CommentAction\",\"name\":\"Comment\",\"target\":[\"https:\\\/\\\/favorite-news.com\\\/es\\\/el-emotivo-homenaje-a-maradona-de-un-canal-de-television-argentino\\\/#respond\"]}]},{\"@type\":\"WebPage\",\"@id\":\"https:\\\/\\\/favorite-news.com\\\/es\\\/el-emotivo-homenaje-a-maradona-de-un-canal-de-television-argentino\\\/\",\"url\":\"https:\\\/\\\/favorite-news.com\\\/es\\\/el-emotivo-homenaje-a-maradona-de-un-canal-de-television-argentino\\\/\",\"name\":\"El emotivo homenaje a Maradona de un canal de televisi\u00f3n argentino - Favorite News\",\"isPartOf\":{\"@id\":\"https:\\\/\\\/favorite-news.com\\\/es\\\/#website\"},\"primaryImageOfPage\":{\"@id\":\"https:\\\/\\\/favorite-news.com\\\/es\\\/el-emotivo-homenaje-a-maradona-de-un-canal-de-television-argentino\\\/#primaryimage\"},\"image\":{\"@id\":\"https:\\\/\\\/favorite-news.com\\\/es\\\/el-emotivo-homenaje-a-maradona-de-un-canal-de-television-argentino\\\/#primaryimage\"},\"thumbnailUrl\":\"https:\\\/\\\/favorite-news.com\\\/es\\\/wp-content\\\/uploads\\\/sites\\\/4\\\/2021\\\/01\\\/El-emotivo-homenaje-a-Maradona-de-un-canal-de-television.jpg\",\"datePublished\":\"2021-01-01T09:29:20+00:00\",\"dateModified\":\"2021-01-01T09:29:23+00:00\",\"author\":{\"@id\":\"https:\\\/\\\/favorite-news.com\\\/es\\\/#\\\/schema\\\/person\\\/b91573b717dcfa5e4696032a9d28d3e8\"},\"breadcrumb\":{\"@id\":\"https:\\\/\\\/favorite-news.com\\\/es\\\/el-emotivo-homenaje-a-maradona-de-un-canal-de-television-argentino\\\/#breadcrumb\"},\"inLanguage\":\"es\",\"potentialAction\":[{\"@type\":\"ReadAction\",\"target\":[\"https:\\\/\\\/favorite-news.com\\\/es\\\/el-emotivo-homenaje-a-maradona-de-un-canal-de-television-argentino\\\/\"]}]},{\"@type\":\"ImageObject\",\"inLanguage\":\"es\",\"@id\":\"https:\\\/\\\/favorite-news.com\\\/es\\\/el-emotivo-homenaje-a-maradona-de-un-canal-de-television-argentino\\\/#primaryimage\",\"url\":\"https:\\\/\\\/favorite-news.com\\\/es\\\/wp-content\\\/uploads\\\/sites\\\/4\\\/2021\\\/01\\\/El-emotivo-homenaje-a-Maradona-de-un-canal-de-television.jpg\",\"contentUrl\":\"https:\\\/\\\/favorite-news.com\\\/es\\\/wp-content\\\/uploads\\\/sites\\\/4\\\/2021\\\/01\\\/El-emotivo-homenaje-a-Maradona-de-un-canal-de-television.jpg\",\"width\":530,\"height\":298,\"caption\":\"El emotivo homenaje a Maradona de un canal de televisi\u00f3n argentino\"},{\"@type\":\"BreadcrumbList\",\"@id\":\"https:\\\/\\\/favorite-news.com\\\/es\\\/el-emotivo-homenaje-a-maradona-de-un-canal-de-television-argentino\\\/#breadcrumb\",\"itemListElement\":[{\"@type\":\"ListItem\",\"position\":1,\"name\":\"Home\",\"item\":\"https:\\\/\\\/favorite-news.com\\\/es\\\/\"},{\"@type\":\"ListItem\",\"position\":2,\"name\":\"El emotivo homenaje a Maradona de un canal de televisi\u00f3n argentino\"}]},{\"@type\":\"WebSite\",\"@id\":\"https:\\\/\\\/favorite-news.com\\\/es\\\/#website\",\"url\":\"https:\\\/\\\/favorite-news.com\\\/es\\\/\",\"name\":\"Favorite News\",\"description\":\"Favorite News Espa\u00f1a\",\"potentialAction\":[{\"@type\":\"SearchAction\",\"target\":{\"@type\":\"EntryPoint\",\"urlTemplate\":\"https:\\\/\\\/favorite-news.com\\\/es\\\/?s={search_term_string}\"},\"query-input\":{\"@type\":\"PropertyValueSpecification\",\"valueRequired\":true,\"valueName\":\"search_term_string\"}}],\"inLanguage\":\"es\"},{\"@type\":\"Person\",\"@id\":\"https:\\\/\\\/favorite-news.com\\\/es\\\/#\\\/schema\\\/person\\\/b91573b717dcfa5e4696032a9d28d3e8\",\"name\":\"favorite-news\",\"image\":{\"@type\":\"ImageObject\",\"inLanguage\":\"es\",\"@id\":\"https:\\\/\\\/secure.gravatar.com\\\/avatar\\\/6c5a5cb12b74e9d517ee91cf570335b7d16177f1977cc91db161adfa435945a7?s=96&d=mm&r=g\",\"url\":\"https:\\\/\\\/secure.gravatar.com\\\/avatar\\\/6c5a5cb12b74e9d517ee91cf570335b7d16177f1977cc91db161adfa435945a7?s=96&d=mm&r=g\",\"contentUrl\":\"https:\\\/\\\/secure.gravatar.com\\\/avatar\\\/6c5a5cb12b74e9d517ee91cf570335b7d16177f1977cc91db161adfa435945a7?s=96&d=mm&r=g\",\"caption\":\"favorite-news\"},\"url\":\"https:\\\/\\\/favorite-news.com\\\/es\\\/author\\\/pt\\\/\"}]}<\/script>\n<!-- \/ Yoast SEO plugin. -->","yoast_head_json":{"title":"El emotivo homenaje a Maradona de un canal de televisi\u00f3n argentino - Favorite News","robots":{"index":"index","follow":"follow","max-snippet":"max-snippet:-1","max-image-preview":"max-image-preview:large","max-video-preview":"max-video-preview:-1"},"canonical":"https:\/\/favorite-news.com\/es\/el-emotivo-homenaje-a-maradona-de-un-canal-de-television-argentino\/","og_locale":"es_ES","og_type":"article","og_title":"El emotivo homenaje a Maradona de un canal de televisi\u00f3n argentino - Favorite News","og_description":"La creatividad es de la agencia argentina Mercado McCannUna pelota azteca, que realiza un viaje por el mundo, para tener su propia despedida, es la protagonista de la campa\u00f1a con la que TYC Sports quiere recordar a Maradona.\u201cLa partida de Diego nos hace sentir en una especie de duelo interminable, nos genera una herida imposible [&hellip;]","og_url":"https:\/\/favorite-news.com\/es\/el-emotivo-homenaje-a-maradona-de-un-canal-de-television-argentino\/","og_site_name":"Favorite News","article_published_time":"2021-01-01T09:29:20+00:00","article_modified_time":"2021-01-01T09:29:23+00:00","og_image":[{"width":530,"height":298,"url":"https:\/\/favorite-news.com\/es\/wp-content\/uploads\/sites\/4\/2021\/01\/El-emotivo-homenaje-a-Maradona-de-un-canal-de-television.jpg","type":"image\/jpeg"}],"author":"favorite-news","twitter_card":"summary_large_image","twitter_misc":{"Escrito por":"favorite-news","Tiempo de lectura":"1 minuto"},"schema":{"@context":"https:\/\/schema.org","@graph":[{"@type":"Article","@id":"https:\/\/favorite-news.com\/es\/el-emotivo-homenaje-a-maradona-de-un-canal-de-television-argentino\/#article","isPartOf":{"@id":"https:\/\/favorite-news.com\/es\/el-emotivo-homenaje-a-maradona-de-un-canal-de-television-argentino\/"},"author":{"name":"favorite-news","@id":"https:\/\/favorite-news.com\/es\/#\/schema\/person\/b91573b717dcfa5e4696032a9d28d3e8"},"headline":"El emotivo homenaje a Maradona de un canal de televisi\u00f3n argentino","datePublished":"2021-01-01T09:29:20+00:00","dateModified":"2021-01-01T09:29:23+00:00","mainEntityOfPage":{"@id":"https:\/\/favorite-news.com\/es\/el-emotivo-homenaje-a-maradona-de-un-canal-de-television-argentino\/"},"wordCount":227,"commentCount":0,"image":{"@id":"https:\/\/favorite-news.com\/es\/el-emotivo-homenaje-a-maradona-de-un-canal-de-television-argentino\/#primaryimage"},"thumbnailUrl":"https:\/\/favorite-news.com\/es\/wp-content\/uploads\/sites\/4\/2021\/01\/El-emotivo-homenaje-a-Maradona-de-un-canal-de-television.jpg","articleSection":["NOTICIAS DE INTERNET MARKETING"],"inLanguage":"es","potentialAction":[{"@type":"CommentAction","name":"Comment","target":["https:\/\/favorite-news.com\/es\/el-emotivo-homenaje-a-maradona-de-un-canal-de-television-argentino\/#respond"]}]},{"@type":"WebPage","@id":"https:\/\/favorite-news.com\/es\/el-emotivo-homenaje-a-maradona-de-un-canal-de-television-argentino\/","url":"https:\/\/favorite-news.com\/es\/el-emotivo-homenaje-a-maradona-de-un-canal-de-television-argentino\/","name":"El emotivo homenaje a Maradona de un canal de televisi\u00f3n argentino - Favorite News","isPartOf":{"@id":"https:\/\/favorite-news.com\/es\/#website"},"primaryImageOfPage":{"@id":"https:\/\/favorite-news.com\/es\/el-emotivo-homenaje-a-maradona-de-un-canal-de-television-argentino\/#primaryimage"},"image":{"@id":"https:\/\/favorite-news.com\/es\/el-emotivo-homenaje-a-maradona-de-un-canal-de-television-argentino\/#primaryimage"},"thumbnailUrl":"https:\/\/favorite-news.com\/es\/wp-content\/uploads\/sites\/4\/2021\/01\/El-emotivo-homenaje-a-Maradona-de-un-canal-de-television.jpg","datePublished":"2021-01-01T09:29:20+00:00","dateModified":"2021-01-01T09:29:23+00:00","author":{"@id":"https:\/\/favorite-news.com\/es\/#\/schema\/person\/b91573b717dcfa5e4696032a9d28d3e8"},"breadcrumb":{"@id":"https:\/\/favorite-news.com\/es\/el-emotivo-homenaje-a-maradona-de-un-canal-de-television-argentino\/#breadcrumb"},"inLanguage":"es","potentialAction":[{"@type":"ReadAction","target":["https:\/\/favorite-news.com\/es\/el-emotivo-homenaje-a-maradona-de-un-canal-de-television-argentino\/"]}]},{"@type":"ImageObject","inLanguage":"es","@id":"https:\/\/favorite-news.com\/es\/el-emotivo-homenaje-a-maradona-de-un-canal-de-television-argentino\/#primaryimage","url":"https:\/\/favorite-news.com\/es\/wp-content\/uploads\/sites\/4\/2021\/01\/El-emotivo-homenaje-a-Maradona-de-un-canal-de-television.jpg","contentUrl":"https:\/\/favorite-news.com\/es\/wp-content\/uploads\/sites\/4\/2021\/01\/El-emotivo-homenaje-a-Maradona-de-un-canal-de-television.jpg","width":530,"height":298,"caption":"El emotivo homenaje a Maradona de un canal de televisi\u00f3n argentino"},{"@type":"BreadcrumbList","@id":"https:\/\/favorite-news.com\/es\/el-emotivo-homenaje-a-maradona-de-un-canal-de-television-argentino\/#breadcrumb","itemListElement":[{"@type":"ListItem","position":1,"name":"Home","item":"https:\/\/favorite-news.com\/es\/"},{"@type":"ListItem","position":2,"name":"El emotivo homenaje a Maradona de un canal de televisi\u00f3n argentino"}]},{"@type":"WebSite","@id":"https:\/\/favorite-news.com\/es\/#website","url":"https:\/\/favorite-news.com\/es\/","name":"Favorite News","description":"Favorite News Espa\u00f1a","potentialAction":[{"@type":"SearchAction","target":{"@type":"EntryPoint","urlTemplate":"https:\/\/favorite-news.com\/es\/?s={search_term_string}"},"query-input":{"@type":"PropertyValueSpecification","valueRequired":true,"valueName":"search_term_string"}}],"inLanguage":"es"},{"@type":"Person","@id":"https:\/\/favorite-news.com\/es\/#\/schema\/person\/b91573b717dcfa5e4696032a9d28d3e8","name":"favorite-news","image":{"@type":"ImageObject","inLanguage":"es","@id":"https:\/\/secure.gravatar.com\/avatar\/6c5a5cb12b74e9d517ee91cf570335b7d16177f1977cc91db161adfa435945a7?s=96&d=mm&r=g","url":"https:\/\/secure.gravatar.com\/avatar\/6c5a5cb12b74e9d517ee91cf570335b7d16177f1977cc91db161adfa435945a7?s=96&d=mm&r=g","contentUrl":"https:\/\/secure.gravatar.com\/avatar\/6c5a5cb12b74e9d517ee91cf570335b7d16177f1977cc91db161adfa435945a7?s=96&d=mm&r=g","caption":"favorite-news"},"url":"https:\/\/favorite-news.com\/es\/author\/pt\/"}]}},"_links":{"self":[{"href":"https:\/\/favorite-news.com\/es\/wp-json\/wp\/v2\/posts\/5484","targetHints":{"allow":["GET"]}}],"collection":[{"href":"https:\/\/favorite-news.com\/es\/wp-json\/wp\/v2\/posts"}],"about":[{"href":"https:\/\/favorite-news.com\/es\/wp-json\/wp\/v2\/types\/post"}],"author":[{"embeddable":true,"href":"https:\/\/favorite-news.com\/es\/wp-json\/wp\/v2\/users\/2"}],"replies":[{"embeddable":true,"href":"https:\/\/favorite-news.com\/es\/wp-json\/wp\/v2\/comments?post=5484"}],"version-history":[{"count":1,"href":"https:\/\/favorite-news.com\/es\/wp-json\/wp\/v2\/posts\/5484\/revisions"}],"predecessor-version":[{"id":5486,"href":"https:\/\/favorite-news.com\/es\/wp-json\/wp\/v2\/posts\/5484\/revisions\/5486"}],"wp:featuredmedia":[{"embeddable":true,"href":"https:\/\/favorite-news.com\/es\/wp-json\/wp\/v2\/media\/5485"}],"wp:attachment":[{"href":"https:\/\/favorite-news.com\/es\/wp-json\/wp\/v2\/media?parent=5484"}],"wp:term":[{"taxonomy":"category","embeddable":true,"href":"https:\/\/favorite-news.com\/es\/wp-json\/wp\/v2\/categories?post=5484"},{"taxonomy":"post_tag","embeddable":true,"href":"https:\/\/favorite-news.com\/es\/wp-json\/wp\/v2\/tags?post=5484"}],"curies":[{"name":"wp","href":"https:\/\/api.w.org\/{rel}","templated":true}]}}