{"id":5473,"date":"2020-12-30T11:51:10","date_gmt":"2020-12-30T08:51:10","guid":{"rendered":"https:\/\/favorite-news.com\/es\/cacaolat-pide-que-levanten-el-toque-de-queda-para-los-reyes-magos\/"},"modified":"2021-01-04T15:56:28","modified_gmt":"2021-01-04T12:56:28","slug":"cacaolat-pide-que-levanten-el-toque-de-queda-para-los-reyes-magos","status":"publish","type":"post","link":"https:\/\/favorite-news.com\/es\/cacaolat-pide-que-levanten-el-toque-de-queda-para-los-reyes-magos\/","title":{"rendered":"Cacaolat pide que levanten el toque de queda para los Reyes Magos"},"content":{"rendered":"<p>La acci\u00f3n es de Contrapunto BDDOEs inevitable que ante las restricciones actuales tanto de movilidad como horarias para combatir la COVID-19, los ni\u00f1os se empiecen a preguntar cuestiones como: \u00bfC\u00f3mo repartir\u00e1n los Reyes Magos los regalos si no se pueden cruzar las fronteras para llegar desde Oriente? \u00bfC\u00f3mo cruzar\u00e1n las fronteras entre Comunidades Aut\u00f3nomas? \u00bfPodr\u00e1n entrar en las casas con el toque de queda? Ante estas numerosas inc\u00f3gnitas, Cacaolat quiere tomar cartas en el asunto para intentar revertir la situaci\u00f3n con el lanzamiento de la campa\u00f1a #PermisoReyesMagos.\u00a0De este modo, Cacaolat est\u00e1 compartiendo a trav\u00e9s de las redes sociales una carta dirigida a todas las entidades gubernamentales para que concedan un permiso especial a los tres Reyes Magos para que puedan repartir los regalos que tantos ni\u00f1os esperan y devolverles la ilusi\u00f3n y la felicidad.\u00a0Con el objetivo de reforzar la solicitud y unir fuerzas, Cacaolat ha creado una petici\u00f3n a trav\u00e9s de change.org para recoger firmas de cualquier persona o familia que est\u00e9 a favor de la causa y, as\u00ed, conseguir este esperado permiso.Para conseguir el objetivo, Cacaolat ha realizado diferentes publicaciones en Twitter pidiendo directamente a cada una de las entidades o l\u00edderes que tengan potestad para emitir una orden legal que permita a los tres Reyes Magos circular por todo el pa\u00eds, sin ning\u00fan tipo de restricci\u00f3n horaria ni fronteriza bajo el #PermisoReyesMagos. Esta petici\u00f3n se comunicar\u00e1 tanto al Ministerio de Sanidad como al mism\u00edsimo presidente del Gobierno, Pedro S\u00e1nchez, pasando por la Polic\u00eda Nacional, Guardia Civil, etc.Miles de ni\u00f1os en toda Espa\u00f1a se est\u00e1n preguntando c\u00f3mo van a llegar los 3 Reyes Magos a sus casas con el toque de queda. En @AytoMurcia ya lo tienen claro y han creado un permiso especial. Ahora necesitamos un permiso en toda Espa\u00f1a @sanchezcastejon. #PermisoReyesMagospic.twitter.com\/SfazYSxZsU\u2014 Cacaolat (@Cacaolat) December 15, 2020<script async src=\"https:\/\/platform.twitter.com\/widgets.js\" charset=\"utf-8\"><\/script><\/p>\n<p><!--noindex--><br \/>\n<a href=\"http:\/\/www.marketingnews.es\/marcas\/noticia\/1163753054305\/cacaolat-pide-levanten-toque-de-queda-reyes-magos.1.html\" rel=\"nofollow\">Source link <\/a><br \/>\n<!--\/noindex--><\/p>\n","protected":false},"excerpt":{"rendered":"<p>La acci\u00f3n es de Contrapunto BDDOEs inevitable que ante las restricciones actuales tanto de movilidad como horarias para combatir la COVID-19, los ni\u00f1os se empiecen a preguntar cuestiones como: \u00bfC\u00f3mo repartir\u00e1n los Reyes Magos los regalos si no se pueden cruzar las fronteras para llegar desde Oriente? \u00bfC\u00f3mo cruzar\u00e1n las fronteras entre Comunidades Aut\u00f3nomas? \u00bfPodr\u00e1n [&hellip;]<\/p>\n","protected":false},"author":2,"featured_media":5474,"comment_status":"open","ping_status":"open","sticky":false,"template":"","format":"standard","meta":{"footnotes":""},"categories":[2],"tags":[],"class_list":["post-5473","post","type-post","status-publish","format-standard","has-post-thumbnail","hentry","category-noticias-de-internet-marketing"],"yoast_head":"<!-- This site is optimized with the Yoast SEO plugin v27.4 - https:\/\/yoast.com\/product\/yoast-seo-wordpress\/ -->\n<title>Cacaolat pide que levanten el toque de queda para los Reyes Magos - Favorite News<\/title>\n<meta name=\"robots\" content=\"index, follow, max-snippet:-1, max-image-preview:large, max-video-preview:-1\" \/>\n<link rel=\"canonical\" href=\"https:\/\/favorite-news.com\/es\/cacaolat-pide-que-levanten-el-toque-de-queda-para-los-reyes-magos\/\" \/>\n<meta property=\"og:locale\" content=\"es_ES\" \/>\n<meta property=\"og:type\" content=\"article\" \/>\n<meta property=\"og:title\" content=\"Cacaolat pide que levanten el toque de queda para los Reyes Magos - Favorite News\" \/>\n<meta property=\"og:description\" content=\"La acci\u00f3n es de Contrapunto BDDOEs inevitable que ante las restricciones actuales tanto de movilidad como horarias para combatir la COVID-19, los ni\u00f1os se empiecen a preguntar cuestiones como: \u00bfC\u00f3mo repartir\u00e1n los Reyes Magos los regalos si no se pueden cruzar las fronteras para llegar desde Oriente? \u00bfC\u00f3mo cruzar\u00e1n las fronteras entre Comunidades Aut\u00f3nomas? \u00bfPodr\u00e1n [&hellip;]\" \/>\n<meta property=\"og:url\" content=\"https:\/\/favorite-news.com\/es\/cacaolat-pide-que-levanten-el-toque-de-queda-para-los-reyes-magos\/\" \/>\n<meta property=\"og:site_name\" content=\"Favorite News\" \/>\n<meta property=\"article:published_time\" content=\"2020-12-30T08:51:10+00:00\" \/>\n<meta property=\"article:modified_time\" content=\"2021-01-04T12:56:28+00:00\" \/>\n<meta property=\"og:image\" content=\"https:\/\/favorite-news.com\/es\/wp-content\/uploads\/sites\/4\/2020\/12\/Cacaolat-pide-que-levanten-el-toque-de-queda-para-los.png\" \/>\n\t<meta property=\"og:image:width\" content=\"530\" \/>\n\t<meta property=\"og:image:height\" content=\"298\" \/>\n\t<meta property=\"og:image:type\" content=\"image\/png\" \/>\n<meta name=\"author\" content=\"favorite-news\" \/>\n<meta name=\"twitter:card\" content=\"summary_large_image\" \/>\n<meta name=\"twitter:label1\" content=\"Escrito por\" \/>\n\t<meta name=\"twitter:data1\" content=\"favorite-news\" \/>\n\t<meta name=\"twitter:label2\" content=\"Tiempo de lectura\" \/>\n\t<meta name=\"twitter:data2\" content=\"2 minutos\" \/>\n<script type=\"application\/ld+json\" class=\"yoast-schema-graph\">{\"@context\":\"https:\\\/\\\/schema.org\",\"@graph\":[{\"@type\":\"Article\",\"@id\":\"https:\\\/\\\/favorite-news.com\\\/es\\\/cacaolat-pide-que-levanten-el-toque-de-queda-para-los-reyes-magos\\\/#article\",\"isPartOf\":{\"@id\":\"https:\\\/\\\/favorite-news.com\\\/es\\\/cacaolat-pide-que-levanten-el-toque-de-queda-para-los-reyes-magos\\\/\"},\"author\":{\"name\":\"favorite-news\",\"@id\":\"https:\\\/\\\/favorite-news.com\\\/es\\\/#\\\/schema\\\/person\\\/b91573b717dcfa5e4696032a9d28d3e8\"},\"headline\":\"Cacaolat pide que levanten el toque de queda para los Reyes Magos\",\"datePublished\":\"2020-12-30T08:51:10+00:00\",\"dateModified\":\"2021-01-04T12:56:28+00:00\",\"mainEntityOfPage\":{\"@id\":\"https:\\\/\\\/favorite-news.com\\\/es\\\/cacaolat-pide-que-levanten-el-toque-de-queda-para-los-reyes-magos\\\/\"},\"wordCount\":347,\"commentCount\":0,\"image\":{\"@id\":\"https:\\\/\\\/favorite-news.com\\\/es\\\/cacaolat-pide-que-levanten-el-toque-de-queda-para-los-reyes-magos\\\/#primaryimage\"},\"thumbnailUrl\":\"https:\\\/\\\/favorite-news.com\\\/es\\\/wp-content\\\/uploads\\\/sites\\\/4\\\/2020\\\/12\\\/Cacaolat-pide-que-levanten-el-toque-de-queda-para-los.png\",\"articleSection\":[\"NOTICIAS DE INTERNET MARKETING\"],\"inLanguage\":\"es\",\"potentialAction\":[{\"@type\":\"CommentAction\",\"name\":\"Comment\",\"target\":[\"https:\\\/\\\/favorite-news.com\\\/es\\\/cacaolat-pide-que-levanten-el-toque-de-queda-para-los-reyes-magos\\\/#respond\"]}]},{\"@type\":\"WebPage\",\"@id\":\"https:\\\/\\\/favorite-news.com\\\/es\\\/cacaolat-pide-que-levanten-el-toque-de-queda-para-los-reyes-magos\\\/\",\"url\":\"https:\\\/\\\/favorite-news.com\\\/es\\\/cacaolat-pide-que-levanten-el-toque-de-queda-para-los-reyes-magos\\\/\",\"name\":\"Cacaolat pide que levanten el toque de queda para los Reyes Magos - Favorite News\",\"isPartOf\":{\"@id\":\"https:\\\/\\\/favorite-news.com\\\/es\\\/#website\"},\"primaryImageOfPage\":{\"@id\":\"https:\\\/\\\/favorite-news.com\\\/es\\\/cacaolat-pide-que-levanten-el-toque-de-queda-para-los-reyes-magos\\\/#primaryimage\"},\"image\":{\"@id\":\"https:\\\/\\\/favorite-news.com\\\/es\\\/cacaolat-pide-que-levanten-el-toque-de-queda-para-los-reyes-magos\\\/#primaryimage\"},\"thumbnailUrl\":\"https:\\\/\\\/favorite-news.com\\\/es\\\/wp-content\\\/uploads\\\/sites\\\/4\\\/2020\\\/12\\\/Cacaolat-pide-que-levanten-el-toque-de-queda-para-los.png\",\"datePublished\":\"2020-12-30T08:51:10+00:00\",\"dateModified\":\"2021-01-04T12:56:28+00:00\",\"author\":{\"@id\":\"https:\\\/\\\/favorite-news.com\\\/es\\\/#\\\/schema\\\/person\\\/b91573b717dcfa5e4696032a9d28d3e8\"},\"breadcrumb\":{\"@id\":\"https:\\\/\\\/favorite-news.com\\\/es\\\/cacaolat-pide-que-levanten-el-toque-de-queda-para-los-reyes-magos\\\/#breadcrumb\"},\"inLanguage\":\"es\",\"potentialAction\":[{\"@type\":\"ReadAction\",\"target\":[\"https:\\\/\\\/favorite-news.com\\\/es\\\/cacaolat-pide-que-levanten-el-toque-de-queda-para-los-reyes-magos\\\/\"]}]},{\"@type\":\"ImageObject\",\"inLanguage\":\"es\",\"@id\":\"https:\\\/\\\/favorite-news.com\\\/es\\\/cacaolat-pide-que-levanten-el-toque-de-queda-para-los-reyes-magos\\\/#primaryimage\",\"url\":\"https:\\\/\\\/favorite-news.com\\\/es\\\/wp-content\\\/uploads\\\/sites\\\/4\\\/2020\\\/12\\\/Cacaolat-pide-que-levanten-el-toque-de-queda-para-los.png\",\"contentUrl\":\"https:\\\/\\\/favorite-news.com\\\/es\\\/wp-content\\\/uploads\\\/sites\\\/4\\\/2020\\\/12\\\/Cacaolat-pide-que-levanten-el-toque-de-queda-para-los.png\",\"width\":530,\"height\":298,\"caption\":\"Cacaolat pide que levanten el toque de queda para los Reyes Magos\"},{\"@type\":\"BreadcrumbList\",\"@id\":\"https:\\\/\\\/favorite-news.com\\\/es\\\/cacaolat-pide-que-levanten-el-toque-de-queda-para-los-reyes-magos\\\/#breadcrumb\",\"itemListElement\":[{\"@type\":\"ListItem\",\"position\":1,\"name\":\"Home\",\"item\":\"https:\\\/\\\/favorite-news.com\\\/es\\\/\"},{\"@type\":\"ListItem\",\"position\":2,\"name\":\"Cacaolat pide que levanten el toque de queda para los Reyes Magos\"}]},{\"@type\":\"WebSite\",\"@id\":\"https:\\\/\\\/favorite-news.com\\\/es\\\/#website\",\"url\":\"https:\\\/\\\/favorite-news.com\\\/es\\\/\",\"name\":\"Favorite News\",\"description\":\"Favorite News Espa\u00f1a\",\"potentialAction\":[{\"@type\":\"SearchAction\",\"target\":{\"@type\":\"EntryPoint\",\"urlTemplate\":\"https:\\\/\\\/favorite-news.com\\\/es\\\/?s={search_term_string}\"},\"query-input\":{\"@type\":\"PropertyValueSpecification\",\"valueRequired\":true,\"valueName\":\"search_term_string\"}}],\"inLanguage\":\"es\"},{\"@type\":\"Person\",\"@id\":\"https:\\\/\\\/favorite-news.com\\\/es\\\/#\\\/schema\\\/person\\\/b91573b717dcfa5e4696032a9d28d3e8\",\"name\":\"favorite-news\",\"image\":{\"@type\":\"ImageObject\",\"inLanguage\":\"es\",\"@id\":\"https:\\\/\\\/secure.gravatar.com\\\/avatar\\\/6c5a5cb12b74e9d517ee91cf570335b7d16177f1977cc91db161adfa435945a7?s=96&d=mm&r=g\",\"url\":\"https:\\\/\\\/secure.gravatar.com\\\/avatar\\\/6c5a5cb12b74e9d517ee91cf570335b7d16177f1977cc91db161adfa435945a7?s=96&d=mm&r=g\",\"contentUrl\":\"https:\\\/\\\/secure.gravatar.com\\\/avatar\\\/6c5a5cb12b74e9d517ee91cf570335b7d16177f1977cc91db161adfa435945a7?s=96&d=mm&r=g\",\"caption\":\"favorite-news\"},\"url\":\"https:\\\/\\\/favorite-news.com\\\/es\\\/author\\\/pt\\\/\"}]}<\/script>\n<!-- \/ Yoast SEO plugin. -->","yoast_head_json":{"title":"Cacaolat pide que levanten el toque de queda para los Reyes Magos - Favorite News","robots":{"index":"index","follow":"follow","max-snippet":"max-snippet:-1","max-image-preview":"max-image-preview:large","max-video-preview":"max-video-preview:-1"},"canonical":"https:\/\/favorite-news.com\/es\/cacaolat-pide-que-levanten-el-toque-de-queda-para-los-reyes-magos\/","og_locale":"es_ES","og_type":"article","og_title":"Cacaolat pide que levanten el toque de queda para los Reyes Magos - Favorite News","og_description":"La acci\u00f3n es de Contrapunto BDDOEs inevitable que ante las restricciones actuales tanto de movilidad como horarias para combatir la COVID-19, los ni\u00f1os se empiecen a preguntar cuestiones como: \u00bfC\u00f3mo repartir\u00e1n los Reyes Magos los regalos si no se pueden cruzar las fronteras para llegar desde Oriente? \u00bfC\u00f3mo cruzar\u00e1n las fronteras entre Comunidades Aut\u00f3nomas? \u00bfPodr\u00e1n [&hellip;]","og_url":"https:\/\/favorite-news.com\/es\/cacaolat-pide-que-levanten-el-toque-de-queda-para-los-reyes-magos\/","og_site_name":"Favorite News","article_published_time":"2020-12-30T08:51:10+00:00","article_modified_time":"2021-01-04T12:56:28+00:00","og_image":[{"width":530,"height":298,"url":"https:\/\/favorite-news.com\/es\/wp-content\/uploads\/sites\/4\/2020\/12\/Cacaolat-pide-que-levanten-el-toque-de-queda-para-los.png","type":"image\/png"}],"author":"favorite-news","twitter_card":"summary_large_image","twitter_misc":{"Escrito por":"favorite-news","Tiempo de lectura":"2 minutos"},"schema":{"@context":"https:\/\/schema.org","@graph":[{"@type":"Article","@id":"https:\/\/favorite-news.com\/es\/cacaolat-pide-que-levanten-el-toque-de-queda-para-los-reyes-magos\/#article","isPartOf":{"@id":"https:\/\/favorite-news.com\/es\/cacaolat-pide-que-levanten-el-toque-de-queda-para-los-reyes-magos\/"},"author":{"name":"favorite-news","@id":"https:\/\/favorite-news.com\/es\/#\/schema\/person\/b91573b717dcfa5e4696032a9d28d3e8"},"headline":"Cacaolat pide que levanten el toque de queda para los Reyes Magos","datePublished":"2020-12-30T08:51:10+00:00","dateModified":"2021-01-04T12:56:28+00:00","mainEntityOfPage":{"@id":"https:\/\/favorite-news.com\/es\/cacaolat-pide-que-levanten-el-toque-de-queda-para-los-reyes-magos\/"},"wordCount":347,"commentCount":0,"image":{"@id":"https:\/\/favorite-news.com\/es\/cacaolat-pide-que-levanten-el-toque-de-queda-para-los-reyes-magos\/#primaryimage"},"thumbnailUrl":"https:\/\/favorite-news.com\/es\/wp-content\/uploads\/sites\/4\/2020\/12\/Cacaolat-pide-que-levanten-el-toque-de-queda-para-los.png","articleSection":["NOTICIAS DE INTERNET MARKETING"],"inLanguage":"es","potentialAction":[{"@type":"CommentAction","name":"Comment","target":["https:\/\/favorite-news.com\/es\/cacaolat-pide-que-levanten-el-toque-de-queda-para-los-reyes-magos\/#respond"]}]},{"@type":"WebPage","@id":"https:\/\/favorite-news.com\/es\/cacaolat-pide-que-levanten-el-toque-de-queda-para-los-reyes-magos\/","url":"https:\/\/favorite-news.com\/es\/cacaolat-pide-que-levanten-el-toque-de-queda-para-los-reyes-magos\/","name":"Cacaolat pide que levanten el toque de queda para los Reyes Magos - Favorite News","isPartOf":{"@id":"https:\/\/favorite-news.com\/es\/#website"},"primaryImageOfPage":{"@id":"https:\/\/favorite-news.com\/es\/cacaolat-pide-que-levanten-el-toque-de-queda-para-los-reyes-magos\/#primaryimage"},"image":{"@id":"https:\/\/favorite-news.com\/es\/cacaolat-pide-que-levanten-el-toque-de-queda-para-los-reyes-magos\/#primaryimage"},"thumbnailUrl":"https:\/\/favorite-news.com\/es\/wp-content\/uploads\/sites\/4\/2020\/12\/Cacaolat-pide-que-levanten-el-toque-de-queda-para-los.png","datePublished":"2020-12-30T08:51:10+00:00","dateModified":"2021-01-04T12:56:28+00:00","author":{"@id":"https:\/\/favorite-news.com\/es\/#\/schema\/person\/b91573b717dcfa5e4696032a9d28d3e8"},"breadcrumb":{"@id":"https:\/\/favorite-news.com\/es\/cacaolat-pide-que-levanten-el-toque-de-queda-para-los-reyes-magos\/#breadcrumb"},"inLanguage":"es","potentialAction":[{"@type":"ReadAction","target":["https:\/\/favorite-news.com\/es\/cacaolat-pide-que-levanten-el-toque-de-queda-para-los-reyes-magos\/"]}]},{"@type":"ImageObject","inLanguage":"es","@id":"https:\/\/favorite-news.com\/es\/cacaolat-pide-que-levanten-el-toque-de-queda-para-los-reyes-magos\/#primaryimage","url":"https:\/\/favorite-news.com\/es\/wp-content\/uploads\/sites\/4\/2020\/12\/Cacaolat-pide-que-levanten-el-toque-de-queda-para-los.png","contentUrl":"https:\/\/favorite-news.com\/es\/wp-content\/uploads\/sites\/4\/2020\/12\/Cacaolat-pide-que-levanten-el-toque-de-queda-para-los.png","width":530,"height":298,"caption":"Cacaolat pide que levanten el toque de queda para los Reyes Magos"},{"@type":"BreadcrumbList","@id":"https:\/\/favorite-news.com\/es\/cacaolat-pide-que-levanten-el-toque-de-queda-para-los-reyes-magos\/#breadcrumb","itemListElement":[{"@type":"ListItem","position":1,"name":"Home","item":"https:\/\/favorite-news.com\/es\/"},{"@type":"ListItem","position":2,"name":"Cacaolat pide que levanten el toque de queda para los Reyes Magos"}]},{"@type":"WebSite","@id":"https:\/\/favorite-news.com\/es\/#website","url":"https:\/\/favorite-news.com\/es\/","name":"Favorite News","description":"Favorite News Espa\u00f1a","potentialAction":[{"@type":"SearchAction","target":{"@type":"EntryPoint","urlTemplate":"https:\/\/favorite-news.com\/es\/?s={search_term_string}"},"query-input":{"@type":"PropertyValueSpecification","valueRequired":true,"valueName":"search_term_string"}}],"inLanguage":"es"},{"@type":"Person","@id":"https:\/\/favorite-news.com\/es\/#\/schema\/person\/b91573b717dcfa5e4696032a9d28d3e8","name":"favorite-news","image":{"@type":"ImageObject","inLanguage":"es","@id":"https:\/\/secure.gravatar.com\/avatar\/6c5a5cb12b74e9d517ee91cf570335b7d16177f1977cc91db161adfa435945a7?s=96&d=mm&r=g","url":"https:\/\/secure.gravatar.com\/avatar\/6c5a5cb12b74e9d517ee91cf570335b7d16177f1977cc91db161adfa435945a7?s=96&d=mm&r=g","contentUrl":"https:\/\/secure.gravatar.com\/avatar\/6c5a5cb12b74e9d517ee91cf570335b7d16177f1977cc91db161adfa435945a7?s=96&d=mm&r=g","caption":"favorite-news"},"url":"https:\/\/favorite-news.com\/es\/author\/pt\/"}]}},"_links":{"self":[{"href":"https:\/\/favorite-news.com\/es\/wp-json\/wp\/v2\/posts\/5473","targetHints":{"allow":["GET"]}}],"collection":[{"href":"https:\/\/favorite-news.com\/es\/wp-json\/wp\/v2\/posts"}],"about":[{"href":"https:\/\/favorite-news.com\/es\/wp-json\/wp\/v2\/types\/post"}],"author":[{"embeddable":true,"href":"https:\/\/favorite-news.com\/es\/wp-json\/wp\/v2\/users\/2"}],"replies":[{"embeddable":true,"href":"https:\/\/favorite-news.com\/es\/wp-json\/wp\/v2\/comments?post=5473"}],"version-history":[{"count":3,"href":"https:\/\/favorite-news.com\/es\/wp-json\/wp\/v2\/posts\/5473\/revisions"}],"predecessor-version":[{"id":5504,"href":"https:\/\/favorite-news.com\/es\/wp-json\/wp\/v2\/posts\/5473\/revisions\/5504"}],"wp:featuredmedia":[{"embeddable":true,"href":"https:\/\/favorite-news.com\/es\/wp-json\/wp\/v2\/media\/5474"}],"wp:attachment":[{"href":"https:\/\/favorite-news.com\/es\/wp-json\/wp\/v2\/media?parent=5473"}],"wp:term":[{"taxonomy":"category","embeddable":true,"href":"https:\/\/favorite-news.com\/es\/wp-json\/wp\/v2\/categories?post=5473"},{"taxonomy":"post_tag","embeddable":true,"href":"https:\/\/favorite-news.com\/es\/wp-json\/wp\/v2\/tags?post=5473"}],"curies":[{"name":"wp","href":"https:\/\/api.w.org\/{rel}","templated":true}]}}