{"id":5457,"date":"2020-12-27T10:57:56","date_gmt":"2020-12-27T07:57:56","guid":{"rendered":"https:\/\/favorite-news.com\/es\/el-departamento-de-envios-extraordinarios-de-correos-abre-sus-puertas-de-manera-virtual\/"},"modified":"2020-12-27T10:57:59","modified_gmt":"2020-12-27T07:57:59","slug":"el-departamento-de-envios-extraordinarios-de-correos-abre-sus-puertas-de-manera-virtual","status":"publish","type":"post","link":"https:\/\/favorite-news.com\/es\/el-departamento-de-envios-extraordinarios-de-correos-abre-sus-puertas-de-manera-virtual\/","title":{"rendered":"El Departamento de Env\u00edos Extraordinarios de Correos abre sus puertas de manera virtual"},"content":{"rendered":"<p>Imagen de la felicitaci\u00f3n navide\u00f1a de Correos Una Navidad m\u00e1s, Correos vuelve a abrir las puertas de su Departamento de Env\u00edos Extraordinarios. Esta iniciativa, que cumple ahora cinco a\u00f1os de su primera edici\u00f3n, se cre\u00f3 con el objetivo de que los ni\u00f1os conocieran al detalle el proceso que siguen sus cartas desde que son escritas por ellos hasta que llegan a manos de Pap\u00e1 Noel y de los Reyes Magos.Como principal novedad, esta quinta edici\u00f3n ser\u00e1 100% online debido a la actual situaci\u00f3n sanitaria, pero mantendr\u00e1 el mismo esp\u00edritu de a\u00f1os anteriores, haciendo part\u00edcipes a los ni\u00f1os de un viaje extraordinario en el que sus sue\u00f1os y deseos en forma de carta llegar\u00e1n a sus destinatarios.De este modo, a partir del 18 de diciembre, y a trav\u00e9s de la web www.departamentodeenviosextraordinarios.es, todos los participantes que as\u00ed lo deseen podr\u00e1n pasar el \u201cdetector de ni\u00f1os buenos\u201d, escoger el mejor papel para volcar en \u00e9l todos sus deseos, dict\u00e1rselos a una pluma sorda para que los escriba y a\u00f1adir \u201cpolvo de hada\u201d al sobre para despu\u00e9s soplar y que la carta vuele a su destino: a Laponia, en el caso de Pap\u00e1 Noel o al Lejano Oriente, en el de los Reyes Magos.M\u00e1s de 40.000 personas han visitado El Departamento de Env\u00edos Extraordinarios en las cuatro ediciones anteriores, realizadas con la colaboraci\u00f3n de Arena Media.\u00a0Adem\u00e1s \u00a0Correos est\u00e1 difundiendo a trav\u00e9s de sus redes sociales corporativas, una pieza audiovisual en tono de humor en la que sus buzones amarillos se elevan hasta las estrellas para cantar una singular versi\u00f3n del popular villancico \u201cEl tamborilero\u201d. La felicitaci\u00f3n navide\u00f1a de Correos de este a\u00f1o es obra de la agencia creativa Mono y la agencia de medios Arena Media.<br \/>\n<br \/>\n<!--noindex--><br \/>\n<a href=\"http:\/\/www.marketingnews.es\/marcas\/noticia\/1163733054305\/departamento-de-envios-extraordinarios-de-correos-abre-puertas-de-manera-virtual.1.html\" rel=\"nofollow\">Source link <\/a><br \/>\n<!--\/noindex--><\/p>\n","protected":false},"excerpt":{"rendered":"<p>Imagen de la felicitaci\u00f3n navide\u00f1a de Correos Una Navidad m\u00e1s, Correos vuelve a abrir las puertas de su Departamento de Env\u00edos Extraordinarios. Esta iniciativa, que cumple ahora cinco a\u00f1os de su primera edici\u00f3n, se cre\u00f3 con el objetivo de que los ni\u00f1os conocieran al detalle el proceso que siguen sus cartas desde que son escritas [&hellip;]<\/p>\n","protected":false},"author":2,"featured_media":5458,"comment_status":"open","ping_status":"open","sticky":false,"template":"","format":"standard","meta":{"footnotes":""},"categories":[2],"tags":[],"class_list":["post-5457","post","type-post","status-publish","format-standard","has-post-thumbnail","hentry","category-noticias-de-internet-marketing"],"yoast_head":"<!-- This site is optimized with the Yoast SEO plugin v27.4 - https:\/\/yoast.com\/product\/yoast-seo-wordpress\/ -->\n<title>El Departamento de Env\u00edos Extraordinarios de Correos abre sus puertas de manera virtual - Favorite News<\/title>\n<meta name=\"robots\" content=\"index, follow, max-snippet:-1, max-image-preview:large, max-video-preview:-1\" \/>\n<link rel=\"canonical\" href=\"https:\/\/favorite-news.com\/es\/el-departamento-de-envios-extraordinarios-de-correos-abre-sus-puertas-de-manera-virtual\/\" \/>\n<meta property=\"og:locale\" content=\"es_ES\" \/>\n<meta property=\"og:type\" content=\"article\" \/>\n<meta property=\"og:title\" content=\"El Departamento de Env\u00edos Extraordinarios de Correos abre sus puertas de manera virtual - Favorite News\" \/>\n<meta property=\"og:description\" content=\"Imagen de la felicitaci\u00f3n navide\u00f1a de Correos Una Navidad m\u00e1s, Correos vuelve a abrir las puertas de su Departamento de Env\u00edos Extraordinarios. Esta iniciativa, que cumple ahora cinco a\u00f1os de su primera edici\u00f3n, se cre\u00f3 con el objetivo de que los ni\u00f1os conocieran al detalle el proceso que siguen sus cartas desde que son escritas [&hellip;]\" \/>\n<meta property=\"og:url\" content=\"https:\/\/favorite-news.com\/es\/el-departamento-de-envios-extraordinarios-de-correos-abre-sus-puertas-de-manera-virtual\/\" \/>\n<meta property=\"og:site_name\" content=\"Favorite News\" \/>\n<meta property=\"article:published_time\" content=\"2020-12-27T07:57:56+00:00\" \/>\n<meta property=\"article:modified_time\" content=\"2020-12-27T07:57:59+00:00\" \/>\n<meta property=\"og:image\" content=\"https:\/\/favorite-news.com\/es\/wp-content\/uploads\/sites\/4\/2020\/12\/El-Departamento-de-Envios-Extraordinarios-de-Correos-abre-sus-puertas.jpg\" \/>\n\t<meta property=\"og:image:width\" content=\"529\" \/>\n\t<meta property=\"og:image:height\" content=\"302\" \/>\n\t<meta property=\"og:image:type\" content=\"image\/jpeg\" \/>\n<meta name=\"author\" content=\"favorite-news\" \/>\n<meta name=\"twitter:card\" content=\"summary_large_image\" \/>\n<meta name=\"twitter:label1\" content=\"Escrito por\" \/>\n\t<meta name=\"twitter:data1\" content=\"favorite-news\" \/>\n\t<meta name=\"twitter:label2\" content=\"Tiempo de lectura\" \/>\n\t<meta name=\"twitter:data2\" content=\"2 minutos\" \/>\n<script type=\"application\/ld+json\" class=\"yoast-schema-graph\">{\"@context\":\"https:\\\/\\\/schema.org\",\"@graph\":[{\"@type\":\"Article\",\"@id\":\"https:\\\/\\\/favorite-news.com\\\/es\\\/el-departamento-de-envios-extraordinarios-de-correos-abre-sus-puertas-de-manera-virtual\\\/#article\",\"isPartOf\":{\"@id\":\"https:\\\/\\\/favorite-news.com\\\/es\\\/el-departamento-de-envios-extraordinarios-de-correos-abre-sus-puertas-de-manera-virtual\\\/\"},\"author\":{\"name\":\"favorite-news\",\"@id\":\"https:\\\/\\\/favorite-news.com\\\/es\\\/#\\\/schema\\\/person\\\/b91573b717dcfa5e4696032a9d28d3e8\"},\"headline\":\"El Departamento de Env\u00edos Extraordinarios de Correos abre sus puertas de manera virtual\",\"datePublished\":\"2020-12-27T07:57:56+00:00\",\"dateModified\":\"2020-12-27T07:57:59+00:00\",\"mainEntityOfPage\":{\"@id\":\"https:\\\/\\\/favorite-news.com\\\/es\\\/el-departamento-de-envios-extraordinarios-de-correos-abre-sus-puertas-de-manera-virtual\\\/\"},\"wordCount\":332,\"commentCount\":0,\"image\":{\"@id\":\"https:\\\/\\\/favorite-news.com\\\/es\\\/el-departamento-de-envios-extraordinarios-de-correos-abre-sus-puertas-de-manera-virtual\\\/#primaryimage\"},\"thumbnailUrl\":\"https:\\\/\\\/favorite-news.com\\\/es\\\/wp-content\\\/uploads\\\/sites\\\/4\\\/2020\\\/12\\\/El-Departamento-de-Envios-Extraordinarios-de-Correos-abre-sus-puertas.jpg\",\"articleSection\":[\"NOTICIAS DE INTERNET MARKETING\"],\"inLanguage\":\"es\",\"potentialAction\":[{\"@type\":\"CommentAction\",\"name\":\"Comment\",\"target\":[\"https:\\\/\\\/favorite-news.com\\\/es\\\/el-departamento-de-envios-extraordinarios-de-correos-abre-sus-puertas-de-manera-virtual\\\/#respond\"]}]},{\"@type\":\"WebPage\",\"@id\":\"https:\\\/\\\/favorite-news.com\\\/es\\\/el-departamento-de-envios-extraordinarios-de-correos-abre-sus-puertas-de-manera-virtual\\\/\",\"url\":\"https:\\\/\\\/favorite-news.com\\\/es\\\/el-departamento-de-envios-extraordinarios-de-correos-abre-sus-puertas-de-manera-virtual\\\/\",\"name\":\"El Departamento de Env\u00edos Extraordinarios de Correos abre sus puertas de manera virtual - Favorite News\",\"isPartOf\":{\"@id\":\"https:\\\/\\\/favorite-news.com\\\/es\\\/#website\"},\"primaryImageOfPage\":{\"@id\":\"https:\\\/\\\/favorite-news.com\\\/es\\\/el-departamento-de-envios-extraordinarios-de-correos-abre-sus-puertas-de-manera-virtual\\\/#primaryimage\"},\"image\":{\"@id\":\"https:\\\/\\\/favorite-news.com\\\/es\\\/el-departamento-de-envios-extraordinarios-de-correos-abre-sus-puertas-de-manera-virtual\\\/#primaryimage\"},\"thumbnailUrl\":\"https:\\\/\\\/favorite-news.com\\\/es\\\/wp-content\\\/uploads\\\/sites\\\/4\\\/2020\\\/12\\\/El-Departamento-de-Envios-Extraordinarios-de-Correos-abre-sus-puertas.jpg\",\"datePublished\":\"2020-12-27T07:57:56+00:00\",\"dateModified\":\"2020-12-27T07:57:59+00:00\",\"author\":{\"@id\":\"https:\\\/\\\/favorite-news.com\\\/es\\\/#\\\/schema\\\/person\\\/b91573b717dcfa5e4696032a9d28d3e8\"},\"breadcrumb\":{\"@id\":\"https:\\\/\\\/favorite-news.com\\\/es\\\/el-departamento-de-envios-extraordinarios-de-correos-abre-sus-puertas-de-manera-virtual\\\/#breadcrumb\"},\"inLanguage\":\"es\",\"potentialAction\":[{\"@type\":\"ReadAction\",\"target\":[\"https:\\\/\\\/favorite-news.com\\\/es\\\/el-departamento-de-envios-extraordinarios-de-correos-abre-sus-puertas-de-manera-virtual\\\/\"]}]},{\"@type\":\"ImageObject\",\"inLanguage\":\"es\",\"@id\":\"https:\\\/\\\/favorite-news.com\\\/es\\\/el-departamento-de-envios-extraordinarios-de-correos-abre-sus-puertas-de-manera-virtual\\\/#primaryimage\",\"url\":\"https:\\\/\\\/favorite-news.com\\\/es\\\/wp-content\\\/uploads\\\/sites\\\/4\\\/2020\\\/12\\\/El-Departamento-de-Envios-Extraordinarios-de-Correos-abre-sus-puertas.jpg\",\"contentUrl\":\"https:\\\/\\\/favorite-news.com\\\/es\\\/wp-content\\\/uploads\\\/sites\\\/4\\\/2020\\\/12\\\/El-Departamento-de-Envios-Extraordinarios-de-Correos-abre-sus-puertas.jpg\",\"width\":529,\"height\":302,\"caption\":\"El Departamento de Env\u00edos Extraordinarios de Correos abre sus puertas de manera virtual\"},{\"@type\":\"BreadcrumbList\",\"@id\":\"https:\\\/\\\/favorite-news.com\\\/es\\\/el-departamento-de-envios-extraordinarios-de-correos-abre-sus-puertas-de-manera-virtual\\\/#breadcrumb\",\"itemListElement\":[{\"@type\":\"ListItem\",\"position\":1,\"name\":\"Home\",\"item\":\"https:\\\/\\\/favorite-news.com\\\/es\\\/\"},{\"@type\":\"ListItem\",\"position\":2,\"name\":\"El Departamento de Env\u00edos Extraordinarios de Correos abre sus puertas de manera virtual\"}]},{\"@type\":\"WebSite\",\"@id\":\"https:\\\/\\\/favorite-news.com\\\/es\\\/#website\",\"url\":\"https:\\\/\\\/favorite-news.com\\\/es\\\/\",\"name\":\"Favorite News\",\"description\":\"Favorite News Espa\u00f1a\",\"potentialAction\":[{\"@type\":\"SearchAction\",\"target\":{\"@type\":\"EntryPoint\",\"urlTemplate\":\"https:\\\/\\\/favorite-news.com\\\/es\\\/?s={search_term_string}\"},\"query-input\":{\"@type\":\"PropertyValueSpecification\",\"valueRequired\":true,\"valueName\":\"search_term_string\"}}],\"inLanguage\":\"es\"},{\"@type\":\"Person\",\"@id\":\"https:\\\/\\\/favorite-news.com\\\/es\\\/#\\\/schema\\\/person\\\/b91573b717dcfa5e4696032a9d28d3e8\",\"name\":\"favorite-news\",\"image\":{\"@type\":\"ImageObject\",\"inLanguage\":\"es\",\"@id\":\"https:\\\/\\\/secure.gravatar.com\\\/avatar\\\/6c5a5cb12b74e9d517ee91cf570335b7d16177f1977cc91db161adfa435945a7?s=96&d=mm&r=g\",\"url\":\"https:\\\/\\\/secure.gravatar.com\\\/avatar\\\/6c5a5cb12b74e9d517ee91cf570335b7d16177f1977cc91db161adfa435945a7?s=96&d=mm&r=g\",\"contentUrl\":\"https:\\\/\\\/secure.gravatar.com\\\/avatar\\\/6c5a5cb12b74e9d517ee91cf570335b7d16177f1977cc91db161adfa435945a7?s=96&d=mm&r=g\",\"caption\":\"favorite-news\"},\"url\":\"https:\\\/\\\/favorite-news.com\\\/es\\\/author\\\/pt\\\/\"}]}<\/script>\n<!-- \/ Yoast SEO plugin. -->","yoast_head_json":{"title":"El Departamento de Env\u00edos Extraordinarios de Correos abre sus puertas de manera virtual - Favorite News","robots":{"index":"index","follow":"follow","max-snippet":"max-snippet:-1","max-image-preview":"max-image-preview:large","max-video-preview":"max-video-preview:-1"},"canonical":"https:\/\/favorite-news.com\/es\/el-departamento-de-envios-extraordinarios-de-correos-abre-sus-puertas-de-manera-virtual\/","og_locale":"es_ES","og_type":"article","og_title":"El Departamento de Env\u00edos Extraordinarios de Correos abre sus puertas de manera virtual - Favorite News","og_description":"Imagen de la felicitaci\u00f3n navide\u00f1a de Correos Una Navidad m\u00e1s, Correos vuelve a abrir las puertas de su Departamento de Env\u00edos Extraordinarios. Esta iniciativa, que cumple ahora cinco a\u00f1os de su primera edici\u00f3n, se cre\u00f3 con el objetivo de que los ni\u00f1os conocieran al detalle el proceso que siguen sus cartas desde que son escritas [&hellip;]","og_url":"https:\/\/favorite-news.com\/es\/el-departamento-de-envios-extraordinarios-de-correos-abre-sus-puertas-de-manera-virtual\/","og_site_name":"Favorite News","article_published_time":"2020-12-27T07:57:56+00:00","article_modified_time":"2020-12-27T07:57:59+00:00","og_image":[{"width":529,"height":302,"url":"https:\/\/favorite-news.com\/es\/wp-content\/uploads\/sites\/4\/2020\/12\/El-Departamento-de-Envios-Extraordinarios-de-Correos-abre-sus-puertas.jpg","type":"image\/jpeg"}],"author":"favorite-news","twitter_card":"summary_large_image","twitter_misc":{"Escrito por":"favorite-news","Tiempo de lectura":"2 minutos"},"schema":{"@context":"https:\/\/schema.org","@graph":[{"@type":"Article","@id":"https:\/\/favorite-news.com\/es\/el-departamento-de-envios-extraordinarios-de-correos-abre-sus-puertas-de-manera-virtual\/#article","isPartOf":{"@id":"https:\/\/favorite-news.com\/es\/el-departamento-de-envios-extraordinarios-de-correos-abre-sus-puertas-de-manera-virtual\/"},"author":{"name":"favorite-news","@id":"https:\/\/favorite-news.com\/es\/#\/schema\/person\/b91573b717dcfa5e4696032a9d28d3e8"},"headline":"El Departamento de Env\u00edos Extraordinarios de Correos abre sus puertas de manera virtual","datePublished":"2020-12-27T07:57:56+00:00","dateModified":"2020-12-27T07:57:59+00:00","mainEntityOfPage":{"@id":"https:\/\/favorite-news.com\/es\/el-departamento-de-envios-extraordinarios-de-correos-abre-sus-puertas-de-manera-virtual\/"},"wordCount":332,"commentCount":0,"image":{"@id":"https:\/\/favorite-news.com\/es\/el-departamento-de-envios-extraordinarios-de-correos-abre-sus-puertas-de-manera-virtual\/#primaryimage"},"thumbnailUrl":"https:\/\/favorite-news.com\/es\/wp-content\/uploads\/sites\/4\/2020\/12\/El-Departamento-de-Envios-Extraordinarios-de-Correos-abre-sus-puertas.jpg","articleSection":["NOTICIAS DE INTERNET MARKETING"],"inLanguage":"es","potentialAction":[{"@type":"CommentAction","name":"Comment","target":["https:\/\/favorite-news.com\/es\/el-departamento-de-envios-extraordinarios-de-correos-abre-sus-puertas-de-manera-virtual\/#respond"]}]},{"@type":"WebPage","@id":"https:\/\/favorite-news.com\/es\/el-departamento-de-envios-extraordinarios-de-correos-abre-sus-puertas-de-manera-virtual\/","url":"https:\/\/favorite-news.com\/es\/el-departamento-de-envios-extraordinarios-de-correos-abre-sus-puertas-de-manera-virtual\/","name":"El Departamento de Env\u00edos Extraordinarios de Correos abre sus puertas de manera virtual - Favorite News","isPartOf":{"@id":"https:\/\/favorite-news.com\/es\/#website"},"primaryImageOfPage":{"@id":"https:\/\/favorite-news.com\/es\/el-departamento-de-envios-extraordinarios-de-correos-abre-sus-puertas-de-manera-virtual\/#primaryimage"},"image":{"@id":"https:\/\/favorite-news.com\/es\/el-departamento-de-envios-extraordinarios-de-correos-abre-sus-puertas-de-manera-virtual\/#primaryimage"},"thumbnailUrl":"https:\/\/favorite-news.com\/es\/wp-content\/uploads\/sites\/4\/2020\/12\/El-Departamento-de-Envios-Extraordinarios-de-Correos-abre-sus-puertas.jpg","datePublished":"2020-12-27T07:57:56+00:00","dateModified":"2020-12-27T07:57:59+00:00","author":{"@id":"https:\/\/favorite-news.com\/es\/#\/schema\/person\/b91573b717dcfa5e4696032a9d28d3e8"},"breadcrumb":{"@id":"https:\/\/favorite-news.com\/es\/el-departamento-de-envios-extraordinarios-de-correos-abre-sus-puertas-de-manera-virtual\/#breadcrumb"},"inLanguage":"es","potentialAction":[{"@type":"ReadAction","target":["https:\/\/favorite-news.com\/es\/el-departamento-de-envios-extraordinarios-de-correos-abre-sus-puertas-de-manera-virtual\/"]}]},{"@type":"ImageObject","inLanguage":"es","@id":"https:\/\/favorite-news.com\/es\/el-departamento-de-envios-extraordinarios-de-correos-abre-sus-puertas-de-manera-virtual\/#primaryimage","url":"https:\/\/favorite-news.com\/es\/wp-content\/uploads\/sites\/4\/2020\/12\/El-Departamento-de-Envios-Extraordinarios-de-Correos-abre-sus-puertas.jpg","contentUrl":"https:\/\/favorite-news.com\/es\/wp-content\/uploads\/sites\/4\/2020\/12\/El-Departamento-de-Envios-Extraordinarios-de-Correos-abre-sus-puertas.jpg","width":529,"height":302,"caption":"El Departamento de Env\u00edos Extraordinarios de Correos abre sus puertas de manera virtual"},{"@type":"BreadcrumbList","@id":"https:\/\/favorite-news.com\/es\/el-departamento-de-envios-extraordinarios-de-correos-abre-sus-puertas-de-manera-virtual\/#breadcrumb","itemListElement":[{"@type":"ListItem","position":1,"name":"Home","item":"https:\/\/favorite-news.com\/es\/"},{"@type":"ListItem","position":2,"name":"El Departamento de Env\u00edos Extraordinarios de Correos abre sus puertas de manera virtual"}]},{"@type":"WebSite","@id":"https:\/\/favorite-news.com\/es\/#website","url":"https:\/\/favorite-news.com\/es\/","name":"Favorite News","description":"Favorite News Espa\u00f1a","potentialAction":[{"@type":"SearchAction","target":{"@type":"EntryPoint","urlTemplate":"https:\/\/favorite-news.com\/es\/?s={search_term_string}"},"query-input":{"@type":"PropertyValueSpecification","valueRequired":true,"valueName":"search_term_string"}}],"inLanguage":"es"},{"@type":"Person","@id":"https:\/\/favorite-news.com\/es\/#\/schema\/person\/b91573b717dcfa5e4696032a9d28d3e8","name":"favorite-news","image":{"@type":"ImageObject","inLanguage":"es","@id":"https:\/\/secure.gravatar.com\/avatar\/6c5a5cb12b74e9d517ee91cf570335b7d16177f1977cc91db161adfa435945a7?s=96&d=mm&r=g","url":"https:\/\/secure.gravatar.com\/avatar\/6c5a5cb12b74e9d517ee91cf570335b7d16177f1977cc91db161adfa435945a7?s=96&d=mm&r=g","contentUrl":"https:\/\/secure.gravatar.com\/avatar\/6c5a5cb12b74e9d517ee91cf570335b7d16177f1977cc91db161adfa435945a7?s=96&d=mm&r=g","caption":"favorite-news"},"url":"https:\/\/favorite-news.com\/es\/author\/pt\/"}]}},"_links":{"self":[{"href":"https:\/\/favorite-news.com\/es\/wp-json\/wp\/v2\/posts\/5457","targetHints":{"allow":["GET"]}}],"collection":[{"href":"https:\/\/favorite-news.com\/es\/wp-json\/wp\/v2\/posts"}],"about":[{"href":"https:\/\/favorite-news.com\/es\/wp-json\/wp\/v2\/types\/post"}],"author":[{"embeddable":true,"href":"https:\/\/favorite-news.com\/es\/wp-json\/wp\/v2\/users\/2"}],"replies":[{"embeddable":true,"href":"https:\/\/favorite-news.com\/es\/wp-json\/wp\/v2\/comments?post=5457"}],"version-history":[{"count":1,"href":"https:\/\/favorite-news.com\/es\/wp-json\/wp\/v2\/posts\/5457\/revisions"}],"predecessor-version":[{"id":5459,"href":"https:\/\/favorite-news.com\/es\/wp-json\/wp\/v2\/posts\/5457\/revisions\/5459"}],"wp:featuredmedia":[{"embeddable":true,"href":"https:\/\/favorite-news.com\/es\/wp-json\/wp\/v2\/media\/5458"}],"wp:attachment":[{"href":"https:\/\/favorite-news.com\/es\/wp-json\/wp\/v2\/media?parent=5457"}],"wp:term":[{"taxonomy":"category","embeddable":true,"href":"https:\/\/favorite-news.com\/es\/wp-json\/wp\/v2\/categories?post=5457"},{"taxonomy":"post_tag","embeddable":true,"href":"https:\/\/favorite-news.com\/es\/wp-json\/wp\/v2\/tags?post=5457"}],"curies":[{"name":"wp","href":"https:\/\/api.w.org\/{rel}","templated":true}]}}