{"id":5442,"date":"2020-12-24T10:48:19","date_gmt":"2020-12-24T07:48:19","guid":{"rendered":"https:\/\/favorite-news.com\/es\/la-campana-navidena-de-campofrio-supera-los-15-millones-de-visualizaciones\/"},"modified":"2020-12-24T10:48:21","modified_gmt":"2020-12-24T07:48:21","slug":"la-campana-navidena-de-campofrio-supera-los-15-millones-de-visualizaciones","status":"publish","type":"post","link":"https:\/\/favorite-news.com\/es\/la-campana-navidena-de-campofrio-supera-los-15-millones-de-visualizaciones\/","title":{"rendered":"La campa\u00f1a navide\u00f1a de Campofr\u00edo supera los 15 millones de visualizaciones"},"content":{"rendered":"<p>Imagen de la campa\u00f1a de Campofr\u00edo La campa\u00f1a, creada por McCann y dirigida por Paco Plaza y Daniel S\u00e1nchez Ar\u00e9valo, \u201cD.E.V. Disfrute en Vida\u201d se ha situado en el segundo puesto en las campa\u00f1as m\u00e1s vistas en YouTube (la primera es la de Suchard), poniendo de manifiesto que esta oda a la vida en forma de homenaje a quienes nos dejaron y a \u2018Todos los que siguen intentando cada d\u00eda disfrutar del regalo de la vida\u2019, ha llegado al coraz\u00f3n de los internautas espa\u00f1oles.\u00a0\u201cA pesar de la situaci\u00f3n tan complicada que estamos viviendo, queremos transmitir que vivir es un regalo, que cada d\u00eda por insignificante que parezca merece ser disfrutado\u201d, explica Javier Portillo, director de marketing de Campofr\u00edo.\u00a0OMD maneja los medios.<br \/>\n<br \/>\n<!--noindex--><br \/>\n<a href=\"http:\/\/www.marketingnews.es\/marcas\/noticia\/1163750054305\/campana-navidena-de-campofrio-supera-15-millones-de-visualizaciones.1.html\" rel=\"nofollow\">Source link <\/a><br \/>\n<!--\/noindex--><\/p>\n","protected":false},"excerpt":{"rendered":"<p>Imagen de la campa\u00f1a de Campofr\u00edo La campa\u00f1a, creada por McCann y dirigida por Paco Plaza y Daniel S\u00e1nchez Ar\u00e9valo, \u201cD.E.V. Disfrute en Vida\u201d se ha situado en el segundo puesto en las campa\u00f1as m\u00e1s vistas en YouTube (la primera es la de Suchard), poniendo de manifiesto que esta oda a la vida en forma [&hellip;]<\/p>\n","protected":false},"author":2,"featured_media":5443,"comment_status":"open","ping_status":"open","sticky":false,"template":"","format":"standard","meta":{"footnotes":""},"categories":[2],"tags":[],"class_list":["post-5442","post","type-post","status-publish","format-standard","has-post-thumbnail","hentry","category-noticias-de-internet-marketing"],"yoast_head":"<!-- This site is optimized with the Yoast SEO plugin v27.4 - https:\/\/yoast.com\/product\/yoast-seo-wordpress\/ -->\n<title>La campa\u00f1a navide\u00f1a de Campofr\u00edo supera los 15 millones de visualizaciones - Favorite News<\/title>\n<meta name=\"robots\" content=\"index, follow, max-snippet:-1, max-image-preview:large, max-video-preview:-1\" \/>\n<link rel=\"canonical\" href=\"https:\/\/favorite-news.com\/es\/la-campana-navidena-de-campofrio-supera-los-15-millones-de-visualizaciones\/\" \/>\n<meta property=\"og:locale\" content=\"es_ES\" \/>\n<meta property=\"og:type\" content=\"article\" \/>\n<meta property=\"og:title\" content=\"La campa\u00f1a navide\u00f1a de Campofr\u00edo supera los 15 millones de visualizaciones - Favorite News\" \/>\n<meta property=\"og:description\" content=\"Imagen de la campa\u00f1a de Campofr\u00edo La campa\u00f1a, creada por McCann y dirigida por Paco Plaza y Daniel S\u00e1nchez Ar\u00e9valo, \u201cD.E.V. Disfrute en Vida\u201d se ha situado en el segundo puesto en las campa\u00f1as m\u00e1s vistas en YouTube (la primera es la de Suchard), poniendo de manifiesto que esta oda a la vida en forma [&hellip;]\" \/>\n<meta property=\"og:url\" content=\"https:\/\/favorite-news.com\/es\/la-campana-navidena-de-campofrio-supera-los-15-millones-de-visualizaciones\/\" \/>\n<meta property=\"og:site_name\" content=\"Favorite News\" \/>\n<meta property=\"article:published_time\" content=\"2020-12-24T07:48:19+00:00\" \/>\n<meta property=\"article:modified_time\" content=\"2020-12-24T07:48:21+00:00\" \/>\n<meta property=\"og:image\" content=\"https:\/\/favorite-news.com\/es\/wp-content\/uploads\/sites\/4\/2020\/12\/La-campana-navidena-de-Campofrio-supera-los-15-millones-de.jpg\" \/>\n\t<meta property=\"og:image:width\" content=\"530\" \/>\n\t<meta property=\"og:image:height\" content=\"307\" \/>\n\t<meta property=\"og:image:type\" content=\"image\/jpeg\" \/>\n<meta name=\"author\" content=\"favorite-news\" \/>\n<meta name=\"twitter:card\" content=\"summary_large_image\" \/>\n<meta name=\"twitter:label1\" content=\"Escrito por\" \/>\n\t<meta name=\"twitter:data1\" content=\"favorite-news\" \/>\n\t<meta name=\"twitter:label2\" content=\"Tiempo de lectura\" \/>\n\t<meta name=\"twitter:data2\" content=\"1 minuto\" \/>\n<script type=\"application\/ld+json\" class=\"yoast-schema-graph\">{\"@context\":\"https:\\\/\\\/schema.org\",\"@graph\":[{\"@type\":\"Article\",\"@id\":\"https:\\\/\\\/favorite-news.com\\\/es\\\/la-campana-navidena-de-campofrio-supera-los-15-millones-de-visualizaciones\\\/#article\",\"isPartOf\":{\"@id\":\"https:\\\/\\\/favorite-news.com\\\/es\\\/la-campana-navidena-de-campofrio-supera-los-15-millones-de-visualizaciones\\\/\"},\"author\":{\"name\":\"favorite-news\",\"@id\":\"https:\\\/\\\/favorite-news.com\\\/es\\\/#\\\/schema\\\/person\\\/b91573b717dcfa5e4696032a9d28d3e8\"},\"headline\":\"La campa\u00f1a navide\u00f1a de Campofr\u00edo supera los 15 millones de visualizaciones\",\"datePublished\":\"2020-12-24T07:48:19+00:00\",\"dateModified\":\"2020-12-24T07:48:21+00:00\",\"mainEntityOfPage\":{\"@id\":\"https:\\\/\\\/favorite-news.com\\\/es\\\/la-campana-navidena-de-campofrio-supera-los-15-millones-de-visualizaciones\\\/\"},\"wordCount\":153,\"commentCount\":0,\"image\":{\"@id\":\"https:\\\/\\\/favorite-news.com\\\/es\\\/la-campana-navidena-de-campofrio-supera-los-15-millones-de-visualizaciones\\\/#primaryimage\"},\"thumbnailUrl\":\"https:\\\/\\\/favorite-news.com\\\/es\\\/wp-content\\\/uploads\\\/sites\\\/4\\\/2020\\\/12\\\/La-campana-navidena-de-Campofrio-supera-los-15-millones-de.jpg\",\"articleSection\":[\"NOTICIAS DE INTERNET MARKETING\"],\"inLanguage\":\"es\",\"potentialAction\":[{\"@type\":\"CommentAction\",\"name\":\"Comment\",\"target\":[\"https:\\\/\\\/favorite-news.com\\\/es\\\/la-campana-navidena-de-campofrio-supera-los-15-millones-de-visualizaciones\\\/#respond\"]}]},{\"@type\":\"WebPage\",\"@id\":\"https:\\\/\\\/favorite-news.com\\\/es\\\/la-campana-navidena-de-campofrio-supera-los-15-millones-de-visualizaciones\\\/\",\"url\":\"https:\\\/\\\/favorite-news.com\\\/es\\\/la-campana-navidena-de-campofrio-supera-los-15-millones-de-visualizaciones\\\/\",\"name\":\"La campa\u00f1a navide\u00f1a de Campofr\u00edo supera los 15 millones de visualizaciones - Favorite News\",\"isPartOf\":{\"@id\":\"https:\\\/\\\/favorite-news.com\\\/es\\\/#website\"},\"primaryImageOfPage\":{\"@id\":\"https:\\\/\\\/favorite-news.com\\\/es\\\/la-campana-navidena-de-campofrio-supera-los-15-millones-de-visualizaciones\\\/#primaryimage\"},\"image\":{\"@id\":\"https:\\\/\\\/favorite-news.com\\\/es\\\/la-campana-navidena-de-campofrio-supera-los-15-millones-de-visualizaciones\\\/#primaryimage\"},\"thumbnailUrl\":\"https:\\\/\\\/favorite-news.com\\\/es\\\/wp-content\\\/uploads\\\/sites\\\/4\\\/2020\\\/12\\\/La-campana-navidena-de-Campofrio-supera-los-15-millones-de.jpg\",\"datePublished\":\"2020-12-24T07:48:19+00:00\",\"dateModified\":\"2020-12-24T07:48:21+00:00\",\"author\":{\"@id\":\"https:\\\/\\\/favorite-news.com\\\/es\\\/#\\\/schema\\\/person\\\/b91573b717dcfa5e4696032a9d28d3e8\"},\"breadcrumb\":{\"@id\":\"https:\\\/\\\/favorite-news.com\\\/es\\\/la-campana-navidena-de-campofrio-supera-los-15-millones-de-visualizaciones\\\/#breadcrumb\"},\"inLanguage\":\"es\",\"potentialAction\":[{\"@type\":\"ReadAction\",\"target\":[\"https:\\\/\\\/favorite-news.com\\\/es\\\/la-campana-navidena-de-campofrio-supera-los-15-millones-de-visualizaciones\\\/\"]}]},{\"@type\":\"ImageObject\",\"inLanguage\":\"es\",\"@id\":\"https:\\\/\\\/favorite-news.com\\\/es\\\/la-campana-navidena-de-campofrio-supera-los-15-millones-de-visualizaciones\\\/#primaryimage\",\"url\":\"https:\\\/\\\/favorite-news.com\\\/es\\\/wp-content\\\/uploads\\\/sites\\\/4\\\/2020\\\/12\\\/La-campana-navidena-de-Campofrio-supera-los-15-millones-de.jpg\",\"contentUrl\":\"https:\\\/\\\/favorite-news.com\\\/es\\\/wp-content\\\/uploads\\\/sites\\\/4\\\/2020\\\/12\\\/La-campana-navidena-de-Campofrio-supera-los-15-millones-de.jpg\",\"width\":530,\"height\":307,\"caption\":\"La campa\u00f1a navide\u00f1a de Campofr\u00edo supera los 15 millones de visualizaciones\"},{\"@type\":\"BreadcrumbList\",\"@id\":\"https:\\\/\\\/favorite-news.com\\\/es\\\/la-campana-navidena-de-campofrio-supera-los-15-millones-de-visualizaciones\\\/#breadcrumb\",\"itemListElement\":[{\"@type\":\"ListItem\",\"position\":1,\"name\":\"Home\",\"item\":\"https:\\\/\\\/favorite-news.com\\\/es\\\/\"},{\"@type\":\"ListItem\",\"position\":2,\"name\":\"La campa\u00f1a navide\u00f1a de Campofr\u00edo supera los 15 millones de visualizaciones\"}]},{\"@type\":\"WebSite\",\"@id\":\"https:\\\/\\\/favorite-news.com\\\/es\\\/#website\",\"url\":\"https:\\\/\\\/favorite-news.com\\\/es\\\/\",\"name\":\"Favorite News\",\"description\":\"Favorite News Espa\u00f1a\",\"potentialAction\":[{\"@type\":\"SearchAction\",\"target\":{\"@type\":\"EntryPoint\",\"urlTemplate\":\"https:\\\/\\\/favorite-news.com\\\/es\\\/?s={search_term_string}\"},\"query-input\":{\"@type\":\"PropertyValueSpecification\",\"valueRequired\":true,\"valueName\":\"search_term_string\"}}],\"inLanguage\":\"es\"},{\"@type\":\"Person\",\"@id\":\"https:\\\/\\\/favorite-news.com\\\/es\\\/#\\\/schema\\\/person\\\/b91573b717dcfa5e4696032a9d28d3e8\",\"name\":\"favorite-news\",\"image\":{\"@type\":\"ImageObject\",\"inLanguage\":\"es\",\"@id\":\"https:\\\/\\\/secure.gravatar.com\\\/avatar\\\/6c5a5cb12b74e9d517ee91cf570335b7d16177f1977cc91db161adfa435945a7?s=96&d=mm&r=g\",\"url\":\"https:\\\/\\\/secure.gravatar.com\\\/avatar\\\/6c5a5cb12b74e9d517ee91cf570335b7d16177f1977cc91db161adfa435945a7?s=96&d=mm&r=g\",\"contentUrl\":\"https:\\\/\\\/secure.gravatar.com\\\/avatar\\\/6c5a5cb12b74e9d517ee91cf570335b7d16177f1977cc91db161adfa435945a7?s=96&d=mm&r=g\",\"caption\":\"favorite-news\"},\"url\":\"https:\\\/\\\/favorite-news.com\\\/es\\\/author\\\/pt\\\/\"}]}<\/script>\n<!-- \/ Yoast SEO plugin. -->","yoast_head_json":{"title":"La campa\u00f1a navide\u00f1a de Campofr\u00edo supera los 15 millones de visualizaciones - Favorite News","robots":{"index":"index","follow":"follow","max-snippet":"max-snippet:-1","max-image-preview":"max-image-preview:large","max-video-preview":"max-video-preview:-1"},"canonical":"https:\/\/favorite-news.com\/es\/la-campana-navidena-de-campofrio-supera-los-15-millones-de-visualizaciones\/","og_locale":"es_ES","og_type":"article","og_title":"La campa\u00f1a navide\u00f1a de Campofr\u00edo supera los 15 millones de visualizaciones - Favorite News","og_description":"Imagen de la campa\u00f1a de Campofr\u00edo La campa\u00f1a, creada por McCann y dirigida por Paco Plaza y Daniel S\u00e1nchez Ar\u00e9valo, \u201cD.E.V. Disfrute en Vida\u201d se ha situado en el segundo puesto en las campa\u00f1as m\u00e1s vistas en YouTube (la primera es la de Suchard), poniendo de manifiesto que esta oda a la vida en forma [&hellip;]","og_url":"https:\/\/favorite-news.com\/es\/la-campana-navidena-de-campofrio-supera-los-15-millones-de-visualizaciones\/","og_site_name":"Favorite News","article_published_time":"2020-12-24T07:48:19+00:00","article_modified_time":"2020-12-24T07:48:21+00:00","og_image":[{"width":530,"height":307,"url":"https:\/\/favorite-news.com\/es\/wp-content\/uploads\/sites\/4\/2020\/12\/La-campana-navidena-de-Campofrio-supera-los-15-millones-de.jpg","type":"image\/jpeg"}],"author":"favorite-news","twitter_card":"summary_large_image","twitter_misc":{"Escrito por":"favorite-news","Tiempo de lectura":"1 minuto"},"schema":{"@context":"https:\/\/schema.org","@graph":[{"@type":"Article","@id":"https:\/\/favorite-news.com\/es\/la-campana-navidena-de-campofrio-supera-los-15-millones-de-visualizaciones\/#article","isPartOf":{"@id":"https:\/\/favorite-news.com\/es\/la-campana-navidena-de-campofrio-supera-los-15-millones-de-visualizaciones\/"},"author":{"name":"favorite-news","@id":"https:\/\/favorite-news.com\/es\/#\/schema\/person\/b91573b717dcfa5e4696032a9d28d3e8"},"headline":"La campa\u00f1a navide\u00f1a de Campofr\u00edo supera los 15 millones de visualizaciones","datePublished":"2020-12-24T07:48:19+00:00","dateModified":"2020-12-24T07:48:21+00:00","mainEntityOfPage":{"@id":"https:\/\/favorite-news.com\/es\/la-campana-navidena-de-campofrio-supera-los-15-millones-de-visualizaciones\/"},"wordCount":153,"commentCount":0,"image":{"@id":"https:\/\/favorite-news.com\/es\/la-campana-navidena-de-campofrio-supera-los-15-millones-de-visualizaciones\/#primaryimage"},"thumbnailUrl":"https:\/\/favorite-news.com\/es\/wp-content\/uploads\/sites\/4\/2020\/12\/La-campana-navidena-de-Campofrio-supera-los-15-millones-de.jpg","articleSection":["NOTICIAS DE INTERNET MARKETING"],"inLanguage":"es","potentialAction":[{"@type":"CommentAction","name":"Comment","target":["https:\/\/favorite-news.com\/es\/la-campana-navidena-de-campofrio-supera-los-15-millones-de-visualizaciones\/#respond"]}]},{"@type":"WebPage","@id":"https:\/\/favorite-news.com\/es\/la-campana-navidena-de-campofrio-supera-los-15-millones-de-visualizaciones\/","url":"https:\/\/favorite-news.com\/es\/la-campana-navidena-de-campofrio-supera-los-15-millones-de-visualizaciones\/","name":"La campa\u00f1a navide\u00f1a de Campofr\u00edo supera los 15 millones de visualizaciones - Favorite News","isPartOf":{"@id":"https:\/\/favorite-news.com\/es\/#website"},"primaryImageOfPage":{"@id":"https:\/\/favorite-news.com\/es\/la-campana-navidena-de-campofrio-supera-los-15-millones-de-visualizaciones\/#primaryimage"},"image":{"@id":"https:\/\/favorite-news.com\/es\/la-campana-navidena-de-campofrio-supera-los-15-millones-de-visualizaciones\/#primaryimage"},"thumbnailUrl":"https:\/\/favorite-news.com\/es\/wp-content\/uploads\/sites\/4\/2020\/12\/La-campana-navidena-de-Campofrio-supera-los-15-millones-de.jpg","datePublished":"2020-12-24T07:48:19+00:00","dateModified":"2020-12-24T07:48:21+00:00","author":{"@id":"https:\/\/favorite-news.com\/es\/#\/schema\/person\/b91573b717dcfa5e4696032a9d28d3e8"},"breadcrumb":{"@id":"https:\/\/favorite-news.com\/es\/la-campana-navidena-de-campofrio-supera-los-15-millones-de-visualizaciones\/#breadcrumb"},"inLanguage":"es","potentialAction":[{"@type":"ReadAction","target":["https:\/\/favorite-news.com\/es\/la-campana-navidena-de-campofrio-supera-los-15-millones-de-visualizaciones\/"]}]},{"@type":"ImageObject","inLanguage":"es","@id":"https:\/\/favorite-news.com\/es\/la-campana-navidena-de-campofrio-supera-los-15-millones-de-visualizaciones\/#primaryimage","url":"https:\/\/favorite-news.com\/es\/wp-content\/uploads\/sites\/4\/2020\/12\/La-campana-navidena-de-Campofrio-supera-los-15-millones-de.jpg","contentUrl":"https:\/\/favorite-news.com\/es\/wp-content\/uploads\/sites\/4\/2020\/12\/La-campana-navidena-de-Campofrio-supera-los-15-millones-de.jpg","width":530,"height":307,"caption":"La campa\u00f1a navide\u00f1a de Campofr\u00edo supera los 15 millones de visualizaciones"},{"@type":"BreadcrumbList","@id":"https:\/\/favorite-news.com\/es\/la-campana-navidena-de-campofrio-supera-los-15-millones-de-visualizaciones\/#breadcrumb","itemListElement":[{"@type":"ListItem","position":1,"name":"Home","item":"https:\/\/favorite-news.com\/es\/"},{"@type":"ListItem","position":2,"name":"La campa\u00f1a navide\u00f1a de Campofr\u00edo supera los 15 millones de visualizaciones"}]},{"@type":"WebSite","@id":"https:\/\/favorite-news.com\/es\/#website","url":"https:\/\/favorite-news.com\/es\/","name":"Favorite News","description":"Favorite News Espa\u00f1a","potentialAction":[{"@type":"SearchAction","target":{"@type":"EntryPoint","urlTemplate":"https:\/\/favorite-news.com\/es\/?s={search_term_string}"},"query-input":{"@type":"PropertyValueSpecification","valueRequired":true,"valueName":"search_term_string"}}],"inLanguage":"es"},{"@type":"Person","@id":"https:\/\/favorite-news.com\/es\/#\/schema\/person\/b91573b717dcfa5e4696032a9d28d3e8","name":"favorite-news","image":{"@type":"ImageObject","inLanguage":"es","@id":"https:\/\/secure.gravatar.com\/avatar\/6c5a5cb12b74e9d517ee91cf570335b7d16177f1977cc91db161adfa435945a7?s=96&d=mm&r=g","url":"https:\/\/secure.gravatar.com\/avatar\/6c5a5cb12b74e9d517ee91cf570335b7d16177f1977cc91db161adfa435945a7?s=96&d=mm&r=g","contentUrl":"https:\/\/secure.gravatar.com\/avatar\/6c5a5cb12b74e9d517ee91cf570335b7d16177f1977cc91db161adfa435945a7?s=96&d=mm&r=g","caption":"favorite-news"},"url":"https:\/\/favorite-news.com\/es\/author\/pt\/"}]}},"_links":{"self":[{"href":"https:\/\/favorite-news.com\/es\/wp-json\/wp\/v2\/posts\/5442","targetHints":{"allow":["GET"]}}],"collection":[{"href":"https:\/\/favorite-news.com\/es\/wp-json\/wp\/v2\/posts"}],"about":[{"href":"https:\/\/favorite-news.com\/es\/wp-json\/wp\/v2\/types\/post"}],"author":[{"embeddable":true,"href":"https:\/\/favorite-news.com\/es\/wp-json\/wp\/v2\/users\/2"}],"replies":[{"embeddable":true,"href":"https:\/\/favorite-news.com\/es\/wp-json\/wp\/v2\/comments?post=5442"}],"version-history":[{"count":1,"href":"https:\/\/favorite-news.com\/es\/wp-json\/wp\/v2\/posts\/5442\/revisions"}],"predecessor-version":[{"id":5444,"href":"https:\/\/favorite-news.com\/es\/wp-json\/wp\/v2\/posts\/5442\/revisions\/5444"}],"wp:featuredmedia":[{"embeddable":true,"href":"https:\/\/favorite-news.com\/es\/wp-json\/wp\/v2\/media\/5443"}],"wp:attachment":[{"href":"https:\/\/favorite-news.com\/es\/wp-json\/wp\/v2\/media?parent=5442"}],"wp:term":[{"taxonomy":"category","embeddable":true,"href":"https:\/\/favorite-news.com\/es\/wp-json\/wp\/v2\/categories?post=5442"},{"taxonomy":"post_tag","embeddable":true,"href":"https:\/\/favorite-news.com\/es\/wp-json\/wp\/v2\/tags?post=5442"}],"curies":[{"name":"wp","href":"https:\/\/api.w.org\/{rel}","templated":true}]}}