{"id":4963,"date":"2020-09-28T02:49:17","date_gmt":"2020-09-27T23:49:17","guid":{"rendered":"https:\/\/favorite-news.com\/es\/como-evolucionaran-los-precios-de-la-vivienda-en-madrid-y-barcelona\/"},"modified":"2020-09-28T02:49:21","modified_gmt":"2020-09-27T23:49:21","slug":"como-evolucionaran-los-precios-de-la-vivienda-en-madrid-y-barcelona","status":"publish","type":"post","link":"https:\/\/favorite-news.com\/es\/como-evolucionaran-los-precios-de-la-vivienda-en-madrid-y-barcelona\/","title":{"rendered":"\u00bfC\u00f3mo evolucionar\u00e1n los precios de la vivienda en Madrid y Barcelona?"},"content":{"rendered":"<p>La vivienda ubicada en zonas mar\u00edtimas de la Ciudad Condal o alrededores son muy apreciadas. Un ejemplo es Gav\u00e0 Mar, en la imagen.<br \/>\nEXPANSIONLas \u00e1reas con menos demanda son las primeras que sufren ca\u00eddas de precio en momentos de crisis, pero si \u00e9sta se prolonga, las dificultades tambi\u00e9n pueden extenderse al propietario de inmuebles de lujo. Es lo que ocurre en Madrid y Barcelona, donde ya en septiembre la vivienda de alta gama experiment\u00f3 ca\u00eddas de precio de entre el 10% y el 15% interanual. Los expertos aguardan descensos de hasta el 20% en Madrid y el 30% en Barcelona en los pr\u00f3ximos meses.En los inicios de una crisis, despu\u00e9s de que la emergencia sanitaria se propague a la econom\u00eda, y de la econom\u00eda al inmobiliario, es natural que sea m\u00e1s complicado vender una casa en un distrito de la periferia de Madrid que en un barrio cotizado del<\/p>\n<p>Para seguir leyendo, h\u00e1gase Premium<br \/>\n\u00bfYa es Premium? Inicie sesi\u00f3n<\/p>\n<p>Mensual<\/p>\n<p>despu\u00e9s 14,99\u20ac<\/p>\n<p>Lo quiero<br \/>\nAnual<\/p>\n<p>despu\u00e9s 7,50\u20ac\/mes (Pago \u00fanico de 90\u20ac)<\/p>\n<p>4 meses gratis<br \/>\nLo quiero<\/p>\n<p>\n<!--noindex--><br \/>\n<a href=\"https:\/\/www.expansion.com\/economia\/2020\/09\/26\/5f6f293d468aebbb748b4689.html\" rel=\"nofollow\">Source link <\/a><br \/>\n<!--\/noindex--><\/p>\n","protected":false},"excerpt":{"rendered":"<p>La vivienda ubicada en zonas mar\u00edtimas de la Ciudad Condal o alrededores son muy apreciadas. Un ejemplo es Gav\u00e0 Mar, en la imagen. EXPANSIONLas \u00e1reas con menos demanda son las primeras que sufren ca\u00eddas de precio en momentos de crisis, pero si \u00e9sta se prolonga, las dificultades tambi\u00e9n pueden extenderse al propietario de inmuebles de [&hellip;]<\/p>\n","protected":false},"author":2,"featured_media":4964,"comment_status":"open","ping_status":"open","sticky":false,"template":"","format":"standard","meta":{"footnotes":""},"categories":[1],"tags":[],"class_list":["post-4963","post","type-post","status-publish","format-standard","has-post-thumbnail","hentry","category-noticias-financieras"],"yoast_head":"<!-- This site is optimized with the Yoast SEO plugin v27.4 - https:\/\/yoast.com\/product\/yoast-seo-wordpress\/ -->\n<title>\u00bfC\u00f3mo evolucionar\u00e1n los precios de la vivienda en Madrid y Barcelona? - Favorite News<\/title>\n<meta name=\"robots\" content=\"index, follow, max-snippet:-1, max-image-preview:large, max-video-preview:-1\" \/>\n<link rel=\"canonical\" href=\"https:\/\/favorite-news.com\/es\/como-evolucionaran-los-precios-de-la-vivienda-en-madrid-y-barcelona\/\" \/>\n<meta property=\"og:locale\" content=\"es_ES\" \/>\n<meta property=\"og:type\" content=\"article\" \/>\n<meta property=\"og:title\" content=\"\u00bfC\u00f3mo evolucionar\u00e1n los precios de la vivienda en Madrid y Barcelona? - Favorite News\" \/>\n<meta property=\"og:description\" content=\"La vivienda ubicada en zonas mar\u00edtimas de la Ciudad Condal o alrededores son muy apreciadas. Un ejemplo es Gav\u00e0 Mar, en la imagen. EXPANSIONLas \u00e1reas con menos demanda son las primeras que sufren ca\u00eddas de precio en momentos de crisis, pero si \u00e9sta se prolonga, las dificultades tambi\u00e9n pueden extenderse al propietario de inmuebles de [&hellip;]\" \/>\n<meta property=\"og:url\" content=\"https:\/\/favorite-news.com\/es\/como-evolucionaran-los-precios-de-la-vivienda-en-madrid-y-barcelona\/\" \/>\n<meta property=\"og:site_name\" content=\"Favorite News\" \/>\n<meta property=\"article:published_time\" content=\"2020-09-27T23:49:17+00:00\" \/>\n<meta property=\"article:modified_time\" content=\"2020-09-27T23:49:21+00:00\" \/>\n<meta property=\"og:image\" content=\"https:\/\/favorite-news.com\/es\/wp-content\/uploads\/sites\/4\/2020\/09\/\u00bfC\u00f3mo-evolucionar\u00e1n-los-precios-de-la-vivienda-en-Madrid-y.jpg\" \/>\n\t<meta property=\"og:image:width\" content=\"540\" \/>\n\t<meta property=\"og:image:height\" content=\"283\" \/>\n\t<meta property=\"og:image:type\" content=\"image\/jpeg\" \/>\n<meta name=\"author\" content=\"favorite-news\" \/>\n<meta name=\"twitter:card\" content=\"summary_large_image\" \/>\n<meta name=\"twitter:label1\" content=\"Escrito por\" \/>\n\t<meta name=\"twitter:data1\" content=\"favorite-news\" \/>\n\t<meta name=\"twitter:label2\" content=\"Tiempo de lectura\" \/>\n\t<meta name=\"twitter:data2\" content=\"1 minuto\" \/>\n<script type=\"application\/ld+json\" class=\"yoast-schema-graph\">{\"@context\":\"https:\\\/\\\/schema.org\",\"@graph\":[{\"@type\":\"Article\",\"@id\":\"https:\\\/\\\/favorite-news.com\\\/es\\\/como-evolucionaran-los-precios-de-la-vivienda-en-madrid-y-barcelona\\\/#article\",\"isPartOf\":{\"@id\":\"https:\\\/\\\/favorite-news.com\\\/es\\\/como-evolucionaran-los-precios-de-la-vivienda-en-madrid-y-barcelona\\\/\"},\"author\":{\"name\":\"favorite-news\",\"@id\":\"https:\\\/\\\/favorite-news.com\\\/es\\\/#\\\/schema\\\/person\\\/b91573b717dcfa5e4696032a9d28d3e8\"},\"headline\":\"\u00bfC\u00f3mo evolucionar\u00e1n los precios de la vivienda en Madrid y Barcelona?\",\"datePublished\":\"2020-09-27T23:49:17+00:00\",\"dateModified\":\"2020-09-27T23:49:21+00:00\",\"mainEntityOfPage\":{\"@id\":\"https:\\\/\\\/favorite-news.com\\\/es\\\/como-evolucionaran-los-precios-de-la-vivienda-en-madrid-y-barcelona\\\/\"},\"wordCount\":198,\"commentCount\":0,\"image\":{\"@id\":\"https:\\\/\\\/favorite-news.com\\\/es\\\/como-evolucionaran-los-precios-de-la-vivienda-en-madrid-y-barcelona\\\/#primaryimage\"},\"thumbnailUrl\":\"https:\\\/\\\/favorite-news.com\\\/es\\\/wp-content\\\/uploads\\\/sites\\\/4\\\/2020\\\/09\\\/\u00bfC\u00f3mo-evolucionar\u00e1n-los-precios-de-la-vivienda-en-Madrid-y.jpg\",\"articleSection\":[\"NOTICIAS FINANCIERAS\"],\"inLanguage\":\"es\",\"potentialAction\":[{\"@type\":\"CommentAction\",\"name\":\"Comment\",\"target\":[\"https:\\\/\\\/favorite-news.com\\\/es\\\/como-evolucionaran-los-precios-de-la-vivienda-en-madrid-y-barcelona\\\/#respond\"]}]},{\"@type\":\"WebPage\",\"@id\":\"https:\\\/\\\/favorite-news.com\\\/es\\\/como-evolucionaran-los-precios-de-la-vivienda-en-madrid-y-barcelona\\\/\",\"url\":\"https:\\\/\\\/favorite-news.com\\\/es\\\/como-evolucionaran-los-precios-de-la-vivienda-en-madrid-y-barcelona\\\/\",\"name\":\"\u00bfC\u00f3mo evolucionar\u00e1n los precios de la vivienda en Madrid y Barcelona? - Favorite News\",\"isPartOf\":{\"@id\":\"https:\\\/\\\/favorite-news.com\\\/es\\\/#website\"},\"primaryImageOfPage\":{\"@id\":\"https:\\\/\\\/favorite-news.com\\\/es\\\/como-evolucionaran-los-precios-de-la-vivienda-en-madrid-y-barcelona\\\/#primaryimage\"},\"image\":{\"@id\":\"https:\\\/\\\/favorite-news.com\\\/es\\\/como-evolucionaran-los-precios-de-la-vivienda-en-madrid-y-barcelona\\\/#primaryimage\"},\"thumbnailUrl\":\"https:\\\/\\\/favorite-news.com\\\/es\\\/wp-content\\\/uploads\\\/sites\\\/4\\\/2020\\\/09\\\/\u00bfC\u00f3mo-evolucionar\u00e1n-los-precios-de-la-vivienda-en-Madrid-y.jpg\",\"datePublished\":\"2020-09-27T23:49:17+00:00\",\"dateModified\":\"2020-09-27T23:49:21+00:00\",\"author\":{\"@id\":\"https:\\\/\\\/favorite-news.com\\\/es\\\/#\\\/schema\\\/person\\\/b91573b717dcfa5e4696032a9d28d3e8\"},\"breadcrumb\":{\"@id\":\"https:\\\/\\\/favorite-news.com\\\/es\\\/como-evolucionaran-los-precios-de-la-vivienda-en-madrid-y-barcelona\\\/#breadcrumb\"},\"inLanguage\":\"es\",\"potentialAction\":[{\"@type\":\"ReadAction\",\"target\":[\"https:\\\/\\\/favorite-news.com\\\/es\\\/como-evolucionaran-los-precios-de-la-vivienda-en-madrid-y-barcelona\\\/\"]}]},{\"@type\":\"ImageObject\",\"inLanguage\":\"es\",\"@id\":\"https:\\\/\\\/favorite-news.com\\\/es\\\/como-evolucionaran-los-precios-de-la-vivienda-en-madrid-y-barcelona\\\/#primaryimage\",\"url\":\"https:\\\/\\\/favorite-news.com\\\/es\\\/wp-content\\\/uploads\\\/sites\\\/4\\\/2020\\\/09\\\/\u00bfC\u00f3mo-evolucionar\u00e1n-los-precios-de-la-vivienda-en-Madrid-y.jpg\",\"contentUrl\":\"https:\\\/\\\/favorite-news.com\\\/es\\\/wp-content\\\/uploads\\\/sites\\\/4\\\/2020\\\/09\\\/\u00bfC\u00f3mo-evolucionar\u00e1n-los-precios-de-la-vivienda-en-Madrid-y.jpg\",\"width\":540,\"height\":283,\"caption\":\"\u00bfC\u00f3mo evolucionar\u00e1n los precios de la vivienda en Madrid y Barcelona?\"},{\"@type\":\"BreadcrumbList\",\"@id\":\"https:\\\/\\\/favorite-news.com\\\/es\\\/como-evolucionaran-los-precios-de-la-vivienda-en-madrid-y-barcelona\\\/#breadcrumb\",\"itemListElement\":[{\"@type\":\"ListItem\",\"position\":1,\"name\":\"Home\",\"item\":\"https:\\\/\\\/favorite-news.com\\\/es\\\/\"},{\"@type\":\"ListItem\",\"position\":2,\"name\":\"\u00bfC\u00f3mo evolucionar\u00e1n los precios de la vivienda en Madrid y Barcelona?\"}]},{\"@type\":\"WebSite\",\"@id\":\"https:\\\/\\\/favorite-news.com\\\/es\\\/#website\",\"url\":\"https:\\\/\\\/favorite-news.com\\\/es\\\/\",\"name\":\"Favorite News\",\"description\":\"Favorite News Espa\u00f1a\",\"potentialAction\":[{\"@type\":\"SearchAction\",\"target\":{\"@type\":\"EntryPoint\",\"urlTemplate\":\"https:\\\/\\\/favorite-news.com\\\/es\\\/?s={search_term_string}\"},\"query-input\":{\"@type\":\"PropertyValueSpecification\",\"valueRequired\":true,\"valueName\":\"search_term_string\"}}],\"inLanguage\":\"es\"},{\"@type\":\"Person\",\"@id\":\"https:\\\/\\\/favorite-news.com\\\/es\\\/#\\\/schema\\\/person\\\/b91573b717dcfa5e4696032a9d28d3e8\",\"name\":\"favorite-news\",\"image\":{\"@type\":\"ImageObject\",\"inLanguage\":\"es\",\"@id\":\"https:\\\/\\\/secure.gravatar.com\\\/avatar\\\/6c5a5cb12b74e9d517ee91cf570335b7d16177f1977cc91db161adfa435945a7?s=96&d=mm&r=g\",\"url\":\"https:\\\/\\\/secure.gravatar.com\\\/avatar\\\/6c5a5cb12b74e9d517ee91cf570335b7d16177f1977cc91db161adfa435945a7?s=96&d=mm&r=g\",\"contentUrl\":\"https:\\\/\\\/secure.gravatar.com\\\/avatar\\\/6c5a5cb12b74e9d517ee91cf570335b7d16177f1977cc91db161adfa435945a7?s=96&d=mm&r=g\",\"caption\":\"favorite-news\"},\"url\":\"https:\\\/\\\/favorite-news.com\\\/es\\\/author\\\/pt\\\/\"}]}<\/script>\n<!-- \/ Yoast SEO plugin. -->","yoast_head_json":{"title":"\u00bfC\u00f3mo evolucionar\u00e1n los precios de la vivienda en Madrid y Barcelona? - Favorite News","robots":{"index":"index","follow":"follow","max-snippet":"max-snippet:-1","max-image-preview":"max-image-preview:large","max-video-preview":"max-video-preview:-1"},"canonical":"https:\/\/favorite-news.com\/es\/como-evolucionaran-los-precios-de-la-vivienda-en-madrid-y-barcelona\/","og_locale":"es_ES","og_type":"article","og_title":"\u00bfC\u00f3mo evolucionar\u00e1n los precios de la vivienda en Madrid y Barcelona? - Favorite News","og_description":"La vivienda ubicada en zonas mar\u00edtimas de la Ciudad Condal o alrededores son muy apreciadas. Un ejemplo es Gav\u00e0 Mar, en la imagen. EXPANSIONLas \u00e1reas con menos demanda son las primeras que sufren ca\u00eddas de precio en momentos de crisis, pero si \u00e9sta se prolonga, las dificultades tambi\u00e9n pueden extenderse al propietario de inmuebles de [&hellip;]","og_url":"https:\/\/favorite-news.com\/es\/como-evolucionaran-los-precios-de-la-vivienda-en-madrid-y-barcelona\/","og_site_name":"Favorite News","article_published_time":"2020-09-27T23:49:17+00:00","article_modified_time":"2020-09-27T23:49:21+00:00","og_image":[{"width":540,"height":283,"url":"https:\/\/favorite-news.com\/es\/wp-content\/uploads\/sites\/4\/2020\/09\/\u00bfC\u00f3mo-evolucionar\u00e1n-los-precios-de-la-vivienda-en-Madrid-y.jpg","type":"image\/jpeg"}],"author":"favorite-news","twitter_card":"summary_large_image","twitter_misc":{"Escrito por":"favorite-news","Tiempo de lectura":"1 minuto"},"schema":{"@context":"https:\/\/schema.org","@graph":[{"@type":"Article","@id":"https:\/\/favorite-news.com\/es\/como-evolucionaran-los-precios-de-la-vivienda-en-madrid-y-barcelona\/#article","isPartOf":{"@id":"https:\/\/favorite-news.com\/es\/como-evolucionaran-los-precios-de-la-vivienda-en-madrid-y-barcelona\/"},"author":{"name":"favorite-news","@id":"https:\/\/favorite-news.com\/es\/#\/schema\/person\/b91573b717dcfa5e4696032a9d28d3e8"},"headline":"\u00bfC\u00f3mo evolucionar\u00e1n los precios de la vivienda en Madrid y Barcelona?","datePublished":"2020-09-27T23:49:17+00:00","dateModified":"2020-09-27T23:49:21+00:00","mainEntityOfPage":{"@id":"https:\/\/favorite-news.com\/es\/como-evolucionaran-los-precios-de-la-vivienda-en-madrid-y-barcelona\/"},"wordCount":198,"commentCount":0,"image":{"@id":"https:\/\/favorite-news.com\/es\/como-evolucionaran-los-precios-de-la-vivienda-en-madrid-y-barcelona\/#primaryimage"},"thumbnailUrl":"https:\/\/favorite-news.com\/es\/wp-content\/uploads\/sites\/4\/2020\/09\/\u00bfC\u00f3mo-evolucionar\u00e1n-los-precios-de-la-vivienda-en-Madrid-y.jpg","articleSection":["NOTICIAS FINANCIERAS"],"inLanguage":"es","potentialAction":[{"@type":"CommentAction","name":"Comment","target":["https:\/\/favorite-news.com\/es\/como-evolucionaran-los-precios-de-la-vivienda-en-madrid-y-barcelona\/#respond"]}]},{"@type":"WebPage","@id":"https:\/\/favorite-news.com\/es\/como-evolucionaran-los-precios-de-la-vivienda-en-madrid-y-barcelona\/","url":"https:\/\/favorite-news.com\/es\/como-evolucionaran-los-precios-de-la-vivienda-en-madrid-y-barcelona\/","name":"\u00bfC\u00f3mo evolucionar\u00e1n los precios de la vivienda en Madrid y Barcelona? - Favorite News","isPartOf":{"@id":"https:\/\/favorite-news.com\/es\/#website"},"primaryImageOfPage":{"@id":"https:\/\/favorite-news.com\/es\/como-evolucionaran-los-precios-de-la-vivienda-en-madrid-y-barcelona\/#primaryimage"},"image":{"@id":"https:\/\/favorite-news.com\/es\/como-evolucionaran-los-precios-de-la-vivienda-en-madrid-y-barcelona\/#primaryimage"},"thumbnailUrl":"https:\/\/favorite-news.com\/es\/wp-content\/uploads\/sites\/4\/2020\/09\/\u00bfC\u00f3mo-evolucionar\u00e1n-los-precios-de-la-vivienda-en-Madrid-y.jpg","datePublished":"2020-09-27T23:49:17+00:00","dateModified":"2020-09-27T23:49:21+00:00","author":{"@id":"https:\/\/favorite-news.com\/es\/#\/schema\/person\/b91573b717dcfa5e4696032a9d28d3e8"},"breadcrumb":{"@id":"https:\/\/favorite-news.com\/es\/como-evolucionaran-los-precios-de-la-vivienda-en-madrid-y-barcelona\/#breadcrumb"},"inLanguage":"es","potentialAction":[{"@type":"ReadAction","target":["https:\/\/favorite-news.com\/es\/como-evolucionaran-los-precios-de-la-vivienda-en-madrid-y-barcelona\/"]}]},{"@type":"ImageObject","inLanguage":"es","@id":"https:\/\/favorite-news.com\/es\/como-evolucionaran-los-precios-de-la-vivienda-en-madrid-y-barcelona\/#primaryimage","url":"https:\/\/favorite-news.com\/es\/wp-content\/uploads\/sites\/4\/2020\/09\/\u00bfC\u00f3mo-evolucionar\u00e1n-los-precios-de-la-vivienda-en-Madrid-y.jpg","contentUrl":"https:\/\/favorite-news.com\/es\/wp-content\/uploads\/sites\/4\/2020\/09\/\u00bfC\u00f3mo-evolucionar\u00e1n-los-precios-de-la-vivienda-en-Madrid-y.jpg","width":540,"height":283,"caption":"\u00bfC\u00f3mo evolucionar\u00e1n los precios de la vivienda en Madrid y Barcelona?"},{"@type":"BreadcrumbList","@id":"https:\/\/favorite-news.com\/es\/como-evolucionaran-los-precios-de-la-vivienda-en-madrid-y-barcelona\/#breadcrumb","itemListElement":[{"@type":"ListItem","position":1,"name":"Home","item":"https:\/\/favorite-news.com\/es\/"},{"@type":"ListItem","position":2,"name":"\u00bfC\u00f3mo evolucionar\u00e1n los precios de la vivienda en Madrid y Barcelona?"}]},{"@type":"WebSite","@id":"https:\/\/favorite-news.com\/es\/#website","url":"https:\/\/favorite-news.com\/es\/","name":"Favorite News","description":"Favorite News Espa\u00f1a","potentialAction":[{"@type":"SearchAction","target":{"@type":"EntryPoint","urlTemplate":"https:\/\/favorite-news.com\/es\/?s={search_term_string}"},"query-input":{"@type":"PropertyValueSpecification","valueRequired":true,"valueName":"search_term_string"}}],"inLanguage":"es"},{"@type":"Person","@id":"https:\/\/favorite-news.com\/es\/#\/schema\/person\/b91573b717dcfa5e4696032a9d28d3e8","name":"favorite-news","image":{"@type":"ImageObject","inLanguage":"es","@id":"https:\/\/secure.gravatar.com\/avatar\/6c5a5cb12b74e9d517ee91cf570335b7d16177f1977cc91db161adfa435945a7?s=96&d=mm&r=g","url":"https:\/\/secure.gravatar.com\/avatar\/6c5a5cb12b74e9d517ee91cf570335b7d16177f1977cc91db161adfa435945a7?s=96&d=mm&r=g","contentUrl":"https:\/\/secure.gravatar.com\/avatar\/6c5a5cb12b74e9d517ee91cf570335b7d16177f1977cc91db161adfa435945a7?s=96&d=mm&r=g","caption":"favorite-news"},"url":"https:\/\/favorite-news.com\/es\/author\/pt\/"}]}},"_links":{"self":[{"href":"https:\/\/favorite-news.com\/es\/wp-json\/wp\/v2\/posts\/4963","targetHints":{"allow":["GET"]}}],"collection":[{"href":"https:\/\/favorite-news.com\/es\/wp-json\/wp\/v2\/posts"}],"about":[{"href":"https:\/\/favorite-news.com\/es\/wp-json\/wp\/v2\/types\/post"}],"author":[{"embeddable":true,"href":"https:\/\/favorite-news.com\/es\/wp-json\/wp\/v2\/users\/2"}],"replies":[{"embeddable":true,"href":"https:\/\/favorite-news.com\/es\/wp-json\/wp\/v2\/comments?post=4963"}],"version-history":[{"count":1,"href":"https:\/\/favorite-news.com\/es\/wp-json\/wp\/v2\/posts\/4963\/revisions"}],"predecessor-version":[{"id":4965,"href":"https:\/\/favorite-news.com\/es\/wp-json\/wp\/v2\/posts\/4963\/revisions\/4965"}],"wp:featuredmedia":[{"embeddable":true,"href":"https:\/\/favorite-news.com\/es\/wp-json\/wp\/v2\/media\/4964"}],"wp:attachment":[{"href":"https:\/\/favorite-news.com\/es\/wp-json\/wp\/v2\/media?parent=4963"}],"wp:term":[{"taxonomy":"category","embeddable":true,"href":"https:\/\/favorite-news.com\/es\/wp-json\/wp\/v2\/categories?post=4963"},{"taxonomy":"post_tag","embeddable":true,"href":"https:\/\/favorite-news.com\/es\/wp-json\/wp\/v2\/tags?post=4963"}],"curies":[{"name":"wp","href":"https:\/\/api.w.org\/{rel}","templated":true}]}}