{"id":4774,"date":"2019-09-24T02:18:24","date_gmt":"2019-09-23T23:18:24","guid":{"rendered":"https:\/\/favorite-news.com\/es\/elecciones-generales-2019-hay-diferencias-entre-errejon-y-podemos\/"},"modified":"2019-09-24T02:18:25","modified_gmt":"2019-09-23T23:18:25","slug":"elecciones-generales-2019-hay-diferencias-entre-errejon-y-podemos","status":"publish","type":"post","link":"https:\/\/favorite-news.com\/es\/elecciones-generales-2019-hay-diferencias-entre-errejon-y-podemos\/","title":{"rendered":"Elecciones Generales 2019: \u00bfHay diferencias entre Errej\u00f3n y Podemos?"},"content":{"rendered":"<p>Si le gusta el pescado y hace miau es un gato. \u00cd\u00f1igo Errej\u00f3n dice pr\u00e1cticamente las mismas cosas que Pablo Iglesias. Sus diferencias en materia econ\u00f3mica son imperceptibles y su biblia pol\u00edtica es casi la misma. \u00abEl refer\u00e9ndum en Catalu\u00f1a es leg\u00edtimo\u00bb. \u00abLos dos gobiernos tienen que sentarse a negociar\u00bb. \u00abEl encaje de los pueblos en Espa\u00f1a se tiene que decidir democr\u00e1ticamente\u00bb. Son frases que nadie sabr\u00eda diferenciar qui\u00e9n las ha dicho porque ambos las han repetido insistentemente como sacadas de un colector ideol\u00f3gico donde los t\u00e9rminos pierden su significado. Los fondos buitre, las puertas giratorias, la casta, el drama social, la corrupci\u00f3n&#8230; son palabras recurrentes en los discursos de ambos porque ambos los han dise\u00f1ado conjuntamente hasta hace bien poco. Y a pesar del drama social que asuela Venezuela y que pone de manifiesto el fracaso del modelo de Hugo Ch\u00e1vez heredado por Nicol\u00e1s Maduro, ambos siguen defendi\u00e9ndolo. \u00abEn Venezuela la gente hace tres comidas al d\u00eda\u00bb, dec\u00eda no hace mucho Errej\u00f3n. Pablo Iglesias e \u00cd\u00f1igo Errej\u00f3n son cu\u00f1as de la misma madera. Ambos son fruto de un idealismo y un comunismo fracasado que se hab\u00eda atrincherado en algunos rincones de la Universidad, disfrazado de activismo. Escrachando al sistema mientras se beneficiaban de \u00e9l -Rosa D\u00edez lo sabe bien- y dise\u00f1ando una nueva puesta en escena a la espera de que alg\u00fan acontecimiento les permitiera salir a la luz. La crisis econ\u00f3mica y el movimiento 15-M fue su carta de presentaci\u00f3n. Fagocitaron el espacio pol\u00edtico que en su d\u00eda ocup\u00f3 el PCE y ahora hab\u00eda heredado Izquierda Unida, que hab\u00eda quedado reducido a la insignificancia, para, con una buena dosis de populismo e imagen, apoy\u00e1ndose en los indignados y sirvi\u00e9ndose de las redes sociales y de las tertulias televisivas, colocar como nuevos mensajes que hace ya muchas d\u00e9cadas se demostraron fraudulentos. Han conseguido situarse en el panorama pol\u00edtico a base de generar una ilusi\u00f3n que empieza a difuminarse. \u00bfQu\u00e9 aporta entonces la nueva formaci\u00f3n de \u00cd\u00f1igo Errej\u00f3n sobre lo que hasta ahora ofrec\u00eda Podemos y Pablo Iglesias? Pues una versi\u00f3n m\u00e1s actualizada del mismo producto, basada tambi\u00e9n en un l\u00edder, que intenta corregir las contradicciones por las que Podemos y Pablo Iglesias se desangran pol\u00edticamente. Errej\u00f3n es un chico ambicioso que hace tiempo entendi\u00f3, a base de reveses y gestos de menosprecio, que ya no le deb\u00eda nada a su padrino. Y, viendo la debilidad y las ganas que muchos le tienen a su mentor por su forma totalitaria de ejercer su liderazgo, ha tomado la decisi\u00f3n de ocupar su espacio. De ah\u00ed que Comprom\u00eds, una parte de Equo, Teresa Rodr\u00edguez con Adelante Andaluc\u00eda, y otros muchos, est\u00e9n dispuestos a tomar el rebufo de un Errej\u00f3n que, bajo la bendici\u00f3n de Manuela Carmena, aparenta ser una izquierda m\u00e1s digerible. Capacidad de adaptaci\u00f3nErrej\u00f3n no tiene casa en Galapagar, ni ha situado a ninguna pareja como segunda de su formaci\u00f3n. De momento, no tiene esos d\u00e9ficits pol\u00edticos que a Iglesias le empiezan a resultar pesadas losas. De cara a los votantes da una imagen m\u00e1s cercana y menos crispada que la que transmite un Pablo Iglesias cuya ambici\u00f3n le sit\u00faa como un obst\u00e1culo para la formaci\u00f3n de un Gobierno progresista con el PSOE. Hay quien dice que para \u00cd\u00f1igo Errej\u00f3n la pol\u00edtica es a\u00fan una oportunidad laboral para seguir creciendo y que todav\u00eda tiene una capacidad de adaptaci\u00f3n que Iglesias hace ya mucho que agot\u00f3. Seguramente moderar\u00e1 su discurso respecto a la monarqu\u00eda o la propiedad y se convertir\u00e1 en un europe\u00edsta convencido. De momento en el PSOE le ven m\u00e1s como un aliado que como una amenaza. Creen que Errej\u00f3n, si s\u00f3lo se presenta en ciertas circunscripciones, es el tipo que puede recoger a todos aquellos desencantados con la pol\u00edtica que no votar\u00e1n al PSOE ni a Podemos, pero que, cuando tenga los esca\u00f1os, apoyar\u00e1 sin condiciones un Gobierno de S\u00e1nchez. Incluso creen que es compatible en un m\u00e9nage \u00e0 trois con Ciudadanos. Para los incondicionales de Iglesias, Errej\u00f3n es simplemente un traidor, un quintacolumnista a sueldo del Ibex. El caballo de Troya que el PSOE ha logrado colocar en el coraz\u00f3n de la izquierda real para destrozar todas sus esperanzas. Todav\u00eda no est\u00e1 decidido el nombre con el concurrir\u00e1 pero, una vez descartado M\u00e1s Espa\u00f1a, en el entorno de Iglesias apostaban que pod\u00eda bautizarse como M\u00e1s PSOE. Alguien que pronto estar\u00e1 a la vera de S\u00e1nchez.<br \/>\n<br \/>\n<!--noindex--><br \/>\n<a href=\"https:\/\/www.expansion.com\/economia\/politica\/elecciones-generales\/2019\/09\/24\/5d893533468aebb5508b46ba.html\" rel=\"nofollow\">Source link <\/a><br \/>\n<!--\/noindex--><\/p>\n","protected":false},"excerpt":{"rendered":"<p>Si le gusta el pescado y hace miau es un gato. \u00cd\u00f1igo Errej\u00f3n dice pr\u00e1cticamente las mismas cosas que Pablo Iglesias. Sus diferencias en materia econ\u00f3mica son imperceptibles y su biblia pol\u00edtica es casi la misma. \u00abEl refer\u00e9ndum en Catalu\u00f1a es leg\u00edtimo\u00bb. \u00abLos dos gobiernos tienen que sentarse a negociar\u00bb. \u00abEl encaje de los pueblos [&hellip;]<\/p>\n","protected":false},"author":2,"featured_media":4775,"comment_status":"open","ping_status":"open","sticky":false,"template":"","format":"standard","meta":{"footnotes":""},"categories":[1],"tags":[],"class_list":["post-4774","post","type-post","status-publish","format-standard","has-post-thumbnail","hentry","category-noticias-financieras"],"yoast_head":"<!-- This site is optimized with the Yoast SEO plugin v27.4 - https:\/\/yoast.com\/product\/yoast-seo-wordpress\/ -->\n<title>Elecciones Generales 2019: \u00bfHay diferencias entre Errej\u00f3n y Podemos? - Favorite News<\/title>\n<meta name=\"robots\" content=\"index, follow, max-snippet:-1, max-image-preview:large, max-video-preview:-1\" \/>\n<link rel=\"canonical\" href=\"https:\/\/favorite-news.com\/es\/elecciones-generales-2019-hay-diferencias-entre-errejon-y-podemos\/\" \/>\n<meta property=\"og:locale\" content=\"es_ES\" \/>\n<meta property=\"og:type\" content=\"article\" \/>\n<meta property=\"og:title\" content=\"Elecciones Generales 2019: \u00bfHay diferencias entre Errej\u00f3n y Podemos? - Favorite News\" \/>\n<meta property=\"og:description\" content=\"Si le gusta el pescado y hace miau es un gato. \u00cd\u00f1igo Errej\u00f3n dice pr\u00e1cticamente las mismas cosas que Pablo Iglesias. Sus diferencias en materia econ\u00f3mica son imperceptibles y su biblia pol\u00edtica es casi la misma. \u00abEl refer\u00e9ndum en Catalu\u00f1a es leg\u00edtimo\u00bb. \u00abLos dos gobiernos tienen que sentarse a negociar\u00bb. \u00abEl encaje de los pueblos [&hellip;]\" \/>\n<meta property=\"og:url\" content=\"https:\/\/favorite-news.com\/es\/elecciones-generales-2019-hay-diferencias-entre-errejon-y-podemos\/\" \/>\n<meta property=\"og:site_name\" content=\"Favorite News\" \/>\n<meta property=\"article:published_time\" content=\"2019-09-23T23:18:24+00:00\" \/>\n<meta property=\"article:modified_time\" content=\"2019-09-23T23:18:25+00:00\" \/>\n<meta property=\"og:image\" content=\"https:\/\/favorite-news.com\/es\/wp-content\/uploads\/sites\/4\/2019\/09\/Elecciones-Generales-2019-\u00bfHay-diferencias-entre-Errej\u00f3n-y-Podemos.jpg\" \/>\n\t<meta property=\"og:image:width\" content=\"600\" \/>\n\t<meta property=\"og:image:height\" content=\"315\" \/>\n\t<meta property=\"og:image:type\" content=\"image\/jpeg\" \/>\n<meta name=\"author\" content=\"favorite-news\" \/>\n<meta name=\"twitter:card\" content=\"summary_large_image\" \/>\n<meta name=\"twitter:label1\" content=\"Escrito por\" \/>\n\t<meta name=\"twitter:data1\" content=\"favorite-news\" \/>\n\t<meta name=\"twitter:label2\" content=\"Tiempo de lectura\" \/>\n\t<meta name=\"twitter:data2\" content=\"4 minutos\" \/>\n<script type=\"application\/ld+json\" class=\"yoast-schema-graph\">{\"@context\":\"https:\\\/\\\/schema.org\",\"@graph\":[{\"@type\":\"Article\",\"@id\":\"https:\\\/\\\/favorite-news.com\\\/es\\\/elecciones-generales-2019-hay-diferencias-entre-errejon-y-podemos\\\/#article\",\"isPartOf\":{\"@id\":\"https:\\\/\\\/favorite-news.com\\\/es\\\/elecciones-generales-2019-hay-diferencias-entre-errejon-y-podemos\\\/\"},\"author\":{\"name\":\"favorite-news\",\"@id\":\"https:\\\/\\\/favorite-news.com\\\/es\\\/#\\\/schema\\\/person\\\/b91573b717dcfa5e4696032a9d28d3e8\"},\"headline\":\"Elecciones Generales 2019: \u00bfHay diferencias entre Errej\u00f3n y Podemos?\",\"datePublished\":\"2019-09-23T23:18:24+00:00\",\"dateModified\":\"2019-09-23T23:18:25+00:00\",\"mainEntityOfPage\":{\"@id\":\"https:\\\/\\\/favorite-news.com\\\/es\\\/elecciones-generales-2019-hay-diferencias-entre-errejon-y-podemos\\\/\"},\"wordCount\":826,\"commentCount\":0,\"image\":{\"@id\":\"https:\\\/\\\/favorite-news.com\\\/es\\\/elecciones-generales-2019-hay-diferencias-entre-errejon-y-podemos\\\/#primaryimage\"},\"thumbnailUrl\":\"https:\\\/\\\/favorite-news.com\\\/es\\\/wp-content\\\/uploads\\\/sites\\\/4\\\/2019\\\/09\\\/Elecciones-Generales-2019-\u00bfHay-diferencias-entre-Errej\u00f3n-y-Podemos.jpg\",\"articleSection\":[\"NOTICIAS FINANCIERAS\"],\"inLanguage\":\"es\",\"potentialAction\":[{\"@type\":\"CommentAction\",\"name\":\"Comment\",\"target\":[\"https:\\\/\\\/favorite-news.com\\\/es\\\/elecciones-generales-2019-hay-diferencias-entre-errejon-y-podemos\\\/#respond\"]}]},{\"@type\":\"WebPage\",\"@id\":\"https:\\\/\\\/favorite-news.com\\\/es\\\/elecciones-generales-2019-hay-diferencias-entre-errejon-y-podemos\\\/\",\"url\":\"https:\\\/\\\/favorite-news.com\\\/es\\\/elecciones-generales-2019-hay-diferencias-entre-errejon-y-podemos\\\/\",\"name\":\"Elecciones Generales 2019: \u00bfHay diferencias entre Errej\u00f3n y Podemos? - Favorite News\",\"isPartOf\":{\"@id\":\"https:\\\/\\\/favorite-news.com\\\/es\\\/#website\"},\"primaryImageOfPage\":{\"@id\":\"https:\\\/\\\/favorite-news.com\\\/es\\\/elecciones-generales-2019-hay-diferencias-entre-errejon-y-podemos\\\/#primaryimage\"},\"image\":{\"@id\":\"https:\\\/\\\/favorite-news.com\\\/es\\\/elecciones-generales-2019-hay-diferencias-entre-errejon-y-podemos\\\/#primaryimage\"},\"thumbnailUrl\":\"https:\\\/\\\/favorite-news.com\\\/es\\\/wp-content\\\/uploads\\\/sites\\\/4\\\/2019\\\/09\\\/Elecciones-Generales-2019-\u00bfHay-diferencias-entre-Errej\u00f3n-y-Podemos.jpg\",\"datePublished\":\"2019-09-23T23:18:24+00:00\",\"dateModified\":\"2019-09-23T23:18:25+00:00\",\"author\":{\"@id\":\"https:\\\/\\\/favorite-news.com\\\/es\\\/#\\\/schema\\\/person\\\/b91573b717dcfa5e4696032a9d28d3e8\"},\"breadcrumb\":{\"@id\":\"https:\\\/\\\/favorite-news.com\\\/es\\\/elecciones-generales-2019-hay-diferencias-entre-errejon-y-podemos\\\/#breadcrumb\"},\"inLanguage\":\"es\",\"potentialAction\":[{\"@type\":\"ReadAction\",\"target\":[\"https:\\\/\\\/favorite-news.com\\\/es\\\/elecciones-generales-2019-hay-diferencias-entre-errejon-y-podemos\\\/\"]}]},{\"@type\":\"ImageObject\",\"inLanguage\":\"es\",\"@id\":\"https:\\\/\\\/favorite-news.com\\\/es\\\/elecciones-generales-2019-hay-diferencias-entre-errejon-y-podemos\\\/#primaryimage\",\"url\":\"https:\\\/\\\/favorite-news.com\\\/es\\\/wp-content\\\/uploads\\\/sites\\\/4\\\/2019\\\/09\\\/Elecciones-Generales-2019-\u00bfHay-diferencias-entre-Errej\u00f3n-y-Podemos.jpg\",\"contentUrl\":\"https:\\\/\\\/favorite-news.com\\\/es\\\/wp-content\\\/uploads\\\/sites\\\/4\\\/2019\\\/09\\\/Elecciones-Generales-2019-\u00bfHay-diferencias-entre-Errej\u00f3n-y-Podemos.jpg\",\"width\":600,\"height\":315,\"caption\":\"Elecciones Generales 2019: \u00bfHay diferencias entre Errej\u00f3n y Podemos?\"},{\"@type\":\"BreadcrumbList\",\"@id\":\"https:\\\/\\\/favorite-news.com\\\/es\\\/elecciones-generales-2019-hay-diferencias-entre-errejon-y-podemos\\\/#breadcrumb\",\"itemListElement\":[{\"@type\":\"ListItem\",\"position\":1,\"name\":\"Home\",\"item\":\"https:\\\/\\\/favorite-news.com\\\/es\\\/\"},{\"@type\":\"ListItem\",\"position\":2,\"name\":\"Elecciones Generales 2019: \u00bfHay diferencias entre Errej\u00f3n y Podemos?\"}]},{\"@type\":\"WebSite\",\"@id\":\"https:\\\/\\\/favorite-news.com\\\/es\\\/#website\",\"url\":\"https:\\\/\\\/favorite-news.com\\\/es\\\/\",\"name\":\"Favorite News\",\"description\":\"Favorite News Espa\u00f1a\",\"potentialAction\":[{\"@type\":\"SearchAction\",\"target\":{\"@type\":\"EntryPoint\",\"urlTemplate\":\"https:\\\/\\\/favorite-news.com\\\/es\\\/?s={search_term_string}\"},\"query-input\":{\"@type\":\"PropertyValueSpecification\",\"valueRequired\":true,\"valueName\":\"search_term_string\"}}],\"inLanguage\":\"es\"},{\"@type\":\"Person\",\"@id\":\"https:\\\/\\\/favorite-news.com\\\/es\\\/#\\\/schema\\\/person\\\/b91573b717dcfa5e4696032a9d28d3e8\",\"name\":\"favorite-news\",\"image\":{\"@type\":\"ImageObject\",\"inLanguage\":\"es\",\"@id\":\"https:\\\/\\\/secure.gravatar.com\\\/avatar\\\/6c5a5cb12b74e9d517ee91cf570335b7d16177f1977cc91db161adfa435945a7?s=96&d=mm&r=g\",\"url\":\"https:\\\/\\\/secure.gravatar.com\\\/avatar\\\/6c5a5cb12b74e9d517ee91cf570335b7d16177f1977cc91db161adfa435945a7?s=96&d=mm&r=g\",\"contentUrl\":\"https:\\\/\\\/secure.gravatar.com\\\/avatar\\\/6c5a5cb12b74e9d517ee91cf570335b7d16177f1977cc91db161adfa435945a7?s=96&d=mm&r=g\",\"caption\":\"favorite-news\"},\"url\":\"https:\\\/\\\/favorite-news.com\\\/es\\\/author\\\/pt\\\/\"}]}<\/script>\n<!-- \/ Yoast SEO plugin. -->","yoast_head_json":{"title":"Elecciones Generales 2019: \u00bfHay diferencias entre Errej\u00f3n y Podemos? - Favorite News","robots":{"index":"index","follow":"follow","max-snippet":"max-snippet:-1","max-image-preview":"max-image-preview:large","max-video-preview":"max-video-preview:-1"},"canonical":"https:\/\/favorite-news.com\/es\/elecciones-generales-2019-hay-diferencias-entre-errejon-y-podemos\/","og_locale":"es_ES","og_type":"article","og_title":"Elecciones Generales 2019: \u00bfHay diferencias entre Errej\u00f3n y Podemos? - Favorite News","og_description":"Si le gusta el pescado y hace miau es un gato. \u00cd\u00f1igo Errej\u00f3n dice pr\u00e1cticamente las mismas cosas que Pablo Iglesias. Sus diferencias en materia econ\u00f3mica son imperceptibles y su biblia pol\u00edtica es casi la misma. \u00abEl refer\u00e9ndum en Catalu\u00f1a es leg\u00edtimo\u00bb. \u00abLos dos gobiernos tienen que sentarse a negociar\u00bb. \u00abEl encaje de los pueblos [&hellip;]","og_url":"https:\/\/favorite-news.com\/es\/elecciones-generales-2019-hay-diferencias-entre-errejon-y-podemos\/","og_site_name":"Favorite News","article_published_time":"2019-09-23T23:18:24+00:00","article_modified_time":"2019-09-23T23:18:25+00:00","og_image":[{"width":600,"height":315,"url":"https:\/\/favorite-news.com\/es\/wp-content\/uploads\/sites\/4\/2019\/09\/Elecciones-Generales-2019-\u00bfHay-diferencias-entre-Errej\u00f3n-y-Podemos.jpg","type":"image\/jpeg"}],"author":"favorite-news","twitter_card":"summary_large_image","twitter_misc":{"Escrito por":"favorite-news","Tiempo de lectura":"4 minutos"},"schema":{"@context":"https:\/\/schema.org","@graph":[{"@type":"Article","@id":"https:\/\/favorite-news.com\/es\/elecciones-generales-2019-hay-diferencias-entre-errejon-y-podemos\/#article","isPartOf":{"@id":"https:\/\/favorite-news.com\/es\/elecciones-generales-2019-hay-diferencias-entre-errejon-y-podemos\/"},"author":{"name":"favorite-news","@id":"https:\/\/favorite-news.com\/es\/#\/schema\/person\/b91573b717dcfa5e4696032a9d28d3e8"},"headline":"Elecciones Generales 2019: \u00bfHay diferencias entre Errej\u00f3n y Podemos?","datePublished":"2019-09-23T23:18:24+00:00","dateModified":"2019-09-23T23:18:25+00:00","mainEntityOfPage":{"@id":"https:\/\/favorite-news.com\/es\/elecciones-generales-2019-hay-diferencias-entre-errejon-y-podemos\/"},"wordCount":826,"commentCount":0,"image":{"@id":"https:\/\/favorite-news.com\/es\/elecciones-generales-2019-hay-diferencias-entre-errejon-y-podemos\/#primaryimage"},"thumbnailUrl":"https:\/\/favorite-news.com\/es\/wp-content\/uploads\/sites\/4\/2019\/09\/Elecciones-Generales-2019-\u00bfHay-diferencias-entre-Errej\u00f3n-y-Podemos.jpg","articleSection":["NOTICIAS FINANCIERAS"],"inLanguage":"es","potentialAction":[{"@type":"CommentAction","name":"Comment","target":["https:\/\/favorite-news.com\/es\/elecciones-generales-2019-hay-diferencias-entre-errejon-y-podemos\/#respond"]}]},{"@type":"WebPage","@id":"https:\/\/favorite-news.com\/es\/elecciones-generales-2019-hay-diferencias-entre-errejon-y-podemos\/","url":"https:\/\/favorite-news.com\/es\/elecciones-generales-2019-hay-diferencias-entre-errejon-y-podemos\/","name":"Elecciones Generales 2019: \u00bfHay diferencias entre Errej\u00f3n y Podemos? - Favorite News","isPartOf":{"@id":"https:\/\/favorite-news.com\/es\/#website"},"primaryImageOfPage":{"@id":"https:\/\/favorite-news.com\/es\/elecciones-generales-2019-hay-diferencias-entre-errejon-y-podemos\/#primaryimage"},"image":{"@id":"https:\/\/favorite-news.com\/es\/elecciones-generales-2019-hay-diferencias-entre-errejon-y-podemos\/#primaryimage"},"thumbnailUrl":"https:\/\/favorite-news.com\/es\/wp-content\/uploads\/sites\/4\/2019\/09\/Elecciones-Generales-2019-\u00bfHay-diferencias-entre-Errej\u00f3n-y-Podemos.jpg","datePublished":"2019-09-23T23:18:24+00:00","dateModified":"2019-09-23T23:18:25+00:00","author":{"@id":"https:\/\/favorite-news.com\/es\/#\/schema\/person\/b91573b717dcfa5e4696032a9d28d3e8"},"breadcrumb":{"@id":"https:\/\/favorite-news.com\/es\/elecciones-generales-2019-hay-diferencias-entre-errejon-y-podemos\/#breadcrumb"},"inLanguage":"es","potentialAction":[{"@type":"ReadAction","target":["https:\/\/favorite-news.com\/es\/elecciones-generales-2019-hay-diferencias-entre-errejon-y-podemos\/"]}]},{"@type":"ImageObject","inLanguage":"es","@id":"https:\/\/favorite-news.com\/es\/elecciones-generales-2019-hay-diferencias-entre-errejon-y-podemos\/#primaryimage","url":"https:\/\/favorite-news.com\/es\/wp-content\/uploads\/sites\/4\/2019\/09\/Elecciones-Generales-2019-\u00bfHay-diferencias-entre-Errej\u00f3n-y-Podemos.jpg","contentUrl":"https:\/\/favorite-news.com\/es\/wp-content\/uploads\/sites\/4\/2019\/09\/Elecciones-Generales-2019-\u00bfHay-diferencias-entre-Errej\u00f3n-y-Podemos.jpg","width":600,"height":315,"caption":"Elecciones Generales 2019: \u00bfHay diferencias entre Errej\u00f3n y Podemos?"},{"@type":"BreadcrumbList","@id":"https:\/\/favorite-news.com\/es\/elecciones-generales-2019-hay-diferencias-entre-errejon-y-podemos\/#breadcrumb","itemListElement":[{"@type":"ListItem","position":1,"name":"Home","item":"https:\/\/favorite-news.com\/es\/"},{"@type":"ListItem","position":2,"name":"Elecciones Generales 2019: \u00bfHay diferencias entre Errej\u00f3n y Podemos?"}]},{"@type":"WebSite","@id":"https:\/\/favorite-news.com\/es\/#website","url":"https:\/\/favorite-news.com\/es\/","name":"Favorite News","description":"Favorite News Espa\u00f1a","potentialAction":[{"@type":"SearchAction","target":{"@type":"EntryPoint","urlTemplate":"https:\/\/favorite-news.com\/es\/?s={search_term_string}"},"query-input":{"@type":"PropertyValueSpecification","valueRequired":true,"valueName":"search_term_string"}}],"inLanguage":"es"},{"@type":"Person","@id":"https:\/\/favorite-news.com\/es\/#\/schema\/person\/b91573b717dcfa5e4696032a9d28d3e8","name":"favorite-news","image":{"@type":"ImageObject","inLanguage":"es","@id":"https:\/\/secure.gravatar.com\/avatar\/6c5a5cb12b74e9d517ee91cf570335b7d16177f1977cc91db161adfa435945a7?s=96&d=mm&r=g","url":"https:\/\/secure.gravatar.com\/avatar\/6c5a5cb12b74e9d517ee91cf570335b7d16177f1977cc91db161adfa435945a7?s=96&d=mm&r=g","contentUrl":"https:\/\/secure.gravatar.com\/avatar\/6c5a5cb12b74e9d517ee91cf570335b7d16177f1977cc91db161adfa435945a7?s=96&d=mm&r=g","caption":"favorite-news"},"url":"https:\/\/favorite-news.com\/es\/author\/pt\/"}]}},"_links":{"self":[{"href":"https:\/\/favorite-news.com\/es\/wp-json\/wp\/v2\/posts\/4774","targetHints":{"allow":["GET"]}}],"collection":[{"href":"https:\/\/favorite-news.com\/es\/wp-json\/wp\/v2\/posts"}],"about":[{"href":"https:\/\/favorite-news.com\/es\/wp-json\/wp\/v2\/types\/post"}],"author":[{"embeddable":true,"href":"https:\/\/favorite-news.com\/es\/wp-json\/wp\/v2\/users\/2"}],"replies":[{"embeddable":true,"href":"https:\/\/favorite-news.com\/es\/wp-json\/wp\/v2\/comments?post=4774"}],"version-history":[{"count":1,"href":"https:\/\/favorite-news.com\/es\/wp-json\/wp\/v2\/posts\/4774\/revisions"}],"predecessor-version":[{"id":4776,"href":"https:\/\/favorite-news.com\/es\/wp-json\/wp\/v2\/posts\/4774\/revisions\/4776"}],"wp:featuredmedia":[{"embeddable":true,"href":"https:\/\/favorite-news.com\/es\/wp-json\/wp\/v2\/media\/4775"}],"wp:attachment":[{"href":"https:\/\/favorite-news.com\/es\/wp-json\/wp\/v2\/media?parent=4774"}],"wp:term":[{"taxonomy":"category","embeddable":true,"href":"https:\/\/favorite-news.com\/es\/wp-json\/wp\/v2\/categories?post=4774"},{"taxonomy":"post_tag","embeddable":true,"href":"https:\/\/favorite-news.com\/es\/wp-json\/wp\/v2\/tags?post=4774"}],"curies":[{"name":"wp","href":"https:\/\/api.w.org\/{rel}","templated":true}]}}