{"id":4497,"date":"2019-09-15T01:09:57","date_gmt":"2019-09-14T22:09:57","guid":{"rendered":"https:\/\/favorite-news.com\/es\/ha-alcanzado-la-globalizacion-su-cota-maxima\/"},"modified":"2019-09-15T01:09:58","modified_gmt":"2019-09-14T22:09:58","slug":"ha-alcanzado-la-globalizacion-su-cota-maxima","status":"publish","type":"post","link":"https:\/\/favorite-news.com\/es\/ha-alcanzado-la-globalizacion-su-cota-maxima\/","title":{"rendered":"\u00bfHa alcanzado la globalizaci\u00f3n su cota m\u00e1xima?"},"content":{"rendered":"<p>Citi pide impulsar las pol\u00edticas de apoyo nacionales. La crisis expuso y exacerb\u00f3 los problemas macroecon\u00f3micos, sociales y geogr\u00e1ficos.Diversos par\u00e1metros apuntan a que la globalizaci\u00f3n se encuentra pr\u00f3xima a las cotas m\u00e1ximas a las que puede aspirar, por lo que las preguntas se agolpan: \u00bfel n\u00famero ideal de productos for\u00e1neos en la cesta de la compra ya se ha conseguido?, \u00bflas producciones nacionales han conseguido integrarse en la cadena de valor mundial? o \u00bflas carteras financieras han alcanzado su m\u00e1xima diversificaci\u00f3n? Pero la cuesti\u00f3n primordial que se plantean desde Citi es si esta conquista de la cima significa una buena noticia o ser\u00e1 contrarrestada.En su \u00faltimo informe al respecto, la entidad estadounidense, tras analizar las relaciones comerciales, financieras o los movimientos migratorios a escala mundial concluye que la globalizaci\u00f3n parece haber alcanzado su punto m\u00e1ximo durante la \u00faltima d\u00e9cada. Una situaci\u00f3n que ha supuesto una mejora en las condiciones de vida de la mayor\u00eda de las regiones, pero que tambi\u00e9n ha deparado p\u00e9rdida de empleos o desequilibrios financieros.Como indica la autora del estudio, Catherine L. Mann, la percepci\u00f3n de la econom\u00eda por cada individuo est\u00e1 estrechamente ligada a su experiencia personal. Si cuentan con un empleo que les permite pagar las facturas, la econom\u00eda marchar\u00e1 bien. Si adem\u00e1s pueden marcharse de vacaciones, permitirse peque\u00f1os lujos o ahorrar para cambiar de coche, la percepci\u00f3n ser\u00e1 a\u00fan mejor. El problema llega cuando la situaci\u00f3n laboral es inestable y apenas se cubren los gastos b\u00e1sicos, entonces la econom\u00eda ir\u00e1 mal.Desde la d\u00e9cada de los 80 del pasado siglo gran parte de la narrativa econ\u00f3mica afirm\u00f3 que la globalizaci\u00f3n ayudar\u00eda a impulsar la econom\u00eda y facilitar\u00eda la transici\u00f3n entre los altibajos econ\u00f3micos, ya que las corporaciones globales dispondr\u00edan de un mercado m\u00e1s amplio para ofrecer sus bienes y servicios; los consumidores se beneficiar\u00edan de una mayor variedad de productos importados en sus tiendas locales y, a medida que las empresas establecieran cadenas de valor globales, tambi\u00e9n se beneficiar\u00edan de precios m\u00e1s bajos en los productos. En definitiva, que el mundo ser\u00eda un lugar m\u00e1s rico del que todos se beneficiar\u00edan.El cumplimiento de estas promesas se encuentra en entredicho en la actualidad. Las firmas manufactureras en las econom\u00edas avanzadas pudieron crear cadenas de suministro globales y ahorrar en los costes salariales al utilizar trabajadores de diferentes partes del mundo. Y s\u00ed, esos productos retornaron al consumidor a un precio m\u00e1s bajo, pero a costa de la p\u00e9rdida de puestos de trabajo cuando las f\u00e1bricas se deslocalizaron. Cuando esta disminuci\u00f3n de oportunidades para los obreros menos cualificados aument\u00f3 la desigualdad y afect\u00f3 a la productividad, se se\u00f1al\u00f3 a la globalizaci\u00f3n.Pol\u00edtica internaEn lugar de culpar a la globalizaci\u00f3n por los males de la econom\u00eda, Mann afirma que la preocupaci\u00f3n deber\u00eda ser reinterpretada como una cuesti\u00f3n de pol\u00edtica interna. Alcanzar el pico en esta econom\u00eda global significa que el pastel ya no puede crecer m\u00e1s, por lo que dotar\u00e1 de menos recursos para abordar las desigualdades, independientemente de su causa. Desde esta perspectiva, el problema no es que exista demasiada globalizaci\u00f3n, sino muy poca. Para abordar los desaf\u00edos de ajuste y distribuci\u00f3n a los que se enfrenta la econom\u00eda, la autora aboga por revitalizar y desplegar pol\u00edticas nacionales para garantizar que los beneficios se compartan ampliamente.El crecimiento global retoma su empuje, pero por el camino se qued\u00f3 un 6% del PIB mundial. En el periodo de mayor extensi\u00f3n de la globalizaci\u00f3n, entre 1990 y 2007, se establecieron unas expectativas que se han visto defraudadas en la \u00faltima d\u00e9cada, tanto para los grupos de ingresos altos como para los bajos. El retroceso de la globalizaci\u00f3n es tanto una causa como un resultado de la p\u00e9rdida de producci\u00f3n y la divergencia en las perspectivas de crecimiento en t\u00e9rminos de PIB per c\u00e1pita.Desde Citi se\u00f1alan que la crisis financiera mundial expuso y exacerb\u00f3 los problemas macroecon\u00f3micos, sociales y geogr\u00e1ficos, pero insiste en que esta vuelta atr\u00e1s no los solucionar\u00e1. El crecimiento global ha recuperado la tendencia previa a la recesi\u00f3n. Sin embargo, la carga de la deuda ha aumentado, las desigualdades han empeorado y el crecimiento de la productividad no ha mejorado. Por lo tanto, aboga por impulsar la globalizaci\u00f3n y las pol\u00edticas internas de apoyo.<br \/>\n<br \/>\n<!--noindex--><br \/>\n<a href=\"https:\/\/www.expansion.com\/economia\/2019\/09\/14\/5d7d28ef468aeb1c548b469a.html\" rel=\"nofollow\">Source link <\/a><br \/>\n<!--\/noindex--><\/p>\n","protected":false},"excerpt":{"rendered":"<p>Citi pide impulsar las pol\u00edticas de apoyo nacionales. La crisis expuso y exacerb\u00f3 los problemas macroecon\u00f3micos, sociales y geogr\u00e1ficos.Diversos par\u00e1metros apuntan a que la globalizaci\u00f3n se encuentra pr\u00f3xima a las cotas m\u00e1ximas a las que puede aspirar, por lo que las preguntas se agolpan: \u00bfel n\u00famero ideal de productos for\u00e1neos en la cesta de la [&hellip;]<\/p>\n","protected":false},"author":2,"featured_media":4498,"comment_status":"open","ping_status":"open","sticky":false,"template":"","format":"standard","meta":{"footnotes":""},"categories":[1],"tags":[],"class_list":["post-4497","post","type-post","status-publish","format-standard","has-post-thumbnail","hentry","category-noticias-financieras"],"yoast_head":"<!-- This site is optimized with the Yoast SEO plugin v27.4 - https:\/\/yoast.com\/product\/yoast-seo-wordpress\/ -->\n<title>\u00bfHa alcanzado la globalizaci\u00f3n su cota m\u00e1xima? - Favorite News<\/title>\n<meta name=\"robots\" content=\"index, follow, max-snippet:-1, max-image-preview:large, max-video-preview:-1\" \/>\n<link rel=\"canonical\" href=\"https:\/\/favorite-news.com\/es\/ha-alcanzado-la-globalizacion-su-cota-maxima\/\" \/>\n<meta property=\"og:locale\" content=\"es_ES\" \/>\n<meta property=\"og:type\" content=\"article\" \/>\n<meta property=\"og:title\" content=\"\u00bfHa alcanzado la globalizaci\u00f3n su cota m\u00e1xima? - Favorite News\" \/>\n<meta property=\"og:description\" content=\"Citi pide impulsar las pol\u00edticas de apoyo nacionales. La crisis expuso y exacerb\u00f3 los problemas macroecon\u00f3micos, sociales y geogr\u00e1ficos.Diversos par\u00e1metros apuntan a que la globalizaci\u00f3n se encuentra pr\u00f3xima a las cotas m\u00e1ximas a las que puede aspirar, por lo que las preguntas se agolpan: \u00bfel n\u00famero ideal de productos for\u00e1neos en la cesta de la [&hellip;]\" \/>\n<meta property=\"og:url\" content=\"https:\/\/favorite-news.com\/es\/ha-alcanzado-la-globalizacion-su-cota-maxima\/\" \/>\n<meta property=\"og:site_name\" content=\"Favorite News\" \/>\n<meta property=\"article:published_time\" content=\"2019-09-14T22:09:57+00:00\" \/>\n<meta property=\"article:modified_time\" content=\"2019-09-14T22:09:58+00:00\" \/>\n<meta property=\"og:image\" content=\"https:\/\/favorite-news.com\/es\/wp-content\/uploads\/sites\/4\/2019\/09\/\u00bfHa-alcanzado-la-globalizaci\u00f3n-su-cota-m\u00e1xima.jpg\" \/>\n\t<meta property=\"og:image:width\" content=\"600\" \/>\n\t<meta property=\"og:image:height\" content=\"315\" \/>\n\t<meta property=\"og:image:type\" content=\"image\/jpeg\" \/>\n<meta name=\"author\" content=\"favorite-news\" \/>\n<meta name=\"twitter:card\" content=\"summary_large_image\" \/>\n<meta name=\"twitter:label1\" content=\"Escrito por\" \/>\n\t<meta name=\"twitter:data1\" content=\"favorite-news\" \/>\n\t<meta name=\"twitter:label2\" content=\"Tiempo de lectura\" \/>\n\t<meta name=\"twitter:data2\" content=\"4 minutos\" \/>\n<script type=\"application\/ld+json\" class=\"yoast-schema-graph\">{\"@context\":\"https:\\\/\\\/schema.org\",\"@graph\":[{\"@type\":\"Article\",\"@id\":\"https:\\\/\\\/favorite-news.com\\\/es\\\/ha-alcanzado-la-globalizacion-su-cota-maxima\\\/#article\",\"isPartOf\":{\"@id\":\"https:\\\/\\\/favorite-news.com\\\/es\\\/ha-alcanzado-la-globalizacion-su-cota-maxima\\\/\"},\"author\":{\"name\":\"favorite-news\",\"@id\":\"https:\\\/\\\/favorite-news.com\\\/es\\\/#\\\/schema\\\/person\\\/b91573b717dcfa5e4696032a9d28d3e8\"},\"headline\":\"\u00bfHa alcanzado la globalizaci\u00f3n su cota m\u00e1xima?\",\"datePublished\":\"2019-09-14T22:09:57+00:00\",\"dateModified\":\"2019-09-14T22:09:58+00:00\",\"mainEntityOfPage\":{\"@id\":\"https:\\\/\\\/favorite-news.com\\\/es\\\/ha-alcanzado-la-globalizacion-su-cota-maxima\\\/\"},\"wordCount\":792,\"commentCount\":0,\"image\":{\"@id\":\"https:\\\/\\\/favorite-news.com\\\/es\\\/ha-alcanzado-la-globalizacion-su-cota-maxima\\\/#primaryimage\"},\"thumbnailUrl\":\"https:\\\/\\\/favorite-news.com\\\/es\\\/wp-content\\\/uploads\\\/sites\\\/4\\\/2019\\\/09\\\/\u00bfHa-alcanzado-la-globalizaci\u00f3n-su-cota-m\u00e1xima.jpg\",\"articleSection\":[\"NOTICIAS FINANCIERAS\"],\"inLanguage\":\"es\",\"potentialAction\":[{\"@type\":\"CommentAction\",\"name\":\"Comment\",\"target\":[\"https:\\\/\\\/favorite-news.com\\\/es\\\/ha-alcanzado-la-globalizacion-su-cota-maxima\\\/#respond\"]}]},{\"@type\":\"WebPage\",\"@id\":\"https:\\\/\\\/favorite-news.com\\\/es\\\/ha-alcanzado-la-globalizacion-su-cota-maxima\\\/\",\"url\":\"https:\\\/\\\/favorite-news.com\\\/es\\\/ha-alcanzado-la-globalizacion-su-cota-maxima\\\/\",\"name\":\"\u00bfHa alcanzado la globalizaci\u00f3n su cota m\u00e1xima? - Favorite News\",\"isPartOf\":{\"@id\":\"https:\\\/\\\/favorite-news.com\\\/es\\\/#website\"},\"primaryImageOfPage\":{\"@id\":\"https:\\\/\\\/favorite-news.com\\\/es\\\/ha-alcanzado-la-globalizacion-su-cota-maxima\\\/#primaryimage\"},\"image\":{\"@id\":\"https:\\\/\\\/favorite-news.com\\\/es\\\/ha-alcanzado-la-globalizacion-su-cota-maxima\\\/#primaryimage\"},\"thumbnailUrl\":\"https:\\\/\\\/favorite-news.com\\\/es\\\/wp-content\\\/uploads\\\/sites\\\/4\\\/2019\\\/09\\\/\u00bfHa-alcanzado-la-globalizaci\u00f3n-su-cota-m\u00e1xima.jpg\",\"datePublished\":\"2019-09-14T22:09:57+00:00\",\"dateModified\":\"2019-09-14T22:09:58+00:00\",\"author\":{\"@id\":\"https:\\\/\\\/favorite-news.com\\\/es\\\/#\\\/schema\\\/person\\\/b91573b717dcfa5e4696032a9d28d3e8\"},\"breadcrumb\":{\"@id\":\"https:\\\/\\\/favorite-news.com\\\/es\\\/ha-alcanzado-la-globalizacion-su-cota-maxima\\\/#breadcrumb\"},\"inLanguage\":\"es\",\"potentialAction\":[{\"@type\":\"ReadAction\",\"target\":[\"https:\\\/\\\/favorite-news.com\\\/es\\\/ha-alcanzado-la-globalizacion-su-cota-maxima\\\/\"]}]},{\"@type\":\"ImageObject\",\"inLanguage\":\"es\",\"@id\":\"https:\\\/\\\/favorite-news.com\\\/es\\\/ha-alcanzado-la-globalizacion-su-cota-maxima\\\/#primaryimage\",\"url\":\"https:\\\/\\\/favorite-news.com\\\/es\\\/wp-content\\\/uploads\\\/sites\\\/4\\\/2019\\\/09\\\/\u00bfHa-alcanzado-la-globalizaci\u00f3n-su-cota-m\u00e1xima.jpg\",\"contentUrl\":\"https:\\\/\\\/favorite-news.com\\\/es\\\/wp-content\\\/uploads\\\/sites\\\/4\\\/2019\\\/09\\\/\u00bfHa-alcanzado-la-globalizaci\u00f3n-su-cota-m\u00e1xima.jpg\",\"width\":600,\"height\":315,\"caption\":\"\u00bfHa alcanzado la globalizaci\u00f3n su cota m\u00e1xima?\"},{\"@type\":\"BreadcrumbList\",\"@id\":\"https:\\\/\\\/favorite-news.com\\\/es\\\/ha-alcanzado-la-globalizacion-su-cota-maxima\\\/#breadcrumb\",\"itemListElement\":[{\"@type\":\"ListItem\",\"position\":1,\"name\":\"Home\",\"item\":\"https:\\\/\\\/favorite-news.com\\\/es\\\/\"},{\"@type\":\"ListItem\",\"position\":2,\"name\":\"\u00bfHa alcanzado la globalizaci\u00f3n su cota m\u00e1xima?\"}]},{\"@type\":\"WebSite\",\"@id\":\"https:\\\/\\\/favorite-news.com\\\/es\\\/#website\",\"url\":\"https:\\\/\\\/favorite-news.com\\\/es\\\/\",\"name\":\"Favorite News\",\"description\":\"Favorite News Espa\u00f1a\",\"potentialAction\":[{\"@type\":\"SearchAction\",\"target\":{\"@type\":\"EntryPoint\",\"urlTemplate\":\"https:\\\/\\\/favorite-news.com\\\/es\\\/?s={search_term_string}\"},\"query-input\":{\"@type\":\"PropertyValueSpecification\",\"valueRequired\":true,\"valueName\":\"search_term_string\"}}],\"inLanguage\":\"es\"},{\"@type\":\"Person\",\"@id\":\"https:\\\/\\\/favorite-news.com\\\/es\\\/#\\\/schema\\\/person\\\/b91573b717dcfa5e4696032a9d28d3e8\",\"name\":\"favorite-news\",\"image\":{\"@type\":\"ImageObject\",\"inLanguage\":\"es\",\"@id\":\"https:\\\/\\\/secure.gravatar.com\\\/avatar\\\/6c5a5cb12b74e9d517ee91cf570335b7d16177f1977cc91db161adfa435945a7?s=96&d=mm&r=g\",\"url\":\"https:\\\/\\\/secure.gravatar.com\\\/avatar\\\/6c5a5cb12b74e9d517ee91cf570335b7d16177f1977cc91db161adfa435945a7?s=96&d=mm&r=g\",\"contentUrl\":\"https:\\\/\\\/secure.gravatar.com\\\/avatar\\\/6c5a5cb12b74e9d517ee91cf570335b7d16177f1977cc91db161adfa435945a7?s=96&d=mm&r=g\",\"caption\":\"favorite-news\"},\"url\":\"https:\\\/\\\/favorite-news.com\\\/es\\\/author\\\/pt\\\/\"}]}<\/script>\n<!-- \/ Yoast SEO plugin. -->","yoast_head_json":{"title":"\u00bfHa alcanzado la globalizaci\u00f3n su cota m\u00e1xima? - Favorite News","robots":{"index":"index","follow":"follow","max-snippet":"max-snippet:-1","max-image-preview":"max-image-preview:large","max-video-preview":"max-video-preview:-1"},"canonical":"https:\/\/favorite-news.com\/es\/ha-alcanzado-la-globalizacion-su-cota-maxima\/","og_locale":"es_ES","og_type":"article","og_title":"\u00bfHa alcanzado la globalizaci\u00f3n su cota m\u00e1xima? - Favorite News","og_description":"Citi pide impulsar las pol\u00edticas de apoyo nacionales. La crisis expuso y exacerb\u00f3 los problemas macroecon\u00f3micos, sociales y geogr\u00e1ficos.Diversos par\u00e1metros apuntan a que la globalizaci\u00f3n se encuentra pr\u00f3xima a las cotas m\u00e1ximas a las que puede aspirar, por lo que las preguntas se agolpan: \u00bfel n\u00famero ideal de productos for\u00e1neos en la cesta de la [&hellip;]","og_url":"https:\/\/favorite-news.com\/es\/ha-alcanzado-la-globalizacion-su-cota-maxima\/","og_site_name":"Favorite News","article_published_time":"2019-09-14T22:09:57+00:00","article_modified_time":"2019-09-14T22:09:58+00:00","og_image":[{"width":600,"height":315,"url":"https:\/\/favorite-news.com\/es\/wp-content\/uploads\/sites\/4\/2019\/09\/\u00bfHa-alcanzado-la-globalizaci\u00f3n-su-cota-m\u00e1xima.jpg","type":"image\/jpeg"}],"author":"favorite-news","twitter_card":"summary_large_image","twitter_misc":{"Escrito por":"favorite-news","Tiempo de lectura":"4 minutos"},"schema":{"@context":"https:\/\/schema.org","@graph":[{"@type":"Article","@id":"https:\/\/favorite-news.com\/es\/ha-alcanzado-la-globalizacion-su-cota-maxima\/#article","isPartOf":{"@id":"https:\/\/favorite-news.com\/es\/ha-alcanzado-la-globalizacion-su-cota-maxima\/"},"author":{"name":"favorite-news","@id":"https:\/\/favorite-news.com\/es\/#\/schema\/person\/b91573b717dcfa5e4696032a9d28d3e8"},"headline":"\u00bfHa alcanzado la globalizaci\u00f3n su cota m\u00e1xima?","datePublished":"2019-09-14T22:09:57+00:00","dateModified":"2019-09-14T22:09:58+00:00","mainEntityOfPage":{"@id":"https:\/\/favorite-news.com\/es\/ha-alcanzado-la-globalizacion-su-cota-maxima\/"},"wordCount":792,"commentCount":0,"image":{"@id":"https:\/\/favorite-news.com\/es\/ha-alcanzado-la-globalizacion-su-cota-maxima\/#primaryimage"},"thumbnailUrl":"https:\/\/favorite-news.com\/es\/wp-content\/uploads\/sites\/4\/2019\/09\/\u00bfHa-alcanzado-la-globalizaci\u00f3n-su-cota-m\u00e1xima.jpg","articleSection":["NOTICIAS FINANCIERAS"],"inLanguage":"es","potentialAction":[{"@type":"CommentAction","name":"Comment","target":["https:\/\/favorite-news.com\/es\/ha-alcanzado-la-globalizacion-su-cota-maxima\/#respond"]}]},{"@type":"WebPage","@id":"https:\/\/favorite-news.com\/es\/ha-alcanzado-la-globalizacion-su-cota-maxima\/","url":"https:\/\/favorite-news.com\/es\/ha-alcanzado-la-globalizacion-su-cota-maxima\/","name":"\u00bfHa alcanzado la globalizaci\u00f3n su cota m\u00e1xima? - Favorite News","isPartOf":{"@id":"https:\/\/favorite-news.com\/es\/#website"},"primaryImageOfPage":{"@id":"https:\/\/favorite-news.com\/es\/ha-alcanzado-la-globalizacion-su-cota-maxima\/#primaryimage"},"image":{"@id":"https:\/\/favorite-news.com\/es\/ha-alcanzado-la-globalizacion-su-cota-maxima\/#primaryimage"},"thumbnailUrl":"https:\/\/favorite-news.com\/es\/wp-content\/uploads\/sites\/4\/2019\/09\/\u00bfHa-alcanzado-la-globalizaci\u00f3n-su-cota-m\u00e1xima.jpg","datePublished":"2019-09-14T22:09:57+00:00","dateModified":"2019-09-14T22:09:58+00:00","author":{"@id":"https:\/\/favorite-news.com\/es\/#\/schema\/person\/b91573b717dcfa5e4696032a9d28d3e8"},"breadcrumb":{"@id":"https:\/\/favorite-news.com\/es\/ha-alcanzado-la-globalizacion-su-cota-maxima\/#breadcrumb"},"inLanguage":"es","potentialAction":[{"@type":"ReadAction","target":["https:\/\/favorite-news.com\/es\/ha-alcanzado-la-globalizacion-su-cota-maxima\/"]}]},{"@type":"ImageObject","inLanguage":"es","@id":"https:\/\/favorite-news.com\/es\/ha-alcanzado-la-globalizacion-su-cota-maxima\/#primaryimage","url":"https:\/\/favorite-news.com\/es\/wp-content\/uploads\/sites\/4\/2019\/09\/\u00bfHa-alcanzado-la-globalizaci\u00f3n-su-cota-m\u00e1xima.jpg","contentUrl":"https:\/\/favorite-news.com\/es\/wp-content\/uploads\/sites\/4\/2019\/09\/\u00bfHa-alcanzado-la-globalizaci\u00f3n-su-cota-m\u00e1xima.jpg","width":600,"height":315,"caption":"\u00bfHa alcanzado la globalizaci\u00f3n su cota m\u00e1xima?"},{"@type":"BreadcrumbList","@id":"https:\/\/favorite-news.com\/es\/ha-alcanzado-la-globalizacion-su-cota-maxima\/#breadcrumb","itemListElement":[{"@type":"ListItem","position":1,"name":"Home","item":"https:\/\/favorite-news.com\/es\/"},{"@type":"ListItem","position":2,"name":"\u00bfHa alcanzado la globalizaci\u00f3n su cota m\u00e1xima?"}]},{"@type":"WebSite","@id":"https:\/\/favorite-news.com\/es\/#website","url":"https:\/\/favorite-news.com\/es\/","name":"Favorite News","description":"Favorite News Espa\u00f1a","potentialAction":[{"@type":"SearchAction","target":{"@type":"EntryPoint","urlTemplate":"https:\/\/favorite-news.com\/es\/?s={search_term_string}"},"query-input":{"@type":"PropertyValueSpecification","valueRequired":true,"valueName":"search_term_string"}}],"inLanguage":"es"},{"@type":"Person","@id":"https:\/\/favorite-news.com\/es\/#\/schema\/person\/b91573b717dcfa5e4696032a9d28d3e8","name":"favorite-news","image":{"@type":"ImageObject","inLanguage":"es","@id":"https:\/\/secure.gravatar.com\/avatar\/6c5a5cb12b74e9d517ee91cf570335b7d16177f1977cc91db161adfa435945a7?s=96&d=mm&r=g","url":"https:\/\/secure.gravatar.com\/avatar\/6c5a5cb12b74e9d517ee91cf570335b7d16177f1977cc91db161adfa435945a7?s=96&d=mm&r=g","contentUrl":"https:\/\/secure.gravatar.com\/avatar\/6c5a5cb12b74e9d517ee91cf570335b7d16177f1977cc91db161adfa435945a7?s=96&d=mm&r=g","caption":"favorite-news"},"url":"https:\/\/favorite-news.com\/es\/author\/pt\/"}]}},"_links":{"self":[{"href":"https:\/\/favorite-news.com\/es\/wp-json\/wp\/v2\/posts\/4497","targetHints":{"allow":["GET"]}}],"collection":[{"href":"https:\/\/favorite-news.com\/es\/wp-json\/wp\/v2\/posts"}],"about":[{"href":"https:\/\/favorite-news.com\/es\/wp-json\/wp\/v2\/types\/post"}],"author":[{"embeddable":true,"href":"https:\/\/favorite-news.com\/es\/wp-json\/wp\/v2\/users\/2"}],"replies":[{"embeddable":true,"href":"https:\/\/favorite-news.com\/es\/wp-json\/wp\/v2\/comments?post=4497"}],"version-history":[{"count":1,"href":"https:\/\/favorite-news.com\/es\/wp-json\/wp\/v2\/posts\/4497\/revisions"}],"predecessor-version":[{"id":4499,"href":"https:\/\/favorite-news.com\/es\/wp-json\/wp\/v2\/posts\/4497\/revisions\/4499"}],"wp:featuredmedia":[{"embeddable":true,"href":"https:\/\/favorite-news.com\/es\/wp-json\/wp\/v2\/media\/4498"}],"wp:attachment":[{"href":"https:\/\/favorite-news.com\/es\/wp-json\/wp\/v2\/media?parent=4497"}],"wp:term":[{"taxonomy":"category","embeddable":true,"href":"https:\/\/favorite-news.com\/es\/wp-json\/wp\/v2\/categories?post=4497"},{"taxonomy":"post_tag","embeddable":true,"href":"https:\/\/favorite-news.com\/es\/wp-json\/wp\/v2\/tags?post=4497"}],"curies":[{"name":"wp","href":"https:\/\/api.w.org\/{rel}","templated":true}]}}