{"id":4476,"date":"2019-09-13T19:02:45","date_gmt":"2019-09-13T16:02:45","guid":{"rendered":"https:\/\/favorite-news.com\/es\/bruselas-se-alinea-con-draghi-y-pide-a-alemania-que-eleve-el-gasto-publico\/"},"modified":"2019-09-13T19:02:46","modified_gmt":"2019-09-13T16:02:46","slug":"bruselas-se-alinea-con-draghi-y-pide-a-alemania-que-eleve-el-gasto-publico","status":"publish","type":"post","link":"https:\/\/favorite-news.com\/es\/bruselas-se-alinea-con-draghi-y-pide-a-alemania-que-eleve-el-gasto-publico\/","title":{"rendered":"Bruselas se alinea con Draghi y pide a Alemania que eleve el gasto p\u00fablico"},"content":{"rendered":"<p>La Comisi\u00f3n Europea se ha alineado con el mensaje lanzado por el presidente del Banco Central Europeo (BCE), Mario Draghi, despu\u00e9s de anunciar este jueves m\u00e1s est\u00edmulos econ\u00f3micos y ha reclamado a aquellos pa\u00edses de la eurozona con espacio fiscal, como Alemania o Pa\u00edses Bajos, que eleven el gasto p\u00fablico para impulsar el crecimiento econ\u00f3mico de la eurozona.En una rueda de prensa en Helsinki (Finlandia) despu\u00e9s de la reuni\u00f3n de ministros de Finanzas de la zona euro (Eurogrupo), el vicepresidente para el Euro y el Di\u00e1logo Social, Valdis Dombrovskis, ha a\u00f1adido tambi\u00e9n que el resto de socios de la moneda \u00fanica que no dispongan de espacio fiscal deben centrarse en mejorar sus finanzas p\u00fablicas y adoptar reformas estructurales.  \u00abLa principal conclusi\u00f3n es que la pol\u00edtica monetaria no puede conseguirlo sola e invitamos a los pa\u00edses que tienen espacio fiscal a estimular la econom\u00eda. Y pedimos a todos los pa\u00edses que aceleren en sus esfuerzos en reformas estructurales\u00bb, ha dicho Dombrovskis.  El let\u00f3n ha dicho estas palabras un d\u00eda despu\u00e9s de que Mario Draghi anunciara un nuevo paquete de medidas por parte del BCE para estimular la econom\u00eda en plena desaceleraci\u00f3n y una revisi\u00f3n a la baja de las precisiones de crecimiento del PIB e inflaci\u00f3n para los pr\u00f3ximos dos a\u00f1os.  El miembro del Consejo Ejecutivo del BCE, Beno\u00eft Coeur\u00e9, ha explicado que para aprovechar \u00abtodos los beneficios\u00bb de la pol\u00edtica monetaria es \u00abnecesaria\u00bb la contribuci\u00f3n de otras pol\u00edticas como la fiscal. \u00abLos gobiernos con espacio fiscal deben actuar de una manera eficiente y a tiempo\u00bb, ha asegurado, apuntalando el mensaje lanzado un d\u00eda antes por el instituto emisor.  El presidente del Eurogrupo, M\u00e1rio Centeno, ha explicado que el debate entre los ministros sobre esta cuesti\u00f3n ha sido bastante \u00abrico\u00bb, aunque se ha unido a esta petici\u00f3n en calidad personal.  \u00abMi mensaje es bastante claro. Los pa\u00edses con espacio fiscal lo deber\u00edan utilizar para combatir la desaceleraci\u00f3n de la econom\u00eda. Debe hacerse no por solidaridad, sino en primer lugar por su propio inter\u00e9s\u00bb, ha afirmado el portugu\u00e9s, para despu\u00e9s a\u00f1adir que a esto deben a\u00f1adirse \u00abun buen acuerdo\u00bb sobre la reforma de la moneda \u00fanica.  El Eurogrupo, sin embargo, se mantiene dividido sobre esta cuesti\u00f3n. El franc\u00e9s Bruno Le Maire, por ejemplo, se ha pronunciado a su llegada a favor de la Comisi\u00f3n Europea y el BCE y ha instado a pa\u00edses con super\u00e1vit fiscal a elevar sus inversiones.  Sin embargo, la socialdem\u00f3crata sueca Magdalena Andersson, preguntada directamente por si Berl\u00edn debe gastar m\u00e1s, ha contestado que las capitales que lo piden \u00abdeber\u00edan haber dedicado m\u00e1s tiempo en los \u00faltimos a\u00f1os a saldar su deuda p\u00fablica\u00bb. \u00abA menudo hay mucha presi\u00f3n sobre Alemania\u00bb, ha apostillado.  El titular de Finanzas alem\u00e1n, Martin Scholz, ha preferido no pronunciarse sobre los mensajes lanzados ayer por el BCE apelando a la independencia de la autoridad presidida todav\u00eda por Mario Draghi.<br \/>\n<br \/>\n<!--noindex--><br \/>\n<a href=\"https:\/\/www.expansion.com\/economia\/2019\/09\/13\/5d7b7ee0468aeb807d8b4597.html\" rel=\"nofollow\">Source link <\/a><br \/>\n<!--\/noindex--><\/p>\n","protected":false},"excerpt":{"rendered":"<p>La Comisi\u00f3n Europea se ha alineado con el mensaje lanzado por el presidente del Banco Central Europeo (BCE), Mario Draghi, despu\u00e9s de anunciar este jueves m\u00e1s est\u00edmulos econ\u00f3micos y ha reclamado a aquellos pa\u00edses de la eurozona con espacio fiscal, como Alemania o Pa\u00edses Bajos, que eleven el gasto p\u00fablico para impulsar el crecimiento econ\u00f3mico [&hellip;]<\/p>\n","protected":false},"author":2,"featured_media":4477,"comment_status":"open","ping_status":"open","sticky":false,"template":"","format":"standard","meta":{"footnotes":""},"categories":[1],"tags":[],"class_list":["post-4476","post","type-post","status-publish","format-standard","has-post-thumbnail","hentry","category-noticias-financieras"],"yoast_head":"<!-- This site is optimized with the Yoast SEO plugin v27.4 - https:\/\/yoast.com\/product\/yoast-seo-wordpress\/ -->\n<title>Bruselas se alinea con Draghi y pide a Alemania que eleve el gasto p\u00fablico - Favorite News<\/title>\n<meta name=\"robots\" content=\"index, follow, max-snippet:-1, max-image-preview:large, max-video-preview:-1\" \/>\n<link rel=\"canonical\" href=\"https:\/\/favorite-news.com\/es\/bruselas-se-alinea-con-draghi-y-pide-a-alemania-que-eleve-el-gasto-publico\/\" \/>\n<meta property=\"og:locale\" content=\"es_ES\" \/>\n<meta property=\"og:type\" content=\"article\" \/>\n<meta property=\"og:title\" content=\"Bruselas se alinea con Draghi y pide a Alemania que eleve el gasto p\u00fablico - Favorite News\" \/>\n<meta property=\"og:description\" content=\"La Comisi\u00f3n Europea se ha alineado con el mensaje lanzado por el presidente del Banco Central Europeo (BCE), Mario Draghi, despu\u00e9s de anunciar este jueves m\u00e1s est\u00edmulos econ\u00f3micos y ha reclamado a aquellos pa\u00edses de la eurozona con espacio fiscal, como Alemania o Pa\u00edses Bajos, que eleven el gasto p\u00fablico para impulsar el crecimiento econ\u00f3mico [&hellip;]\" \/>\n<meta property=\"og:url\" content=\"https:\/\/favorite-news.com\/es\/bruselas-se-alinea-con-draghi-y-pide-a-alemania-que-eleve-el-gasto-publico\/\" \/>\n<meta property=\"og:site_name\" content=\"Favorite News\" \/>\n<meta property=\"article:published_time\" content=\"2019-09-13T16:02:45+00:00\" \/>\n<meta property=\"article:modified_time\" content=\"2019-09-13T16:02:46+00:00\" \/>\n<meta property=\"og:image\" content=\"https:\/\/favorite-news.com\/es\/wp-content\/uploads\/sites\/4\/2019\/09\/Bruselas-se-alinea-con-Draghi-y-pide-a-Alemania-que.jpg\" \/>\n\t<meta property=\"og:image:width\" content=\"600\" \/>\n\t<meta property=\"og:image:height\" content=\"315\" \/>\n\t<meta property=\"og:image:type\" content=\"image\/jpeg\" \/>\n<meta name=\"author\" content=\"favorite-news\" \/>\n<meta name=\"twitter:card\" content=\"summary_large_image\" \/>\n<meta name=\"twitter:label1\" content=\"Escrito por\" \/>\n\t<meta name=\"twitter:data1\" content=\"favorite-news\" \/>\n\t<meta name=\"twitter:label2\" content=\"Tiempo de lectura\" \/>\n\t<meta name=\"twitter:data2\" content=\"3 minutos\" \/>\n<script type=\"application\/ld+json\" class=\"yoast-schema-graph\">{\"@context\":\"https:\\\/\\\/schema.org\",\"@graph\":[{\"@type\":\"Article\",\"@id\":\"https:\\\/\\\/favorite-news.com\\\/es\\\/bruselas-se-alinea-con-draghi-y-pide-a-alemania-que-eleve-el-gasto-publico\\\/#article\",\"isPartOf\":{\"@id\":\"https:\\\/\\\/favorite-news.com\\\/es\\\/bruselas-se-alinea-con-draghi-y-pide-a-alemania-que-eleve-el-gasto-publico\\\/\"},\"author\":{\"name\":\"favorite-news\",\"@id\":\"https:\\\/\\\/favorite-news.com\\\/es\\\/#\\\/schema\\\/person\\\/b91573b717dcfa5e4696032a9d28d3e8\"},\"headline\":\"Bruselas se alinea con Draghi y pide a Alemania que eleve el gasto p\u00fablico\",\"datePublished\":\"2019-09-13T16:02:45+00:00\",\"dateModified\":\"2019-09-13T16:02:46+00:00\",\"mainEntityOfPage\":{\"@id\":\"https:\\\/\\\/favorite-news.com\\\/es\\\/bruselas-se-alinea-con-draghi-y-pide-a-alemania-que-eleve-el-gasto-publico\\\/\"},\"wordCount\":554,\"commentCount\":0,\"image\":{\"@id\":\"https:\\\/\\\/favorite-news.com\\\/es\\\/bruselas-se-alinea-con-draghi-y-pide-a-alemania-que-eleve-el-gasto-publico\\\/#primaryimage\"},\"thumbnailUrl\":\"https:\\\/\\\/favorite-news.com\\\/es\\\/wp-content\\\/uploads\\\/sites\\\/4\\\/2019\\\/09\\\/Bruselas-se-alinea-con-Draghi-y-pide-a-Alemania-que.jpg\",\"articleSection\":[\"NOTICIAS FINANCIERAS\"],\"inLanguage\":\"es\",\"potentialAction\":[{\"@type\":\"CommentAction\",\"name\":\"Comment\",\"target\":[\"https:\\\/\\\/favorite-news.com\\\/es\\\/bruselas-se-alinea-con-draghi-y-pide-a-alemania-que-eleve-el-gasto-publico\\\/#respond\"]}]},{\"@type\":\"WebPage\",\"@id\":\"https:\\\/\\\/favorite-news.com\\\/es\\\/bruselas-se-alinea-con-draghi-y-pide-a-alemania-que-eleve-el-gasto-publico\\\/\",\"url\":\"https:\\\/\\\/favorite-news.com\\\/es\\\/bruselas-se-alinea-con-draghi-y-pide-a-alemania-que-eleve-el-gasto-publico\\\/\",\"name\":\"Bruselas se alinea con Draghi y pide a Alemania que eleve el gasto p\u00fablico - Favorite News\",\"isPartOf\":{\"@id\":\"https:\\\/\\\/favorite-news.com\\\/es\\\/#website\"},\"primaryImageOfPage\":{\"@id\":\"https:\\\/\\\/favorite-news.com\\\/es\\\/bruselas-se-alinea-con-draghi-y-pide-a-alemania-que-eleve-el-gasto-publico\\\/#primaryimage\"},\"image\":{\"@id\":\"https:\\\/\\\/favorite-news.com\\\/es\\\/bruselas-se-alinea-con-draghi-y-pide-a-alemania-que-eleve-el-gasto-publico\\\/#primaryimage\"},\"thumbnailUrl\":\"https:\\\/\\\/favorite-news.com\\\/es\\\/wp-content\\\/uploads\\\/sites\\\/4\\\/2019\\\/09\\\/Bruselas-se-alinea-con-Draghi-y-pide-a-Alemania-que.jpg\",\"datePublished\":\"2019-09-13T16:02:45+00:00\",\"dateModified\":\"2019-09-13T16:02:46+00:00\",\"author\":{\"@id\":\"https:\\\/\\\/favorite-news.com\\\/es\\\/#\\\/schema\\\/person\\\/b91573b717dcfa5e4696032a9d28d3e8\"},\"breadcrumb\":{\"@id\":\"https:\\\/\\\/favorite-news.com\\\/es\\\/bruselas-se-alinea-con-draghi-y-pide-a-alemania-que-eleve-el-gasto-publico\\\/#breadcrumb\"},\"inLanguage\":\"es\",\"potentialAction\":[{\"@type\":\"ReadAction\",\"target\":[\"https:\\\/\\\/favorite-news.com\\\/es\\\/bruselas-se-alinea-con-draghi-y-pide-a-alemania-que-eleve-el-gasto-publico\\\/\"]}]},{\"@type\":\"ImageObject\",\"inLanguage\":\"es\",\"@id\":\"https:\\\/\\\/favorite-news.com\\\/es\\\/bruselas-se-alinea-con-draghi-y-pide-a-alemania-que-eleve-el-gasto-publico\\\/#primaryimage\",\"url\":\"https:\\\/\\\/favorite-news.com\\\/es\\\/wp-content\\\/uploads\\\/sites\\\/4\\\/2019\\\/09\\\/Bruselas-se-alinea-con-Draghi-y-pide-a-Alemania-que.jpg\",\"contentUrl\":\"https:\\\/\\\/favorite-news.com\\\/es\\\/wp-content\\\/uploads\\\/sites\\\/4\\\/2019\\\/09\\\/Bruselas-se-alinea-con-Draghi-y-pide-a-Alemania-que.jpg\",\"width\":600,\"height\":315,\"caption\":\"Bruselas se alinea con Draghi y pide a Alemania que eleve el gasto p\u00fablico\"},{\"@type\":\"BreadcrumbList\",\"@id\":\"https:\\\/\\\/favorite-news.com\\\/es\\\/bruselas-se-alinea-con-draghi-y-pide-a-alemania-que-eleve-el-gasto-publico\\\/#breadcrumb\",\"itemListElement\":[{\"@type\":\"ListItem\",\"position\":1,\"name\":\"Home\",\"item\":\"https:\\\/\\\/favorite-news.com\\\/es\\\/\"},{\"@type\":\"ListItem\",\"position\":2,\"name\":\"Bruselas se alinea con Draghi y pide a Alemania que eleve el gasto p\u00fablico\"}]},{\"@type\":\"WebSite\",\"@id\":\"https:\\\/\\\/favorite-news.com\\\/es\\\/#website\",\"url\":\"https:\\\/\\\/favorite-news.com\\\/es\\\/\",\"name\":\"Favorite News\",\"description\":\"Favorite News Espa\u00f1a\",\"potentialAction\":[{\"@type\":\"SearchAction\",\"target\":{\"@type\":\"EntryPoint\",\"urlTemplate\":\"https:\\\/\\\/favorite-news.com\\\/es\\\/?s={search_term_string}\"},\"query-input\":{\"@type\":\"PropertyValueSpecification\",\"valueRequired\":true,\"valueName\":\"search_term_string\"}}],\"inLanguage\":\"es\"},{\"@type\":\"Person\",\"@id\":\"https:\\\/\\\/favorite-news.com\\\/es\\\/#\\\/schema\\\/person\\\/b91573b717dcfa5e4696032a9d28d3e8\",\"name\":\"favorite-news\",\"image\":{\"@type\":\"ImageObject\",\"inLanguage\":\"es\",\"@id\":\"https:\\\/\\\/secure.gravatar.com\\\/avatar\\\/6c5a5cb12b74e9d517ee91cf570335b7d16177f1977cc91db161adfa435945a7?s=96&d=mm&r=g\",\"url\":\"https:\\\/\\\/secure.gravatar.com\\\/avatar\\\/6c5a5cb12b74e9d517ee91cf570335b7d16177f1977cc91db161adfa435945a7?s=96&d=mm&r=g\",\"contentUrl\":\"https:\\\/\\\/secure.gravatar.com\\\/avatar\\\/6c5a5cb12b74e9d517ee91cf570335b7d16177f1977cc91db161adfa435945a7?s=96&d=mm&r=g\",\"caption\":\"favorite-news\"},\"url\":\"https:\\\/\\\/favorite-news.com\\\/es\\\/author\\\/pt\\\/\"}]}<\/script>\n<!-- \/ Yoast SEO plugin. -->","yoast_head_json":{"title":"Bruselas se alinea con Draghi y pide a Alemania que eleve el gasto p\u00fablico - Favorite News","robots":{"index":"index","follow":"follow","max-snippet":"max-snippet:-1","max-image-preview":"max-image-preview:large","max-video-preview":"max-video-preview:-1"},"canonical":"https:\/\/favorite-news.com\/es\/bruselas-se-alinea-con-draghi-y-pide-a-alemania-que-eleve-el-gasto-publico\/","og_locale":"es_ES","og_type":"article","og_title":"Bruselas se alinea con Draghi y pide a Alemania que eleve el gasto p\u00fablico - Favorite News","og_description":"La Comisi\u00f3n Europea se ha alineado con el mensaje lanzado por el presidente del Banco Central Europeo (BCE), Mario Draghi, despu\u00e9s de anunciar este jueves m\u00e1s est\u00edmulos econ\u00f3micos y ha reclamado a aquellos pa\u00edses de la eurozona con espacio fiscal, como Alemania o Pa\u00edses Bajos, que eleven el gasto p\u00fablico para impulsar el crecimiento econ\u00f3mico [&hellip;]","og_url":"https:\/\/favorite-news.com\/es\/bruselas-se-alinea-con-draghi-y-pide-a-alemania-que-eleve-el-gasto-publico\/","og_site_name":"Favorite News","article_published_time":"2019-09-13T16:02:45+00:00","article_modified_time":"2019-09-13T16:02:46+00:00","og_image":[{"width":600,"height":315,"url":"https:\/\/favorite-news.com\/es\/wp-content\/uploads\/sites\/4\/2019\/09\/Bruselas-se-alinea-con-Draghi-y-pide-a-Alemania-que.jpg","type":"image\/jpeg"}],"author":"favorite-news","twitter_card":"summary_large_image","twitter_misc":{"Escrito por":"favorite-news","Tiempo de lectura":"3 minutos"},"schema":{"@context":"https:\/\/schema.org","@graph":[{"@type":"Article","@id":"https:\/\/favorite-news.com\/es\/bruselas-se-alinea-con-draghi-y-pide-a-alemania-que-eleve-el-gasto-publico\/#article","isPartOf":{"@id":"https:\/\/favorite-news.com\/es\/bruselas-se-alinea-con-draghi-y-pide-a-alemania-que-eleve-el-gasto-publico\/"},"author":{"name":"favorite-news","@id":"https:\/\/favorite-news.com\/es\/#\/schema\/person\/b91573b717dcfa5e4696032a9d28d3e8"},"headline":"Bruselas se alinea con Draghi y pide a Alemania que eleve el gasto p\u00fablico","datePublished":"2019-09-13T16:02:45+00:00","dateModified":"2019-09-13T16:02:46+00:00","mainEntityOfPage":{"@id":"https:\/\/favorite-news.com\/es\/bruselas-se-alinea-con-draghi-y-pide-a-alemania-que-eleve-el-gasto-publico\/"},"wordCount":554,"commentCount":0,"image":{"@id":"https:\/\/favorite-news.com\/es\/bruselas-se-alinea-con-draghi-y-pide-a-alemania-que-eleve-el-gasto-publico\/#primaryimage"},"thumbnailUrl":"https:\/\/favorite-news.com\/es\/wp-content\/uploads\/sites\/4\/2019\/09\/Bruselas-se-alinea-con-Draghi-y-pide-a-Alemania-que.jpg","articleSection":["NOTICIAS FINANCIERAS"],"inLanguage":"es","potentialAction":[{"@type":"CommentAction","name":"Comment","target":["https:\/\/favorite-news.com\/es\/bruselas-se-alinea-con-draghi-y-pide-a-alemania-que-eleve-el-gasto-publico\/#respond"]}]},{"@type":"WebPage","@id":"https:\/\/favorite-news.com\/es\/bruselas-se-alinea-con-draghi-y-pide-a-alemania-que-eleve-el-gasto-publico\/","url":"https:\/\/favorite-news.com\/es\/bruselas-se-alinea-con-draghi-y-pide-a-alemania-que-eleve-el-gasto-publico\/","name":"Bruselas se alinea con Draghi y pide a Alemania que eleve el gasto p\u00fablico - Favorite News","isPartOf":{"@id":"https:\/\/favorite-news.com\/es\/#website"},"primaryImageOfPage":{"@id":"https:\/\/favorite-news.com\/es\/bruselas-se-alinea-con-draghi-y-pide-a-alemania-que-eleve-el-gasto-publico\/#primaryimage"},"image":{"@id":"https:\/\/favorite-news.com\/es\/bruselas-se-alinea-con-draghi-y-pide-a-alemania-que-eleve-el-gasto-publico\/#primaryimage"},"thumbnailUrl":"https:\/\/favorite-news.com\/es\/wp-content\/uploads\/sites\/4\/2019\/09\/Bruselas-se-alinea-con-Draghi-y-pide-a-Alemania-que.jpg","datePublished":"2019-09-13T16:02:45+00:00","dateModified":"2019-09-13T16:02:46+00:00","author":{"@id":"https:\/\/favorite-news.com\/es\/#\/schema\/person\/b91573b717dcfa5e4696032a9d28d3e8"},"breadcrumb":{"@id":"https:\/\/favorite-news.com\/es\/bruselas-se-alinea-con-draghi-y-pide-a-alemania-que-eleve-el-gasto-publico\/#breadcrumb"},"inLanguage":"es","potentialAction":[{"@type":"ReadAction","target":["https:\/\/favorite-news.com\/es\/bruselas-se-alinea-con-draghi-y-pide-a-alemania-que-eleve-el-gasto-publico\/"]}]},{"@type":"ImageObject","inLanguage":"es","@id":"https:\/\/favorite-news.com\/es\/bruselas-se-alinea-con-draghi-y-pide-a-alemania-que-eleve-el-gasto-publico\/#primaryimage","url":"https:\/\/favorite-news.com\/es\/wp-content\/uploads\/sites\/4\/2019\/09\/Bruselas-se-alinea-con-Draghi-y-pide-a-Alemania-que.jpg","contentUrl":"https:\/\/favorite-news.com\/es\/wp-content\/uploads\/sites\/4\/2019\/09\/Bruselas-se-alinea-con-Draghi-y-pide-a-Alemania-que.jpg","width":600,"height":315,"caption":"Bruselas se alinea con Draghi y pide a Alemania que eleve el gasto p\u00fablico"},{"@type":"BreadcrumbList","@id":"https:\/\/favorite-news.com\/es\/bruselas-se-alinea-con-draghi-y-pide-a-alemania-que-eleve-el-gasto-publico\/#breadcrumb","itemListElement":[{"@type":"ListItem","position":1,"name":"Home","item":"https:\/\/favorite-news.com\/es\/"},{"@type":"ListItem","position":2,"name":"Bruselas se alinea con Draghi y pide a Alemania que eleve el gasto p\u00fablico"}]},{"@type":"WebSite","@id":"https:\/\/favorite-news.com\/es\/#website","url":"https:\/\/favorite-news.com\/es\/","name":"Favorite News","description":"Favorite News Espa\u00f1a","potentialAction":[{"@type":"SearchAction","target":{"@type":"EntryPoint","urlTemplate":"https:\/\/favorite-news.com\/es\/?s={search_term_string}"},"query-input":{"@type":"PropertyValueSpecification","valueRequired":true,"valueName":"search_term_string"}}],"inLanguage":"es"},{"@type":"Person","@id":"https:\/\/favorite-news.com\/es\/#\/schema\/person\/b91573b717dcfa5e4696032a9d28d3e8","name":"favorite-news","image":{"@type":"ImageObject","inLanguage":"es","@id":"https:\/\/secure.gravatar.com\/avatar\/6c5a5cb12b74e9d517ee91cf570335b7d16177f1977cc91db161adfa435945a7?s=96&d=mm&r=g","url":"https:\/\/secure.gravatar.com\/avatar\/6c5a5cb12b74e9d517ee91cf570335b7d16177f1977cc91db161adfa435945a7?s=96&d=mm&r=g","contentUrl":"https:\/\/secure.gravatar.com\/avatar\/6c5a5cb12b74e9d517ee91cf570335b7d16177f1977cc91db161adfa435945a7?s=96&d=mm&r=g","caption":"favorite-news"},"url":"https:\/\/favorite-news.com\/es\/author\/pt\/"}]}},"_links":{"self":[{"href":"https:\/\/favorite-news.com\/es\/wp-json\/wp\/v2\/posts\/4476","targetHints":{"allow":["GET"]}}],"collection":[{"href":"https:\/\/favorite-news.com\/es\/wp-json\/wp\/v2\/posts"}],"about":[{"href":"https:\/\/favorite-news.com\/es\/wp-json\/wp\/v2\/types\/post"}],"author":[{"embeddable":true,"href":"https:\/\/favorite-news.com\/es\/wp-json\/wp\/v2\/users\/2"}],"replies":[{"embeddable":true,"href":"https:\/\/favorite-news.com\/es\/wp-json\/wp\/v2\/comments?post=4476"}],"version-history":[{"count":1,"href":"https:\/\/favorite-news.com\/es\/wp-json\/wp\/v2\/posts\/4476\/revisions"}],"predecessor-version":[{"id":4478,"href":"https:\/\/favorite-news.com\/es\/wp-json\/wp\/v2\/posts\/4476\/revisions\/4478"}],"wp:featuredmedia":[{"embeddable":true,"href":"https:\/\/favorite-news.com\/es\/wp-json\/wp\/v2\/media\/4477"}],"wp:attachment":[{"href":"https:\/\/favorite-news.com\/es\/wp-json\/wp\/v2\/media?parent=4476"}],"wp:term":[{"taxonomy":"category","embeddable":true,"href":"https:\/\/favorite-news.com\/es\/wp-json\/wp\/v2\/categories?post=4476"},{"taxonomy":"post_tag","embeddable":true,"href":"https:\/\/favorite-news.com\/es\/wp-json\/wp\/v2\/tags?post=4476"}],"curies":[{"name":"wp","href":"https:\/\/api.w.org\/{rel}","templated":true}]}}