{"id":4279,"date":"2019-09-11T03:29:18","date_gmt":"2019-09-11T00:29:18","guid":{"rendered":"https:\/\/favorite-news.com\/es\/abalos-asegura-que-hoy-convocaran-una-nueva-reunion-con-podemos-pese-a-su-mala-fe\/"},"modified":"2019-09-11T03:29:19","modified_gmt":"2019-09-11T00:29:19","slug":"abalos-asegura-que-hoy-convocaran-una-nueva-reunion-con-podemos-pese-a-su-mala-fe","status":"publish","type":"post","link":"https:\/\/favorite-news.com\/es\/abalos-asegura-que-hoy-convocaran-una-nueva-reunion-con-podemos-pese-a-su-mala-fe\/","title":{"rendered":"\u00c1balos asegura que hoy convocar\u00e1n una nueva reuni\u00f3n con Podemos pese a su \u00abmala fe\u00bb"},"content":{"rendered":"<p>El ministro de Fomento y secretario de organizaci\u00f3n del PSOE, Jos\u00e9 Luis \u00c1balos, asegur\u00f3 que su partido tiene previsto llamar a Unidas Podemos para \u00abemplazarnos a una nueva reuni\u00f3n\u00bb.Jos\u00e9 Luis \u00c1balos asegur\u00f3 que hoy mismo el partido socialista tiene previsto ponerse en contacto hoy mismo con Unidas Podemos para poner fecha a un nuevo encuentro con el que tratar de llegar a un acuerdo que garantice la formaci\u00f3n de un Gobierno estable. Sin embargo, el socialista dej\u00f3 claro que el PSOE no est\u00e1 dispuesto a retomar la propuesta de que el partido de pablo Iglesias entre en el Gobierno. \u00abLlama la atenci\u00f3n que aquella oferta que era humillante en julio ahora sea determinante. Aquella oferta fracas\u00f3\u00bb, se\u00f1al\u00f3 el ministro en funciones.\u00c1balos, que participa hoy en un encuentro con los empresarios de la Asociaci\u00f3n Valenciana de Empresarios (AVE), subray\u00f3 que es \u00abimportante que Espa\u00f1a tenga un Gobierno cohesionado\u00bb y que \u00abla econom\u00eda est\u00e1 dando se\u00f1ales de que se necesita estabilidad\u00bb.El secretario de organizaci\u00f3n socialista considera que tras las negociaciones con Unidas Podemos est\u00e1 claro que hay una falta de confianza para formar un Gobierno de coalici\u00f3n. E incluso acus\u00f3 a su posible socio de \u00abalgo de mala fe\u00bb por haber considerado que el anuncio de Televisi\u00f3n Espa\u00f1ola para licitar el decorado de una posible cita electoral era una muestra clara de la intenci\u00f3n del PSOE de ir a elecciones. Financiaci\u00f3n auton\u00f3mica\u00c1balos tambi\u00e9n apunto que la ministra de Hacienda est\u00e1 buscando una soluci\u00f3n alternativa a las entregas a cuenta pendientes a la comunidades aut\u00f3nomas y que en casos como la Comunidad Valenciana ya est\u00e1n generando algunos problemas de pagos. \u00abTiene varias en mente y va a intentar todo lo posible para que los servicios p\u00fablicos no se vean mermados\u00bb, coment\u00f3<br \/>\n<br \/>\n<!--noindex--><br \/>\n<a href=\"https:\/\/www.expansion.com\/valencia\/2019\/09\/09\/5d7661fee5fdea21098b45fb.html\" rel=\"nofollow\">Source link <\/a><br \/>\n<!--\/noindex--><\/p>\n","protected":false},"excerpt":{"rendered":"<p>El ministro de Fomento y secretario de organizaci\u00f3n del PSOE, Jos\u00e9 Luis \u00c1balos, asegur\u00f3 que su partido tiene previsto llamar a Unidas Podemos para \u00abemplazarnos a una nueva reuni\u00f3n\u00bb.Jos\u00e9 Luis \u00c1balos asegur\u00f3 que hoy mismo el partido socialista tiene previsto ponerse en contacto hoy mismo con Unidas Podemos para poner fecha a un nuevo encuentro [&hellip;]<\/p>\n","protected":false},"author":2,"featured_media":4280,"comment_status":"open","ping_status":"open","sticky":false,"template":"","format":"standard","meta":{"footnotes":""},"categories":[1],"tags":[],"class_list":["post-4279","post","type-post","status-publish","format-standard","has-post-thumbnail","hentry","category-noticias-financieras"],"yoast_head":"<!-- This site is optimized with the Yoast SEO plugin v27.4 - https:\/\/yoast.com\/product\/yoast-seo-wordpress\/ -->\n<title>\u00c1balos asegura que hoy convocar\u00e1n una nueva reuni\u00f3n con Podemos pese a su &quot;mala fe&quot; - Favorite News<\/title>\n<meta name=\"robots\" content=\"index, follow, max-snippet:-1, max-image-preview:large, max-video-preview:-1\" \/>\n<link rel=\"canonical\" href=\"https:\/\/favorite-news.com\/es\/abalos-asegura-que-hoy-convocaran-una-nueva-reunion-con-podemos-pese-a-su-mala-fe\/\" \/>\n<meta property=\"og:locale\" content=\"es_ES\" \/>\n<meta property=\"og:type\" content=\"article\" \/>\n<meta property=\"og:title\" content=\"\u00c1balos asegura que hoy convocar\u00e1n una nueva reuni\u00f3n con Podemos pese a su &quot;mala fe&quot; - Favorite News\" \/>\n<meta property=\"og:description\" content=\"El ministro de Fomento y secretario de organizaci\u00f3n del PSOE, Jos\u00e9 Luis \u00c1balos, asegur\u00f3 que su partido tiene previsto llamar a Unidas Podemos para \u00abemplazarnos a una nueva reuni\u00f3n\u00bb.Jos\u00e9 Luis \u00c1balos asegur\u00f3 que hoy mismo el partido socialista tiene previsto ponerse en contacto hoy mismo con Unidas Podemos para poner fecha a un nuevo encuentro [&hellip;]\" \/>\n<meta property=\"og:url\" content=\"https:\/\/favorite-news.com\/es\/abalos-asegura-que-hoy-convocaran-una-nueva-reunion-con-podemos-pese-a-su-mala-fe\/\" \/>\n<meta property=\"og:site_name\" content=\"Favorite News\" \/>\n<meta property=\"article:published_time\" content=\"2019-09-11T00:29:18+00:00\" \/>\n<meta property=\"article:modified_time\" content=\"2019-09-11T00:29:19+00:00\" \/>\n<meta property=\"og:image\" content=\"https:\/\/favorite-news.com\/es\/wp-content\/uploads\/sites\/4\/2019\/09\/\u00c1balos-asegura-que-hoy-convocar\u00e1n-una-nueva-reuni\u00f3n-con-Podemos.jpg\" \/>\n\t<meta property=\"og:image:width\" content=\"600\" \/>\n\t<meta property=\"og:image:height\" content=\"315\" \/>\n\t<meta property=\"og:image:type\" content=\"image\/jpeg\" \/>\n<meta name=\"author\" content=\"favorite-news\" \/>\n<meta name=\"twitter:card\" content=\"summary_large_image\" \/>\n<meta name=\"twitter:label1\" content=\"Escrito por\" \/>\n\t<meta name=\"twitter:data1\" content=\"favorite-news\" \/>\n\t<meta name=\"twitter:label2\" content=\"Tiempo de lectura\" \/>\n\t<meta name=\"twitter:data2\" content=\"2 minutos\" \/>\n<script type=\"application\/ld+json\" class=\"yoast-schema-graph\">{\"@context\":\"https:\\\/\\\/schema.org\",\"@graph\":[{\"@type\":\"Article\",\"@id\":\"https:\\\/\\\/favorite-news.com\\\/es\\\/abalos-asegura-que-hoy-convocaran-una-nueva-reunion-con-podemos-pese-a-su-mala-fe\\\/#article\",\"isPartOf\":{\"@id\":\"https:\\\/\\\/favorite-news.com\\\/es\\\/abalos-asegura-que-hoy-convocaran-una-nueva-reunion-con-podemos-pese-a-su-mala-fe\\\/\"},\"author\":{\"name\":\"favorite-news\",\"@id\":\"https:\\\/\\\/favorite-news.com\\\/es\\\/#\\\/schema\\\/person\\\/b91573b717dcfa5e4696032a9d28d3e8\"},\"headline\":\"\u00c1balos asegura que hoy convocar\u00e1n una nueva reuni\u00f3n con Podemos pese a su \u00abmala fe\u00bb\",\"datePublished\":\"2019-09-11T00:29:18+00:00\",\"dateModified\":\"2019-09-11T00:29:19+00:00\",\"mainEntityOfPage\":{\"@id\":\"https:\\\/\\\/favorite-news.com\\\/es\\\/abalos-asegura-que-hoy-convocaran-una-nueva-reunion-con-podemos-pese-a-su-mala-fe\\\/\"},\"wordCount\":332,\"commentCount\":0,\"image\":{\"@id\":\"https:\\\/\\\/favorite-news.com\\\/es\\\/abalos-asegura-que-hoy-convocaran-una-nueva-reunion-con-podemos-pese-a-su-mala-fe\\\/#primaryimage\"},\"thumbnailUrl\":\"https:\\\/\\\/favorite-news.com\\\/es\\\/wp-content\\\/uploads\\\/sites\\\/4\\\/2019\\\/09\\\/\u00c1balos-asegura-que-hoy-convocar\u00e1n-una-nueva-reuni\u00f3n-con-Podemos.jpg\",\"articleSection\":[\"NOTICIAS FINANCIERAS\"],\"inLanguage\":\"es\",\"potentialAction\":[{\"@type\":\"CommentAction\",\"name\":\"Comment\",\"target\":[\"https:\\\/\\\/favorite-news.com\\\/es\\\/abalos-asegura-que-hoy-convocaran-una-nueva-reunion-con-podemos-pese-a-su-mala-fe\\\/#respond\"]}]},{\"@type\":\"WebPage\",\"@id\":\"https:\\\/\\\/favorite-news.com\\\/es\\\/abalos-asegura-que-hoy-convocaran-una-nueva-reunion-con-podemos-pese-a-su-mala-fe\\\/\",\"url\":\"https:\\\/\\\/favorite-news.com\\\/es\\\/abalos-asegura-que-hoy-convocaran-una-nueva-reunion-con-podemos-pese-a-su-mala-fe\\\/\",\"name\":\"\u00c1balos asegura que hoy convocar\u00e1n una nueva reuni\u00f3n con Podemos pese a su \\\"mala fe\\\" - Favorite News\",\"isPartOf\":{\"@id\":\"https:\\\/\\\/favorite-news.com\\\/es\\\/#website\"},\"primaryImageOfPage\":{\"@id\":\"https:\\\/\\\/favorite-news.com\\\/es\\\/abalos-asegura-que-hoy-convocaran-una-nueva-reunion-con-podemos-pese-a-su-mala-fe\\\/#primaryimage\"},\"image\":{\"@id\":\"https:\\\/\\\/favorite-news.com\\\/es\\\/abalos-asegura-que-hoy-convocaran-una-nueva-reunion-con-podemos-pese-a-su-mala-fe\\\/#primaryimage\"},\"thumbnailUrl\":\"https:\\\/\\\/favorite-news.com\\\/es\\\/wp-content\\\/uploads\\\/sites\\\/4\\\/2019\\\/09\\\/\u00c1balos-asegura-que-hoy-convocar\u00e1n-una-nueva-reuni\u00f3n-con-Podemos.jpg\",\"datePublished\":\"2019-09-11T00:29:18+00:00\",\"dateModified\":\"2019-09-11T00:29:19+00:00\",\"author\":{\"@id\":\"https:\\\/\\\/favorite-news.com\\\/es\\\/#\\\/schema\\\/person\\\/b91573b717dcfa5e4696032a9d28d3e8\"},\"breadcrumb\":{\"@id\":\"https:\\\/\\\/favorite-news.com\\\/es\\\/abalos-asegura-que-hoy-convocaran-una-nueva-reunion-con-podemos-pese-a-su-mala-fe\\\/#breadcrumb\"},\"inLanguage\":\"es\",\"potentialAction\":[{\"@type\":\"ReadAction\",\"target\":[\"https:\\\/\\\/favorite-news.com\\\/es\\\/abalos-asegura-que-hoy-convocaran-una-nueva-reunion-con-podemos-pese-a-su-mala-fe\\\/\"]}]},{\"@type\":\"ImageObject\",\"inLanguage\":\"es\",\"@id\":\"https:\\\/\\\/favorite-news.com\\\/es\\\/abalos-asegura-que-hoy-convocaran-una-nueva-reunion-con-podemos-pese-a-su-mala-fe\\\/#primaryimage\",\"url\":\"https:\\\/\\\/favorite-news.com\\\/es\\\/wp-content\\\/uploads\\\/sites\\\/4\\\/2019\\\/09\\\/\u00c1balos-asegura-que-hoy-convocar\u00e1n-una-nueva-reuni\u00f3n-con-Podemos.jpg\",\"contentUrl\":\"https:\\\/\\\/favorite-news.com\\\/es\\\/wp-content\\\/uploads\\\/sites\\\/4\\\/2019\\\/09\\\/\u00c1balos-asegura-que-hoy-convocar\u00e1n-una-nueva-reuni\u00f3n-con-Podemos.jpg\",\"width\":600,\"height\":315,\"caption\":\"\u00c1balos asegura que hoy convocar\u00e1n una nueva reuni\u00f3n con Podemos pese a su \\\"mala fe\\\"\"},{\"@type\":\"BreadcrumbList\",\"@id\":\"https:\\\/\\\/favorite-news.com\\\/es\\\/abalos-asegura-que-hoy-convocaran-una-nueva-reunion-con-podemos-pese-a-su-mala-fe\\\/#breadcrumb\",\"itemListElement\":[{\"@type\":\"ListItem\",\"position\":1,\"name\":\"Home\",\"item\":\"https:\\\/\\\/favorite-news.com\\\/es\\\/\"},{\"@type\":\"ListItem\",\"position\":2,\"name\":\"\u00c1balos asegura que hoy convocar\u00e1n una nueva reuni\u00f3n con Podemos pese a su \u00abmala fe\u00bb\"}]},{\"@type\":\"WebSite\",\"@id\":\"https:\\\/\\\/favorite-news.com\\\/es\\\/#website\",\"url\":\"https:\\\/\\\/favorite-news.com\\\/es\\\/\",\"name\":\"Favorite News\",\"description\":\"Favorite News Espa\u00f1a\",\"potentialAction\":[{\"@type\":\"SearchAction\",\"target\":{\"@type\":\"EntryPoint\",\"urlTemplate\":\"https:\\\/\\\/favorite-news.com\\\/es\\\/?s={search_term_string}\"},\"query-input\":{\"@type\":\"PropertyValueSpecification\",\"valueRequired\":true,\"valueName\":\"search_term_string\"}}],\"inLanguage\":\"es\"},{\"@type\":\"Person\",\"@id\":\"https:\\\/\\\/favorite-news.com\\\/es\\\/#\\\/schema\\\/person\\\/b91573b717dcfa5e4696032a9d28d3e8\",\"name\":\"favorite-news\",\"image\":{\"@type\":\"ImageObject\",\"inLanguage\":\"es\",\"@id\":\"https:\\\/\\\/secure.gravatar.com\\\/avatar\\\/6c5a5cb12b74e9d517ee91cf570335b7d16177f1977cc91db161adfa435945a7?s=96&d=mm&r=g\",\"url\":\"https:\\\/\\\/secure.gravatar.com\\\/avatar\\\/6c5a5cb12b74e9d517ee91cf570335b7d16177f1977cc91db161adfa435945a7?s=96&d=mm&r=g\",\"contentUrl\":\"https:\\\/\\\/secure.gravatar.com\\\/avatar\\\/6c5a5cb12b74e9d517ee91cf570335b7d16177f1977cc91db161adfa435945a7?s=96&d=mm&r=g\",\"caption\":\"favorite-news\"},\"url\":\"https:\\\/\\\/favorite-news.com\\\/es\\\/author\\\/pt\\\/\"}]}<\/script>\n<!-- \/ Yoast SEO plugin. -->","yoast_head_json":{"title":"\u00c1balos asegura que hoy convocar\u00e1n una nueva reuni\u00f3n con Podemos pese a su \"mala fe\" - Favorite News","robots":{"index":"index","follow":"follow","max-snippet":"max-snippet:-1","max-image-preview":"max-image-preview:large","max-video-preview":"max-video-preview:-1"},"canonical":"https:\/\/favorite-news.com\/es\/abalos-asegura-que-hoy-convocaran-una-nueva-reunion-con-podemos-pese-a-su-mala-fe\/","og_locale":"es_ES","og_type":"article","og_title":"\u00c1balos asegura que hoy convocar\u00e1n una nueva reuni\u00f3n con Podemos pese a su \"mala fe\" - Favorite News","og_description":"El ministro de Fomento y secretario de organizaci\u00f3n del PSOE, Jos\u00e9 Luis \u00c1balos, asegur\u00f3 que su partido tiene previsto llamar a Unidas Podemos para \u00abemplazarnos a una nueva reuni\u00f3n\u00bb.Jos\u00e9 Luis \u00c1balos asegur\u00f3 que hoy mismo el partido socialista tiene previsto ponerse en contacto hoy mismo con Unidas Podemos para poner fecha a un nuevo encuentro [&hellip;]","og_url":"https:\/\/favorite-news.com\/es\/abalos-asegura-que-hoy-convocaran-una-nueva-reunion-con-podemos-pese-a-su-mala-fe\/","og_site_name":"Favorite News","article_published_time":"2019-09-11T00:29:18+00:00","article_modified_time":"2019-09-11T00:29:19+00:00","og_image":[{"width":600,"height":315,"url":"https:\/\/favorite-news.com\/es\/wp-content\/uploads\/sites\/4\/2019\/09\/\u00c1balos-asegura-que-hoy-convocar\u00e1n-una-nueva-reuni\u00f3n-con-Podemos.jpg","type":"image\/jpeg"}],"author":"favorite-news","twitter_card":"summary_large_image","twitter_misc":{"Escrito por":"favorite-news","Tiempo de lectura":"2 minutos"},"schema":{"@context":"https:\/\/schema.org","@graph":[{"@type":"Article","@id":"https:\/\/favorite-news.com\/es\/abalos-asegura-que-hoy-convocaran-una-nueva-reunion-con-podemos-pese-a-su-mala-fe\/#article","isPartOf":{"@id":"https:\/\/favorite-news.com\/es\/abalos-asegura-que-hoy-convocaran-una-nueva-reunion-con-podemos-pese-a-su-mala-fe\/"},"author":{"name":"favorite-news","@id":"https:\/\/favorite-news.com\/es\/#\/schema\/person\/b91573b717dcfa5e4696032a9d28d3e8"},"headline":"\u00c1balos asegura que hoy convocar\u00e1n una nueva reuni\u00f3n con Podemos pese a su \u00abmala fe\u00bb","datePublished":"2019-09-11T00:29:18+00:00","dateModified":"2019-09-11T00:29:19+00:00","mainEntityOfPage":{"@id":"https:\/\/favorite-news.com\/es\/abalos-asegura-que-hoy-convocaran-una-nueva-reunion-con-podemos-pese-a-su-mala-fe\/"},"wordCount":332,"commentCount":0,"image":{"@id":"https:\/\/favorite-news.com\/es\/abalos-asegura-que-hoy-convocaran-una-nueva-reunion-con-podemos-pese-a-su-mala-fe\/#primaryimage"},"thumbnailUrl":"https:\/\/favorite-news.com\/es\/wp-content\/uploads\/sites\/4\/2019\/09\/\u00c1balos-asegura-que-hoy-convocar\u00e1n-una-nueva-reuni\u00f3n-con-Podemos.jpg","articleSection":["NOTICIAS FINANCIERAS"],"inLanguage":"es","potentialAction":[{"@type":"CommentAction","name":"Comment","target":["https:\/\/favorite-news.com\/es\/abalos-asegura-que-hoy-convocaran-una-nueva-reunion-con-podemos-pese-a-su-mala-fe\/#respond"]}]},{"@type":"WebPage","@id":"https:\/\/favorite-news.com\/es\/abalos-asegura-que-hoy-convocaran-una-nueva-reunion-con-podemos-pese-a-su-mala-fe\/","url":"https:\/\/favorite-news.com\/es\/abalos-asegura-que-hoy-convocaran-una-nueva-reunion-con-podemos-pese-a-su-mala-fe\/","name":"\u00c1balos asegura que hoy convocar\u00e1n una nueva reuni\u00f3n con Podemos pese a su \"mala fe\" - Favorite News","isPartOf":{"@id":"https:\/\/favorite-news.com\/es\/#website"},"primaryImageOfPage":{"@id":"https:\/\/favorite-news.com\/es\/abalos-asegura-que-hoy-convocaran-una-nueva-reunion-con-podemos-pese-a-su-mala-fe\/#primaryimage"},"image":{"@id":"https:\/\/favorite-news.com\/es\/abalos-asegura-que-hoy-convocaran-una-nueva-reunion-con-podemos-pese-a-su-mala-fe\/#primaryimage"},"thumbnailUrl":"https:\/\/favorite-news.com\/es\/wp-content\/uploads\/sites\/4\/2019\/09\/\u00c1balos-asegura-que-hoy-convocar\u00e1n-una-nueva-reuni\u00f3n-con-Podemos.jpg","datePublished":"2019-09-11T00:29:18+00:00","dateModified":"2019-09-11T00:29:19+00:00","author":{"@id":"https:\/\/favorite-news.com\/es\/#\/schema\/person\/b91573b717dcfa5e4696032a9d28d3e8"},"breadcrumb":{"@id":"https:\/\/favorite-news.com\/es\/abalos-asegura-que-hoy-convocaran-una-nueva-reunion-con-podemos-pese-a-su-mala-fe\/#breadcrumb"},"inLanguage":"es","potentialAction":[{"@type":"ReadAction","target":["https:\/\/favorite-news.com\/es\/abalos-asegura-que-hoy-convocaran-una-nueva-reunion-con-podemos-pese-a-su-mala-fe\/"]}]},{"@type":"ImageObject","inLanguage":"es","@id":"https:\/\/favorite-news.com\/es\/abalos-asegura-que-hoy-convocaran-una-nueva-reunion-con-podemos-pese-a-su-mala-fe\/#primaryimage","url":"https:\/\/favorite-news.com\/es\/wp-content\/uploads\/sites\/4\/2019\/09\/\u00c1balos-asegura-que-hoy-convocar\u00e1n-una-nueva-reuni\u00f3n-con-Podemos.jpg","contentUrl":"https:\/\/favorite-news.com\/es\/wp-content\/uploads\/sites\/4\/2019\/09\/\u00c1balos-asegura-que-hoy-convocar\u00e1n-una-nueva-reuni\u00f3n-con-Podemos.jpg","width":600,"height":315,"caption":"\u00c1balos asegura que hoy convocar\u00e1n una nueva reuni\u00f3n con Podemos pese a su \"mala fe\""},{"@type":"BreadcrumbList","@id":"https:\/\/favorite-news.com\/es\/abalos-asegura-que-hoy-convocaran-una-nueva-reunion-con-podemos-pese-a-su-mala-fe\/#breadcrumb","itemListElement":[{"@type":"ListItem","position":1,"name":"Home","item":"https:\/\/favorite-news.com\/es\/"},{"@type":"ListItem","position":2,"name":"\u00c1balos asegura que hoy convocar\u00e1n una nueva reuni\u00f3n con Podemos pese a su \u00abmala fe\u00bb"}]},{"@type":"WebSite","@id":"https:\/\/favorite-news.com\/es\/#website","url":"https:\/\/favorite-news.com\/es\/","name":"Favorite News","description":"Favorite News Espa\u00f1a","potentialAction":[{"@type":"SearchAction","target":{"@type":"EntryPoint","urlTemplate":"https:\/\/favorite-news.com\/es\/?s={search_term_string}"},"query-input":{"@type":"PropertyValueSpecification","valueRequired":true,"valueName":"search_term_string"}}],"inLanguage":"es"},{"@type":"Person","@id":"https:\/\/favorite-news.com\/es\/#\/schema\/person\/b91573b717dcfa5e4696032a9d28d3e8","name":"favorite-news","image":{"@type":"ImageObject","inLanguage":"es","@id":"https:\/\/secure.gravatar.com\/avatar\/6c5a5cb12b74e9d517ee91cf570335b7d16177f1977cc91db161adfa435945a7?s=96&d=mm&r=g","url":"https:\/\/secure.gravatar.com\/avatar\/6c5a5cb12b74e9d517ee91cf570335b7d16177f1977cc91db161adfa435945a7?s=96&d=mm&r=g","contentUrl":"https:\/\/secure.gravatar.com\/avatar\/6c5a5cb12b74e9d517ee91cf570335b7d16177f1977cc91db161adfa435945a7?s=96&d=mm&r=g","caption":"favorite-news"},"url":"https:\/\/favorite-news.com\/es\/author\/pt\/"}]}},"_links":{"self":[{"href":"https:\/\/favorite-news.com\/es\/wp-json\/wp\/v2\/posts\/4279","targetHints":{"allow":["GET"]}}],"collection":[{"href":"https:\/\/favorite-news.com\/es\/wp-json\/wp\/v2\/posts"}],"about":[{"href":"https:\/\/favorite-news.com\/es\/wp-json\/wp\/v2\/types\/post"}],"author":[{"embeddable":true,"href":"https:\/\/favorite-news.com\/es\/wp-json\/wp\/v2\/users\/2"}],"replies":[{"embeddable":true,"href":"https:\/\/favorite-news.com\/es\/wp-json\/wp\/v2\/comments?post=4279"}],"version-history":[{"count":1,"href":"https:\/\/favorite-news.com\/es\/wp-json\/wp\/v2\/posts\/4279\/revisions"}],"predecessor-version":[{"id":4281,"href":"https:\/\/favorite-news.com\/es\/wp-json\/wp\/v2\/posts\/4279\/revisions\/4281"}],"wp:featuredmedia":[{"embeddable":true,"href":"https:\/\/favorite-news.com\/es\/wp-json\/wp\/v2\/media\/4280"}],"wp:attachment":[{"href":"https:\/\/favorite-news.com\/es\/wp-json\/wp\/v2\/media?parent=4279"}],"wp:term":[{"taxonomy":"category","embeddable":true,"href":"https:\/\/favorite-news.com\/es\/wp-json\/wp\/v2\/categories?post=4279"},{"taxonomy":"post_tag","embeddable":true,"href":"https:\/\/favorite-news.com\/es\/wp-json\/wp\/v2\/tags?post=4279"}],"curies":[{"name":"wp","href":"https:\/\/api.w.org\/{rel}","templated":true}]}}