{"id":4264,"date":"2019-09-10T23:21:29","date_gmt":"2019-09-10T20:21:29","guid":{"rendered":"https:\/\/favorite-news.com\/es\/el-coste-por-hora-trabajada-se-dispara-un-6-en-el-ultimo-ano-el-mayor-incremento-desde-2009\/"},"modified":"2019-09-10T23:21:30","modified_gmt":"2019-09-10T20:21:30","slug":"el-coste-por-hora-trabajada-se-dispara-un-6-en-el-ultimo-ano-el-mayor-incremento-desde-2009","status":"publish","type":"post","link":"https:\/\/favorite-news.com\/es\/el-coste-por-hora-trabajada-se-dispara-un-6-en-el-ultimo-ano-el-mayor-incremento-desde-2009\/","title":{"rendered":"El coste por hora trabajada se dispara un 6% en el \u00faltimo a\u00f1o, el mayor incremento desde 2009"},"content":{"rendered":"<p>El coste por hora trabajada ha subido un 6% en el segundo trimestre en tasa interanual, lo que supone el mayor incremento desde hace diez a\u00f1os.As\u00ed lo ha hecho hoy p\u00fablico el Instituto Nacional de Estad\u00edstica en el \u00cdndice de Coste Laboral Armonizado. El organismo estad\u00edstico achaca el afirma que este incremente se debe a que la Semana Santa tuvo lugar este a\u00f1o en el segundo trimestre, mientras que en 2018 fue en el primero en su mayor parte. De hecho, si se eliminan los efectos estacionales y de calendario, la variaci\u00f3n anual del coste por hora ha sido del 3,1%. No crec\u00eda tanto desde finales de 2013.En conjunto, el salario por hora trabajada subi\u00f3 un 5,7% interanual, que tambi\u00e9n es su mayor aumento en 10 a\u00f1os.En comparaci\u00f3n con el primer trimestre, eliminando los efectos estacionales y de calendario, el indicador ha marcado un incremento del 0,8%. Sin tener en cuenta el ajuste estacional, el estir\u00f3n intertrimestral ha sido del 8,5% \u00abdebido, fundamentalmente, al mayor peso de las pagas extraordinarias y atrasos en el segundo trimestre del a\u00f1o respecto al primero, as\u00ed como al efecto Semana Santa\u00bb, explica.Por sectores, los mayores aumentos del coste laboral ha sido en las actividades art\u00edsticas, recreativas y de entretenimiento (8,7%), las actividades inmobiliarias (8,7%) y administraci\u00f3n p\u00fablica y defensa; y Seguridad Social obligatoria (8,6%). Por su parte, los menores aumentos se han producido en actividades financieras y de seguros (0,6%),<br \/>\n<br \/>\n<!--noindex--><br \/>\n<a href=\"https:\/\/www.expansion.com\/economia\/2019\/09\/10\/5d774c9fe5fdea760a8b4625.html\" rel=\"nofollow\">Source link <\/a><br \/>\n<!--\/noindex--><\/p>\n","protected":false},"excerpt":{"rendered":"<p>El coste por hora trabajada ha subido un 6% en el segundo trimestre en tasa interanual, lo que supone el mayor incremento desde hace diez a\u00f1os.As\u00ed lo ha hecho hoy p\u00fablico el Instituto Nacional de Estad\u00edstica en el \u00cdndice de Coste Laboral Armonizado. El organismo estad\u00edstico achaca el afirma que este incremente se debe a [&hellip;]<\/p>\n","protected":false},"author":2,"featured_media":4265,"comment_status":"open","ping_status":"open","sticky":false,"template":"","format":"standard","meta":{"footnotes":""},"categories":[1],"tags":[],"class_list":["post-4264","post","type-post","status-publish","format-standard","has-post-thumbnail","hentry","category-noticias-financieras"],"yoast_head":"<!-- This site is optimized with the Yoast SEO plugin v27.4 - https:\/\/yoast.com\/product\/yoast-seo-wordpress\/ -->\n<title>El coste por hora trabajada se dispara un 6% en el \u00faltimo a\u00f1o, el mayor incremento desde 2009 - Favorite News<\/title>\n<meta name=\"robots\" content=\"index, follow, max-snippet:-1, max-image-preview:large, max-video-preview:-1\" \/>\n<link rel=\"canonical\" href=\"https:\/\/favorite-news.com\/es\/el-coste-por-hora-trabajada-se-dispara-un-6-en-el-ultimo-ano-el-mayor-incremento-desde-2009\/\" \/>\n<meta property=\"og:locale\" content=\"es_ES\" \/>\n<meta property=\"og:type\" content=\"article\" \/>\n<meta property=\"og:title\" content=\"El coste por hora trabajada se dispara un 6% en el \u00faltimo a\u00f1o, el mayor incremento desde 2009 - Favorite News\" \/>\n<meta property=\"og:description\" content=\"El coste por hora trabajada ha subido un 6% en el segundo trimestre en tasa interanual, lo que supone el mayor incremento desde hace diez a\u00f1os.As\u00ed lo ha hecho hoy p\u00fablico el Instituto Nacional de Estad\u00edstica en el \u00cdndice de Coste Laboral Armonizado. El organismo estad\u00edstico achaca el afirma que este incremente se debe a [&hellip;]\" \/>\n<meta property=\"og:url\" content=\"https:\/\/favorite-news.com\/es\/el-coste-por-hora-trabajada-se-dispara-un-6-en-el-ultimo-ano-el-mayor-incremento-desde-2009\/\" \/>\n<meta property=\"og:site_name\" content=\"Favorite News\" \/>\n<meta property=\"article:published_time\" content=\"2019-09-10T20:21:29+00:00\" \/>\n<meta property=\"article:modified_time\" content=\"2019-09-10T20:21:30+00:00\" \/>\n<meta property=\"og:image\" content=\"https:\/\/favorite-news.com\/es\/wp-content\/uploads\/sites\/4\/2019\/09\/El-coste-por-hora-trabajada-se-dispara-un-6-en.jpg\" \/>\n\t<meta property=\"og:image:width\" content=\"600\" \/>\n\t<meta property=\"og:image:height\" content=\"315\" \/>\n\t<meta property=\"og:image:type\" content=\"image\/jpeg\" \/>\n<meta name=\"author\" content=\"favorite-news\" \/>\n<meta name=\"twitter:card\" content=\"summary_large_image\" \/>\n<meta name=\"twitter:label1\" content=\"Escrito por\" \/>\n\t<meta name=\"twitter:data1\" content=\"favorite-news\" \/>\n\t<meta name=\"twitter:label2\" content=\"Tiempo de lectura\" \/>\n\t<meta name=\"twitter:data2\" content=\"1 minuto\" \/>\n<script type=\"application\/ld+json\" class=\"yoast-schema-graph\">{\"@context\":\"https:\\\/\\\/schema.org\",\"@graph\":[{\"@type\":\"Article\",\"@id\":\"https:\\\/\\\/favorite-news.com\\\/es\\\/el-coste-por-hora-trabajada-se-dispara-un-6-en-el-ultimo-ano-el-mayor-incremento-desde-2009\\\/#article\",\"isPartOf\":{\"@id\":\"https:\\\/\\\/favorite-news.com\\\/es\\\/el-coste-por-hora-trabajada-se-dispara-un-6-en-el-ultimo-ano-el-mayor-incremento-desde-2009\\\/\"},\"author\":{\"name\":\"favorite-news\",\"@id\":\"https:\\\/\\\/favorite-news.com\\\/es\\\/#\\\/schema\\\/person\\\/b91573b717dcfa5e4696032a9d28d3e8\"},\"headline\":\"El coste por hora trabajada se dispara un 6% en el \u00faltimo a\u00f1o, el mayor incremento desde 2009\",\"datePublished\":\"2019-09-10T20:21:29+00:00\",\"dateModified\":\"2019-09-10T20:21:30+00:00\",\"mainEntityOfPage\":{\"@id\":\"https:\\\/\\\/favorite-news.com\\\/es\\\/el-coste-por-hora-trabajada-se-dispara-un-6-en-el-ultimo-ano-el-mayor-incremento-desde-2009\\\/\"},\"wordCount\":262,\"commentCount\":0,\"image\":{\"@id\":\"https:\\\/\\\/favorite-news.com\\\/es\\\/el-coste-por-hora-trabajada-se-dispara-un-6-en-el-ultimo-ano-el-mayor-incremento-desde-2009\\\/#primaryimage\"},\"thumbnailUrl\":\"https:\\\/\\\/favorite-news.com\\\/es\\\/wp-content\\\/uploads\\\/sites\\\/4\\\/2019\\\/09\\\/El-coste-por-hora-trabajada-se-dispara-un-6-en.jpg\",\"articleSection\":[\"NOTICIAS FINANCIERAS\"],\"inLanguage\":\"es\",\"potentialAction\":[{\"@type\":\"CommentAction\",\"name\":\"Comment\",\"target\":[\"https:\\\/\\\/favorite-news.com\\\/es\\\/el-coste-por-hora-trabajada-se-dispara-un-6-en-el-ultimo-ano-el-mayor-incremento-desde-2009\\\/#respond\"]}]},{\"@type\":\"WebPage\",\"@id\":\"https:\\\/\\\/favorite-news.com\\\/es\\\/el-coste-por-hora-trabajada-se-dispara-un-6-en-el-ultimo-ano-el-mayor-incremento-desde-2009\\\/\",\"url\":\"https:\\\/\\\/favorite-news.com\\\/es\\\/el-coste-por-hora-trabajada-se-dispara-un-6-en-el-ultimo-ano-el-mayor-incremento-desde-2009\\\/\",\"name\":\"El coste por hora trabajada se dispara un 6% en el \u00faltimo a\u00f1o, el mayor incremento desde 2009 - Favorite News\",\"isPartOf\":{\"@id\":\"https:\\\/\\\/favorite-news.com\\\/es\\\/#website\"},\"primaryImageOfPage\":{\"@id\":\"https:\\\/\\\/favorite-news.com\\\/es\\\/el-coste-por-hora-trabajada-se-dispara-un-6-en-el-ultimo-ano-el-mayor-incremento-desde-2009\\\/#primaryimage\"},\"image\":{\"@id\":\"https:\\\/\\\/favorite-news.com\\\/es\\\/el-coste-por-hora-trabajada-se-dispara-un-6-en-el-ultimo-ano-el-mayor-incremento-desde-2009\\\/#primaryimage\"},\"thumbnailUrl\":\"https:\\\/\\\/favorite-news.com\\\/es\\\/wp-content\\\/uploads\\\/sites\\\/4\\\/2019\\\/09\\\/El-coste-por-hora-trabajada-se-dispara-un-6-en.jpg\",\"datePublished\":\"2019-09-10T20:21:29+00:00\",\"dateModified\":\"2019-09-10T20:21:30+00:00\",\"author\":{\"@id\":\"https:\\\/\\\/favorite-news.com\\\/es\\\/#\\\/schema\\\/person\\\/b91573b717dcfa5e4696032a9d28d3e8\"},\"breadcrumb\":{\"@id\":\"https:\\\/\\\/favorite-news.com\\\/es\\\/el-coste-por-hora-trabajada-se-dispara-un-6-en-el-ultimo-ano-el-mayor-incremento-desde-2009\\\/#breadcrumb\"},\"inLanguage\":\"es\",\"potentialAction\":[{\"@type\":\"ReadAction\",\"target\":[\"https:\\\/\\\/favorite-news.com\\\/es\\\/el-coste-por-hora-trabajada-se-dispara-un-6-en-el-ultimo-ano-el-mayor-incremento-desde-2009\\\/\"]}]},{\"@type\":\"ImageObject\",\"inLanguage\":\"es\",\"@id\":\"https:\\\/\\\/favorite-news.com\\\/es\\\/el-coste-por-hora-trabajada-se-dispara-un-6-en-el-ultimo-ano-el-mayor-incremento-desde-2009\\\/#primaryimage\",\"url\":\"https:\\\/\\\/favorite-news.com\\\/es\\\/wp-content\\\/uploads\\\/sites\\\/4\\\/2019\\\/09\\\/El-coste-por-hora-trabajada-se-dispara-un-6-en.jpg\",\"contentUrl\":\"https:\\\/\\\/favorite-news.com\\\/es\\\/wp-content\\\/uploads\\\/sites\\\/4\\\/2019\\\/09\\\/El-coste-por-hora-trabajada-se-dispara-un-6-en.jpg\",\"width\":600,\"height\":315,\"caption\":\"El coste por hora trabajada se dispara un 6% en el \u00faltimo a\u00f1o, el mayor incremento desde 2009\"},{\"@type\":\"BreadcrumbList\",\"@id\":\"https:\\\/\\\/favorite-news.com\\\/es\\\/el-coste-por-hora-trabajada-se-dispara-un-6-en-el-ultimo-ano-el-mayor-incremento-desde-2009\\\/#breadcrumb\",\"itemListElement\":[{\"@type\":\"ListItem\",\"position\":1,\"name\":\"Home\",\"item\":\"https:\\\/\\\/favorite-news.com\\\/es\\\/\"},{\"@type\":\"ListItem\",\"position\":2,\"name\":\"El coste por hora trabajada se dispara un 6% en el \u00faltimo a\u00f1o, el mayor incremento desde 2009\"}]},{\"@type\":\"WebSite\",\"@id\":\"https:\\\/\\\/favorite-news.com\\\/es\\\/#website\",\"url\":\"https:\\\/\\\/favorite-news.com\\\/es\\\/\",\"name\":\"Favorite News\",\"description\":\"Favorite News Espa\u00f1a\",\"potentialAction\":[{\"@type\":\"SearchAction\",\"target\":{\"@type\":\"EntryPoint\",\"urlTemplate\":\"https:\\\/\\\/favorite-news.com\\\/es\\\/?s={search_term_string}\"},\"query-input\":{\"@type\":\"PropertyValueSpecification\",\"valueRequired\":true,\"valueName\":\"search_term_string\"}}],\"inLanguage\":\"es\"},{\"@type\":\"Person\",\"@id\":\"https:\\\/\\\/favorite-news.com\\\/es\\\/#\\\/schema\\\/person\\\/b91573b717dcfa5e4696032a9d28d3e8\",\"name\":\"favorite-news\",\"image\":{\"@type\":\"ImageObject\",\"inLanguage\":\"es\",\"@id\":\"https:\\\/\\\/secure.gravatar.com\\\/avatar\\\/6c5a5cb12b74e9d517ee91cf570335b7d16177f1977cc91db161adfa435945a7?s=96&d=mm&r=g\",\"url\":\"https:\\\/\\\/secure.gravatar.com\\\/avatar\\\/6c5a5cb12b74e9d517ee91cf570335b7d16177f1977cc91db161adfa435945a7?s=96&d=mm&r=g\",\"contentUrl\":\"https:\\\/\\\/secure.gravatar.com\\\/avatar\\\/6c5a5cb12b74e9d517ee91cf570335b7d16177f1977cc91db161adfa435945a7?s=96&d=mm&r=g\",\"caption\":\"favorite-news\"},\"url\":\"https:\\\/\\\/favorite-news.com\\\/es\\\/author\\\/pt\\\/\"}]}<\/script>\n<!-- \/ Yoast SEO plugin. -->","yoast_head_json":{"title":"El coste por hora trabajada se dispara un 6% en el \u00faltimo a\u00f1o, el mayor incremento desde 2009 - Favorite News","robots":{"index":"index","follow":"follow","max-snippet":"max-snippet:-1","max-image-preview":"max-image-preview:large","max-video-preview":"max-video-preview:-1"},"canonical":"https:\/\/favorite-news.com\/es\/el-coste-por-hora-trabajada-se-dispara-un-6-en-el-ultimo-ano-el-mayor-incremento-desde-2009\/","og_locale":"es_ES","og_type":"article","og_title":"El coste por hora trabajada se dispara un 6% en el \u00faltimo a\u00f1o, el mayor incremento desde 2009 - Favorite News","og_description":"El coste por hora trabajada ha subido un 6% en el segundo trimestre en tasa interanual, lo que supone el mayor incremento desde hace diez a\u00f1os.As\u00ed lo ha hecho hoy p\u00fablico el Instituto Nacional de Estad\u00edstica en el \u00cdndice de Coste Laboral Armonizado. El organismo estad\u00edstico achaca el afirma que este incremente se debe a [&hellip;]","og_url":"https:\/\/favorite-news.com\/es\/el-coste-por-hora-trabajada-se-dispara-un-6-en-el-ultimo-ano-el-mayor-incremento-desde-2009\/","og_site_name":"Favorite News","article_published_time":"2019-09-10T20:21:29+00:00","article_modified_time":"2019-09-10T20:21:30+00:00","og_image":[{"width":600,"height":315,"url":"https:\/\/favorite-news.com\/es\/wp-content\/uploads\/sites\/4\/2019\/09\/El-coste-por-hora-trabajada-se-dispara-un-6-en.jpg","type":"image\/jpeg"}],"author":"favorite-news","twitter_card":"summary_large_image","twitter_misc":{"Escrito por":"favorite-news","Tiempo de lectura":"1 minuto"},"schema":{"@context":"https:\/\/schema.org","@graph":[{"@type":"Article","@id":"https:\/\/favorite-news.com\/es\/el-coste-por-hora-trabajada-se-dispara-un-6-en-el-ultimo-ano-el-mayor-incremento-desde-2009\/#article","isPartOf":{"@id":"https:\/\/favorite-news.com\/es\/el-coste-por-hora-trabajada-se-dispara-un-6-en-el-ultimo-ano-el-mayor-incremento-desde-2009\/"},"author":{"name":"favorite-news","@id":"https:\/\/favorite-news.com\/es\/#\/schema\/person\/b91573b717dcfa5e4696032a9d28d3e8"},"headline":"El coste por hora trabajada se dispara un 6% en el \u00faltimo a\u00f1o, el mayor incremento desde 2009","datePublished":"2019-09-10T20:21:29+00:00","dateModified":"2019-09-10T20:21:30+00:00","mainEntityOfPage":{"@id":"https:\/\/favorite-news.com\/es\/el-coste-por-hora-trabajada-se-dispara-un-6-en-el-ultimo-ano-el-mayor-incremento-desde-2009\/"},"wordCount":262,"commentCount":0,"image":{"@id":"https:\/\/favorite-news.com\/es\/el-coste-por-hora-trabajada-se-dispara-un-6-en-el-ultimo-ano-el-mayor-incremento-desde-2009\/#primaryimage"},"thumbnailUrl":"https:\/\/favorite-news.com\/es\/wp-content\/uploads\/sites\/4\/2019\/09\/El-coste-por-hora-trabajada-se-dispara-un-6-en.jpg","articleSection":["NOTICIAS FINANCIERAS"],"inLanguage":"es","potentialAction":[{"@type":"CommentAction","name":"Comment","target":["https:\/\/favorite-news.com\/es\/el-coste-por-hora-trabajada-se-dispara-un-6-en-el-ultimo-ano-el-mayor-incremento-desde-2009\/#respond"]}]},{"@type":"WebPage","@id":"https:\/\/favorite-news.com\/es\/el-coste-por-hora-trabajada-se-dispara-un-6-en-el-ultimo-ano-el-mayor-incremento-desde-2009\/","url":"https:\/\/favorite-news.com\/es\/el-coste-por-hora-trabajada-se-dispara-un-6-en-el-ultimo-ano-el-mayor-incremento-desde-2009\/","name":"El coste por hora trabajada se dispara un 6% en el \u00faltimo a\u00f1o, el mayor incremento desde 2009 - Favorite News","isPartOf":{"@id":"https:\/\/favorite-news.com\/es\/#website"},"primaryImageOfPage":{"@id":"https:\/\/favorite-news.com\/es\/el-coste-por-hora-trabajada-se-dispara-un-6-en-el-ultimo-ano-el-mayor-incremento-desde-2009\/#primaryimage"},"image":{"@id":"https:\/\/favorite-news.com\/es\/el-coste-por-hora-trabajada-se-dispara-un-6-en-el-ultimo-ano-el-mayor-incremento-desde-2009\/#primaryimage"},"thumbnailUrl":"https:\/\/favorite-news.com\/es\/wp-content\/uploads\/sites\/4\/2019\/09\/El-coste-por-hora-trabajada-se-dispara-un-6-en.jpg","datePublished":"2019-09-10T20:21:29+00:00","dateModified":"2019-09-10T20:21:30+00:00","author":{"@id":"https:\/\/favorite-news.com\/es\/#\/schema\/person\/b91573b717dcfa5e4696032a9d28d3e8"},"breadcrumb":{"@id":"https:\/\/favorite-news.com\/es\/el-coste-por-hora-trabajada-se-dispara-un-6-en-el-ultimo-ano-el-mayor-incremento-desde-2009\/#breadcrumb"},"inLanguage":"es","potentialAction":[{"@type":"ReadAction","target":["https:\/\/favorite-news.com\/es\/el-coste-por-hora-trabajada-se-dispara-un-6-en-el-ultimo-ano-el-mayor-incremento-desde-2009\/"]}]},{"@type":"ImageObject","inLanguage":"es","@id":"https:\/\/favorite-news.com\/es\/el-coste-por-hora-trabajada-se-dispara-un-6-en-el-ultimo-ano-el-mayor-incremento-desde-2009\/#primaryimage","url":"https:\/\/favorite-news.com\/es\/wp-content\/uploads\/sites\/4\/2019\/09\/El-coste-por-hora-trabajada-se-dispara-un-6-en.jpg","contentUrl":"https:\/\/favorite-news.com\/es\/wp-content\/uploads\/sites\/4\/2019\/09\/El-coste-por-hora-trabajada-se-dispara-un-6-en.jpg","width":600,"height":315,"caption":"El coste por hora trabajada se dispara un 6% en el \u00faltimo a\u00f1o, el mayor incremento desde 2009"},{"@type":"BreadcrumbList","@id":"https:\/\/favorite-news.com\/es\/el-coste-por-hora-trabajada-se-dispara-un-6-en-el-ultimo-ano-el-mayor-incremento-desde-2009\/#breadcrumb","itemListElement":[{"@type":"ListItem","position":1,"name":"Home","item":"https:\/\/favorite-news.com\/es\/"},{"@type":"ListItem","position":2,"name":"El coste por hora trabajada se dispara un 6% en el \u00faltimo a\u00f1o, el mayor incremento desde 2009"}]},{"@type":"WebSite","@id":"https:\/\/favorite-news.com\/es\/#website","url":"https:\/\/favorite-news.com\/es\/","name":"Favorite News","description":"Favorite News Espa\u00f1a","potentialAction":[{"@type":"SearchAction","target":{"@type":"EntryPoint","urlTemplate":"https:\/\/favorite-news.com\/es\/?s={search_term_string}"},"query-input":{"@type":"PropertyValueSpecification","valueRequired":true,"valueName":"search_term_string"}}],"inLanguage":"es"},{"@type":"Person","@id":"https:\/\/favorite-news.com\/es\/#\/schema\/person\/b91573b717dcfa5e4696032a9d28d3e8","name":"favorite-news","image":{"@type":"ImageObject","inLanguage":"es","@id":"https:\/\/secure.gravatar.com\/avatar\/6c5a5cb12b74e9d517ee91cf570335b7d16177f1977cc91db161adfa435945a7?s=96&d=mm&r=g","url":"https:\/\/secure.gravatar.com\/avatar\/6c5a5cb12b74e9d517ee91cf570335b7d16177f1977cc91db161adfa435945a7?s=96&d=mm&r=g","contentUrl":"https:\/\/secure.gravatar.com\/avatar\/6c5a5cb12b74e9d517ee91cf570335b7d16177f1977cc91db161adfa435945a7?s=96&d=mm&r=g","caption":"favorite-news"},"url":"https:\/\/favorite-news.com\/es\/author\/pt\/"}]}},"_links":{"self":[{"href":"https:\/\/favorite-news.com\/es\/wp-json\/wp\/v2\/posts\/4264","targetHints":{"allow":["GET"]}}],"collection":[{"href":"https:\/\/favorite-news.com\/es\/wp-json\/wp\/v2\/posts"}],"about":[{"href":"https:\/\/favorite-news.com\/es\/wp-json\/wp\/v2\/types\/post"}],"author":[{"embeddable":true,"href":"https:\/\/favorite-news.com\/es\/wp-json\/wp\/v2\/users\/2"}],"replies":[{"embeddable":true,"href":"https:\/\/favorite-news.com\/es\/wp-json\/wp\/v2\/comments?post=4264"}],"version-history":[{"count":1,"href":"https:\/\/favorite-news.com\/es\/wp-json\/wp\/v2\/posts\/4264\/revisions"}],"predecessor-version":[{"id":4266,"href":"https:\/\/favorite-news.com\/es\/wp-json\/wp\/v2\/posts\/4264\/revisions\/4266"}],"wp:featuredmedia":[{"embeddable":true,"href":"https:\/\/favorite-news.com\/es\/wp-json\/wp\/v2\/media\/4265"}],"wp:attachment":[{"href":"https:\/\/favorite-news.com\/es\/wp-json\/wp\/v2\/media?parent=4264"}],"wp:term":[{"taxonomy":"category","embeddable":true,"href":"https:\/\/favorite-news.com\/es\/wp-json\/wp\/v2\/categories?post=4264"},{"taxonomy":"post_tag","embeddable":true,"href":"https:\/\/favorite-news.com\/es\/wp-json\/wp\/v2\/tags?post=4264"}],"curies":[{"name":"wp","href":"https:\/\/api.w.org\/{rel}","templated":true}]}}