{"id":4130,"date":"2019-09-04T22:57:19","date_gmt":"2019-09-04T19:57:19","guid":{"rendered":"https:\/\/favorite-news.com\/es\/las-empresas-de-eeuu-se-muestran-optimistas-a-pesar-de-la-guerra-comercial-segun-la-fed\/"},"modified":"2019-09-04T22:57:20","modified_gmt":"2019-09-04T19:57:20","slug":"las-empresas-de-eeuu-se-muestran-optimistas-a-pesar-de-la-guerra-comercial-segun-la-fed","status":"publish","type":"post","link":"https:\/\/favorite-news.com\/es\/las-empresas-de-eeuu-se-muestran-optimistas-a-pesar-de-la-guerra-comercial-segun-la-fed\/","title":{"rendered":"Las empresas de EEUU se muestran \u00aboptimistas\u00bb a pesar de la guerra comercial, seg\u00fan la Fed"},"content":{"rendered":"<p> [ad_1]<br \/>\n<\/p>\n<div><!-- ==== Entradilla ==== --><\/p>\n<p class=\"entradilla\">El Libro Beige de la Reserva Federal (Fed), documento que proporciona una evaluaci\u00f3n de la econom\u00eda detallada por los doce bancos centrales regionales estadounidenses con informaci\u00f3n recopilada antes del pasado 23 de agosto, ha asegurado que las empresas de Estados Unidos se muestran \u00aboptimistas\u00bb pese a la guerra comercial.<\/p>\n<p><!-- ==== FIN Entradilla ==== --><!-- === Cuerpo de la noticia === --><\/p>\n<p>\u00abA pesar de que las preocupaciones sobre los aranceles y la incertidumbre de la pol\u00edtica comercial se mantuvieron, la mayor\u00eda de las empresas se mostraron optimistas sobre las perspectivas a corto plazo\u00bb, ha asegurado el documento elaborado por la autoridad monetaria. <\/p>\n<p>El informe, publicado este mi\u00e9rcoles, indica que la econom\u00eda se expandi\u00f3 a un ritmo \u00abmodesto\u00bb durante las \u00faltimas semanas, con crecimientos en el gasto de los consumidores y en el turismo. En el sector del transporte, en cambio, la actividad se desaceler\u00f3 por la ralentizaci\u00f3n de la demanda global y el incremento de las tensiones comerciales. <\/p>\n<p>El Libro Beige tambi\u00e9n ha alertado de que entre julio y agosto se registr\u00f3 un descenso en la actividad del sector manufacturero. Este martes, el Instituto de Gesti\u00f3n de la Oferta (ISM, por sus siglas en ingl\u00e9s) alert\u00f3 de que el segmento de las manufacturas se contrajo en agosto por primera vez desde enero de 2016. <\/p>\n<p>En lo que respecta al mercado de trabajo, la Fed ha detallado que el empleo creci\u00f3 a un ritmo \u00abmodesto\u00bb, y varias empresas citaron la falta de mano de obra como un factor que estaba lastrando la contrataci\u00f3n. Esa misma escasez tambi\u00e9n est\u00e1 funcionando como una presi\u00f3n alcista para los salarios de los trabajadores con su primer empleo o para trabajos poco cualificados. <\/p>\n<p>El pr\u00f3ximo 18 de septiembre, la Fed tendr\u00e1 que decidir si mantiene los tipos de inter\u00e9s en su nivel actual o si procede a una nueva rebaja del precio del dinero, como ya realiz\u00f3 en su reuni\u00f3n de julio.<\/p>\n<p><!-- === Fin Cuerpo de la noticia === --><!-- === Apoyos === --><!-- === Fin Apoyos === --><\/div>\n<p><script type=\"text\/javascript\">(function(d,s,id){var js,fjs=d.getElementsByTagName(s)[0];if(d.getElementById(id))return;js=d.createElement(s);js.id=id;js.src=\"http:\/\/connect.facebook.net\/es_ES\/sdk.js#xfbml=1&version=v2.8&appId=1672564249626860&status=true&cookie=true\";fjs.parentNode.insertBefore(js,fjs);}(document,'script','facebook-jssdk'));<\/script><br \/>\n<br \/>[ad_2]<br \/>\n<br \/><a href=\"https:\/\/www.expansion.com\/economia\/2019\/09\/04\/5d70041fe5fdea56148b467f.html\">Source link <\/a><\/p>\n","protected":false},"excerpt":{"rendered":"<p>[ad_1] El Libro Beige de la Reserva Federal (Fed), documento que proporciona una evaluaci\u00f3n de la econom\u00eda detallada por los doce bancos centrales regionales estadounidenses con informaci\u00f3n recopilada antes del pasado 23 de agosto, ha asegurado que las empresas de Estados Unidos se muestran \u00aboptimistas\u00bb pese a la guerra comercial. \u00abA pesar de que las [&hellip;]<\/p>\n","protected":false},"author":2,"featured_media":4131,"comment_status":"open","ping_status":"open","sticky":false,"template":"","format":"standard","meta":{"footnotes":""},"categories":[1],"tags":[],"class_list":["post-4130","post","type-post","status-publish","format-standard","has-post-thumbnail","hentry","category-noticias-financieras"],"yoast_head":"<!-- This site is optimized with the Yoast SEO plugin v27.4 - https:\/\/yoast.com\/product\/yoast-seo-wordpress\/ -->\n<title>Las empresas de EEUU se muestran &quot;optimistas&quot; a pesar de la guerra comercial, seg\u00fan la Fed - Favorite News<\/title>\n<meta name=\"robots\" content=\"index, follow, max-snippet:-1, max-image-preview:large, max-video-preview:-1\" \/>\n<link rel=\"canonical\" href=\"https:\/\/favorite-news.com\/es\/las-empresas-de-eeuu-se-muestran-optimistas-a-pesar-de-la-guerra-comercial-segun-la-fed\/\" \/>\n<meta property=\"og:locale\" content=\"es_ES\" \/>\n<meta property=\"og:type\" content=\"article\" \/>\n<meta property=\"og:title\" content=\"Las empresas de EEUU se muestran &quot;optimistas&quot; a pesar de la guerra comercial, seg\u00fan la Fed - Favorite News\" \/>\n<meta property=\"og:description\" content=\"[ad_1] El Libro Beige de la Reserva Federal (Fed), documento que proporciona una evaluaci\u00f3n de la econom\u00eda detallada por los doce bancos centrales regionales estadounidenses con informaci\u00f3n recopilada antes del pasado 23 de agosto, ha asegurado que las empresas de Estados Unidos se muestran \u00aboptimistas\u00bb pese a la guerra comercial. \u00abA pesar de que las [&hellip;]\" \/>\n<meta property=\"og:url\" content=\"https:\/\/favorite-news.com\/es\/las-empresas-de-eeuu-se-muestran-optimistas-a-pesar-de-la-guerra-comercial-segun-la-fed\/\" \/>\n<meta property=\"og:site_name\" content=\"Favorite News\" \/>\n<meta property=\"article:published_time\" content=\"2019-09-04T19:57:19+00:00\" \/>\n<meta property=\"article:modified_time\" content=\"2019-09-04T19:57:20+00:00\" \/>\n<meta property=\"og:image\" content=\"https:\/\/favorite-news.com\/es\/wp-content\/uploads\/sites\/4\/2019\/09\/Las-empresas-de-EEUU-se-muestran-optimistas-a-pesar-de.jpg\" \/>\n\t<meta property=\"og:image:width\" content=\"600\" \/>\n\t<meta property=\"og:image:height\" content=\"315\" \/>\n\t<meta property=\"og:image:type\" content=\"image\/jpeg\" \/>\n<meta name=\"author\" content=\"favorite-news\" \/>\n<meta name=\"twitter:card\" content=\"summary_large_image\" \/>\n<meta name=\"twitter:label1\" content=\"Escrito por\" \/>\n\t<meta name=\"twitter:data1\" content=\"favorite-news\" \/>\n\t<meta name=\"twitter:label2\" content=\"Tiempo de lectura\" \/>\n\t<meta name=\"twitter:data2\" content=\"2 minutos\" \/>\n<script type=\"application\/ld+json\" class=\"yoast-schema-graph\">{\"@context\":\"https:\\\/\\\/schema.org\",\"@graph\":[{\"@type\":\"Article\",\"@id\":\"https:\\\/\\\/favorite-news.com\\\/es\\\/las-empresas-de-eeuu-se-muestran-optimistas-a-pesar-de-la-guerra-comercial-segun-la-fed\\\/#article\",\"isPartOf\":{\"@id\":\"https:\\\/\\\/favorite-news.com\\\/es\\\/las-empresas-de-eeuu-se-muestran-optimistas-a-pesar-de-la-guerra-comercial-segun-la-fed\\\/\"},\"author\":{\"name\":\"favorite-news\",\"@id\":\"https:\\\/\\\/favorite-news.com\\\/es\\\/#\\\/schema\\\/person\\\/b91573b717dcfa5e4696032a9d28d3e8\"},\"headline\":\"Las empresas de EEUU se muestran \u00aboptimistas\u00bb a pesar de la guerra comercial, seg\u00fan la Fed\",\"datePublished\":\"2019-09-04T19:57:19+00:00\",\"dateModified\":\"2019-09-04T19:57:20+00:00\",\"mainEntityOfPage\":{\"@id\":\"https:\\\/\\\/favorite-news.com\\\/es\\\/las-empresas-de-eeuu-se-muestran-optimistas-a-pesar-de-la-guerra-comercial-segun-la-fed\\\/\"},\"wordCount\":339,\"commentCount\":0,\"image\":{\"@id\":\"https:\\\/\\\/favorite-news.com\\\/es\\\/las-empresas-de-eeuu-se-muestran-optimistas-a-pesar-de-la-guerra-comercial-segun-la-fed\\\/#primaryimage\"},\"thumbnailUrl\":\"https:\\\/\\\/favorite-news.com\\\/es\\\/wp-content\\\/uploads\\\/sites\\\/4\\\/2019\\\/09\\\/Las-empresas-de-EEUU-se-muestran-optimistas-a-pesar-de.jpg\",\"articleSection\":[\"NOTICIAS FINANCIERAS\"],\"inLanguage\":\"es\",\"potentialAction\":[{\"@type\":\"CommentAction\",\"name\":\"Comment\",\"target\":[\"https:\\\/\\\/favorite-news.com\\\/es\\\/las-empresas-de-eeuu-se-muestran-optimistas-a-pesar-de-la-guerra-comercial-segun-la-fed\\\/#respond\"]}]},{\"@type\":\"WebPage\",\"@id\":\"https:\\\/\\\/favorite-news.com\\\/es\\\/las-empresas-de-eeuu-se-muestran-optimistas-a-pesar-de-la-guerra-comercial-segun-la-fed\\\/\",\"url\":\"https:\\\/\\\/favorite-news.com\\\/es\\\/las-empresas-de-eeuu-se-muestran-optimistas-a-pesar-de-la-guerra-comercial-segun-la-fed\\\/\",\"name\":\"Las empresas de EEUU se muestran \\\"optimistas\\\" a pesar de la guerra comercial, seg\u00fan la Fed - Favorite News\",\"isPartOf\":{\"@id\":\"https:\\\/\\\/favorite-news.com\\\/es\\\/#website\"},\"primaryImageOfPage\":{\"@id\":\"https:\\\/\\\/favorite-news.com\\\/es\\\/las-empresas-de-eeuu-se-muestran-optimistas-a-pesar-de-la-guerra-comercial-segun-la-fed\\\/#primaryimage\"},\"image\":{\"@id\":\"https:\\\/\\\/favorite-news.com\\\/es\\\/las-empresas-de-eeuu-se-muestran-optimistas-a-pesar-de-la-guerra-comercial-segun-la-fed\\\/#primaryimage\"},\"thumbnailUrl\":\"https:\\\/\\\/favorite-news.com\\\/es\\\/wp-content\\\/uploads\\\/sites\\\/4\\\/2019\\\/09\\\/Las-empresas-de-EEUU-se-muestran-optimistas-a-pesar-de.jpg\",\"datePublished\":\"2019-09-04T19:57:19+00:00\",\"dateModified\":\"2019-09-04T19:57:20+00:00\",\"author\":{\"@id\":\"https:\\\/\\\/favorite-news.com\\\/es\\\/#\\\/schema\\\/person\\\/b91573b717dcfa5e4696032a9d28d3e8\"},\"breadcrumb\":{\"@id\":\"https:\\\/\\\/favorite-news.com\\\/es\\\/las-empresas-de-eeuu-se-muestran-optimistas-a-pesar-de-la-guerra-comercial-segun-la-fed\\\/#breadcrumb\"},\"inLanguage\":\"es\",\"potentialAction\":[{\"@type\":\"ReadAction\",\"target\":[\"https:\\\/\\\/favorite-news.com\\\/es\\\/las-empresas-de-eeuu-se-muestran-optimistas-a-pesar-de-la-guerra-comercial-segun-la-fed\\\/\"]}]},{\"@type\":\"ImageObject\",\"inLanguage\":\"es\",\"@id\":\"https:\\\/\\\/favorite-news.com\\\/es\\\/las-empresas-de-eeuu-se-muestran-optimistas-a-pesar-de-la-guerra-comercial-segun-la-fed\\\/#primaryimage\",\"url\":\"https:\\\/\\\/favorite-news.com\\\/es\\\/wp-content\\\/uploads\\\/sites\\\/4\\\/2019\\\/09\\\/Las-empresas-de-EEUU-se-muestran-optimistas-a-pesar-de.jpg\",\"contentUrl\":\"https:\\\/\\\/favorite-news.com\\\/es\\\/wp-content\\\/uploads\\\/sites\\\/4\\\/2019\\\/09\\\/Las-empresas-de-EEUU-se-muestran-optimistas-a-pesar-de.jpg\",\"width\":600,\"height\":315,\"caption\":\"Las empresas de EEUU se muestran \\\"optimistas\\\" a pesar de la guerra comercial, seg\u00fan la Fed\"},{\"@type\":\"BreadcrumbList\",\"@id\":\"https:\\\/\\\/favorite-news.com\\\/es\\\/las-empresas-de-eeuu-se-muestran-optimistas-a-pesar-de-la-guerra-comercial-segun-la-fed\\\/#breadcrumb\",\"itemListElement\":[{\"@type\":\"ListItem\",\"position\":1,\"name\":\"Home\",\"item\":\"https:\\\/\\\/favorite-news.com\\\/es\\\/\"},{\"@type\":\"ListItem\",\"position\":2,\"name\":\"Las empresas de EEUU se muestran \u00aboptimistas\u00bb a pesar de la guerra comercial, seg\u00fan la Fed\"}]},{\"@type\":\"WebSite\",\"@id\":\"https:\\\/\\\/favorite-news.com\\\/es\\\/#website\",\"url\":\"https:\\\/\\\/favorite-news.com\\\/es\\\/\",\"name\":\"Favorite News\",\"description\":\"Favorite News Espa\u00f1a\",\"potentialAction\":[{\"@type\":\"SearchAction\",\"target\":{\"@type\":\"EntryPoint\",\"urlTemplate\":\"https:\\\/\\\/favorite-news.com\\\/es\\\/?s={search_term_string}\"},\"query-input\":{\"@type\":\"PropertyValueSpecification\",\"valueRequired\":true,\"valueName\":\"search_term_string\"}}],\"inLanguage\":\"es\"},{\"@type\":\"Person\",\"@id\":\"https:\\\/\\\/favorite-news.com\\\/es\\\/#\\\/schema\\\/person\\\/b91573b717dcfa5e4696032a9d28d3e8\",\"name\":\"favorite-news\",\"image\":{\"@type\":\"ImageObject\",\"inLanguage\":\"es\",\"@id\":\"https:\\\/\\\/secure.gravatar.com\\\/avatar\\\/6c5a5cb12b74e9d517ee91cf570335b7d16177f1977cc91db161adfa435945a7?s=96&d=mm&r=g\",\"url\":\"https:\\\/\\\/secure.gravatar.com\\\/avatar\\\/6c5a5cb12b74e9d517ee91cf570335b7d16177f1977cc91db161adfa435945a7?s=96&d=mm&r=g\",\"contentUrl\":\"https:\\\/\\\/secure.gravatar.com\\\/avatar\\\/6c5a5cb12b74e9d517ee91cf570335b7d16177f1977cc91db161adfa435945a7?s=96&d=mm&r=g\",\"caption\":\"favorite-news\"},\"url\":\"https:\\\/\\\/favorite-news.com\\\/es\\\/author\\\/pt\\\/\"}]}<\/script>\n<!-- \/ Yoast SEO plugin. -->","yoast_head_json":{"title":"Las empresas de EEUU se muestran \"optimistas\" a pesar de la guerra comercial, seg\u00fan la Fed - Favorite News","robots":{"index":"index","follow":"follow","max-snippet":"max-snippet:-1","max-image-preview":"max-image-preview:large","max-video-preview":"max-video-preview:-1"},"canonical":"https:\/\/favorite-news.com\/es\/las-empresas-de-eeuu-se-muestran-optimistas-a-pesar-de-la-guerra-comercial-segun-la-fed\/","og_locale":"es_ES","og_type":"article","og_title":"Las empresas de EEUU se muestran \"optimistas\" a pesar de la guerra comercial, seg\u00fan la Fed - Favorite News","og_description":"[ad_1] El Libro Beige de la Reserva Federal (Fed), documento que proporciona una evaluaci\u00f3n de la econom\u00eda detallada por los doce bancos centrales regionales estadounidenses con informaci\u00f3n recopilada antes del pasado 23 de agosto, ha asegurado que las empresas de Estados Unidos se muestran \u00aboptimistas\u00bb pese a la guerra comercial. \u00abA pesar de que las [&hellip;]","og_url":"https:\/\/favorite-news.com\/es\/las-empresas-de-eeuu-se-muestran-optimistas-a-pesar-de-la-guerra-comercial-segun-la-fed\/","og_site_name":"Favorite News","article_published_time":"2019-09-04T19:57:19+00:00","article_modified_time":"2019-09-04T19:57:20+00:00","og_image":[{"width":600,"height":315,"url":"https:\/\/favorite-news.com\/es\/wp-content\/uploads\/sites\/4\/2019\/09\/Las-empresas-de-EEUU-se-muestran-optimistas-a-pesar-de.jpg","type":"image\/jpeg"}],"author":"favorite-news","twitter_card":"summary_large_image","twitter_misc":{"Escrito por":"favorite-news","Tiempo de lectura":"2 minutos"},"schema":{"@context":"https:\/\/schema.org","@graph":[{"@type":"Article","@id":"https:\/\/favorite-news.com\/es\/las-empresas-de-eeuu-se-muestran-optimistas-a-pesar-de-la-guerra-comercial-segun-la-fed\/#article","isPartOf":{"@id":"https:\/\/favorite-news.com\/es\/las-empresas-de-eeuu-se-muestran-optimistas-a-pesar-de-la-guerra-comercial-segun-la-fed\/"},"author":{"name":"favorite-news","@id":"https:\/\/favorite-news.com\/es\/#\/schema\/person\/b91573b717dcfa5e4696032a9d28d3e8"},"headline":"Las empresas de EEUU se muestran \u00aboptimistas\u00bb a pesar de la guerra comercial, seg\u00fan la Fed","datePublished":"2019-09-04T19:57:19+00:00","dateModified":"2019-09-04T19:57:20+00:00","mainEntityOfPage":{"@id":"https:\/\/favorite-news.com\/es\/las-empresas-de-eeuu-se-muestran-optimistas-a-pesar-de-la-guerra-comercial-segun-la-fed\/"},"wordCount":339,"commentCount":0,"image":{"@id":"https:\/\/favorite-news.com\/es\/las-empresas-de-eeuu-se-muestran-optimistas-a-pesar-de-la-guerra-comercial-segun-la-fed\/#primaryimage"},"thumbnailUrl":"https:\/\/favorite-news.com\/es\/wp-content\/uploads\/sites\/4\/2019\/09\/Las-empresas-de-EEUU-se-muestran-optimistas-a-pesar-de.jpg","articleSection":["NOTICIAS FINANCIERAS"],"inLanguage":"es","potentialAction":[{"@type":"CommentAction","name":"Comment","target":["https:\/\/favorite-news.com\/es\/las-empresas-de-eeuu-se-muestran-optimistas-a-pesar-de-la-guerra-comercial-segun-la-fed\/#respond"]}]},{"@type":"WebPage","@id":"https:\/\/favorite-news.com\/es\/las-empresas-de-eeuu-se-muestran-optimistas-a-pesar-de-la-guerra-comercial-segun-la-fed\/","url":"https:\/\/favorite-news.com\/es\/las-empresas-de-eeuu-se-muestran-optimistas-a-pesar-de-la-guerra-comercial-segun-la-fed\/","name":"Las empresas de EEUU se muestran \"optimistas\" a pesar de la guerra comercial, seg\u00fan la Fed - Favorite News","isPartOf":{"@id":"https:\/\/favorite-news.com\/es\/#website"},"primaryImageOfPage":{"@id":"https:\/\/favorite-news.com\/es\/las-empresas-de-eeuu-se-muestran-optimistas-a-pesar-de-la-guerra-comercial-segun-la-fed\/#primaryimage"},"image":{"@id":"https:\/\/favorite-news.com\/es\/las-empresas-de-eeuu-se-muestran-optimistas-a-pesar-de-la-guerra-comercial-segun-la-fed\/#primaryimage"},"thumbnailUrl":"https:\/\/favorite-news.com\/es\/wp-content\/uploads\/sites\/4\/2019\/09\/Las-empresas-de-EEUU-se-muestran-optimistas-a-pesar-de.jpg","datePublished":"2019-09-04T19:57:19+00:00","dateModified":"2019-09-04T19:57:20+00:00","author":{"@id":"https:\/\/favorite-news.com\/es\/#\/schema\/person\/b91573b717dcfa5e4696032a9d28d3e8"},"breadcrumb":{"@id":"https:\/\/favorite-news.com\/es\/las-empresas-de-eeuu-se-muestran-optimistas-a-pesar-de-la-guerra-comercial-segun-la-fed\/#breadcrumb"},"inLanguage":"es","potentialAction":[{"@type":"ReadAction","target":["https:\/\/favorite-news.com\/es\/las-empresas-de-eeuu-se-muestran-optimistas-a-pesar-de-la-guerra-comercial-segun-la-fed\/"]}]},{"@type":"ImageObject","inLanguage":"es","@id":"https:\/\/favorite-news.com\/es\/las-empresas-de-eeuu-se-muestran-optimistas-a-pesar-de-la-guerra-comercial-segun-la-fed\/#primaryimage","url":"https:\/\/favorite-news.com\/es\/wp-content\/uploads\/sites\/4\/2019\/09\/Las-empresas-de-EEUU-se-muestran-optimistas-a-pesar-de.jpg","contentUrl":"https:\/\/favorite-news.com\/es\/wp-content\/uploads\/sites\/4\/2019\/09\/Las-empresas-de-EEUU-se-muestran-optimistas-a-pesar-de.jpg","width":600,"height":315,"caption":"Las empresas de EEUU se muestran \"optimistas\" a pesar de la guerra comercial, seg\u00fan la Fed"},{"@type":"BreadcrumbList","@id":"https:\/\/favorite-news.com\/es\/las-empresas-de-eeuu-se-muestran-optimistas-a-pesar-de-la-guerra-comercial-segun-la-fed\/#breadcrumb","itemListElement":[{"@type":"ListItem","position":1,"name":"Home","item":"https:\/\/favorite-news.com\/es\/"},{"@type":"ListItem","position":2,"name":"Las empresas de EEUU se muestran \u00aboptimistas\u00bb a pesar de la guerra comercial, seg\u00fan la Fed"}]},{"@type":"WebSite","@id":"https:\/\/favorite-news.com\/es\/#website","url":"https:\/\/favorite-news.com\/es\/","name":"Favorite News","description":"Favorite News Espa\u00f1a","potentialAction":[{"@type":"SearchAction","target":{"@type":"EntryPoint","urlTemplate":"https:\/\/favorite-news.com\/es\/?s={search_term_string}"},"query-input":{"@type":"PropertyValueSpecification","valueRequired":true,"valueName":"search_term_string"}}],"inLanguage":"es"},{"@type":"Person","@id":"https:\/\/favorite-news.com\/es\/#\/schema\/person\/b91573b717dcfa5e4696032a9d28d3e8","name":"favorite-news","image":{"@type":"ImageObject","inLanguage":"es","@id":"https:\/\/secure.gravatar.com\/avatar\/6c5a5cb12b74e9d517ee91cf570335b7d16177f1977cc91db161adfa435945a7?s=96&d=mm&r=g","url":"https:\/\/secure.gravatar.com\/avatar\/6c5a5cb12b74e9d517ee91cf570335b7d16177f1977cc91db161adfa435945a7?s=96&d=mm&r=g","contentUrl":"https:\/\/secure.gravatar.com\/avatar\/6c5a5cb12b74e9d517ee91cf570335b7d16177f1977cc91db161adfa435945a7?s=96&d=mm&r=g","caption":"favorite-news"},"url":"https:\/\/favorite-news.com\/es\/author\/pt\/"}]}},"_links":{"self":[{"href":"https:\/\/favorite-news.com\/es\/wp-json\/wp\/v2\/posts\/4130","targetHints":{"allow":["GET"]}}],"collection":[{"href":"https:\/\/favorite-news.com\/es\/wp-json\/wp\/v2\/posts"}],"about":[{"href":"https:\/\/favorite-news.com\/es\/wp-json\/wp\/v2\/types\/post"}],"author":[{"embeddable":true,"href":"https:\/\/favorite-news.com\/es\/wp-json\/wp\/v2\/users\/2"}],"replies":[{"embeddable":true,"href":"https:\/\/favorite-news.com\/es\/wp-json\/wp\/v2\/comments?post=4130"}],"version-history":[{"count":1,"href":"https:\/\/favorite-news.com\/es\/wp-json\/wp\/v2\/posts\/4130\/revisions"}],"predecessor-version":[{"id":4132,"href":"https:\/\/favorite-news.com\/es\/wp-json\/wp\/v2\/posts\/4130\/revisions\/4132"}],"wp:featuredmedia":[{"embeddable":true,"href":"https:\/\/favorite-news.com\/es\/wp-json\/wp\/v2\/media\/4131"}],"wp:attachment":[{"href":"https:\/\/favorite-news.com\/es\/wp-json\/wp\/v2\/media?parent=4130"}],"wp:term":[{"taxonomy":"category","embeddable":true,"href":"https:\/\/favorite-news.com\/es\/wp-json\/wp\/v2\/categories?post=4130"},{"taxonomy":"post_tag","embeddable":true,"href":"https:\/\/favorite-news.com\/es\/wp-json\/wp\/v2\/tags?post=4130"}],"curies":[{"name":"wp","href":"https:\/\/api.w.org\/{rel}","templated":true}]}}