{"id":4100,"date":"2019-09-04T13:24:26","date_gmt":"2019-09-04T10:24:26","guid":{"rendered":"https:\/\/favorite-news.com\/es\/la-fifa-presenta-en-espana-el-logo-oficial-del-mundial-de-futbol-qatar-2022-marcas\/"},"modified":"2019-09-04T13:24:26","modified_gmt":"2019-09-04T10:24:26","slug":"la-fifa-presenta-en-espana-el-logo-oficial-del-mundial-de-futbol-qatar-2022-marcas","status":"publish","type":"post","link":"https:\/\/favorite-news.com\/es\/la-fifa-presenta-en-espana-el-logo-oficial-del-mundial-de-futbol-qatar-2022-marcas\/","title":{"rendered":"La FIFA presenta en Espa\u00f1a el logo oficial del Mundial de F\u00fatbol Qatar 2022 | Marcas"},"content":{"rendered":"<p> [ad_1]<br \/>\n<\/p>\n<div id=\"bodyDetail\">\n<figure class=\"center\">\n<div class=\"imagen\"><\/div><figcaption>Los Cines Callao est\u00e1n situados en pleno coraz\u00f3n de Madrid, en la plaza del Callao, la tercera m\u00e1s transitada de Europa y la de m\u00e1s tr\u00e1fico de Espa\u00f1a.<\/figcaption><\/figure>\n<p>El emblema fue presentado simult\u00e1neamente en las fachadas de los principales edificios y otros puntos de referencia de 25 pa\u00edses del mundo. Concretamente, a las 19.22 (hora local espa\u00f1ola) de ayer,\u00a0 3 de septiembre, d\u00eda en el que se conmemora la independencia de Qatar.<\/p>\n<p>En Espa\u00f1a, el logo se proyectar\u00e1 m\u00e1s de mil veces al d\u00eda en las dos pantallas de Callao City Lights en una acci\u00f3n, gestionada por la agencia de medios MediaKeys, que se prolongar\u00e1 hasta el pr\u00f3ximo 10 de septiembre. Adem\u00e1s de Madrid, las ciudades elegidas para la presentaci\u00f3n del emblema del Mundial han sido, entre otras, Nueva York, Buenos Aires, Sao Paulo, Santiago de Chile, Ciudad de M\u00e9xico, Johannesburgo, Londres, Par\u00eds, Berl\u00edn, as\u00ed como en Mil\u00e1n, Mosc\u00fa, Mumbai, Se\u00fal, Kuwait, Beirut, Argel, Rabat, Bagdad y, por supuesto, Doha, la capital qatar\u00ed.<\/p>\n<h4>Las dunas, el ocho y el s\u00edmbolo del infinito<\/h4>\n<p>El logotipo de Qatar FIFA World Cup 2022 representa al emblem\u00e1tico trofeo del Mundial de F\u00fatbol con una apariencia que recuerda a las ondulaciones de las dunas del desierto, al n\u00famero ocho, la cifra de estadios asombrosos que albergar\u00e1n los partidos de la competici\u00f3n, y al s\u00edmbolo de infinito, como reflejo de la naturaleza interconectada del evento. Adem\u00e1s de emular la silueta de la copa, la forma central del emblema recuerda tambi\u00e9n a un chal de lana tradicional, con sus t\u00edpicos bordados, prenda muy utilizada en la regi\u00f3n \u00e1rabe y del Golfo, en particular.<\/p>\n<p>Los colores elegidos para la ocasi\u00f3n son los de la bandera qatar\u00ed, berenjena y plata, y la tipograf\u00eda creada reinterpreta la caligraf\u00eda \u00e1rabe tradicional en una fuente nueva y contempor\u00e1nea, inspirada en la regi\u00f3n y Asia, fusionando la tradici\u00f3n con la modernidad.<\/p>\n<figure class=\"center\">\n<div class=\"imagen\"><img decoding=\"async\" src=\"https:\/\/favorite-news.com\/es\/wp-content\/uploads\/sites\/4\/2019\/09\/1567592666_266_La-FIFA-presenta-en-Espana-el-logo-oficial-del-Mundial.jpg\" alt=\"Callao City Lights es pionera en publicidad digital de gran formato en centros urbanos, gracias a sus dos grandes pantallas exteriores en los Cines Callao. \" title=\"Callao City Lights es pionera en publicidad digital de gran formato en centros urbanos, gracias a sus dos grandes pantallas exteriores en los Cines Callao. \"\/><\/div><figcaption>Callao City Lights es pionera en publicidad digital de gran formato en centros urbanos, gracias a sus dos grandes pantallas exteriores en los Cines Callao. <\/figcaption><\/figure>\n<\/div>\n<p>[ad_2]<br \/>\n<br \/><a href=\"http:\/\/www.marketingnews.es\/marcas\/noticia\/1144281054305\/fifa-presenta-espana-logo-oficial-del-mundial-de-futbol-qatar-2022.1.html\">Source link <\/a><\/p>\n","protected":false},"excerpt":{"rendered":"<p>[ad_1] Los Cines Callao est\u00e1n situados en pleno coraz\u00f3n de Madrid, en la plaza del Callao, la tercera m\u00e1s transitada de Europa y la de m\u00e1s tr\u00e1fico de Espa\u00f1a. El emblema fue presentado simult\u00e1neamente en las fachadas de los principales edificios y otros puntos de referencia de 25 pa\u00edses del mundo. Concretamente, a las 19.22 [&hellip;]<\/p>\n","protected":false},"author":2,"featured_media":4101,"comment_status":"open","ping_status":"open","sticky":false,"template":"","format":"standard","meta":{"footnotes":""},"categories":[2],"tags":[],"class_list":["post-4100","post","type-post","status-publish","format-standard","has-post-thumbnail","hentry","category-noticias-de-internet-marketing"],"yoast_head":"<!-- This site is optimized with the Yoast SEO plugin v27.4 - https:\/\/yoast.com\/product\/yoast-seo-wordpress\/ -->\n<title>La FIFA presenta en Espa\u00f1a el logo oficial del Mundial de F\u00fatbol Qatar 2022 | Marcas - Favorite News<\/title>\n<meta name=\"robots\" content=\"index, follow, max-snippet:-1, max-image-preview:large, max-video-preview:-1\" \/>\n<link rel=\"canonical\" href=\"https:\/\/favorite-news.com\/es\/la-fifa-presenta-en-espana-el-logo-oficial-del-mundial-de-futbol-qatar-2022-marcas\/\" \/>\n<meta property=\"og:locale\" content=\"es_ES\" \/>\n<meta property=\"og:type\" content=\"article\" \/>\n<meta property=\"og:title\" content=\"La FIFA presenta en Espa\u00f1a el logo oficial del Mundial de F\u00fatbol Qatar 2022 | Marcas - Favorite News\" \/>\n<meta property=\"og:description\" content=\"[ad_1] Los Cines Callao est\u00e1n situados en pleno coraz\u00f3n de Madrid, en la plaza del Callao, la tercera m\u00e1s transitada de Europa y la de m\u00e1s tr\u00e1fico de Espa\u00f1a. El emblema fue presentado simult\u00e1neamente en las fachadas de los principales edificios y otros puntos de referencia de 25 pa\u00edses del mundo. Concretamente, a las 19.22 [&hellip;]\" \/>\n<meta property=\"og:url\" content=\"https:\/\/favorite-news.com\/es\/la-fifa-presenta-en-espana-el-logo-oficial-del-mundial-de-futbol-qatar-2022-marcas\/\" \/>\n<meta property=\"og:site_name\" content=\"Favorite News\" \/>\n<meta property=\"article:published_time\" content=\"2019-09-04T10:24:26+00:00\" \/>\n<meta property=\"og:image\" content=\"https:\/\/favorite-news.com\/es\/wp-content\/uploads\/sites\/4\/2019\/09\/La-FIFA-presenta-en-Espa\u00f1a-el-logo-oficial-del-Mundial.jpg\" \/>\n\t<meta property=\"og:image:width\" content=\"530\" \/>\n\t<meta property=\"og:image:height\" content=\"298\" \/>\n\t<meta property=\"og:image:type\" content=\"image\/jpeg\" \/>\n<meta name=\"author\" content=\"favorite-news\" \/>\n<meta name=\"twitter:card\" content=\"summary_large_image\" \/>\n<meta name=\"twitter:label1\" content=\"Escrito por\" \/>\n\t<meta name=\"twitter:data1\" content=\"favorite-news\" \/>\n\t<meta name=\"twitter:label2\" content=\"Tiempo de lectura\" \/>\n\t<meta name=\"twitter:data2\" content=\"2 minutos\" \/>\n<script type=\"application\/ld+json\" class=\"yoast-schema-graph\">{\"@context\":\"https:\\\/\\\/schema.org\",\"@graph\":[{\"@type\":\"Article\",\"@id\":\"https:\\\/\\\/favorite-news.com\\\/es\\\/la-fifa-presenta-en-espana-el-logo-oficial-del-mundial-de-futbol-qatar-2022-marcas\\\/#article\",\"isPartOf\":{\"@id\":\"https:\\\/\\\/favorite-news.com\\\/es\\\/la-fifa-presenta-en-espana-el-logo-oficial-del-mundial-de-futbol-qatar-2022-marcas\\\/\"},\"author\":{\"name\":\"favorite-news\",\"@id\":\"https:\\\/\\\/favorite-news.com\\\/es\\\/#\\\/schema\\\/person\\\/b91573b717dcfa5e4696032a9d28d3e8\"},\"headline\":\"La FIFA presenta en Espa\u00f1a el logo oficial del Mundial de F\u00fatbol Qatar 2022 | Marcas\",\"datePublished\":\"2019-09-04T10:24:26+00:00\",\"mainEntityOfPage\":{\"@id\":\"https:\\\/\\\/favorite-news.com\\\/es\\\/la-fifa-presenta-en-espana-el-logo-oficial-del-mundial-de-futbol-qatar-2022-marcas\\\/\"},\"wordCount\":387,\"commentCount\":0,\"image\":{\"@id\":\"https:\\\/\\\/favorite-news.com\\\/es\\\/la-fifa-presenta-en-espana-el-logo-oficial-del-mundial-de-futbol-qatar-2022-marcas\\\/#primaryimage\"},\"thumbnailUrl\":\"https:\\\/\\\/favorite-news.com\\\/es\\\/wp-content\\\/uploads\\\/sites\\\/4\\\/2019\\\/09\\\/La-FIFA-presenta-en-Espa\u00f1a-el-logo-oficial-del-Mundial.jpg\",\"articleSection\":[\"NOTICIAS DE INTERNET MARKETING\"],\"inLanguage\":\"es\",\"potentialAction\":[{\"@type\":\"CommentAction\",\"name\":\"Comment\",\"target\":[\"https:\\\/\\\/favorite-news.com\\\/es\\\/la-fifa-presenta-en-espana-el-logo-oficial-del-mundial-de-futbol-qatar-2022-marcas\\\/#respond\"]}]},{\"@type\":\"WebPage\",\"@id\":\"https:\\\/\\\/favorite-news.com\\\/es\\\/la-fifa-presenta-en-espana-el-logo-oficial-del-mundial-de-futbol-qatar-2022-marcas\\\/\",\"url\":\"https:\\\/\\\/favorite-news.com\\\/es\\\/la-fifa-presenta-en-espana-el-logo-oficial-del-mundial-de-futbol-qatar-2022-marcas\\\/\",\"name\":\"La FIFA presenta en Espa\u00f1a el logo oficial del Mundial de F\u00fatbol Qatar 2022 | Marcas - Favorite News\",\"isPartOf\":{\"@id\":\"https:\\\/\\\/favorite-news.com\\\/es\\\/#website\"},\"primaryImageOfPage\":{\"@id\":\"https:\\\/\\\/favorite-news.com\\\/es\\\/la-fifa-presenta-en-espana-el-logo-oficial-del-mundial-de-futbol-qatar-2022-marcas\\\/#primaryimage\"},\"image\":{\"@id\":\"https:\\\/\\\/favorite-news.com\\\/es\\\/la-fifa-presenta-en-espana-el-logo-oficial-del-mundial-de-futbol-qatar-2022-marcas\\\/#primaryimage\"},\"thumbnailUrl\":\"https:\\\/\\\/favorite-news.com\\\/es\\\/wp-content\\\/uploads\\\/sites\\\/4\\\/2019\\\/09\\\/La-FIFA-presenta-en-Espa\u00f1a-el-logo-oficial-del-Mundial.jpg\",\"datePublished\":\"2019-09-04T10:24:26+00:00\",\"author\":{\"@id\":\"https:\\\/\\\/favorite-news.com\\\/es\\\/#\\\/schema\\\/person\\\/b91573b717dcfa5e4696032a9d28d3e8\"},\"breadcrumb\":{\"@id\":\"https:\\\/\\\/favorite-news.com\\\/es\\\/la-fifa-presenta-en-espana-el-logo-oficial-del-mundial-de-futbol-qatar-2022-marcas\\\/#breadcrumb\"},\"inLanguage\":\"es\",\"potentialAction\":[{\"@type\":\"ReadAction\",\"target\":[\"https:\\\/\\\/favorite-news.com\\\/es\\\/la-fifa-presenta-en-espana-el-logo-oficial-del-mundial-de-futbol-qatar-2022-marcas\\\/\"]}]},{\"@type\":\"ImageObject\",\"inLanguage\":\"es\",\"@id\":\"https:\\\/\\\/favorite-news.com\\\/es\\\/la-fifa-presenta-en-espana-el-logo-oficial-del-mundial-de-futbol-qatar-2022-marcas\\\/#primaryimage\",\"url\":\"https:\\\/\\\/favorite-news.com\\\/es\\\/wp-content\\\/uploads\\\/sites\\\/4\\\/2019\\\/09\\\/La-FIFA-presenta-en-Espa\u00f1a-el-logo-oficial-del-Mundial.jpg\",\"contentUrl\":\"https:\\\/\\\/favorite-news.com\\\/es\\\/wp-content\\\/uploads\\\/sites\\\/4\\\/2019\\\/09\\\/La-FIFA-presenta-en-Espa\u00f1a-el-logo-oficial-del-Mundial.jpg\",\"width\":530,\"height\":298,\"caption\":\"La FIFA presenta en Espa\u00f1a el logo oficial del Mundial de F\u00fatbol Qatar 2022 | Marcas\"},{\"@type\":\"BreadcrumbList\",\"@id\":\"https:\\\/\\\/favorite-news.com\\\/es\\\/la-fifa-presenta-en-espana-el-logo-oficial-del-mundial-de-futbol-qatar-2022-marcas\\\/#breadcrumb\",\"itemListElement\":[{\"@type\":\"ListItem\",\"position\":1,\"name\":\"Home\",\"item\":\"https:\\\/\\\/favorite-news.com\\\/es\\\/\"},{\"@type\":\"ListItem\",\"position\":2,\"name\":\"La FIFA presenta en Espa\u00f1a el logo oficial del Mundial de F\u00fatbol Qatar 2022 | Marcas\"}]},{\"@type\":\"WebSite\",\"@id\":\"https:\\\/\\\/favorite-news.com\\\/es\\\/#website\",\"url\":\"https:\\\/\\\/favorite-news.com\\\/es\\\/\",\"name\":\"Favorite News\",\"description\":\"Favorite News Espa\u00f1a\",\"potentialAction\":[{\"@type\":\"SearchAction\",\"target\":{\"@type\":\"EntryPoint\",\"urlTemplate\":\"https:\\\/\\\/favorite-news.com\\\/es\\\/?s={search_term_string}\"},\"query-input\":{\"@type\":\"PropertyValueSpecification\",\"valueRequired\":true,\"valueName\":\"search_term_string\"}}],\"inLanguage\":\"es\"},{\"@type\":\"Person\",\"@id\":\"https:\\\/\\\/favorite-news.com\\\/es\\\/#\\\/schema\\\/person\\\/b91573b717dcfa5e4696032a9d28d3e8\",\"name\":\"favorite-news\",\"image\":{\"@type\":\"ImageObject\",\"inLanguage\":\"es\",\"@id\":\"https:\\\/\\\/secure.gravatar.com\\\/avatar\\\/6c5a5cb12b74e9d517ee91cf570335b7d16177f1977cc91db161adfa435945a7?s=96&d=mm&r=g\",\"url\":\"https:\\\/\\\/secure.gravatar.com\\\/avatar\\\/6c5a5cb12b74e9d517ee91cf570335b7d16177f1977cc91db161adfa435945a7?s=96&d=mm&r=g\",\"contentUrl\":\"https:\\\/\\\/secure.gravatar.com\\\/avatar\\\/6c5a5cb12b74e9d517ee91cf570335b7d16177f1977cc91db161adfa435945a7?s=96&d=mm&r=g\",\"caption\":\"favorite-news\"},\"url\":\"https:\\\/\\\/favorite-news.com\\\/es\\\/author\\\/pt\\\/\"}]}<\/script>\n<!-- \/ Yoast SEO plugin. -->","yoast_head_json":{"title":"La FIFA presenta en Espa\u00f1a el logo oficial del Mundial de F\u00fatbol Qatar 2022 | Marcas - Favorite News","robots":{"index":"index","follow":"follow","max-snippet":"max-snippet:-1","max-image-preview":"max-image-preview:large","max-video-preview":"max-video-preview:-1"},"canonical":"https:\/\/favorite-news.com\/es\/la-fifa-presenta-en-espana-el-logo-oficial-del-mundial-de-futbol-qatar-2022-marcas\/","og_locale":"es_ES","og_type":"article","og_title":"La FIFA presenta en Espa\u00f1a el logo oficial del Mundial de F\u00fatbol Qatar 2022 | Marcas - Favorite News","og_description":"[ad_1] Los Cines Callao est\u00e1n situados en pleno coraz\u00f3n de Madrid, en la plaza del Callao, la tercera m\u00e1s transitada de Europa y la de m\u00e1s tr\u00e1fico de Espa\u00f1a. El emblema fue presentado simult\u00e1neamente en las fachadas de los principales edificios y otros puntos de referencia de 25 pa\u00edses del mundo. Concretamente, a las 19.22 [&hellip;]","og_url":"https:\/\/favorite-news.com\/es\/la-fifa-presenta-en-espana-el-logo-oficial-del-mundial-de-futbol-qatar-2022-marcas\/","og_site_name":"Favorite News","article_published_time":"2019-09-04T10:24:26+00:00","og_image":[{"width":530,"height":298,"url":"https:\/\/favorite-news.com\/es\/wp-content\/uploads\/sites\/4\/2019\/09\/La-FIFA-presenta-en-Espa\u00f1a-el-logo-oficial-del-Mundial.jpg","type":"image\/jpeg"}],"author":"favorite-news","twitter_card":"summary_large_image","twitter_misc":{"Escrito por":"favorite-news","Tiempo de lectura":"2 minutos"},"schema":{"@context":"https:\/\/schema.org","@graph":[{"@type":"Article","@id":"https:\/\/favorite-news.com\/es\/la-fifa-presenta-en-espana-el-logo-oficial-del-mundial-de-futbol-qatar-2022-marcas\/#article","isPartOf":{"@id":"https:\/\/favorite-news.com\/es\/la-fifa-presenta-en-espana-el-logo-oficial-del-mundial-de-futbol-qatar-2022-marcas\/"},"author":{"name":"favorite-news","@id":"https:\/\/favorite-news.com\/es\/#\/schema\/person\/b91573b717dcfa5e4696032a9d28d3e8"},"headline":"La FIFA presenta en Espa\u00f1a el logo oficial del Mundial de F\u00fatbol Qatar 2022 | Marcas","datePublished":"2019-09-04T10:24:26+00:00","mainEntityOfPage":{"@id":"https:\/\/favorite-news.com\/es\/la-fifa-presenta-en-espana-el-logo-oficial-del-mundial-de-futbol-qatar-2022-marcas\/"},"wordCount":387,"commentCount":0,"image":{"@id":"https:\/\/favorite-news.com\/es\/la-fifa-presenta-en-espana-el-logo-oficial-del-mundial-de-futbol-qatar-2022-marcas\/#primaryimage"},"thumbnailUrl":"https:\/\/favorite-news.com\/es\/wp-content\/uploads\/sites\/4\/2019\/09\/La-FIFA-presenta-en-Espa\u00f1a-el-logo-oficial-del-Mundial.jpg","articleSection":["NOTICIAS DE INTERNET MARKETING"],"inLanguage":"es","potentialAction":[{"@type":"CommentAction","name":"Comment","target":["https:\/\/favorite-news.com\/es\/la-fifa-presenta-en-espana-el-logo-oficial-del-mundial-de-futbol-qatar-2022-marcas\/#respond"]}]},{"@type":"WebPage","@id":"https:\/\/favorite-news.com\/es\/la-fifa-presenta-en-espana-el-logo-oficial-del-mundial-de-futbol-qatar-2022-marcas\/","url":"https:\/\/favorite-news.com\/es\/la-fifa-presenta-en-espana-el-logo-oficial-del-mundial-de-futbol-qatar-2022-marcas\/","name":"La FIFA presenta en Espa\u00f1a el logo oficial del Mundial de F\u00fatbol Qatar 2022 | Marcas - Favorite News","isPartOf":{"@id":"https:\/\/favorite-news.com\/es\/#website"},"primaryImageOfPage":{"@id":"https:\/\/favorite-news.com\/es\/la-fifa-presenta-en-espana-el-logo-oficial-del-mundial-de-futbol-qatar-2022-marcas\/#primaryimage"},"image":{"@id":"https:\/\/favorite-news.com\/es\/la-fifa-presenta-en-espana-el-logo-oficial-del-mundial-de-futbol-qatar-2022-marcas\/#primaryimage"},"thumbnailUrl":"https:\/\/favorite-news.com\/es\/wp-content\/uploads\/sites\/4\/2019\/09\/La-FIFA-presenta-en-Espa\u00f1a-el-logo-oficial-del-Mundial.jpg","datePublished":"2019-09-04T10:24:26+00:00","author":{"@id":"https:\/\/favorite-news.com\/es\/#\/schema\/person\/b91573b717dcfa5e4696032a9d28d3e8"},"breadcrumb":{"@id":"https:\/\/favorite-news.com\/es\/la-fifa-presenta-en-espana-el-logo-oficial-del-mundial-de-futbol-qatar-2022-marcas\/#breadcrumb"},"inLanguage":"es","potentialAction":[{"@type":"ReadAction","target":["https:\/\/favorite-news.com\/es\/la-fifa-presenta-en-espana-el-logo-oficial-del-mundial-de-futbol-qatar-2022-marcas\/"]}]},{"@type":"ImageObject","inLanguage":"es","@id":"https:\/\/favorite-news.com\/es\/la-fifa-presenta-en-espana-el-logo-oficial-del-mundial-de-futbol-qatar-2022-marcas\/#primaryimage","url":"https:\/\/favorite-news.com\/es\/wp-content\/uploads\/sites\/4\/2019\/09\/La-FIFA-presenta-en-Espa\u00f1a-el-logo-oficial-del-Mundial.jpg","contentUrl":"https:\/\/favorite-news.com\/es\/wp-content\/uploads\/sites\/4\/2019\/09\/La-FIFA-presenta-en-Espa\u00f1a-el-logo-oficial-del-Mundial.jpg","width":530,"height":298,"caption":"La FIFA presenta en Espa\u00f1a el logo oficial del Mundial de F\u00fatbol Qatar 2022 | Marcas"},{"@type":"BreadcrumbList","@id":"https:\/\/favorite-news.com\/es\/la-fifa-presenta-en-espana-el-logo-oficial-del-mundial-de-futbol-qatar-2022-marcas\/#breadcrumb","itemListElement":[{"@type":"ListItem","position":1,"name":"Home","item":"https:\/\/favorite-news.com\/es\/"},{"@type":"ListItem","position":2,"name":"La FIFA presenta en Espa\u00f1a el logo oficial del Mundial de F\u00fatbol Qatar 2022 | Marcas"}]},{"@type":"WebSite","@id":"https:\/\/favorite-news.com\/es\/#website","url":"https:\/\/favorite-news.com\/es\/","name":"Favorite News","description":"Favorite News Espa\u00f1a","potentialAction":[{"@type":"SearchAction","target":{"@type":"EntryPoint","urlTemplate":"https:\/\/favorite-news.com\/es\/?s={search_term_string}"},"query-input":{"@type":"PropertyValueSpecification","valueRequired":true,"valueName":"search_term_string"}}],"inLanguage":"es"},{"@type":"Person","@id":"https:\/\/favorite-news.com\/es\/#\/schema\/person\/b91573b717dcfa5e4696032a9d28d3e8","name":"favorite-news","image":{"@type":"ImageObject","inLanguage":"es","@id":"https:\/\/secure.gravatar.com\/avatar\/6c5a5cb12b74e9d517ee91cf570335b7d16177f1977cc91db161adfa435945a7?s=96&d=mm&r=g","url":"https:\/\/secure.gravatar.com\/avatar\/6c5a5cb12b74e9d517ee91cf570335b7d16177f1977cc91db161adfa435945a7?s=96&d=mm&r=g","contentUrl":"https:\/\/secure.gravatar.com\/avatar\/6c5a5cb12b74e9d517ee91cf570335b7d16177f1977cc91db161adfa435945a7?s=96&d=mm&r=g","caption":"favorite-news"},"url":"https:\/\/favorite-news.com\/es\/author\/pt\/"}]}},"_links":{"self":[{"href":"https:\/\/favorite-news.com\/es\/wp-json\/wp\/v2\/posts\/4100","targetHints":{"allow":["GET"]}}],"collection":[{"href":"https:\/\/favorite-news.com\/es\/wp-json\/wp\/v2\/posts"}],"about":[{"href":"https:\/\/favorite-news.com\/es\/wp-json\/wp\/v2\/types\/post"}],"author":[{"embeddable":true,"href":"https:\/\/favorite-news.com\/es\/wp-json\/wp\/v2\/users\/2"}],"replies":[{"embeddable":true,"href":"https:\/\/favorite-news.com\/es\/wp-json\/wp\/v2\/comments?post=4100"}],"version-history":[{"count":1,"href":"https:\/\/favorite-news.com\/es\/wp-json\/wp\/v2\/posts\/4100\/revisions"}],"predecessor-version":[{"id":4102,"href":"https:\/\/favorite-news.com\/es\/wp-json\/wp\/v2\/posts\/4100\/revisions\/4102"}],"wp:featuredmedia":[{"embeddable":true,"href":"https:\/\/favorite-news.com\/es\/wp-json\/wp\/v2\/media\/4101"}],"wp:attachment":[{"href":"https:\/\/favorite-news.com\/es\/wp-json\/wp\/v2\/media?parent=4100"}],"wp:term":[{"taxonomy":"category","embeddable":true,"href":"https:\/\/favorite-news.com\/es\/wp-json\/wp\/v2\/categories?post=4100"},{"taxonomy":"post_tag","embeddable":true,"href":"https:\/\/favorite-news.com\/es\/wp-json\/wp\/v2\/tags?post=4100"}],"curies":[{"name":"wp","href":"https:\/\/api.w.org\/{rel}","templated":true}]}}