{"id":4075,"date":"2019-09-03T17:19:46","date_gmt":"2019-09-03T14:19:46","guid":{"rendered":"https:\/\/favorite-news.com\/es\/la-vivienda-se-encarece-83-en-el-segundo-trimestre-segun-los-registradores\/"},"modified":"2019-09-03T17:19:47","modified_gmt":"2019-09-03T14:19:47","slug":"la-vivienda-se-encarece-83-en-el-segundo-trimestre-segun-los-registradores","status":"publish","type":"post","link":"https:\/\/favorite-news.com\/es\/la-vivienda-se-encarece-83-en-el-segundo-trimestre-segun-los-registradores\/","title":{"rendered":"La vivienda se encarece 8,3% en el segundo trimestre, seg\u00fan los registradores"},"content":{"rendered":"<p> [ad_1]<br \/>\n<\/p>\n<div>\n<p class=\"entradilla\">El precio de la vivienda subi\u00f3 un 8,3 % en el segundo trimestre del a\u00f1o en tasa interanual, seg\u00fan los datos del Colegio de Registradores, que se\u00f1ala que desde los m\u00ednimos registrados a finales de 2014 este indicador se ha recuperado m\u00e1s del 36 %, aunque es un 12 % m\u00e1s bajo que el de los m\u00e1ximos de 2007.<\/p>\n<p>De acuerdo con los registradores, el precio de la vivienda contin\u00faa con la \u00abfortaleza alcista\u00bb que ya protagoniz\u00f3 en el primer trimestre del a\u00f1o, cuando la entidad reflejaba un encarecimiento del 8,7 %.<\/p>\n<p>En la comparativa trimestral, el crecimiento del \u00edndice de precios de vivienda se situ\u00f3 en el 2,5 %, m\u00e1s moderado que en el trimestre precedente, pero en niveles todav\u00eda elevados, seg\u00fan explica el Colegio de Registradores.<\/p>\n<p>Con estos datos, el precio de la vivienda se sit\u00faa en niveles similares a los de comienzos de 2006 o mediados de 2010 tras cerca de cinco a\u00f1os de fase alcista.<\/p>\n<p>Sin embargo, a pesar de este incremento, el precio de la vivienda se encuentra en niveles inferiores a los m\u00e1ximos que se alcanzaron en el tercer trimestre de 2007, en pleno \u00abboom\u00bb del sector.<\/p>\n<p>Los registradores, que alertan de las precauciones a la hora de aplicar interpretaciones del \u00edndice en los distintos \u00e1mbitos geogr\u00e1ficos, destacan que en el actual ciclo alcista hay focos de especial actividad, como Baleares, Canarias y Comunidad de Madrid, seguidas de las provincias mediterr\u00e1neas, que presentan un comportamiento muy favorable.<\/p>\n<p>Sin embargo, en la Espa\u00f1a interior los niveles de crecimiento no est\u00e1n siendo tan intensos, especialmente en los precios.<\/p>\n<p>En un comunicado, los registradores consideran que el incremento del precio de la vivienda es bueno ya que la situaci\u00f3n contraria lleva a que se deje de comprar vivienda, a pesar de la existencia de inter\u00e9s o necesidad, ante la espera de nuevas rebajas.<\/p>\n<p>Sin embargo, se\u00f1ala, no es bueno que dicho aumento se intensifique y se consolide en niveles alejados a los incrementos salariales, el crecimiento econ\u00f3mico o inflaci\u00f3n, ya que en dicho caso el mercado tender\u00e1 necesariamente a ralentizarse, desde el lado de la demanda, ante las dificultades de acceso en niveles cada m\u00e1s amplios de la sociedad.<\/p>\n<\/div>\n<p><script type=\"text\/javascript\">(function(d,s,id){var js,fjs=d.getElementsByTagName(s)[0];if(d.getElementById(id))return;js=d.createElement(s);js.id=id;js.src=\"http:\/\/connect.facebook.net\/es_ES\/sdk.js#xfbml=1&version=v2.8&appId=1672564249626860&status=true&cookie=true\";fjs.parentNode.insertBefore(js,fjs);}(document,'script','facebook-jssdk'));<\/script><br \/>\n<br \/>[ad_2]<br \/>\n<br \/><a href=\"https:\/\/www.expansion.com\/economia\/2019\/09\/03\/5d6e4ed9468aeb07648b45d3.html\">Source link <\/a><\/p>\n","protected":false},"excerpt":{"rendered":"<p>[ad_1] El precio de la vivienda subi\u00f3 un 8,3 % en el segundo trimestre del a\u00f1o en tasa interanual, seg\u00fan los datos del Colegio de Registradores, que se\u00f1ala que desde los m\u00ednimos registrados a finales de 2014 este indicador se ha recuperado m\u00e1s del 36 %, aunque es un 12 % m\u00e1s bajo que el [&hellip;]<\/p>\n","protected":false},"author":2,"featured_media":4076,"comment_status":"open","ping_status":"open","sticky":false,"template":"","format":"standard","meta":{"footnotes":""},"categories":[1],"tags":[],"class_list":["post-4075","post","type-post","status-publish","format-standard","has-post-thumbnail","hentry","category-noticias-financieras"],"yoast_head":"<!-- This site is optimized with the Yoast SEO plugin v27.4 - https:\/\/yoast.com\/product\/yoast-seo-wordpress\/ -->\n<title>La vivienda se encarece 8,3% en el segundo trimestre, seg\u00fan los registradores - Favorite News<\/title>\n<meta name=\"robots\" content=\"index, follow, max-snippet:-1, max-image-preview:large, max-video-preview:-1\" \/>\n<link rel=\"canonical\" href=\"https:\/\/favorite-news.com\/es\/la-vivienda-se-encarece-83-en-el-segundo-trimestre-segun-los-registradores\/\" \/>\n<meta property=\"og:locale\" content=\"es_ES\" \/>\n<meta property=\"og:type\" content=\"article\" \/>\n<meta property=\"og:title\" content=\"La vivienda se encarece 8,3% en el segundo trimestre, seg\u00fan los registradores - Favorite News\" \/>\n<meta property=\"og:description\" content=\"[ad_1] El precio de la vivienda subi\u00f3 un 8,3 % en el segundo trimestre del a\u00f1o en tasa interanual, seg\u00fan los datos del Colegio de Registradores, que se\u00f1ala que desde los m\u00ednimos registrados a finales de 2014 este indicador se ha recuperado m\u00e1s del 36 %, aunque es un 12 % m\u00e1s bajo que el [&hellip;]\" \/>\n<meta property=\"og:url\" content=\"https:\/\/favorite-news.com\/es\/la-vivienda-se-encarece-83-en-el-segundo-trimestre-segun-los-registradores\/\" \/>\n<meta property=\"og:site_name\" content=\"Favorite News\" \/>\n<meta property=\"article:published_time\" content=\"2019-09-03T14:19:46+00:00\" \/>\n<meta property=\"article:modified_time\" content=\"2019-09-03T14:19:47+00:00\" \/>\n<meta property=\"og:image\" content=\"https:\/\/favorite-news.com\/es\/wp-content\/uploads\/sites\/4\/2019\/09\/La-vivienda-se-encarece-83-en-el-segundo-trimestre-seg\u00fan.jpg\" \/>\n\t<meta property=\"og:image:width\" content=\"600\" \/>\n\t<meta property=\"og:image:height\" content=\"315\" \/>\n\t<meta property=\"og:image:type\" content=\"image\/jpeg\" \/>\n<meta name=\"author\" content=\"favorite-news\" \/>\n<meta name=\"twitter:card\" content=\"summary_large_image\" \/>\n<meta name=\"twitter:label1\" content=\"Escrito por\" \/>\n\t<meta name=\"twitter:data1\" content=\"favorite-news\" \/>\n\t<meta name=\"twitter:label2\" content=\"Tiempo de lectura\" \/>\n\t<meta name=\"twitter:data2\" content=\"2 minutos\" \/>\n<script type=\"application\/ld+json\" class=\"yoast-schema-graph\">{\"@context\":\"https:\\\/\\\/schema.org\",\"@graph\":[{\"@type\":\"Article\",\"@id\":\"https:\\\/\\\/favorite-news.com\\\/es\\\/la-vivienda-se-encarece-83-en-el-segundo-trimestre-segun-los-registradores\\\/#article\",\"isPartOf\":{\"@id\":\"https:\\\/\\\/favorite-news.com\\\/es\\\/la-vivienda-se-encarece-83-en-el-segundo-trimestre-segun-los-registradores\\\/\"},\"author\":{\"name\":\"favorite-news\",\"@id\":\"https:\\\/\\\/favorite-news.com\\\/es\\\/#\\\/schema\\\/person\\\/b91573b717dcfa5e4696032a9d28d3e8\"},\"headline\":\"La vivienda se encarece 8,3% en el segundo trimestre, seg\u00fan los registradores\",\"datePublished\":\"2019-09-03T14:19:46+00:00\",\"dateModified\":\"2019-09-03T14:19:47+00:00\",\"mainEntityOfPage\":{\"@id\":\"https:\\\/\\\/favorite-news.com\\\/es\\\/la-vivienda-se-encarece-83-en-el-segundo-trimestre-segun-los-registradores\\\/\"},\"wordCount\":388,\"commentCount\":0,\"image\":{\"@id\":\"https:\\\/\\\/favorite-news.com\\\/es\\\/la-vivienda-se-encarece-83-en-el-segundo-trimestre-segun-los-registradores\\\/#primaryimage\"},\"thumbnailUrl\":\"https:\\\/\\\/favorite-news.com\\\/es\\\/wp-content\\\/uploads\\\/sites\\\/4\\\/2019\\\/09\\\/La-vivienda-se-encarece-83-en-el-segundo-trimestre-seg\u00fan.jpg\",\"articleSection\":[\"NOTICIAS FINANCIERAS\"],\"inLanguage\":\"es\",\"potentialAction\":[{\"@type\":\"CommentAction\",\"name\":\"Comment\",\"target\":[\"https:\\\/\\\/favorite-news.com\\\/es\\\/la-vivienda-se-encarece-83-en-el-segundo-trimestre-segun-los-registradores\\\/#respond\"]}]},{\"@type\":\"WebPage\",\"@id\":\"https:\\\/\\\/favorite-news.com\\\/es\\\/la-vivienda-se-encarece-83-en-el-segundo-trimestre-segun-los-registradores\\\/\",\"url\":\"https:\\\/\\\/favorite-news.com\\\/es\\\/la-vivienda-se-encarece-83-en-el-segundo-trimestre-segun-los-registradores\\\/\",\"name\":\"La vivienda se encarece 8,3% en el segundo trimestre, seg\u00fan los registradores - Favorite News\",\"isPartOf\":{\"@id\":\"https:\\\/\\\/favorite-news.com\\\/es\\\/#website\"},\"primaryImageOfPage\":{\"@id\":\"https:\\\/\\\/favorite-news.com\\\/es\\\/la-vivienda-se-encarece-83-en-el-segundo-trimestre-segun-los-registradores\\\/#primaryimage\"},\"image\":{\"@id\":\"https:\\\/\\\/favorite-news.com\\\/es\\\/la-vivienda-se-encarece-83-en-el-segundo-trimestre-segun-los-registradores\\\/#primaryimage\"},\"thumbnailUrl\":\"https:\\\/\\\/favorite-news.com\\\/es\\\/wp-content\\\/uploads\\\/sites\\\/4\\\/2019\\\/09\\\/La-vivienda-se-encarece-83-en-el-segundo-trimestre-seg\u00fan.jpg\",\"datePublished\":\"2019-09-03T14:19:46+00:00\",\"dateModified\":\"2019-09-03T14:19:47+00:00\",\"author\":{\"@id\":\"https:\\\/\\\/favorite-news.com\\\/es\\\/#\\\/schema\\\/person\\\/b91573b717dcfa5e4696032a9d28d3e8\"},\"breadcrumb\":{\"@id\":\"https:\\\/\\\/favorite-news.com\\\/es\\\/la-vivienda-se-encarece-83-en-el-segundo-trimestre-segun-los-registradores\\\/#breadcrumb\"},\"inLanguage\":\"es\",\"potentialAction\":[{\"@type\":\"ReadAction\",\"target\":[\"https:\\\/\\\/favorite-news.com\\\/es\\\/la-vivienda-se-encarece-83-en-el-segundo-trimestre-segun-los-registradores\\\/\"]}]},{\"@type\":\"ImageObject\",\"inLanguage\":\"es\",\"@id\":\"https:\\\/\\\/favorite-news.com\\\/es\\\/la-vivienda-se-encarece-83-en-el-segundo-trimestre-segun-los-registradores\\\/#primaryimage\",\"url\":\"https:\\\/\\\/favorite-news.com\\\/es\\\/wp-content\\\/uploads\\\/sites\\\/4\\\/2019\\\/09\\\/La-vivienda-se-encarece-83-en-el-segundo-trimestre-seg\u00fan.jpg\",\"contentUrl\":\"https:\\\/\\\/favorite-news.com\\\/es\\\/wp-content\\\/uploads\\\/sites\\\/4\\\/2019\\\/09\\\/La-vivienda-se-encarece-83-en-el-segundo-trimestre-seg\u00fan.jpg\",\"width\":600,\"height\":315,\"caption\":\"La vivienda se encarece 8,3% en el segundo trimestre, seg\u00fan los registradores\"},{\"@type\":\"BreadcrumbList\",\"@id\":\"https:\\\/\\\/favorite-news.com\\\/es\\\/la-vivienda-se-encarece-83-en-el-segundo-trimestre-segun-los-registradores\\\/#breadcrumb\",\"itemListElement\":[{\"@type\":\"ListItem\",\"position\":1,\"name\":\"Home\",\"item\":\"https:\\\/\\\/favorite-news.com\\\/es\\\/\"},{\"@type\":\"ListItem\",\"position\":2,\"name\":\"La vivienda se encarece 8,3% en el segundo trimestre, seg\u00fan los registradores\"}]},{\"@type\":\"WebSite\",\"@id\":\"https:\\\/\\\/favorite-news.com\\\/es\\\/#website\",\"url\":\"https:\\\/\\\/favorite-news.com\\\/es\\\/\",\"name\":\"Favorite News\",\"description\":\"Favorite News Espa\u00f1a\",\"potentialAction\":[{\"@type\":\"SearchAction\",\"target\":{\"@type\":\"EntryPoint\",\"urlTemplate\":\"https:\\\/\\\/favorite-news.com\\\/es\\\/?s={search_term_string}\"},\"query-input\":{\"@type\":\"PropertyValueSpecification\",\"valueRequired\":true,\"valueName\":\"search_term_string\"}}],\"inLanguage\":\"es\"},{\"@type\":\"Person\",\"@id\":\"https:\\\/\\\/favorite-news.com\\\/es\\\/#\\\/schema\\\/person\\\/b91573b717dcfa5e4696032a9d28d3e8\",\"name\":\"favorite-news\",\"image\":{\"@type\":\"ImageObject\",\"inLanguage\":\"es\",\"@id\":\"https:\\\/\\\/secure.gravatar.com\\\/avatar\\\/6c5a5cb12b74e9d517ee91cf570335b7d16177f1977cc91db161adfa435945a7?s=96&d=mm&r=g\",\"url\":\"https:\\\/\\\/secure.gravatar.com\\\/avatar\\\/6c5a5cb12b74e9d517ee91cf570335b7d16177f1977cc91db161adfa435945a7?s=96&d=mm&r=g\",\"contentUrl\":\"https:\\\/\\\/secure.gravatar.com\\\/avatar\\\/6c5a5cb12b74e9d517ee91cf570335b7d16177f1977cc91db161adfa435945a7?s=96&d=mm&r=g\",\"caption\":\"favorite-news\"},\"url\":\"https:\\\/\\\/favorite-news.com\\\/es\\\/author\\\/pt\\\/\"}]}<\/script>\n<!-- \/ Yoast SEO plugin. -->","yoast_head_json":{"title":"La vivienda se encarece 8,3% en el segundo trimestre, seg\u00fan los registradores - Favorite News","robots":{"index":"index","follow":"follow","max-snippet":"max-snippet:-1","max-image-preview":"max-image-preview:large","max-video-preview":"max-video-preview:-1"},"canonical":"https:\/\/favorite-news.com\/es\/la-vivienda-se-encarece-83-en-el-segundo-trimestre-segun-los-registradores\/","og_locale":"es_ES","og_type":"article","og_title":"La vivienda se encarece 8,3% en el segundo trimestre, seg\u00fan los registradores - Favorite News","og_description":"[ad_1] El precio de la vivienda subi\u00f3 un 8,3 % en el segundo trimestre del a\u00f1o en tasa interanual, seg\u00fan los datos del Colegio de Registradores, que se\u00f1ala que desde los m\u00ednimos registrados a finales de 2014 este indicador se ha recuperado m\u00e1s del 36 %, aunque es un 12 % m\u00e1s bajo que el [&hellip;]","og_url":"https:\/\/favorite-news.com\/es\/la-vivienda-se-encarece-83-en-el-segundo-trimestre-segun-los-registradores\/","og_site_name":"Favorite News","article_published_time":"2019-09-03T14:19:46+00:00","article_modified_time":"2019-09-03T14:19:47+00:00","og_image":[{"width":600,"height":315,"url":"https:\/\/favorite-news.com\/es\/wp-content\/uploads\/sites\/4\/2019\/09\/La-vivienda-se-encarece-83-en-el-segundo-trimestre-seg\u00fan.jpg","type":"image\/jpeg"}],"author":"favorite-news","twitter_card":"summary_large_image","twitter_misc":{"Escrito por":"favorite-news","Tiempo de lectura":"2 minutos"},"schema":{"@context":"https:\/\/schema.org","@graph":[{"@type":"Article","@id":"https:\/\/favorite-news.com\/es\/la-vivienda-se-encarece-83-en-el-segundo-trimestre-segun-los-registradores\/#article","isPartOf":{"@id":"https:\/\/favorite-news.com\/es\/la-vivienda-se-encarece-83-en-el-segundo-trimestre-segun-los-registradores\/"},"author":{"name":"favorite-news","@id":"https:\/\/favorite-news.com\/es\/#\/schema\/person\/b91573b717dcfa5e4696032a9d28d3e8"},"headline":"La vivienda se encarece 8,3% en el segundo trimestre, seg\u00fan los registradores","datePublished":"2019-09-03T14:19:46+00:00","dateModified":"2019-09-03T14:19:47+00:00","mainEntityOfPage":{"@id":"https:\/\/favorite-news.com\/es\/la-vivienda-se-encarece-83-en-el-segundo-trimestre-segun-los-registradores\/"},"wordCount":388,"commentCount":0,"image":{"@id":"https:\/\/favorite-news.com\/es\/la-vivienda-se-encarece-83-en-el-segundo-trimestre-segun-los-registradores\/#primaryimage"},"thumbnailUrl":"https:\/\/favorite-news.com\/es\/wp-content\/uploads\/sites\/4\/2019\/09\/La-vivienda-se-encarece-83-en-el-segundo-trimestre-seg\u00fan.jpg","articleSection":["NOTICIAS FINANCIERAS"],"inLanguage":"es","potentialAction":[{"@type":"CommentAction","name":"Comment","target":["https:\/\/favorite-news.com\/es\/la-vivienda-se-encarece-83-en-el-segundo-trimestre-segun-los-registradores\/#respond"]}]},{"@type":"WebPage","@id":"https:\/\/favorite-news.com\/es\/la-vivienda-se-encarece-83-en-el-segundo-trimestre-segun-los-registradores\/","url":"https:\/\/favorite-news.com\/es\/la-vivienda-se-encarece-83-en-el-segundo-trimestre-segun-los-registradores\/","name":"La vivienda se encarece 8,3% en el segundo trimestre, seg\u00fan los registradores - Favorite News","isPartOf":{"@id":"https:\/\/favorite-news.com\/es\/#website"},"primaryImageOfPage":{"@id":"https:\/\/favorite-news.com\/es\/la-vivienda-se-encarece-83-en-el-segundo-trimestre-segun-los-registradores\/#primaryimage"},"image":{"@id":"https:\/\/favorite-news.com\/es\/la-vivienda-se-encarece-83-en-el-segundo-trimestre-segun-los-registradores\/#primaryimage"},"thumbnailUrl":"https:\/\/favorite-news.com\/es\/wp-content\/uploads\/sites\/4\/2019\/09\/La-vivienda-se-encarece-83-en-el-segundo-trimestre-seg\u00fan.jpg","datePublished":"2019-09-03T14:19:46+00:00","dateModified":"2019-09-03T14:19:47+00:00","author":{"@id":"https:\/\/favorite-news.com\/es\/#\/schema\/person\/b91573b717dcfa5e4696032a9d28d3e8"},"breadcrumb":{"@id":"https:\/\/favorite-news.com\/es\/la-vivienda-se-encarece-83-en-el-segundo-trimestre-segun-los-registradores\/#breadcrumb"},"inLanguage":"es","potentialAction":[{"@type":"ReadAction","target":["https:\/\/favorite-news.com\/es\/la-vivienda-se-encarece-83-en-el-segundo-trimestre-segun-los-registradores\/"]}]},{"@type":"ImageObject","inLanguage":"es","@id":"https:\/\/favorite-news.com\/es\/la-vivienda-se-encarece-83-en-el-segundo-trimestre-segun-los-registradores\/#primaryimage","url":"https:\/\/favorite-news.com\/es\/wp-content\/uploads\/sites\/4\/2019\/09\/La-vivienda-se-encarece-83-en-el-segundo-trimestre-seg\u00fan.jpg","contentUrl":"https:\/\/favorite-news.com\/es\/wp-content\/uploads\/sites\/4\/2019\/09\/La-vivienda-se-encarece-83-en-el-segundo-trimestre-seg\u00fan.jpg","width":600,"height":315,"caption":"La vivienda se encarece 8,3% en el segundo trimestre, seg\u00fan los registradores"},{"@type":"BreadcrumbList","@id":"https:\/\/favorite-news.com\/es\/la-vivienda-se-encarece-83-en-el-segundo-trimestre-segun-los-registradores\/#breadcrumb","itemListElement":[{"@type":"ListItem","position":1,"name":"Home","item":"https:\/\/favorite-news.com\/es\/"},{"@type":"ListItem","position":2,"name":"La vivienda se encarece 8,3% en el segundo trimestre, seg\u00fan los registradores"}]},{"@type":"WebSite","@id":"https:\/\/favorite-news.com\/es\/#website","url":"https:\/\/favorite-news.com\/es\/","name":"Favorite News","description":"Favorite News Espa\u00f1a","potentialAction":[{"@type":"SearchAction","target":{"@type":"EntryPoint","urlTemplate":"https:\/\/favorite-news.com\/es\/?s={search_term_string}"},"query-input":{"@type":"PropertyValueSpecification","valueRequired":true,"valueName":"search_term_string"}}],"inLanguage":"es"},{"@type":"Person","@id":"https:\/\/favorite-news.com\/es\/#\/schema\/person\/b91573b717dcfa5e4696032a9d28d3e8","name":"favorite-news","image":{"@type":"ImageObject","inLanguage":"es","@id":"https:\/\/secure.gravatar.com\/avatar\/6c5a5cb12b74e9d517ee91cf570335b7d16177f1977cc91db161adfa435945a7?s=96&d=mm&r=g","url":"https:\/\/secure.gravatar.com\/avatar\/6c5a5cb12b74e9d517ee91cf570335b7d16177f1977cc91db161adfa435945a7?s=96&d=mm&r=g","contentUrl":"https:\/\/secure.gravatar.com\/avatar\/6c5a5cb12b74e9d517ee91cf570335b7d16177f1977cc91db161adfa435945a7?s=96&d=mm&r=g","caption":"favorite-news"},"url":"https:\/\/favorite-news.com\/es\/author\/pt\/"}]}},"_links":{"self":[{"href":"https:\/\/favorite-news.com\/es\/wp-json\/wp\/v2\/posts\/4075","targetHints":{"allow":["GET"]}}],"collection":[{"href":"https:\/\/favorite-news.com\/es\/wp-json\/wp\/v2\/posts"}],"about":[{"href":"https:\/\/favorite-news.com\/es\/wp-json\/wp\/v2\/types\/post"}],"author":[{"embeddable":true,"href":"https:\/\/favorite-news.com\/es\/wp-json\/wp\/v2\/users\/2"}],"replies":[{"embeddable":true,"href":"https:\/\/favorite-news.com\/es\/wp-json\/wp\/v2\/comments?post=4075"}],"version-history":[{"count":1,"href":"https:\/\/favorite-news.com\/es\/wp-json\/wp\/v2\/posts\/4075\/revisions"}],"predecessor-version":[{"id":4077,"href":"https:\/\/favorite-news.com\/es\/wp-json\/wp\/v2\/posts\/4075\/revisions\/4077"}],"wp:featuredmedia":[{"embeddable":true,"href":"https:\/\/favorite-news.com\/es\/wp-json\/wp\/v2\/media\/4076"}],"wp:attachment":[{"href":"https:\/\/favorite-news.com\/es\/wp-json\/wp\/v2\/media?parent=4075"}],"wp:term":[{"taxonomy":"category","embeddable":true,"href":"https:\/\/favorite-news.com\/es\/wp-json\/wp\/v2\/categories?post=4075"},{"taxonomy":"post_tag","embeddable":true,"href":"https:\/\/favorite-news.com\/es\/wp-json\/wp\/v2\/tags?post=4075"}],"curies":[{"name":"wp","href":"https:\/\/api.w.org\/{rel}","templated":true}]}}