{"id":3905,"date":"2019-08-30T10:30:42","date_gmt":"2019-08-30T07:30:42","guid":{"rendered":"https:\/\/favorite-news.com\/es\/victorias-secret-abre-su-primera-tienda-de-lenceria-en-espana-marcas\/"},"modified":"2019-08-30T10:30:42","modified_gmt":"2019-08-30T07:30:42","slug":"victorias-secret-abre-su-primera-tienda-de-lenceria-en-espana-marcas","status":"publish","type":"post","link":"https:\/\/favorite-news.com\/es\/victorias-secret-abre-su-primera-tienda-de-lenceria-en-espana-marcas\/","title":{"rendered":"Victoria\u2019s Secret abre su primera tienda de lencer\u00eda en Espa\u00f1a | Marcas"},"content":{"rendered":"<p> [ad_1]<br \/>\n<\/p>\n<div id=\"bodyDetail\">\n<figure class=\"center\">\n<div class=\"imagen\"><\/div><figcaption>La tienda est\u00e1 en el centro comercial ParqueSur<\/figcaption><\/figure>\n<p>La nueva tienda de Victoria\u2019s Secret en Madrid se encuentra <strong>en el centro comercial ParqueSur (Legan\u00e9s) <\/strong>y contar\u00e1 con una amplia oferta de sujetadores, ropa interior, camisones y pijamas. Todas las colecciones de lencer\u00eda de la firma estar\u00e1n ahora disponibles en nuestro pa\u00eds, como Luxe Lingerie, Very Sexy, Modern Romantic, Dream Angels, Luxe Essentials, Lounge and Casual. La marca fabrica 39 tallas de sujetadores desde la 65B hasta la 90G con diferentes opciones de relleno (sin relleno, con relleno ligero y push-up).<\/p>\n<p>Adem\u00e1s, en el reci\u00e9n inaugurado establecimiento, ser\u00e1 posible adquirir las colecciones completas de sus exclusivas fragancias como Victoria\u2019s Secret Bombshell, Victoria\u2019s Secret Tease y Victoria\u2019s Secret Love, as\u00ed como su colecci\u00f3n de cuidado personal.<\/p>\n<p>Este paso de la marca viene de la mano de <strong>Percassi<\/strong>, empresa dedicada al desarrollo y gesti\u00f3n de las redes de ventas de importantes marcas (como Gucci, Armani Exchange, Nike, Lego y Starbucks y Wagamama, adem\u00e1s de la mencionadaVictoria\u2019s Secret).<\/p>\n<p>Tras cuatro d\u00e9cadas de historia, Victoria&#8217;s Secret cuenta con m\u00e1s de 1.600 tiendas de lencer\u00eda y belleza en el mundo entero (tambi\u00e9n vende a trav\u00e9s de su web). Hace tiempo que su <em>show\u00a0<\/em>anual\u00a0 dej\u00f3 de ser un simple exhibici\u00f3n de ropa interior para convertirse en un espect\u00e1culo retransmitido en todo el mundo (se calcula que lo ven unos 800 millones de personas), con actuaciones musicales, efectos visuales y decorados espectaculares. Es tambi\u00e9n el evento donde se concentran m\u00e1s supermodelos, que, se calcula, se embolsan la friolera de entre 2 y 9 millones de euros por participar en el desfile, seg\u00fan cuenta este art\u00edculo de Mujeres a Seguir.<\/p>\n<figure class=\"center\">\n<div class=\"imagen\"><img decoding=\"async\" src=\"https:\/\/favorite-news.com\/es\/wp-content\/uploads\/sites\/4\/2019\/08\/1567150242_227_Victoria\u2019s-Secret-abre-su-primera-tienda-de-lenceria-en-Espana.jpg\" alt=\"Un desfile de la marca\" title=\"Un desfile de la marca\"\/><\/div><figcaption>Un desfile de la marca<\/figcaption><\/figure>\n<\/div>\n<p>[ad_2]<br \/>\n<br \/><a href=\"http:\/\/www.marketingnews.es\/marcas\/noticia\/1144187054305\/victorias-secret-abre-primera-tienda-de-lenceria-espana.1.html\">Source link <\/a><\/p>\n","protected":false},"excerpt":{"rendered":"<p>[ad_1] La tienda est\u00e1 en el centro comercial ParqueSur La nueva tienda de Victoria\u2019s Secret en Madrid se encuentra en el centro comercial ParqueSur (Legan\u00e9s) y contar\u00e1 con una amplia oferta de sujetadores, ropa interior, camisones y pijamas. Todas las colecciones de lencer\u00eda de la firma estar\u00e1n ahora disponibles en nuestro pa\u00eds, como Luxe Lingerie, [&hellip;]<\/p>\n","protected":false},"author":2,"featured_media":3906,"comment_status":"open","ping_status":"open","sticky":false,"template":"","format":"standard","meta":{"footnotes":""},"categories":[2],"tags":[],"class_list":["post-3905","post","type-post","status-publish","format-standard","has-post-thumbnail","hentry","category-noticias-de-internet-marketing"],"yoast_head":"<!-- This site is optimized with the Yoast SEO plugin v27.4 - https:\/\/yoast.com\/product\/yoast-seo-wordpress\/ -->\n<title>Victoria\u2019s Secret abre su primera tienda de lencer\u00eda en Espa\u00f1a | Marcas - Favorite News<\/title>\n<meta name=\"robots\" content=\"index, follow, max-snippet:-1, max-image-preview:large, max-video-preview:-1\" \/>\n<link rel=\"canonical\" href=\"https:\/\/favorite-news.com\/es\/victorias-secret-abre-su-primera-tienda-de-lenceria-en-espana-marcas\/\" \/>\n<meta property=\"og:locale\" content=\"es_ES\" \/>\n<meta property=\"og:type\" content=\"article\" \/>\n<meta property=\"og:title\" content=\"Victoria\u2019s Secret abre su primera tienda de lencer\u00eda en Espa\u00f1a | Marcas - Favorite News\" \/>\n<meta property=\"og:description\" content=\"[ad_1] La tienda est\u00e1 en el centro comercial ParqueSur La nueva tienda de Victoria\u2019s Secret en Madrid se encuentra en el centro comercial ParqueSur (Legan\u00e9s) y contar\u00e1 con una amplia oferta de sujetadores, ropa interior, camisones y pijamas. Todas las colecciones de lencer\u00eda de la firma estar\u00e1n ahora disponibles en nuestro pa\u00eds, como Luxe Lingerie, [&hellip;]\" \/>\n<meta property=\"og:url\" content=\"https:\/\/favorite-news.com\/es\/victorias-secret-abre-su-primera-tienda-de-lenceria-en-espana-marcas\/\" \/>\n<meta property=\"og:site_name\" content=\"Favorite News\" \/>\n<meta property=\"article:published_time\" content=\"2019-08-30T07:30:42+00:00\" \/>\n<meta property=\"og:image\" content=\"https:\/\/favorite-news.com\/es\/wp-content\/uploads\/sites\/4\/2019\/08\/Victoria\u2019s-Secret-abre-su-primera-tienda-de-lencer\u00eda-en-Espa\u00f1a.jpg\" \/>\n\t<meta property=\"og:image:width\" content=\"530\" \/>\n\t<meta property=\"og:image:height\" content=\"300\" \/>\n\t<meta property=\"og:image:type\" content=\"image\/jpeg\" \/>\n<meta name=\"author\" content=\"favorite-news\" \/>\n<meta name=\"twitter:card\" content=\"summary_large_image\" \/>\n<meta name=\"twitter:label1\" content=\"Escrito por\" \/>\n\t<meta name=\"twitter:data1\" content=\"favorite-news\" \/>\n\t<meta name=\"twitter:label2\" content=\"Tiempo de lectura\" \/>\n\t<meta name=\"twitter:data2\" content=\"2 minutos\" \/>\n<script type=\"application\/ld+json\" class=\"yoast-schema-graph\">{\"@context\":\"https:\\\/\\\/schema.org\",\"@graph\":[{\"@type\":\"Article\",\"@id\":\"https:\\\/\\\/favorite-news.com\\\/es\\\/victorias-secret-abre-su-primera-tienda-de-lenceria-en-espana-marcas\\\/#article\",\"isPartOf\":{\"@id\":\"https:\\\/\\\/favorite-news.com\\\/es\\\/victorias-secret-abre-su-primera-tienda-de-lenceria-en-espana-marcas\\\/\"},\"author\":{\"name\":\"favorite-news\",\"@id\":\"https:\\\/\\\/favorite-news.com\\\/es\\\/#\\\/schema\\\/person\\\/b91573b717dcfa5e4696032a9d28d3e8\"},\"headline\":\"Victoria\u2019s Secret abre su primera tienda de lencer\u00eda en Espa\u00f1a | Marcas\",\"datePublished\":\"2019-08-30T07:30:42+00:00\",\"mainEntityOfPage\":{\"@id\":\"https:\\\/\\\/favorite-news.com\\\/es\\\/victorias-secret-abre-su-primera-tienda-de-lenceria-en-espana-marcas\\\/\"},\"wordCount\":316,\"commentCount\":0,\"image\":{\"@id\":\"https:\\\/\\\/favorite-news.com\\\/es\\\/victorias-secret-abre-su-primera-tienda-de-lenceria-en-espana-marcas\\\/#primaryimage\"},\"thumbnailUrl\":\"https:\\\/\\\/favorite-news.com\\\/es\\\/wp-content\\\/uploads\\\/sites\\\/4\\\/2019\\\/08\\\/Victoria\u2019s-Secret-abre-su-primera-tienda-de-lencer\u00eda-en-Espa\u00f1a.jpg\",\"articleSection\":[\"NOTICIAS DE INTERNET MARKETING\"],\"inLanguage\":\"es\",\"potentialAction\":[{\"@type\":\"CommentAction\",\"name\":\"Comment\",\"target\":[\"https:\\\/\\\/favorite-news.com\\\/es\\\/victorias-secret-abre-su-primera-tienda-de-lenceria-en-espana-marcas\\\/#respond\"]}]},{\"@type\":\"WebPage\",\"@id\":\"https:\\\/\\\/favorite-news.com\\\/es\\\/victorias-secret-abre-su-primera-tienda-de-lenceria-en-espana-marcas\\\/\",\"url\":\"https:\\\/\\\/favorite-news.com\\\/es\\\/victorias-secret-abre-su-primera-tienda-de-lenceria-en-espana-marcas\\\/\",\"name\":\"Victoria\u2019s Secret abre su primera tienda de lencer\u00eda en Espa\u00f1a | Marcas - Favorite News\",\"isPartOf\":{\"@id\":\"https:\\\/\\\/favorite-news.com\\\/es\\\/#website\"},\"primaryImageOfPage\":{\"@id\":\"https:\\\/\\\/favorite-news.com\\\/es\\\/victorias-secret-abre-su-primera-tienda-de-lenceria-en-espana-marcas\\\/#primaryimage\"},\"image\":{\"@id\":\"https:\\\/\\\/favorite-news.com\\\/es\\\/victorias-secret-abre-su-primera-tienda-de-lenceria-en-espana-marcas\\\/#primaryimage\"},\"thumbnailUrl\":\"https:\\\/\\\/favorite-news.com\\\/es\\\/wp-content\\\/uploads\\\/sites\\\/4\\\/2019\\\/08\\\/Victoria\u2019s-Secret-abre-su-primera-tienda-de-lencer\u00eda-en-Espa\u00f1a.jpg\",\"datePublished\":\"2019-08-30T07:30:42+00:00\",\"author\":{\"@id\":\"https:\\\/\\\/favorite-news.com\\\/es\\\/#\\\/schema\\\/person\\\/b91573b717dcfa5e4696032a9d28d3e8\"},\"breadcrumb\":{\"@id\":\"https:\\\/\\\/favorite-news.com\\\/es\\\/victorias-secret-abre-su-primera-tienda-de-lenceria-en-espana-marcas\\\/#breadcrumb\"},\"inLanguage\":\"es\",\"potentialAction\":[{\"@type\":\"ReadAction\",\"target\":[\"https:\\\/\\\/favorite-news.com\\\/es\\\/victorias-secret-abre-su-primera-tienda-de-lenceria-en-espana-marcas\\\/\"]}]},{\"@type\":\"ImageObject\",\"inLanguage\":\"es\",\"@id\":\"https:\\\/\\\/favorite-news.com\\\/es\\\/victorias-secret-abre-su-primera-tienda-de-lenceria-en-espana-marcas\\\/#primaryimage\",\"url\":\"https:\\\/\\\/favorite-news.com\\\/es\\\/wp-content\\\/uploads\\\/sites\\\/4\\\/2019\\\/08\\\/Victoria\u2019s-Secret-abre-su-primera-tienda-de-lencer\u00eda-en-Espa\u00f1a.jpg\",\"contentUrl\":\"https:\\\/\\\/favorite-news.com\\\/es\\\/wp-content\\\/uploads\\\/sites\\\/4\\\/2019\\\/08\\\/Victoria\u2019s-Secret-abre-su-primera-tienda-de-lencer\u00eda-en-Espa\u00f1a.jpg\",\"width\":530,\"height\":300,\"caption\":\"Victoria\u2019s Secret abre su primera tienda de lencer\u00eda en Espa\u00f1a | Marcas\"},{\"@type\":\"BreadcrumbList\",\"@id\":\"https:\\\/\\\/favorite-news.com\\\/es\\\/victorias-secret-abre-su-primera-tienda-de-lenceria-en-espana-marcas\\\/#breadcrumb\",\"itemListElement\":[{\"@type\":\"ListItem\",\"position\":1,\"name\":\"Home\",\"item\":\"https:\\\/\\\/favorite-news.com\\\/es\\\/\"},{\"@type\":\"ListItem\",\"position\":2,\"name\":\"Victoria\u2019s Secret abre su primera tienda de lencer\u00eda en Espa\u00f1a | Marcas\"}]},{\"@type\":\"WebSite\",\"@id\":\"https:\\\/\\\/favorite-news.com\\\/es\\\/#website\",\"url\":\"https:\\\/\\\/favorite-news.com\\\/es\\\/\",\"name\":\"Favorite News\",\"description\":\"Favorite News Espa\u00f1a\",\"potentialAction\":[{\"@type\":\"SearchAction\",\"target\":{\"@type\":\"EntryPoint\",\"urlTemplate\":\"https:\\\/\\\/favorite-news.com\\\/es\\\/?s={search_term_string}\"},\"query-input\":{\"@type\":\"PropertyValueSpecification\",\"valueRequired\":true,\"valueName\":\"search_term_string\"}}],\"inLanguage\":\"es\"},{\"@type\":\"Person\",\"@id\":\"https:\\\/\\\/favorite-news.com\\\/es\\\/#\\\/schema\\\/person\\\/b91573b717dcfa5e4696032a9d28d3e8\",\"name\":\"favorite-news\",\"image\":{\"@type\":\"ImageObject\",\"inLanguage\":\"es\",\"@id\":\"https:\\\/\\\/secure.gravatar.com\\\/avatar\\\/6c5a5cb12b74e9d517ee91cf570335b7d16177f1977cc91db161adfa435945a7?s=96&d=mm&r=g\",\"url\":\"https:\\\/\\\/secure.gravatar.com\\\/avatar\\\/6c5a5cb12b74e9d517ee91cf570335b7d16177f1977cc91db161adfa435945a7?s=96&d=mm&r=g\",\"contentUrl\":\"https:\\\/\\\/secure.gravatar.com\\\/avatar\\\/6c5a5cb12b74e9d517ee91cf570335b7d16177f1977cc91db161adfa435945a7?s=96&d=mm&r=g\",\"caption\":\"favorite-news\"},\"url\":\"https:\\\/\\\/favorite-news.com\\\/es\\\/author\\\/pt\\\/\"}]}<\/script>\n<!-- \/ Yoast SEO plugin. -->","yoast_head_json":{"title":"Victoria\u2019s Secret abre su primera tienda de lencer\u00eda en Espa\u00f1a | Marcas - Favorite News","robots":{"index":"index","follow":"follow","max-snippet":"max-snippet:-1","max-image-preview":"max-image-preview:large","max-video-preview":"max-video-preview:-1"},"canonical":"https:\/\/favorite-news.com\/es\/victorias-secret-abre-su-primera-tienda-de-lenceria-en-espana-marcas\/","og_locale":"es_ES","og_type":"article","og_title":"Victoria\u2019s Secret abre su primera tienda de lencer\u00eda en Espa\u00f1a | Marcas - Favorite News","og_description":"[ad_1] La tienda est\u00e1 en el centro comercial ParqueSur La nueva tienda de Victoria\u2019s Secret en Madrid se encuentra en el centro comercial ParqueSur (Legan\u00e9s) y contar\u00e1 con una amplia oferta de sujetadores, ropa interior, camisones y pijamas. Todas las colecciones de lencer\u00eda de la firma estar\u00e1n ahora disponibles en nuestro pa\u00eds, como Luxe Lingerie, [&hellip;]","og_url":"https:\/\/favorite-news.com\/es\/victorias-secret-abre-su-primera-tienda-de-lenceria-en-espana-marcas\/","og_site_name":"Favorite News","article_published_time":"2019-08-30T07:30:42+00:00","og_image":[{"width":530,"height":300,"url":"https:\/\/favorite-news.com\/es\/wp-content\/uploads\/sites\/4\/2019\/08\/Victoria\u2019s-Secret-abre-su-primera-tienda-de-lencer\u00eda-en-Espa\u00f1a.jpg","type":"image\/jpeg"}],"author":"favorite-news","twitter_card":"summary_large_image","twitter_misc":{"Escrito por":"favorite-news","Tiempo de lectura":"2 minutos"},"schema":{"@context":"https:\/\/schema.org","@graph":[{"@type":"Article","@id":"https:\/\/favorite-news.com\/es\/victorias-secret-abre-su-primera-tienda-de-lenceria-en-espana-marcas\/#article","isPartOf":{"@id":"https:\/\/favorite-news.com\/es\/victorias-secret-abre-su-primera-tienda-de-lenceria-en-espana-marcas\/"},"author":{"name":"favorite-news","@id":"https:\/\/favorite-news.com\/es\/#\/schema\/person\/b91573b717dcfa5e4696032a9d28d3e8"},"headline":"Victoria\u2019s Secret abre su primera tienda de lencer\u00eda en Espa\u00f1a | Marcas","datePublished":"2019-08-30T07:30:42+00:00","mainEntityOfPage":{"@id":"https:\/\/favorite-news.com\/es\/victorias-secret-abre-su-primera-tienda-de-lenceria-en-espana-marcas\/"},"wordCount":316,"commentCount":0,"image":{"@id":"https:\/\/favorite-news.com\/es\/victorias-secret-abre-su-primera-tienda-de-lenceria-en-espana-marcas\/#primaryimage"},"thumbnailUrl":"https:\/\/favorite-news.com\/es\/wp-content\/uploads\/sites\/4\/2019\/08\/Victoria\u2019s-Secret-abre-su-primera-tienda-de-lencer\u00eda-en-Espa\u00f1a.jpg","articleSection":["NOTICIAS DE INTERNET MARKETING"],"inLanguage":"es","potentialAction":[{"@type":"CommentAction","name":"Comment","target":["https:\/\/favorite-news.com\/es\/victorias-secret-abre-su-primera-tienda-de-lenceria-en-espana-marcas\/#respond"]}]},{"@type":"WebPage","@id":"https:\/\/favorite-news.com\/es\/victorias-secret-abre-su-primera-tienda-de-lenceria-en-espana-marcas\/","url":"https:\/\/favorite-news.com\/es\/victorias-secret-abre-su-primera-tienda-de-lenceria-en-espana-marcas\/","name":"Victoria\u2019s Secret abre su primera tienda de lencer\u00eda en Espa\u00f1a | Marcas - Favorite News","isPartOf":{"@id":"https:\/\/favorite-news.com\/es\/#website"},"primaryImageOfPage":{"@id":"https:\/\/favorite-news.com\/es\/victorias-secret-abre-su-primera-tienda-de-lenceria-en-espana-marcas\/#primaryimage"},"image":{"@id":"https:\/\/favorite-news.com\/es\/victorias-secret-abre-su-primera-tienda-de-lenceria-en-espana-marcas\/#primaryimage"},"thumbnailUrl":"https:\/\/favorite-news.com\/es\/wp-content\/uploads\/sites\/4\/2019\/08\/Victoria\u2019s-Secret-abre-su-primera-tienda-de-lencer\u00eda-en-Espa\u00f1a.jpg","datePublished":"2019-08-30T07:30:42+00:00","author":{"@id":"https:\/\/favorite-news.com\/es\/#\/schema\/person\/b91573b717dcfa5e4696032a9d28d3e8"},"breadcrumb":{"@id":"https:\/\/favorite-news.com\/es\/victorias-secret-abre-su-primera-tienda-de-lenceria-en-espana-marcas\/#breadcrumb"},"inLanguage":"es","potentialAction":[{"@type":"ReadAction","target":["https:\/\/favorite-news.com\/es\/victorias-secret-abre-su-primera-tienda-de-lenceria-en-espana-marcas\/"]}]},{"@type":"ImageObject","inLanguage":"es","@id":"https:\/\/favorite-news.com\/es\/victorias-secret-abre-su-primera-tienda-de-lenceria-en-espana-marcas\/#primaryimage","url":"https:\/\/favorite-news.com\/es\/wp-content\/uploads\/sites\/4\/2019\/08\/Victoria\u2019s-Secret-abre-su-primera-tienda-de-lencer\u00eda-en-Espa\u00f1a.jpg","contentUrl":"https:\/\/favorite-news.com\/es\/wp-content\/uploads\/sites\/4\/2019\/08\/Victoria\u2019s-Secret-abre-su-primera-tienda-de-lencer\u00eda-en-Espa\u00f1a.jpg","width":530,"height":300,"caption":"Victoria\u2019s Secret abre su primera tienda de lencer\u00eda en Espa\u00f1a | Marcas"},{"@type":"BreadcrumbList","@id":"https:\/\/favorite-news.com\/es\/victorias-secret-abre-su-primera-tienda-de-lenceria-en-espana-marcas\/#breadcrumb","itemListElement":[{"@type":"ListItem","position":1,"name":"Home","item":"https:\/\/favorite-news.com\/es\/"},{"@type":"ListItem","position":2,"name":"Victoria\u2019s Secret abre su primera tienda de lencer\u00eda en Espa\u00f1a | Marcas"}]},{"@type":"WebSite","@id":"https:\/\/favorite-news.com\/es\/#website","url":"https:\/\/favorite-news.com\/es\/","name":"Favorite News","description":"Favorite News Espa\u00f1a","potentialAction":[{"@type":"SearchAction","target":{"@type":"EntryPoint","urlTemplate":"https:\/\/favorite-news.com\/es\/?s={search_term_string}"},"query-input":{"@type":"PropertyValueSpecification","valueRequired":true,"valueName":"search_term_string"}}],"inLanguage":"es"},{"@type":"Person","@id":"https:\/\/favorite-news.com\/es\/#\/schema\/person\/b91573b717dcfa5e4696032a9d28d3e8","name":"favorite-news","image":{"@type":"ImageObject","inLanguage":"es","@id":"https:\/\/secure.gravatar.com\/avatar\/6c5a5cb12b74e9d517ee91cf570335b7d16177f1977cc91db161adfa435945a7?s=96&d=mm&r=g","url":"https:\/\/secure.gravatar.com\/avatar\/6c5a5cb12b74e9d517ee91cf570335b7d16177f1977cc91db161adfa435945a7?s=96&d=mm&r=g","contentUrl":"https:\/\/secure.gravatar.com\/avatar\/6c5a5cb12b74e9d517ee91cf570335b7d16177f1977cc91db161adfa435945a7?s=96&d=mm&r=g","caption":"favorite-news"},"url":"https:\/\/favorite-news.com\/es\/author\/pt\/"}]}},"_links":{"self":[{"href":"https:\/\/favorite-news.com\/es\/wp-json\/wp\/v2\/posts\/3905","targetHints":{"allow":["GET"]}}],"collection":[{"href":"https:\/\/favorite-news.com\/es\/wp-json\/wp\/v2\/posts"}],"about":[{"href":"https:\/\/favorite-news.com\/es\/wp-json\/wp\/v2\/types\/post"}],"author":[{"embeddable":true,"href":"https:\/\/favorite-news.com\/es\/wp-json\/wp\/v2\/users\/2"}],"replies":[{"embeddable":true,"href":"https:\/\/favorite-news.com\/es\/wp-json\/wp\/v2\/comments?post=3905"}],"version-history":[{"count":1,"href":"https:\/\/favorite-news.com\/es\/wp-json\/wp\/v2\/posts\/3905\/revisions"}],"predecessor-version":[{"id":3907,"href":"https:\/\/favorite-news.com\/es\/wp-json\/wp\/v2\/posts\/3905\/revisions\/3907"}],"wp:featuredmedia":[{"embeddable":true,"href":"https:\/\/favorite-news.com\/es\/wp-json\/wp\/v2\/media\/3906"}],"wp:attachment":[{"href":"https:\/\/favorite-news.com\/es\/wp-json\/wp\/v2\/media?parent=3905"}],"wp:term":[{"taxonomy":"category","embeddable":true,"href":"https:\/\/favorite-news.com\/es\/wp-json\/wp\/v2\/categories?post=3905"},{"taxonomy":"post_tag","embeddable":true,"href":"https:\/\/favorite-news.com\/es\/wp-json\/wp\/v2\/tags?post=3905"}],"curies":[{"name":"wp","href":"https:\/\/api.w.org\/{rel}","templated":true}]}}