{"id":3872,"date":"2019-08-29T20:41:53","date_gmt":"2019-08-29T17:41:53","guid":{"rendered":"https:\/\/favorite-news.com\/es\/vodafone-patrocinara-al-equipo-porsche-de-la-formula-e-marcas\/"},"modified":"2019-08-29T20:41:54","modified_gmt":"2019-08-29T17:41:54","slug":"vodafone-patrocinara-al-equipo-porsche-de-la-formula-e-marcas","status":"publish","type":"post","link":"https:\/\/favorite-news.com\/es\/vodafone-patrocinara-al-equipo-porsche-de-la-formula-e-marcas\/","title":{"rendered":"Vodafone patrocinar\u00e1 al equipo Porsche de la Formula E | Marcas"},"content":{"rendered":"<p> [ad_1]<br \/>\n<\/p>\n<div id=\"bodyDetail\">\n<figure class=\"center\">\n<div class=\"imagen\"><\/div><figcaption>El logo de Vodafone est\u00e1 visible en el coche<\/figcaption><\/figure>\n<p>Ser\u00e1 la primera vez en su historia que Porsche cuente con coches de competici\u00f3n totalmente el\u00e9ctricos y la marca de Vodafone estar\u00e1 presente tanto en la carrocer\u00eda de estos veh\u00edculos, como en los uniformes de los pilotos que hagan su debut con la nueva escuder\u00eda en noviembre de este a\u00f1o.<\/p>\n<p>Este acuerdo de patrocinio, de cinco a\u00f1os de duraci\u00f3n, conlleva adem\u00e1s el aprovisionamiento de diferentes soluciones tecnol\u00f3gicas por parte de Vodafone que facilitar\u00e1n la comunicaci\u00f3n entre el equipo y los pilotos, adem\u00e1s de proporcionar soporte t\u00e9cnico.<\/p>\n<p><strong>Ahmed Essam, director comercial de Vodafone Grupo, <\/strong>ha comentado en un comunicado que \u201cexiste una alianza natural de Vodafone con la Formula E, un deporte de conducci\u00f3n de nueva generaci\u00f3n a nivel tecnol\u00f3gico que atrae a un p\u00fablico amplio, en constante crecimiento y que est\u00e1 preocupado por el planeta. Tenemos una relaci\u00f3n de trabajo muy positiva con Porsche y juntos buscaremos romper los l\u00edmites en la tecnolog\u00eda automovil\u00edstica\u201d.<\/p>\n<p>La participaci\u00f3n en este campeonato permite a empresas como Porsche y Vodafone probar y desarrollar tecnolog\u00edas viales para las ciudades, adem\u00e1s de actuar como catalizadores para redefinir el dise\u00f1o de los veh\u00edculos el\u00e9ctricos y mejorar la experiencia de conducci\u00f3n de todos los usuarios.<\/p>\n<p>Adem\u00e1s, Porsche fue el primer cliente de la soluci\u00f3n de coche conectado de Vodafone y las compa\u00f1\u00edas han trabajado juntas en los \u00faltimos a\u00f1os para incluir nuevas caracter\u00edsticas a los \u00faltimos modelos de la marca alemana, como bloquear y desbloquear el veh\u00edculo a trav\u00e9s de una <em>app <\/em>m\u00f3vil, seguimiento y localizaci\u00f3n del coche en todo momento, servicio antirrobo o mantenimiento preventivo y proactivo gracias a la monitorizaci\u00f3n de funciones del coche como el nivel de gasolina o el nivel de presi\u00f3n del aceite y los neum\u00e1ticos.<\/p>\n<p>Adicionalmente a este acuerdo de patrocinio, <strong>Porsche Motorsport y Vodafone seguir\u00e1n colaborando en el \u00e1mbito de los <em>e-sports<\/em> en un futuro cercano.<\/strong><\/p>\n<\/div>\n<p>[ad_2]<br \/>\n<br \/><a href=\"http:\/\/www.marketingnews.es\/marcas\/noticia\/1144176054305\/vodafone-patrocinara-al-equipo-porsche-de-formula.1.html\">Source link <\/a><\/p>\n","protected":false},"excerpt":{"rendered":"<p>[ad_1] El logo de Vodafone est\u00e1 visible en el coche Ser\u00e1 la primera vez en su historia que Porsche cuente con coches de competici\u00f3n totalmente el\u00e9ctricos y la marca de Vodafone estar\u00e1 presente tanto en la carrocer\u00eda de estos veh\u00edculos, como en los uniformes de los pilotos que hagan su debut con la nueva escuder\u00eda [&hellip;]<\/p>\n","protected":false},"author":2,"featured_media":3873,"comment_status":"open","ping_status":"open","sticky":false,"template":"","format":"standard","meta":{"footnotes":""},"categories":[2],"tags":[],"class_list":["post-3872","post","type-post","status-publish","format-standard","has-post-thumbnail","hentry","category-noticias-de-internet-marketing"],"yoast_head":"<!-- This site is optimized with the Yoast SEO plugin v27.4 - https:\/\/yoast.com\/product\/yoast-seo-wordpress\/ -->\n<title>Vodafone patrocinar\u00e1 al equipo Porsche de la Formula E | Marcas - Favorite News<\/title>\n<meta name=\"robots\" content=\"index, follow, max-snippet:-1, max-image-preview:large, max-video-preview:-1\" \/>\n<link rel=\"canonical\" href=\"https:\/\/favorite-news.com\/es\/vodafone-patrocinara-al-equipo-porsche-de-la-formula-e-marcas\/\" \/>\n<meta property=\"og:locale\" content=\"es_ES\" \/>\n<meta property=\"og:type\" content=\"article\" \/>\n<meta property=\"og:title\" content=\"Vodafone patrocinar\u00e1 al equipo Porsche de la Formula E | Marcas - Favorite News\" \/>\n<meta property=\"og:description\" content=\"[ad_1] El logo de Vodafone est\u00e1 visible en el coche Ser\u00e1 la primera vez en su historia que Porsche cuente con coches de competici\u00f3n totalmente el\u00e9ctricos y la marca de Vodafone estar\u00e1 presente tanto en la carrocer\u00eda de estos veh\u00edculos, como en los uniformes de los pilotos que hagan su debut con la nueva escuder\u00eda [&hellip;]\" \/>\n<meta property=\"og:url\" content=\"https:\/\/favorite-news.com\/es\/vodafone-patrocinara-al-equipo-porsche-de-la-formula-e-marcas\/\" \/>\n<meta property=\"og:site_name\" content=\"Favorite News\" \/>\n<meta property=\"article:published_time\" content=\"2019-08-29T17:41:53+00:00\" \/>\n<meta property=\"article:modified_time\" content=\"2019-08-29T17:41:54+00:00\" \/>\n<meta property=\"og:image\" content=\"https:\/\/favorite-news.com\/es\/wp-content\/uploads\/sites\/4\/2019\/08\/Vodafone-patrocinar\u00e1-al-equipo-Porsche-de-la-Formula-E.jpg\" \/>\n\t<meta property=\"og:image:width\" content=\"530\" \/>\n\t<meta property=\"og:image:height\" content=\"300\" \/>\n\t<meta property=\"og:image:type\" content=\"image\/jpeg\" \/>\n<meta name=\"author\" content=\"favorite-news\" \/>\n<meta name=\"twitter:card\" content=\"summary_large_image\" \/>\n<meta name=\"twitter:label1\" content=\"Escrito por\" \/>\n\t<meta name=\"twitter:data1\" content=\"favorite-news\" \/>\n\t<meta name=\"twitter:label2\" content=\"Tiempo de lectura\" \/>\n\t<meta name=\"twitter:data2\" content=\"2 minutos\" \/>\n<script type=\"application\/ld+json\" class=\"yoast-schema-graph\">{\"@context\":\"https:\\\/\\\/schema.org\",\"@graph\":[{\"@type\":\"Article\",\"@id\":\"https:\\\/\\\/favorite-news.com\\\/es\\\/vodafone-patrocinara-al-equipo-porsche-de-la-formula-e-marcas\\\/#article\",\"isPartOf\":{\"@id\":\"https:\\\/\\\/favorite-news.com\\\/es\\\/vodafone-patrocinara-al-equipo-porsche-de-la-formula-e-marcas\\\/\"},\"author\":{\"name\":\"favorite-news\",\"@id\":\"https:\\\/\\\/favorite-news.com\\\/es\\\/#\\\/schema\\\/person\\\/b91573b717dcfa5e4696032a9d28d3e8\"},\"headline\":\"Vodafone patrocinar\u00e1 al equipo Porsche de la Formula E | Marcas\",\"datePublished\":\"2019-08-29T17:41:53+00:00\",\"dateModified\":\"2019-08-29T17:41:54+00:00\",\"mainEntityOfPage\":{\"@id\":\"https:\\\/\\\/favorite-news.com\\\/es\\\/vodafone-patrocinara-al-equipo-porsche-de-la-formula-e-marcas\\\/\"},\"wordCount\":370,\"commentCount\":0,\"image\":{\"@id\":\"https:\\\/\\\/favorite-news.com\\\/es\\\/vodafone-patrocinara-al-equipo-porsche-de-la-formula-e-marcas\\\/#primaryimage\"},\"thumbnailUrl\":\"https:\\\/\\\/favorite-news.com\\\/es\\\/wp-content\\\/uploads\\\/sites\\\/4\\\/2019\\\/08\\\/Vodafone-patrocinar\u00e1-al-equipo-Porsche-de-la-Formula-E.jpg\",\"articleSection\":[\"NOTICIAS DE INTERNET MARKETING\"],\"inLanguage\":\"es\",\"potentialAction\":[{\"@type\":\"CommentAction\",\"name\":\"Comment\",\"target\":[\"https:\\\/\\\/favorite-news.com\\\/es\\\/vodafone-patrocinara-al-equipo-porsche-de-la-formula-e-marcas\\\/#respond\"]}]},{\"@type\":\"WebPage\",\"@id\":\"https:\\\/\\\/favorite-news.com\\\/es\\\/vodafone-patrocinara-al-equipo-porsche-de-la-formula-e-marcas\\\/\",\"url\":\"https:\\\/\\\/favorite-news.com\\\/es\\\/vodafone-patrocinara-al-equipo-porsche-de-la-formula-e-marcas\\\/\",\"name\":\"Vodafone patrocinar\u00e1 al equipo Porsche de la Formula E | Marcas - Favorite News\",\"isPartOf\":{\"@id\":\"https:\\\/\\\/favorite-news.com\\\/es\\\/#website\"},\"primaryImageOfPage\":{\"@id\":\"https:\\\/\\\/favorite-news.com\\\/es\\\/vodafone-patrocinara-al-equipo-porsche-de-la-formula-e-marcas\\\/#primaryimage\"},\"image\":{\"@id\":\"https:\\\/\\\/favorite-news.com\\\/es\\\/vodafone-patrocinara-al-equipo-porsche-de-la-formula-e-marcas\\\/#primaryimage\"},\"thumbnailUrl\":\"https:\\\/\\\/favorite-news.com\\\/es\\\/wp-content\\\/uploads\\\/sites\\\/4\\\/2019\\\/08\\\/Vodafone-patrocinar\u00e1-al-equipo-Porsche-de-la-Formula-E.jpg\",\"datePublished\":\"2019-08-29T17:41:53+00:00\",\"dateModified\":\"2019-08-29T17:41:54+00:00\",\"author\":{\"@id\":\"https:\\\/\\\/favorite-news.com\\\/es\\\/#\\\/schema\\\/person\\\/b91573b717dcfa5e4696032a9d28d3e8\"},\"breadcrumb\":{\"@id\":\"https:\\\/\\\/favorite-news.com\\\/es\\\/vodafone-patrocinara-al-equipo-porsche-de-la-formula-e-marcas\\\/#breadcrumb\"},\"inLanguage\":\"es\",\"potentialAction\":[{\"@type\":\"ReadAction\",\"target\":[\"https:\\\/\\\/favorite-news.com\\\/es\\\/vodafone-patrocinara-al-equipo-porsche-de-la-formula-e-marcas\\\/\"]}]},{\"@type\":\"ImageObject\",\"inLanguage\":\"es\",\"@id\":\"https:\\\/\\\/favorite-news.com\\\/es\\\/vodafone-patrocinara-al-equipo-porsche-de-la-formula-e-marcas\\\/#primaryimage\",\"url\":\"https:\\\/\\\/favorite-news.com\\\/es\\\/wp-content\\\/uploads\\\/sites\\\/4\\\/2019\\\/08\\\/Vodafone-patrocinar\u00e1-al-equipo-Porsche-de-la-Formula-E.jpg\",\"contentUrl\":\"https:\\\/\\\/favorite-news.com\\\/es\\\/wp-content\\\/uploads\\\/sites\\\/4\\\/2019\\\/08\\\/Vodafone-patrocinar\u00e1-al-equipo-Porsche-de-la-Formula-E.jpg\",\"width\":530,\"height\":300,\"caption\":\"Vodafone patrocinar\u00e1 al equipo Porsche de la Formula E | Marcas\"},{\"@type\":\"BreadcrumbList\",\"@id\":\"https:\\\/\\\/favorite-news.com\\\/es\\\/vodafone-patrocinara-al-equipo-porsche-de-la-formula-e-marcas\\\/#breadcrumb\",\"itemListElement\":[{\"@type\":\"ListItem\",\"position\":1,\"name\":\"Home\",\"item\":\"https:\\\/\\\/favorite-news.com\\\/es\\\/\"},{\"@type\":\"ListItem\",\"position\":2,\"name\":\"Vodafone patrocinar\u00e1 al equipo Porsche de la Formula E | Marcas\"}]},{\"@type\":\"WebSite\",\"@id\":\"https:\\\/\\\/favorite-news.com\\\/es\\\/#website\",\"url\":\"https:\\\/\\\/favorite-news.com\\\/es\\\/\",\"name\":\"Favorite News\",\"description\":\"Favorite News Espa\u00f1a\",\"potentialAction\":[{\"@type\":\"SearchAction\",\"target\":{\"@type\":\"EntryPoint\",\"urlTemplate\":\"https:\\\/\\\/favorite-news.com\\\/es\\\/?s={search_term_string}\"},\"query-input\":{\"@type\":\"PropertyValueSpecification\",\"valueRequired\":true,\"valueName\":\"search_term_string\"}}],\"inLanguage\":\"es\"},{\"@type\":\"Person\",\"@id\":\"https:\\\/\\\/favorite-news.com\\\/es\\\/#\\\/schema\\\/person\\\/b91573b717dcfa5e4696032a9d28d3e8\",\"name\":\"favorite-news\",\"image\":{\"@type\":\"ImageObject\",\"inLanguage\":\"es\",\"@id\":\"https:\\\/\\\/secure.gravatar.com\\\/avatar\\\/6c5a5cb12b74e9d517ee91cf570335b7d16177f1977cc91db161adfa435945a7?s=96&d=mm&r=g\",\"url\":\"https:\\\/\\\/secure.gravatar.com\\\/avatar\\\/6c5a5cb12b74e9d517ee91cf570335b7d16177f1977cc91db161adfa435945a7?s=96&d=mm&r=g\",\"contentUrl\":\"https:\\\/\\\/secure.gravatar.com\\\/avatar\\\/6c5a5cb12b74e9d517ee91cf570335b7d16177f1977cc91db161adfa435945a7?s=96&d=mm&r=g\",\"caption\":\"favorite-news\"},\"url\":\"https:\\\/\\\/favorite-news.com\\\/es\\\/author\\\/pt\\\/\"}]}<\/script>\n<!-- \/ Yoast SEO plugin. -->","yoast_head_json":{"title":"Vodafone patrocinar\u00e1 al equipo Porsche de la Formula E | Marcas - Favorite News","robots":{"index":"index","follow":"follow","max-snippet":"max-snippet:-1","max-image-preview":"max-image-preview:large","max-video-preview":"max-video-preview:-1"},"canonical":"https:\/\/favorite-news.com\/es\/vodafone-patrocinara-al-equipo-porsche-de-la-formula-e-marcas\/","og_locale":"es_ES","og_type":"article","og_title":"Vodafone patrocinar\u00e1 al equipo Porsche de la Formula E | Marcas - Favorite News","og_description":"[ad_1] El logo de Vodafone est\u00e1 visible en el coche Ser\u00e1 la primera vez en su historia que Porsche cuente con coches de competici\u00f3n totalmente el\u00e9ctricos y la marca de Vodafone estar\u00e1 presente tanto en la carrocer\u00eda de estos veh\u00edculos, como en los uniformes de los pilotos que hagan su debut con la nueva escuder\u00eda [&hellip;]","og_url":"https:\/\/favorite-news.com\/es\/vodafone-patrocinara-al-equipo-porsche-de-la-formula-e-marcas\/","og_site_name":"Favorite News","article_published_time":"2019-08-29T17:41:53+00:00","article_modified_time":"2019-08-29T17:41:54+00:00","og_image":[{"width":530,"height":300,"url":"https:\/\/favorite-news.com\/es\/wp-content\/uploads\/sites\/4\/2019\/08\/Vodafone-patrocinar\u00e1-al-equipo-Porsche-de-la-Formula-E.jpg","type":"image\/jpeg"}],"author":"favorite-news","twitter_card":"summary_large_image","twitter_misc":{"Escrito por":"favorite-news","Tiempo de lectura":"2 minutos"},"schema":{"@context":"https:\/\/schema.org","@graph":[{"@type":"Article","@id":"https:\/\/favorite-news.com\/es\/vodafone-patrocinara-al-equipo-porsche-de-la-formula-e-marcas\/#article","isPartOf":{"@id":"https:\/\/favorite-news.com\/es\/vodafone-patrocinara-al-equipo-porsche-de-la-formula-e-marcas\/"},"author":{"name":"favorite-news","@id":"https:\/\/favorite-news.com\/es\/#\/schema\/person\/b91573b717dcfa5e4696032a9d28d3e8"},"headline":"Vodafone patrocinar\u00e1 al equipo Porsche de la Formula E | Marcas","datePublished":"2019-08-29T17:41:53+00:00","dateModified":"2019-08-29T17:41:54+00:00","mainEntityOfPage":{"@id":"https:\/\/favorite-news.com\/es\/vodafone-patrocinara-al-equipo-porsche-de-la-formula-e-marcas\/"},"wordCount":370,"commentCount":0,"image":{"@id":"https:\/\/favorite-news.com\/es\/vodafone-patrocinara-al-equipo-porsche-de-la-formula-e-marcas\/#primaryimage"},"thumbnailUrl":"https:\/\/favorite-news.com\/es\/wp-content\/uploads\/sites\/4\/2019\/08\/Vodafone-patrocinar\u00e1-al-equipo-Porsche-de-la-Formula-E.jpg","articleSection":["NOTICIAS DE INTERNET MARKETING"],"inLanguage":"es","potentialAction":[{"@type":"CommentAction","name":"Comment","target":["https:\/\/favorite-news.com\/es\/vodafone-patrocinara-al-equipo-porsche-de-la-formula-e-marcas\/#respond"]}]},{"@type":"WebPage","@id":"https:\/\/favorite-news.com\/es\/vodafone-patrocinara-al-equipo-porsche-de-la-formula-e-marcas\/","url":"https:\/\/favorite-news.com\/es\/vodafone-patrocinara-al-equipo-porsche-de-la-formula-e-marcas\/","name":"Vodafone patrocinar\u00e1 al equipo Porsche de la Formula E | Marcas - Favorite News","isPartOf":{"@id":"https:\/\/favorite-news.com\/es\/#website"},"primaryImageOfPage":{"@id":"https:\/\/favorite-news.com\/es\/vodafone-patrocinara-al-equipo-porsche-de-la-formula-e-marcas\/#primaryimage"},"image":{"@id":"https:\/\/favorite-news.com\/es\/vodafone-patrocinara-al-equipo-porsche-de-la-formula-e-marcas\/#primaryimage"},"thumbnailUrl":"https:\/\/favorite-news.com\/es\/wp-content\/uploads\/sites\/4\/2019\/08\/Vodafone-patrocinar\u00e1-al-equipo-Porsche-de-la-Formula-E.jpg","datePublished":"2019-08-29T17:41:53+00:00","dateModified":"2019-08-29T17:41:54+00:00","author":{"@id":"https:\/\/favorite-news.com\/es\/#\/schema\/person\/b91573b717dcfa5e4696032a9d28d3e8"},"breadcrumb":{"@id":"https:\/\/favorite-news.com\/es\/vodafone-patrocinara-al-equipo-porsche-de-la-formula-e-marcas\/#breadcrumb"},"inLanguage":"es","potentialAction":[{"@type":"ReadAction","target":["https:\/\/favorite-news.com\/es\/vodafone-patrocinara-al-equipo-porsche-de-la-formula-e-marcas\/"]}]},{"@type":"ImageObject","inLanguage":"es","@id":"https:\/\/favorite-news.com\/es\/vodafone-patrocinara-al-equipo-porsche-de-la-formula-e-marcas\/#primaryimage","url":"https:\/\/favorite-news.com\/es\/wp-content\/uploads\/sites\/4\/2019\/08\/Vodafone-patrocinar\u00e1-al-equipo-Porsche-de-la-Formula-E.jpg","contentUrl":"https:\/\/favorite-news.com\/es\/wp-content\/uploads\/sites\/4\/2019\/08\/Vodafone-patrocinar\u00e1-al-equipo-Porsche-de-la-Formula-E.jpg","width":530,"height":300,"caption":"Vodafone patrocinar\u00e1 al equipo Porsche de la Formula E | Marcas"},{"@type":"BreadcrumbList","@id":"https:\/\/favorite-news.com\/es\/vodafone-patrocinara-al-equipo-porsche-de-la-formula-e-marcas\/#breadcrumb","itemListElement":[{"@type":"ListItem","position":1,"name":"Home","item":"https:\/\/favorite-news.com\/es\/"},{"@type":"ListItem","position":2,"name":"Vodafone patrocinar\u00e1 al equipo Porsche de la Formula E | Marcas"}]},{"@type":"WebSite","@id":"https:\/\/favorite-news.com\/es\/#website","url":"https:\/\/favorite-news.com\/es\/","name":"Favorite News","description":"Favorite News Espa\u00f1a","potentialAction":[{"@type":"SearchAction","target":{"@type":"EntryPoint","urlTemplate":"https:\/\/favorite-news.com\/es\/?s={search_term_string}"},"query-input":{"@type":"PropertyValueSpecification","valueRequired":true,"valueName":"search_term_string"}}],"inLanguage":"es"},{"@type":"Person","@id":"https:\/\/favorite-news.com\/es\/#\/schema\/person\/b91573b717dcfa5e4696032a9d28d3e8","name":"favorite-news","image":{"@type":"ImageObject","inLanguage":"es","@id":"https:\/\/secure.gravatar.com\/avatar\/6c5a5cb12b74e9d517ee91cf570335b7d16177f1977cc91db161adfa435945a7?s=96&d=mm&r=g","url":"https:\/\/secure.gravatar.com\/avatar\/6c5a5cb12b74e9d517ee91cf570335b7d16177f1977cc91db161adfa435945a7?s=96&d=mm&r=g","contentUrl":"https:\/\/secure.gravatar.com\/avatar\/6c5a5cb12b74e9d517ee91cf570335b7d16177f1977cc91db161adfa435945a7?s=96&d=mm&r=g","caption":"favorite-news"},"url":"https:\/\/favorite-news.com\/es\/author\/pt\/"}]}},"_links":{"self":[{"href":"https:\/\/favorite-news.com\/es\/wp-json\/wp\/v2\/posts\/3872","targetHints":{"allow":["GET"]}}],"collection":[{"href":"https:\/\/favorite-news.com\/es\/wp-json\/wp\/v2\/posts"}],"about":[{"href":"https:\/\/favorite-news.com\/es\/wp-json\/wp\/v2\/types\/post"}],"author":[{"embeddable":true,"href":"https:\/\/favorite-news.com\/es\/wp-json\/wp\/v2\/users\/2"}],"replies":[{"embeddable":true,"href":"https:\/\/favorite-news.com\/es\/wp-json\/wp\/v2\/comments?post=3872"}],"version-history":[{"count":1,"href":"https:\/\/favorite-news.com\/es\/wp-json\/wp\/v2\/posts\/3872\/revisions"}],"predecessor-version":[{"id":3874,"href":"https:\/\/favorite-news.com\/es\/wp-json\/wp\/v2\/posts\/3872\/revisions\/3874"}],"wp:featuredmedia":[{"embeddable":true,"href":"https:\/\/favorite-news.com\/es\/wp-json\/wp\/v2\/media\/3873"}],"wp:attachment":[{"href":"https:\/\/favorite-news.com\/es\/wp-json\/wp\/v2\/media?parent=3872"}],"wp:term":[{"taxonomy":"category","embeddable":true,"href":"https:\/\/favorite-news.com\/es\/wp-json\/wp\/v2\/categories?post=3872"},{"taxonomy":"post_tag","embeddable":true,"href":"https:\/\/favorite-news.com\/es\/wp-json\/wp\/v2\/tags?post=3872"}],"curies":[{"name":"wp","href":"https:\/\/api.w.org\/{rel}","templated":true}]}}