{"id":3851,"date":"2019-08-29T15:41:09","date_gmt":"2019-08-29T12:41:09","guid":{"rendered":"https:\/\/favorite-news.com\/es\/la-campana-con-la-que-laliga-quiere-calentar-la-nueva-temporada-marcas\/"},"modified":"2019-08-29T15:41:10","modified_gmt":"2019-08-29T12:41:10","slug":"la-campana-con-la-que-laliga-quiere-calentar-la-nueva-temporada-marcas","status":"publish","type":"post","link":"https:\/\/favorite-news.com\/es\/la-campana-con-la-que-laliga-quiere-calentar-la-nueva-temporada-marcas\/","title":{"rendered":"La campa\u00f1a con la que LaLiga quiere calentar la nueva temporada | Marcas"},"content":{"rendered":"<p> [ad_1]<br \/>\n<\/p>\n<div id=\"bodyDetail\">\n<figure class=\"center\">\n<div class=\"imagen\"><\/div><figcaption>La campa\u00f1a es obra de McCann<\/figcaption><\/figure>\n<p>La campa\u00f1a estar\u00e1 presente en la gran mayor\u00eda de soportes publicitarios, con piezas para televisi\u00f3n (20\u201d), digital (60\u201d, 20\u201d, 15\u201d y campa\u00f1a <em>display<\/em>), exterior y gr\u00e1fica y tiene como objetivo\u00a0 que sus seguidores de todo el mundo tomen impulso y vuelvan a latir con la competici\u00f3n.<\/p>\n<p>En la creatividad, Christian Karembeu, Marcos Senna, Gaizka Mendieta, Aintzane Encinas y el <em>youtuber<\/em> Javier Sanz Aguilar \u2018Javifreestyle\u2019 ayudan a Fernando Sanz a resolver un problema inesperado en la f\u00e1brica de balones de LaLiga.\u00a0 Los protagonistas har\u00e1n todo lo que est\u00e9 en sus pies para que esos balones lleguen a su destino, en distintos pa\u00edses de todo el mundo.<\/p>\n<p>La campa\u00f1a, creada por <strong>McCann<\/strong>, ir\u00e1 acompa\u00f1ada de una acci\u00f3n global en redes sociales en la que <em>influencers<\/em> y <em>celebrities<\/em> de todo el mundo tambi\u00e9n calentar\u00e1n motores de cara a la nueva temporada de LaLiga.<\/p>\n<p><iframe loading=\"lazy\" class=\"det-video\" width=\"100%\" id=\"ytbPlayer\" src=\"https:\/\/www.youtube.com\/embed\/_QVeGCadvbg?rel=0&amp;wmode=transparent\" frameborder=\"0\" allowfullscreen=\"\" height=\"300px\" ><\/iframe><\/p>\n<\/div>\n<p>[ad_2]<br \/>\n<br \/><a href=\"http:\/\/www.marketingnews.es\/marcas\/noticia\/1144182054305\/campana-laliga-quiere-calentar-nueva-temporada.1.html\">Source link <\/a><\/p>\n","protected":false},"excerpt":{"rendered":"<p>[ad_1] La campa\u00f1a es obra de McCann La campa\u00f1a estar\u00e1 presente en la gran mayor\u00eda de soportes publicitarios, con piezas para televisi\u00f3n (20\u201d), digital (60\u201d, 20\u201d, 15\u201d y campa\u00f1a display), exterior y gr\u00e1fica y tiene como objetivo\u00a0 que sus seguidores de todo el mundo tomen impulso y vuelvan a latir con la competici\u00f3n. En la [&hellip;]<\/p>\n","protected":false},"author":2,"featured_media":3852,"comment_status":"open","ping_status":"open","sticky":false,"template":"","format":"standard","meta":{"footnotes":""},"categories":[2],"tags":[],"class_list":["post-3851","post","type-post","status-publish","format-standard","has-post-thumbnail","hentry","category-noticias-de-internet-marketing"],"yoast_head":"<!-- This site is optimized with the Yoast SEO plugin v27.4 - https:\/\/yoast.com\/product\/yoast-seo-wordpress\/ -->\n<title>La campa\u00f1a con la que LaLiga quiere calentar la nueva temporada | Marcas - Favorite News<\/title>\n<meta name=\"robots\" content=\"index, follow, max-snippet:-1, max-image-preview:large, max-video-preview:-1\" \/>\n<link rel=\"canonical\" href=\"https:\/\/favorite-news.com\/es\/la-campana-con-la-que-laliga-quiere-calentar-la-nueva-temporada-marcas\/\" \/>\n<meta property=\"og:locale\" content=\"es_ES\" \/>\n<meta property=\"og:type\" content=\"article\" \/>\n<meta property=\"og:title\" content=\"La campa\u00f1a con la que LaLiga quiere calentar la nueva temporada | Marcas - Favorite News\" \/>\n<meta property=\"og:description\" content=\"[ad_1] La campa\u00f1a es obra de McCann La campa\u00f1a estar\u00e1 presente en la gran mayor\u00eda de soportes publicitarios, con piezas para televisi\u00f3n (20\u201d), digital (60\u201d, 20\u201d, 15\u201d y campa\u00f1a display), exterior y gr\u00e1fica y tiene como objetivo\u00a0 que sus seguidores de todo el mundo tomen impulso y vuelvan a latir con la competici\u00f3n. En la [&hellip;]\" \/>\n<meta property=\"og:url\" content=\"https:\/\/favorite-news.com\/es\/la-campana-con-la-que-laliga-quiere-calentar-la-nueva-temporada-marcas\/\" \/>\n<meta property=\"og:site_name\" content=\"Favorite News\" \/>\n<meta property=\"article:published_time\" content=\"2019-08-29T12:41:09+00:00\" \/>\n<meta property=\"article:modified_time\" content=\"2019-08-29T12:41:10+00:00\" \/>\n<meta property=\"og:image\" content=\"https:\/\/favorite-news.com\/es\/wp-content\/uploads\/sites\/4\/2019\/08\/La-campa\u00f1a-con-la-que-LaLiga-quiere-calentar-la-nueva.jpg\" \/>\n\t<meta property=\"og:image:width\" content=\"531\" \/>\n\t<meta property=\"og:image:height\" content=\"303\" \/>\n\t<meta property=\"og:image:type\" content=\"image\/jpeg\" \/>\n<meta name=\"author\" content=\"favorite-news\" \/>\n<meta name=\"twitter:card\" content=\"summary_large_image\" \/>\n<meta name=\"twitter:label1\" content=\"Escrito por\" \/>\n\t<meta name=\"twitter:data1\" content=\"favorite-news\" \/>\n\t<meta name=\"twitter:label2\" content=\"Tiempo de lectura\" \/>\n\t<meta name=\"twitter:data2\" content=\"1 minuto\" \/>\n<script type=\"application\/ld+json\" class=\"yoast-schema-graph\">{\"@context\":\"https:\\\/\\\/schema.org\",\"@graph\":[{\"@type\":\"Article\",\"@id\":\"https:\\\/\\\/favorite-news.com\\\/es\\\/la-campana-con-la-que-laliga-quiere-calentar-la-nueva-temporada-marcas\\\/#article\",\"isPartOf\":{\"@id\":\"https:\\\/\\\/favorite-news.com\\\/es\\\/la-campana-con-la-que-laliga-quiere-calentar-la-nueva-temporada-marcas\\\/\"},\"author\":{\"name\":\"favorite-news\",\"@id\":\"https:\\\/\\\/favorite-news.com\\\/es\\\/#\\\/schema\\\/person\\\/b91573b717dcfa5e4696032a9d28d3e8\"},\"headline\":\"La campa\u00f1a con la que LaLiga quiere calentar la nueva temporada | Marcas\",\"datePublished\":\"2019-08-29T12:41:09+00:00\",\"dateModified\":\"2019-08-29T12:41:10+00:00\",\"mainEntityOfPage\":{\"@id\":\"https:\\\/\\\/favorite-news.com\\\/es\\\/la-campana-con-la-que-laliga-quiere-calentar-la-nueva-temporada-marcas\\\/\"},\"wordCount\":174,\"commentCount\":0,\"image\":{\"@id\":\"https:\\\/\\\/favorite-news.com\\\/es\\\/la-campana-con-la-que-laliga-quiere-calentar-la-nueva-temporada-marcas\\\/#primaryimage\"},\"thumbnailUrl\":\"https:\\\/\\\/favorite-news.com\\\/es\\\/wp-content\\\/uploads\\\/sites\\\/4\\\/2019\\\/08\\\/La-campa\u00f1a-con-la-que-LaLiga-quiere-calentar-la-nueva.jpg\",\"articleSection\":[\"NOTICIAS DE INTERNET MARKETING\"],\"inLanguage\":\"es\",\"potentialAction\":[{\"@type\":\"CommentAction\",\"name\":\"Comment\",\"target\":[\"https:\\\/\\\/favorite-news.com\\\/es\\\/la-campana-con-la-que-laliga-quiere-calentar-la-nueva-temporada-marcas\\\/#respond\"]}]},{\"@type\":\"WebPage\",\"@id\":\"https:\\\/\\\/favorite-news.com\\\/es\\\/la-campana-con-la-que-laliga-quiere-calentar-la-nueva-temporada-marcas\\\/\",\"url\":\"https:\\\/\\\/favorite-news.com\\\/es\\\/la-campana-con-la-que-laliga-quiere-calentar-la-nueva-temporada-marcas\\\/\",\"name\":\"La campa\u00f1a con la que LaLiga quiere calentar la nueva temporada | Marcas - Favorite News\",\"isPartOf\":{\"@id\":\"https:\\\/\\\/favorite-news.com\\\/es\\\/#website\"},\"primaryImageOfPage\":{\"@id\":\"https:\\\/\\\/favorite-news.com\\\/es\\\/la-campana-con-la-que-laliga-quiere-calentar-la-nueva-temporada-marcas\\\/#primaryimage\"},\"image\":{\"@id\":\"https:\\\/\\\/favorite-news.com\\\/es\\\/la-campana-con-la-que-laliga-quiere-calentar-la-nueva-temporada-marcas\\\/#primaryimage\"},\"thumbnailUrl\":\"https:\\\/\\\/favorite-news.com\\\/es\\\/wp-content\\\/uploads\\\/sites\\\/4\\\/2019\\\/08\\\/La-campa\u00f1a-con-la-que-LaLiga-quiere-calentar-la-nueva.jpg\",\"datePublished\":\"2019-08-29T12:41:09+00:00\",\"dateModified\":\"2019-08-29T12:41:10+00:00\",\"author\":{\"@id\":\"https:\\\/\\\/favorite-news.com\\\/es\\\/#\\\/schema\\\/person\\\/b91573b717dcfa5e4696032a9d28d3e8\"},\"breadcrumb\":{\"@id\":\"https:\\\/\\\/favorite-news.com\\\/es\\\/la-campana-con-la-que-laliga-quiere-calentar-la-nueva-temporada-marcas\\\/#breadcrumb\"},\"inLanguage\":\"es\",\"potentialAction\":[{\"@type\":\"ReadAction\",\"target\":[\"https:\\\/\\\/favorite-news.com\\\/es\\\/la-campana-con-la-que-laliga-quiere-calentar-la-nueva-temporada-marcas\\\/\"]}]},{\"@type\":\"ImageObject\",\"inLanguage\":\"es\",\"@id\":\"https:\\\/\\\/favorite-news.com\\\/es\\\/la-campana-con-la-que-laliga-quiere-calentar-la-nueva-temporada-marcas\\\/#primaryimage\",\"url\":\"https:\\\/\\\/favorite-news.com\\\/es\\\/wp-content\\\/uploads\\\/sites\\\/4\\\/2019\\\/08\\\/La-campa\u00f1a-con-la-que-LaLiga-quiere-calentar-la-nueva.jpg\",\"contentUrl\":\"https:\\\/\\\/favorite-news.com\\\/es\\\/wp-content\\\/uploads\\\/sites\\\/4\\\/2019\\\/08\\\/La-campa\u00f1a-con-la-que-LaLiga-quiere-calentar-la-nueva.jpg\",\"width\":531,\"height\":303,\"caption\":\"La campa\u00f1a con la que LaLiga quiere calentar la nueva temporada | Marcas\"},{\"@type\":\"BreadcrumbList\",\"@id\":\"https:\\\/\\\/favorite-news.com\\\/es\\\/la-campana-con-la-que-laliga-quiere-calentar-la-nueva-temporada-marcas\\\/#breadcrumb\",\"itemListElement\":[{\"@type\":\"ListItem\",\"position\":1,\"name\":\"Home\",\"item\":\"https:\\\/\\\/favorite-news.com\\\/es\\\/\"},{\"@type\":\"ListItem\",\"position\":2,\"name\":\"La campa\u00f1a con la que LaLiga quiere calentar la nueva temporada | Marcas\"}]},{\"@type\":\"WebSite\",\"@id\":\"https:\\\/\\\/favorite-news.com\\\/es\\\/#website\",\"url\":\"https:\\\/\\\/favorite-news.com\\\/es\\\/\",\"name\":\"Favorite News\",\"description\":\"Favorite News Espa\u00f1a\",\"potentialAction\":[{\"@type\":\"SearchAction\",\"target\":{\"@type\":\"EntryPoint\",\"urlTemplate\":\"https:\\\/\\\/favorite-news.com\\\/es\\\/?s={search_term_string}\"},\"query-input\":{\"@type\":\"PropertyValueSpecification\",\"valueRequired\":true,\"valueName\":\"search_term_string\"}}],\"inLanguage\":\"es\"},{\"@type\":\"Person\",\"@id\":\"https:\\\/\\\/favorite-news.com\\\/es\\\/#\\\/schema\\\/person\\\/b91573b717dcfa5e4696032a9d28d3e8\",\"name\":\"favorite-news\",\"image\":{\"@type\":\"ImageObject\",\"inLanguage\":\"es\",\"@id\":\"https:\\\/\\\/secure.gravatar.com\\\/avatar\\\/6c5a5cb12b74e9d517ee91cf570335b7d16177f1977cc91db161adfa435945a7?s=96&d=mm&r=g\",\"url\":\"https:\\\/\\\/secure.gravatar.com\\\/avatar\\\/6c5a5cb12b74e9d517ee91cf570335b7d16177f1977cc91db161adfa435945a7?s=96&d=mm&r=g\",\"contentUrl\":\"https:\\\/\\\/secure.gravatar.com\\\/avatar\\\/6c5a5cb12b74e9d517ee91cf570335b7d16177f1977cc91db161adfa435945a7?s=96&d=mm&r=g\",\"caption\":\"favorite-news\"},\"url\":\"https:\\\/\\\/favorite-news.com\\\/es\\\/author\\\/pt\\\/\"}]}<\/script>\n<!-- \/ Yoast SEO plugin. -->","yoast_head_json":{"title":"La campa\u00f1a con la que LaLiga quiere calentar la nueva temporada | Marcas - Favorite News","robots":{"index":"index","follow":"follow","max-snippet":"max-snippet:-1","max-image-preview":"max-image-preview:large","max-video-preview":"max-video-preview:-1"},"canonical":"https:\/\/favorite-news.com\/es\/la-campana-con-la-que-laliga-quiere-calentar-la-nueva-temporada-marcas\/","og_locale":"es_ES","og_type":"article","og_title":"La campa\u00f1a con la que LaLiga quiere calentar la nueva temporada | Marcas - Favorite News","og_description":"[ad_1] La campa\u00f1a es obra de McCann La campa\u00f1a estar\u00e1 presente en la gran mayor\u00eda de soportes publicitarios, con piezas para televisi\u00f3n (20\u201d), digital (60\u201d, 20\u201d, 15\u201d y campa\u00f1a display), exterior y gr\u00e1fica y tiene como objetivo\u00a0 que sus seguidores de todo el mundo tomen impulso y vuelvan a latir con la competici\u00f3n. En la [&hellip;]","og_url":"https:\/\/favorite-news.com\/es\/la-campana-con-la-que-laliga-quiere-calentar-la-nueva-temporada-marcas\/","og_site_name":"Favorite News","article_published_time":"2019-08-29T12:41:09+00:00","article_modified_time":"2019-08-29T12:41:10+00:00","og_image":[{"width":531,"height":303,"url":"https:\/\/favorite-news.com\/es\/wp-content\/uploads\/sites\/4\/2019\/08\/La-campa\u00f1a-con-la-que-LaLiga-quiere-calentar-la-nueva.jpg","type":"image\/jpeg"}],"author":"favorite-news","twitter_card":"summary_large_image","twitter_misc":{"Escrito por":"favorite-news","Tiempo de lectura":"1 minuto"},"schema":{"@context":"https:\/\/schema.org","@graph":[{"@type":"Article","@id":"https:\/\/favorite-news.com\/es\/la-campana-con-la-que-laliga-quiere-calentar-la-nueva-temporada-marcas\/#article","isPartOf":{"@id":"https:\/\/favorite-news.com\/es\/la-campana-con-la-que-laliga-quiere-calentar-la-nueva-temporada-marcas\/"},"author":{"name":"favorite-news","@id":"https:\/\/favorite-news.com\/es\/#\/schema\/person\/b91573b717dcfa5e4696032a9d28d3e8"},"headline":"La campa\u00f1a con la que LaLiga quiere calentar la nueva temporada | Marcas","datePublished":"2019-08-29T12:41:09+00:00","dateModified":"2019-08-29T12:41:10+00:00","mainEntityOfPage":{"@id":"https:\/\/favorite-news.com\/es\/la-campana-con-la-que-laliga-quiere-calentar-la-nueva-temporada-marcas\/"},"wordCount":174,"commentCount":0,"image":{"@id":"https:\/\/favorite-news.com\/es\/la-campana-con-la-que-laliga-quiere-calentar-la-nueva-temporada-marcas\/#primaryimage"},"thumbnailUrl":"https:\/\/favorite-news.com\/es\/wp-content\/uploads\/sites\/4\/2019\/08\/La-campa\u00f1a-con-la-que-LaLiga-quiere-calentar-la-nueva.jpg","articleSection":["NOTICIAS DE INTERNET MARKETING"],"inLanguage":"es","potentialAction":[{"@type":"CommentAction","name":"Comment","target":["https:\/\/favorite-news.com\/es\/la-campana-con-la-que-laliga-quiere-calentar-la-nueva-temporada-marcas\/#respond"]}]},{"@type":"WebPage","@id":"https:\/\/favorite-news.com\/es\/la-campana-con-la-que-laliga-quiere-calentar-la-nueva-temporada-marcas\/","url":"https:\/\/favorite-news.com\/es\/la-campana-con-la-que-laliga-quiere-calentar-la-nueva-temporada-marcas\/","name":"La campa\u00f1a con la que LaLiga quiere calentar la nueva temporada | Marcas - Favorite News","isPartOf":{"@id":"https:\/\/favorite-news.com\/es\/#website"},"primaryImageOfPage":{"@id":"https:\/\/favorite-news.com\/es\/la-campana-con-la-que-laliga-quiere-calentar-la-nueva-temporada-marcas\/#primaryimage"},"image":{"@id":"https:\/\/favorite-news.com\/es\/la-campana-con-la-que-laliga-quiere-calentar-la-nueva-temporada-marcas\/#primaryimage"},"thumbnailUrl":"https:\/\/favorite-news.com\/es\/wp-content\/uploads\/sites\/4\/2019\/08\/La-campa\u00f1a-con-la-que-LaLiga-quiere-calentar-la-nueva.jpg","datePublished":"2019-08-29T12:41:09+00:00","dateModified":"2019-08-29T12:41:10+00:00","author":{"@id":"https:\/\/favorite-news.com\/es\/#\/schema\/person\/b91573b717dcfa5e4696032a9d28d3e8"},"breadcrumb":{"@id":"https:\/\/favorite-news.com\/es\/la-campana-con-la-que-laliga-quiere-calentar-la-nueva-temporada-marcas\/#breadcrumb"},"inLanguage":"es","potentialAction":[{"@type":"ReadAction","target":["https:\/\/favorite-news.com\/es\/la-campana-con-la-que-laliga-quiere-calentar-la-nueva-temporada-marcas\/"]}]},{"@type":"ImageObject","inLanguage":"es","@id":"https:\/\/favorite-news.com\/es\/la-campana-con-la-que-laliga-quiere-calentar-la-nueva-temporada-marcas\/#primaryimage","url":"https:\/\/favorite-news.com\/es\/wp-content\/uploads\/sites\/4\/2019\/08\/La-campa\u00f1a-con-la-que-LaLiga-quiere-calentar-la-nueva.jpg","contentUrl":"https:\/\/favorite-news.com\/es\/wp-content\/uploads\/sites\/4\/2019\/08\/La-campa\u00f1a-con-la-que-LaLiga-quiere-calentar-la-nueva.jpg","width":531,"height":303,"caption":"La campa\u00f1a con la que LaLiga quiere calentar la nueva temporada | Marcas"},{"@type":"BreadcrumbList","@id":"https:\/\/favorite-news.com\/es\/la-campana-con-la-que-laliga-quiere-calentar-la-nueva-temporada-marcas\/#breadcrumb","itemListElement":[{"@type":"ListItem","position":1,"name":"Home","item":"https:\/\/favorite-news.com\/es\/"},{"@type":"ListItem","position":2,"name":"La campa\u00f1a con la que LaLiga quiere calentar la nueva temporada | Marcas"}]},{"@type":"WebSite","@id":"https:\/\/favorite-news.com\/es\/#website","url":"https:\/\/favorite-news.com\/es\/","name":"Favorite News","description":"Favorite News Espa\u00f1a","potentialAction":[{"@type":"SearchAction","target":{"@type":"EntryPoint","urlTemplate":"https:\/\/favorite-news.com\/es\/?s={search_term_string}"},"query-input":{"@type":"PropertyValueSpecification","valueRequired":true,"valueName":"search_term_string"}}],"inLanguage":"es"},{"@type":"Person","@id":"https:\/\/favorite-news.com\/es\/#\/schema\/person\/b91573b717dcfa5e4696032a9d28d3e8","name":"favorite-news","image":{"@type":"ImageObject","inLanguage":"es","@id":"https:\/\/secure.gravatar.com\/avatar\/6c5a5cb12b74e9d517ee91cf570335b7d16177f1977cc91db161adfa435945a7?s=96&d=mm&r=g","url":"https:\/\/secure.gravatar.com\/avatar\/6c5a5cb12b74e9d517ee91cf570335b7d16177f1977cc91db161adfa435945a7?s=96&d=mm&r=g","contentUrl":"https:\/\/secure.gravatar.com\/avatar\/6c5a5cb12b74e9d517ee91cf570335b7d16177f1977cc91db161adfa435945a7?s=96&d=mm&r=g","caption":"favorite-news"},"url":"https:\/\/favorite-news.com\/es\/author\/pt\/"}]}},"_links":{"self":[{"href":"https:\/\/favorite-news.com\/es\/wp-json\/wp\/v2\/posts\/3851","targetHints":{"allow":["GET"]}}],"collection":[{"href":"https:\/\/favorite-news.com\/es\/wp-json\/wp\/v2\/posts"}],"about":[{"href":"https:\/\/favorite-news.com\/es\/wp-json\/wp\/v2\/types\/post"}],"author":[{"embeddable":true,"href":"https:\/\/favorite-news.com\/es\/wp-json\/wp\/v2\/users\/2"}],"replies":[{"embeddable":true,"href":"https:\/\/favorite-news.com\/es\/wp-json\/wp\/v2\/comments?post=3851"}],"version-history":[{"count":1,"href":"https:\/\/favorite-news.com\/es\/wp-json\/wp\/v2\/posts\/3851\/revisions"}],"predecessor-version":[{"id":3853,"href":"https:\/\/favorite-news.com\/es\/wp-json\/wp\/v2\/posts\/3851\/revisions\/3853"}],"wp:featuredmedia":[{"embeddable":true,"href":"https:\/\/favorite-news.com\/es\/wp-json\/wp\/v2\/media\/3852"}],"wp:attachment":[{"href":"https:\/\/favorite-news.com\/es\/wp-json\/wp\/v2\/media?parent=3851"}],"wp:term":[{"taxonomy":"category","embeddable":true,"href":"https:\/\/favorite-news.com\/es\/wp-json\/wp\/v2\/categories?post=3851"},{"taxonomy":"post_tag","embeddable":true,"href":"https:\/\/favorite-news.com\/es\/wp-json\/wp\/v2\/tags?post=3851"}],"curies":[{"name":"wp","href":"https:\/\/api.w.org\/{rel}","templated":true}]}}