{"id":3845,"date":"2019-08-29T14:00:44","date_gmt":"2019-08-29T11:00:44","guid":{"rendered":"https:\/\/favorite-news.com\/es\/facebook-lanza-una-herramienta-para-que-los-usuarios-tengan-un-mayor-control-sobre-sus-datos-medios\/"},"modified":"2019-08-29T14:00:45","modified_gmt":"2019-08-29T11:00:45","slug":"facebook-lanza-una-herramienta-para-que-los-usuarios-tengan-un-mayor-control-sobre-sus-datos-medios","status":"publish","type":"post","link":"https:\/\/favorite-news.com\/es\/facebook-lanza-una-herramienta-para-que-los-usuarios-tengan-un-mayor-control-sobre-sus-datos-medios\/","title":{"rendered":"Facebook lanza una herramienta para que los usuarios tengan un mayor control sobre sus datos | Medios"},"content":{"rendered":"<p> [ad_1]<br \/>\n<\/p>\n<div id=\"bodyDetail\">\n<figure class=\"center\">\n<div class=\"imagen\"><\/div><figcaption>Pixabay<\/figcaption><\/figure>\n<p><strong>El sistema empezar\u00e1 a aplicarse de forma gradual en Irlanda, Corea del Sur y Espa\u00f1a. En los pr\u00f3ximos meses se extender\u00e1 al resto de pa\u00edses.<\/strong><\/p>\n<p>Con esta iniciativa, indican desde Facebook, \u201cse trata de otra forma de ofrecer a las personas m\u00e1s transparencia y control en Facebook junto con nuevas actualizaciones en nuestra biblioteca de anuncios, las actualizaciones en \u2018por qu\u00e9 veo este anuncio\u2019, y el lanzamiento de la nueva funcionalidad \u2018\u00bfpor qu\u00e9 veo esta publicaci\u00f3n?\u2019\u201d. \u2018Actividad fuera de Facebook\u2019, se\u00f1alan, permite ver un resumen de las aplicaciones y sitios web que env\u00edan informaci\u00f3n sobre la actividad del usuario y eliminar esta informaci\u00f3n de su cuenta si as\u00ed lo desea.<\/p>\n<p>En concreto, el usuario podr\u00e1 ver un resumen de la informaci\u00f3n que otras aplicaciones y sitios web han enviado a Facebook a trav\u00e9s de sus herramientas online para empresas como Facebook Pixel o Facebook Login, desconectar esta informaci\u00f3n de su cuenta si as\u00ed lo desea, y elegir desconectar de su cuenta la actividad fuera de Facebook que realice en el futuro. Se puede, por tanto, desconectar toda la actividad fuera de Facebook o solo la de aplicaciones y sitios web espec\u00edficos.<\/p>\n<p><strong>Si el usuario decide borrar su actividad fuera de Facebook se eliminar\u00e1 su informaci\u00f3n de identificaci\u00f3n de los datos que las aplicaciones y sitios web env\u00edan a la red.<\/strong> \u201cNo sabremos en qu\u00e9 sitios web has estado o lo que has hecho ah\u00ed, y no utilizaremos los datos que has desconectado para mostrarte anuncios en Facebook, Instagram o Messenger. Somos conscientes de que esto podr\u00eda repercutir en nuestro negocio, pero creemos que es m\u00e1s importante dar a las personas el control sobre sus datos\u201d, explican.<\/p>\n<p>En cuanto al dise\u00f1o de esta nueva herramienta, se\u00f1alan: \u201cDado que \u2018Actividad fuera de Facebook\u2019\u00a0 es un nuevo tipo de herramienta, no ten\u00edamos un patr\u00f3n que seguir. Nuestros equipos de ingenieros han redise\u00f1ado nuestros sistemas y creado una nueva forma de procesar la informaci\u00f3n. Tambi\u00e9n hemos realizado investigaciones durante meses para recibir opiniones y sugerencias de personas en Facebook, expertos en privacidad, legisladores, anunciantes y grupos del sector. Hemos tenido en cuenta esas sugerencias y realizado cambios importantes como consecuencia de ello. Por ejemplo, cuando la funci\u00f3n ya llevaba varios meses desarroll\u00e1ndose, nos pidieron una opci\u00f3n para desconectar la actividad futura en internet solo en empresas concretas, no necesariamente en todas a la vez. Tambi\u00e9n escuchamos de expertos en privacidad que era importante tener la posibilidad de reconectar con aplicaciones o sitios webs espec\u00edficos al mismo tiempo que mantenemos la actividad futura desconectada. Decidimos crear esas opciones para poder ofrecer un mejor producto para todos, aunque nos supusiera un retraso en su implantaci\u00f3n\u201d.<\/p>\n<\/div>\n<p>[ad_2]<br \/>\n<br \/><a href=\"http:\/\/www.marketingnews.es\/medios\/noticia\/1144178028405\/facebook-lanza-herramienta-usuarios-tengan-mayor-control-datos.1.html\">Source link <\/a><\/p>\n","protected":false},"excerpt":{"rendered":"<p>[ad_1] Pixabay El sistema empezar\u00e1 a aplicarse de forma gradual en Irlanda, Corea del Sur y Espa\u00f1a. En los pr\u00f3ximos meses se extender\u00e1 al resto de pa\u00edses. Con esta iniciativa, indican desde Facebook, \u201cse trata de otra forma de ofrecer a las personas m\u00e1s transparencia y control en Facebook junto con nuevas actualizaciones en nuestra [&hellip;]<\/p>\n","protected":false},"author":2,"featured_media":3846,"comment_status":"open","ping_status":"open","sticky":false,"template":"","format":"standard","meta":{"footnotes":""},"categories":[2],"tags":[],"class_list":["post-3845","post","type-post","status-publish","format-standard","has-post-thumbnail","hentry","category-noticias-de-internet-marketing"],"yoast_head":"<!-- This site is optimized with the Yoast SEO plugin v27.4 - https:\/\/yoast.com\/product\/yoast-seo-wordpress\/ -->\n<title>Facebook lanza una herramienta para que los usuarios tengan un mayor control sobre sus datos | Medios - Favorite News<\/title>\n<meta name=\"robots\" content=\"index, follow, max-snippet:-1, max-image-preview:large, max-video-preview:-1\" \/>\n<link rel=\"canonical\" href=\"https:\/\/favorite-news.com\/es\/facebook-lanza-una-herramienta-para-que-los-usuarios-tengan-un-mayor-control-sobre-sus-datos-medios\/\" \/>\n<meta property=\"og:locale\" content=\"es_ES\" \/>\n<meta property=\"og:type\" content=\"article\" \/>\n<meta property=\"og:title\" content=\"Facebook lanza una herramienta para que los usuarios tengan un mayor control sobre sus datos | Medios - Favorite News\" \/>\n<meta property=\"og:description\" content=\"[ad_1] Pixabay El sistema empezar\u00e1 a aplicarse de forma gradual en Irlanda, Corea del Sur y Espa\u00f1a. En los pr\u00f3ximos meses se extender\u00e1 al resto de pa\u00edses. Con esta iniciativa, indican desde Facebook, \u201cse trata de otra forma de ofrecer a las personas m\u00e1s transparencia y control en Facebook junto con nuevas actualizaciones en nuestra [&hellip;]\" \/>\n<meta property=\"og:url\" content=\"https:\/\/favorite-news.com\/es\/facebook-lanza-una-herramienta-para-que-los-usuarios-tengan-un-mayor-control-sobre-sus-datos-medios\/\" \/>\n<meta property=\"og:site_name\" content=\"Favorite News\" \/>\n<meta property=\"article:published_time\" content=\"2019-08-29T11:00:44+00:00\" \/>\n<meta property=\"article:modified_time\" content=\"2019-08-29T11:00:45+00:00\" \/>\n<meta property=\"og:image\" content=\"https:\/\/favorite-news.com\/es\/wp-content\/uploads\/sites\/4\/2019\/08\/Facebook-lanza-una-herramienta-para-que-los-usuarios-tengan-un.jpg\" \/>\n\t<meta property=\"og:image:width\" content=\"530\" \/>\n\t<meta property=\"og:image:height\" content=\"300\" \/>\n\t<meta property=\"og:image:type\" content=\"image\/jpeg\" \/>\n<meta name=\"author\" content=\"favorite-news\" \/>\n<meta name=\"twitter:card\" content=\"summary_large_image\" \/>\n<meta name=\"twitter:label1\" content=\"Escrito por\" \/>\n\t<meta name=\"twitter:data1\" content=\"favorite-news\" \/>\n\t<meta name=\"twitter:label2\" content=\"Tiempo de lectura\" \/>\n\t<meta name=\"twitter:data2\" content=\"2 minutos\" \/>\n<script type=\"application\/ld+json\" class=\"yoast-schema-graph\">{\"@context\":\"https:\\\/\\\/schema.org\",\"@graph\":[{\"@type\":\"Article\",\"@id\":\"https:\\\/\\\/favorite-news.com\\\/es\\\/facebook-lanza-una-herramienta-para-que-los-usuarios-tengan-un-mayor-control-sobre-sus-datos-medios\\\/#article\",\"isPartOf\":{\"@id\":\"https:\\\/\\\/favorite-news.com\\\/es\\\/facebook-lanza-una-herramienta-para-que-los-usuarios-tengan-un-mayor-control-sobre-sus-datos-medios\\\/\"},\"author\":{\"name\":\"favorite-news\",\"@id\":\"https:\\\/\\\/favorite-news.com\\\/es\\\/#\\\/schema\\\/person\\\/b91573b717dcfa5e4696032a9d28d3e8\"},\"headline\":\"Facebook lanza una herramienta para que los usuarios tengan un mayor control sobre sus datos | Medios\",\"datePublished\":\"2019-08-29T11:00:44+00:00\",\"dateModified\":\"2019-08-29T11:00:45+00:00\",\"mainEntityOfPage\":{\"@id\":\"https:\\\/\\\/favorite-news.com\\\/es\\\/facebook-lanza-una-herramienta-para-que-los-usuarios-tengan-un-mayor-control-sobre-sus-datos-medios\\\/\"},\"wordCount\":491,\"commentCount\":0,\"image\":{\"@id\":\"https:\\\/\\\/favorite-news.com\\\/es\\\/facebook-lanza-una-herramienta-para-que-los-usuarios-tengan-un-mayor-control-sobre-sus-datos-medios\\\/#primaryimage\"},\"thumbnailUrl\":\"https:\\\/\\\/favorite-news.com\\\/es\\\/wp-content\\\/uploads\\\/sites\\\/4\\\/2019\\\/08\\\/Facebook-lanza-una-herramienta-para-que-los-usuarios-tengan-un.jpg\",\"articleSection\":[\"NOTICIAS DE INTERNET MARKETING\"],\"inLanguage\":\"es\",\"potentialAction\":[{\"@type\":\"CommentAction\",\"name\":\"Comment\",\"target\":[\"https:\\\/\\\/favorite-news.com\\\/es\\\/facebook-lanza-una-herramienta-para-que-los-usuarios-tengan-un-mayor-control-sobre-sus-datos-medios\\\/#respond\"]}]},{\"@type\":\"WebPage\",\"@id\":\"https:\\\/\\\/favorite-news.com\\\/es\\\/facebook-lanza-una-herramienta-para-que-los-usuarios-tengan-un-mayor-control-sobre-sus-datos-medios\\\/\",\"url\":\"https:\\\/\\\/favorite-news.com\\\/es\\\/facebook-lanza-una-herramienta-para-que-los-usuarios-tengan-un-mayor-control-sobre-sus-datos-medios\\\/\",\"name\":\"Facebook lanza una herramienta para que los usuarios tengan un mayor control sobre sus datos | Medios - Favorite News\",\"isPartOf\":{\"@id\":\"https:\\\/\\\/favorite-news.com\\\/es\\\/#website\"},\"primaryImageOfPage\":{\"@id\":\"https:\\\/\\\/favorite-news.com\\\/es\\\/facebook-lanza-una-herramienta-para-que-los-usuarios-tengan-un-mayor-control-sobre-sus-datos-medios\\\/#primaryimage\"},\"image\":{\"@id\":\"https:\\\/\\\/favorite-news.com\\\/es\\\/facebook-lanza-una-herramienta-para-que-los-usuarios-tengan-un-mayor-control-sobre-sus-datos-medios\\\/#primaryimage\"},\"thumbnailUrl\":\"https:\\\/\\\/favorite-news.com\\\/es\\\/wp-content\\\/uploads\\\/sites\\\/4\\\/2019\\\/08\\\/Facebook-lanza-una-herramienta-para-que-los-usuarios-tengan-un.jpg\",\"datePublished\":\"2019-08-29T11:00:44+00:00\",\"dateModified\":\"2019-08-29T11:00:45+00:00\",\"author\":{\"@id\":\"https:\\\/\\\/favorite-news.com\\\/es\\\/#\\\/schema\\\/person\\\/b91573b717dcfa5e4696032a9d28d3e8\"},\"breadcrumb\":{\"@id\":\"https:\\\/\\\/favorite-news.com\\\/es\\\/facebook-lanza-una-herramienta-para-que-los-usuarios-tengan-un-mayor-control-sobre-sus-datos-medios\\\/#breadcrumb\"},\"inLanguage\":\"es\",\"potentialAction\":[{\"@type\":\"ReadAction\",\"target\":[\"https:\\\/\\\/favorite-news.com\\\/es\\\/facebook-lanza-una-herramienta-para-que-los-usuarios-tengan-un-mayor-control-sobre-sus-datos-medios\\\/\"]}]},{\"@type\":\"ImageObject\",\"inLanguage\":\"es\",\"@id\":\"https:\\\/\\\/favorite-news.com\\\/es\\\/facebook-lanza-una-herramienta-para-que-los-usuarios-tengan-un-mayor-control-sobre-sus-datos-medios\\\/#primaryimage\",\"url\":\"https:\\\/\\\/favorite-news.com\\\/es\\\/wp-content\\\/uploads\\\/sites\\\/4\\\/2019\\\/08\\\/Facebook-lanza-una-herramienta-para-que-los-usuarios-tengan-un.jpg\",\"contentUrl\":\"https:\\\/\\\/favorite-news.com\\\/es\\\/wp-content\\\/uploads\\\/sites\\\/4\\\/2019\\\/08\\\/Facebook-lanza-una-herramienta-para-que-los-usuarios-tengan-un.jpg\",\"width\":530,\"height\":300,\"caption\":\"Facebook lanza una herramienta para que los usuarios tengan un mayor control sobre sus datos | Medios\"},{\"@type\":\"BreadcrumbList\",\"@id\":\"https:\\\/\\\/favorite-news.com\\\/es\\\/facebook-lanza-una-herramienta-para-que-los-usuarios-tengan-un-mayor-control-sobre-sus-datos-medios\\\/#breadcrumb\",\"itemListElement\":[{\"@type\":\"ListItem\",\"position\":1,\"name\":\"Home\",\"item\":\"https:\\\/\\\/favorite-news.com\\\/es\\\/\"},{\"@type\":\"ListItem\",\"position\":2,\"name\":\"Facebook lanza una herramienta para que los usuarios tengan un mayor control sobre sus datos | Medios\"}]},{\"@type\":\"WebSite\",\"@id\":\"https:\\\/\\\/favorite-news.com\\\/es\\\/#website\",\"url\":\"https:\\\/\\\/favorite-news.com\\\/es\\\/\",\"name\":\"Favorite News\",\"description\":\"Favorite News Espa\u00f1a\",\"potentialAction\":[{\"@type\":\"SearchAction\",\"target\":{\"@type\":\"EntryPoint\",\"urlTemplate\":\"https:\\\/\\\/favorite-news.com\\\/es\\\/?s={search_term_string}\"},\"query-input\":{\"@type\":\"PropertyValueSpecification\",\"valueRequired\":true,\"valueName\":\"search_term_string\"}}],\"inLanguage\":\"es\"},{\"@type\":\"Person\",\"@id\":\"https:\\\/\\\/favorite-news.com\\\/es\\\/#\\\/schema\\\/person\\\/b91573b717dcfa5e4696032a9d28d3e8\",\"name\":\"favorite-news\",\"image\":{\"@type\":\"ImageObject\",\"inLanguage\":\"es\",\"@id\":\"https:\\\/\\\/secure.gravatar.com\\\/avatar\\\/6c5a5cb12b74e9d517ee91cf570335b7d16177f1977cc91db161adfa435945a7?s=96&d=mm&r=g\",\"url\":\"https:\\\/\\\/secure.gravatar.com\\\/avatar\\\/6c5a5cb12b74e9d517ee91cf570335b7d16177f1977cc91db161adfa435945a7?s=96&d=mm&r=g\",\"contentUrl\":\"https:\\\/\\\/secure.gravatar.com\\\/avatar\\\/6c5a5cb12b74e9d517ee91cf570335b7d16177f1977cc91db161adfa435945a7?s=96&d=mm&r=g\",\"caption\":\"favorite-news\"},\"url\":\"https:\\\/\\\/favorite-news.com\\\/es\\\/author\\\/pt\\\/\"}]}<\/script>\n<!-- \/ Yoast SEO plugin. -->","yoast_head_json":{"title":"Facebook lanza una herramienta para que los usuarios tengan un mayor control sobre sus datos | Medios - Favorite News","robots":{"index":"index","follow":"follow","max-snippet":"max-snippet:-1","max-image-preview":"max-image-preview:large","max-video-preview":"max-video-preview:-1"},"canonical":"https:\/\/favorite-news.com\/es\/facebook-lanza-una-herramienta-para-que-los-usuarios-tengan-un-mayor-control-sobre-sus-datos-medios\/","og_locale":"es_ES","og_type":"article","og_title":"Facebook lanza una herramienta para que los usuarios tengan un mayor control sobre sus datos | Medios - Favorite News","og_description":"[ad_1] Pixabay El sistema empezar\u00e1 a aplicarse de forma gradual en Irlanda, Corea del Sur y Espa\u00f1a. En los pr\u00f3ximos meses se extender\u00e1 al resto de pa\u00edses. Con esta iniciativa, indican desde Facebook, \u201cse trata de otra forma de ofrecer a las personas m\u00e1s transparencia y control en Facebook junto con nuevas actualizaciones en nuestra [&hellip;]","og_url":"https:\/\/favorite-news.com\/es\/facebook-lanza-una-herramienta-para-que-los-usuarios-tengan-un-mayor-control-sobre-sus-datos-medios\/","og_site_name":"Favorite News","article_published_time":"2019-08-29T11:00:44+00:00","article_modified_time":"2019-08-29T11:00:45+00:00","og_image":[{"width":530,"height":300,"url":"https:\/\/favorite-news.com\/es\/wp-content\/uploads\/sites\/4\/2019\/08\/Facebook-lanza-una-herramienta-para-que-los-usuarios-tengan-un.jpg","type":"image\/jpeg"}],"author":"favorite-news","twitter_card":"summary_large_image","twitter_misc":{"Escrito por":"favorite-news","Tiempo de lectura":"2 minutos"},"schema":{"@context":"https:\/\/schema.org","@graph":[{"@type":"Article","@id":"https:\/\/favorite-news.com\/es\/facebook-lanza-una-herramienta-para-que-los-usuarios-tengan-un-mayor-control-sobre-sus-datos-medios\/#article","isPartOf":{"@id":"https:\/\/favorite-news.com\/es\/facebook-lanza-una-herramienta-para-que-los-usuarios-tengan-un-mayor-control-sobre-sus-datos-medios\/"},"author":{"name":"favorite-news","@id":"https:\/\/favorite-news.com\/es\/#\/schema\/person\/b91573b717dcfa5e4696032a9d28d3e8"},"headline":"Facebook lanza una herramienta para que los usuarios tengan un mayor control sobre sus datos | Medios","datePublished":"2019-08-29T11:00:44+00:00","dateModified":"2019-08-29T11:00:45+00:00","mainEntityOfPage":{"@id":"https:\/\/favorite-news.com\/es\/facebook-lanza-una-herramienta-para-que-los-usuarios-tengan-un-mayor-control-sobre-sus-datos-medios\/"},"wordCount":491,"commentCount":0,"image":{"@id":"https:\/\/favorite-news.com\/es\/facebook-lanza-una-herramienta-para-que-los-usuarios-tengan-un-mayor-control-sobre-sus-datos-medios\/#primaryimage"},"thumbnailUrl":"https:\/\/favorite-news.com\/es\/wp-content\/uploads\/sites\/4\/2019\/08\/Facebook-lanza-una-herramienta-para-que-los-usuarios-tengan-un.jpg","articleSection":["NOTICIAS DE INTERNET MARKETING"],"inLanguage":"es","potentialAction":[{"@type":"CommentAction","name":"Comment","target":["https:\/\/favorite-news.com\/es\/facebook-lanza-una-herramienta-para-que-los-usuarios-tengan-un-mayor-control-sobre-sus-datos-medios\/#respond"]}]},{"@type":"WebPage","@id":"https:\/\/favorite-news.com\/es\/facebook-lanza-una-herramienta-para-que-los-usuarios-tengan-un-mayor-control-sobre-sus-datos-medios\/","url":"https:\/\/favorite-news.com\/es\/facebook-lanza-una-herramienta-para-que-los-usuarios-tengan-un-mayor-control-sobre-sus-datos-medios\/","name":"Facebook lanza una herramienta para que los usuarios tengan un mayor control sobre sus datos | Medios - Favorite News","isPartOf":{"@id":"https:\/\/favorite-news.com\/es\/#website"},"primaryImageOfPage":{"@id":"https:\/\/favorite-news.com\/es\/facebook-lanza-una-herramienta-para-que-los-usuarios-tengan-un-mayor-control-sobre-sus-datos-medios\/#primaryimage"},"image":{"@id":"https:\/\/favorite-news.com\/es\/facebook-lanza-una-herramienta-para-que-los-usuarios-tengan-un-mayor-control-sobre-sus-datos-medios\/#primaryimage"},"thumbnailUrl":"https:\/\/favorite-news.com\/es\/wp-content\/uploads\/sites\/4\/2019\/08\/Facebook-lanza-una-herramienta-para-que-los-usuarios-tengan-un.jpg","datePublished":"2019-08-29T11:00:44+00:00","dateModified":"2019-08-29T11:00:45+00:00","author":{"@id":"https:\/\/favorite-news.com\/es\/#\/schema\/person\/b91573b717dcfa5e4696032a9d28d3e8"},"breadcrumb":{"@id":"https:\/\/favorite-news.com\/es\/facebook-lanza-una-herramienta-para-que-los-usuarios-tengan-un-mayor-control-sobre-sus-datos-medios\/#breadcrumb"},"inLanguage":"es","potentialAction":[{"@type":"ReadAction","target":["https:\/\/favorite-news.com\/es\/facebook-lanza-una-herramienta-para-que-los-usuarios-tengan-un-mayor-control-sobre-sus-datos-medios\/"]}]},{"@type":"ImageObject","inLanguage":"es","@id":"https:\/\/favorite-news.com\/es\/facebook-lanza-una-herramienta-para-que-los-usuarios-tengan-un-mayor-control-sobre-sus-datos-medios\/#primaryimage","url":"https:\/\/favorite-news.com\/es\/wp-content\/uploads\/sites\/4\/2019\/08\/Facebook-lanza-una-herramienta-para-que-los-usuarios-tengan-un.jpg","contentUrl":"https:\/\/favorite-news.com\/es\/wp-content\/uploads\/sites\/4\/2019\/08\/Facebook-lanza-una-herramienta-para-que-los-usuarios-tengan-un.jpg","width":530,"height":300,"caption":"Facebook lanza una herramienta para que los usuarios tengan un mayor control sobre sus datos | Medios"},{"@type":"BreadcrumbList","@id":"https:\/\/favorite-news.com\/es\/facebook-lanza-una-herramienta-para-que-los-usuarios-tengan-un-mayor-control-sobre-sus-datos-medios\/#breadcrumb","itemListElement":[{"@type":"ListItem","position":1,"name":"Home","item":"https:\/\/favorite-news.com\/es\/"},{"@type":"ListItem","position":2,"name":"Facebook lanza una herramienta para que los usuarios tengan un mayor control sobre sus datos | Medios"}]},{"@type":"WebSite","@id":"https:\/\/favorite-news.com\/es\/#website","url":"https:\/\/favorite-news.com\/es\/","name":"Favorite News","description":"Favorite News Espa\u00f1a","potentialAction":[{"@type":"SearchAction","target":{"@type":"EntryPoint","urlTemplate":"https:\/\/favorite-news.com\/es\/?s={search_term_string}"},"query-input":{"@type":"PropertyValueSpecification","valueRequired":true,"valueName":"search_term_string"}}],"inLanguage":"es"},{"@type":"Person","@id":"https:\/\/favorite-news.com\/es\/#\/schema\/person\/b91573b717dcfa5e4696032a9d28d3e8","name":"favorite-news","image":{"@type":"ImageObject","inLanguage":"es","@id":"https:\/\/secure.gravatar.com\/avatar\/6c5a5cb12b74e9d517ee91cf570335b7d16177f1977cc91db161adfa435945a7?s=96&d=mm&r=g","url":"https:\/\/secure.gravatar.com\/avatar\/6c5a5cb12b74e9d517ee91cf570335b7d16177f1977cc91db161adfa435945a7?s=96&d=mm&r=g","contentUrl":"https:\/\/secure.gravatar.com\/avatar\/6c5a5cb12b74e9d517ee91cf570335b7d16177f1977cc91db161adfa435945a7?s=96&d=mm&r=g","caption":"favorite-news"},"url":"https:\/\/favorite-news.com\/es\/author\/pt\/"}]}},"_links":{"self":[{"href":"https:\/\/favorite-news.com\/es\/wp-json\/wp\/v2\/posts\/3845","targetHints":{"allow":["GET"]}}],"collection":[{"href":"https:\/\/favorite-news.com\/es\/wp-json\/wp\/v2\/posts"}],"about":[{"href":"https:\/\/favorite-news.com\/es\/wp-json\/wp\/v2\/types\/post"}],"author":[{"embeddable":true,"href":"https:\/\/favorite-news.com\/es\/wp-json\/wp\/v2\/users\/2"}],"replies":[{"embeddable":true,"href":"https:\/\/favorite-news.com\/es\/wp-json\/wp\/v2\/comments?post=3845"}],"version-history":[{"count":1,"href":"https:\/\/favorite-news.com\/es\/wp-json\/wp\/v2\/posts\/3845\/revisions"}],"predecessor-version":[{"id":3847,"href":"https:\/\/favorite-news.com\/es\/wp-json\/wp\/v2\/posts\/3845\/revisions\/3847"}],"wp:featuredmedia":[{"embeddable":true,"href":"https:\/\/favorite-news.com\/es\/wp-json\/wp\/v2\/media\/3846"}],"wp:attachment":[{"href":"https:\/\/favorite-news.com\/es\/wp-json\/wp\/v2\/media?parent=3845"}],"wp:term":[{"taxonomy":"category","embeddable":true,"href":"https:\/\/favorite-news.com\/es\/wp-json\/wp\/v2\/categories?post=3845"},{"taxonomy":"post_tag","embeddable":true,"href":"https:\/\/favorite-news.com\/es\/wp-json\/wp\/v2\/tags?post=3845"}],"curies":[{"name":"wp","href":"https:\/\/api.w.org\/{rel}","templated":true}]}}