{"id":3836,"date":"2019-08-28T18:40:30","date_gmt":"2019-08-28T15:40:30","guid":{"rendered":"https:\/\/favorite-news.com\/es\/simeone-anima-a-los-consumidores-a-contratar-orangetv-para-ver-el-futbol-marcas\/"},"modified":"2019-08-28T18:40:31","modified_gmt":"2019-08-28T15:40:31","slug":"simeone-anima-a-los-consumidores-a-contratar-orangetv-para-ver-el-futbol-marcas","status":"publish","type":"post","link":"https:\/\/favorite-news.com\/es\/simeone-anima-a-los-consumidores-a-contratar-orangetv-para-ver-el-futbol-marcas\/","title":{"rendered":"Simeone anima a los consumidores a contratar OrangeTV para ver el f\u00fatbol | Marcas"},"content":{"rendered":"<p> [ad_1]<br \/>\n<\/p>\n<div id=\"bodyDetail\">\n<figure class=\"center\">\n<div class=\"imagen\"><\/div><figcaption>Simeone es el nuevo prescriptor de Orange<\/figcaption><\/figure>\n<p>Bajo el <em>claim <\/em>\u201cLos que saben de f\u00fatbol eligen Orange TV\u201d, esta campa\u00f1a sit\u00faa como promotor de la oferta de Orange al t\u00e9cnico argentino, una de las figuras m\u00e1s populares y respetadas de LaLiga.<\/p>\n<p>Adem\u00e1s, la arrolladora personalidad de Simeone no deja indiferente a nadie, ni siquiera a las aficiones de otros equipos, que, m\u00e1s all\u00e1 de la l\u00f3gica rivalidad deportiva, no pueden negar la experiencia, habilidad e inteligencia del \u201cCholo\u201d, logrando hacer del Atl\u00e9tico de Madrid uno de los mejores equipos de las ligas europeas. Adem\u00e1s, en esta comunicaci\u00f3n Simeone pone de relieve su gran sentido del humor, al jugar con frases tan conocidas de la \u201cfilosof\u00eda cholista\u201d como su repetido \u201cpartido a partido\u201d.<\/p>\n<p><strong>La campa\u00f1a de publicidad, que las agencias Leo Burnett, Arena y Comunica+A han gestado para Orange<\/strong>, ha arrancado el pasado 5 de agosto en televisi\u00f3n con un spot. La campa\u00f1a proseguir\u00e1 en pr\u00f3ximas fases con presencia en exterior (circuito de mobiliario urbano, acciones especiales, marquesinas) y campa\u00f1as en Internet y m\u00f3vil.<\/p>\n<p>Como ha explicado <strong>Isabel Alonso, directora de Marca de Orange<\/strong>,\u00a0 \u201ccontar con una figura tan notoria y conocida como Simeone, nos permite desarrollar una historia en la que aunamos el esp\u00edritu de nuestra oferta Love \u2013con esa actitud cercana, emocional y personal de comunicarse con los clientes- con un claro posicionamiento de Orange como plataforma imprescindible para ver el f\u00fatbol, propuesta y elegida, de hecho, por los que saben de f\u00fatbol.\u201d\u00a0<\/p>\n<\/div>\n<p>[ad_2]<br \/>\n<br \/><a href=\"http:\/\/www.marketingnews.es\/marcas\/noticia\/1134177054305\/simeone-anima-consumidores-contratar-orangetv-ver-futbol.1.html\">Source link <\/a><\/p>\n","protected":false},"excerpt":{"rendered":"<p>[ad_1] Simeone es el nuevo prescriptor de Orange Bajo el claim \u201cLos que saben de f\u00fatbol eligen Orange TV\u201d, esta campa\u00f1a sit\u00faa como promotor de la oferta de Orange al t\u00e9cnico argentino, una de las figuras m\u00e1s populares y respetadas de LaLiga. Adem\u00e1s, la arrolladora personalidad de Simeone no deja indiferente a nadie, ni siquiera [&hellip;]<\/p>\n","protected":false},"author":2,"featured_media":3837,"comment_status":"open","ping_status":"open","sticky":false,"template":"","format":"standard","meta":{"footnotes":""},"categories":[2],"tags":[],"class_list":["post-3836","post","type-post","status-publish","format-standard","has-post-thumbnail","hentry","category-noticias-de-internet-marketing"],"yoast_head":"<!-- This site is optimized with the Yoast SEO plugin v27.4 - https:\/\/yoast.com\/product\/yoast-seo-wordpress\/ -->\n<title>Simeone anima a los consumidores a contratar OrangeTV para ver el f\u00fatbol | Marcas - Favorite News<\/title>\n<meta name=\"robots\" content=\"index, follow, max-snippet:-1, max-image-preview:large, max-video-preview:-1\" \/>\n<link rel=\"canonical\" href=\"https:\/\/favorite-news.com\/es\/simeone-anima-a-los-consumidores-a-contratar-orangetv-para-ver-el-futbol-marcas\/\" \/>\n<meta property=\"og:locale\" content=\"es_ES\" \/>\n<meta property=\"og:type\" content=\"article\" \/>\n<meta property=\"og:title\" content=\"Simeone anima a los consumidores a contratar OrangeTV para ver el f\u00fatbol | Marcas - Favorite News\" \/>\n<meta property=\"og:description\" content=\"[ad_1] Simeone es el nuevo prescriptor de Orange Bajo el claim \u201cLos que saben de f\u00fatbol eligen Orange TV\u201d, esta campa\u00f1a sit\u00faa como promotor de la oferta de Orange al t\u00e9cnico argentino, una de las figuras m\u00e1s populares y respetadas de LaLiga. Adem\u00e1s, la arrolladora personalidad de Simeone no deja indiferente a nadie, ni siquiera [&hellip;]\" \/>\n<meta property=\"og:url\" content=\"https:\/\/favorite-news.com\/es\/simeone-anima-a-los-consumidores-a-contratar-orangetv-para-ver-el-futbol-marcas\/\" \/>\n<meta property=\"og:site_name\" content=\"Favorite News\" \/>\n<meta property=\"article:published_time\" content=\"2019-08-28T15:40:30+00:00\" \/>\n<meta property=\"article:modified_time\" content=\"2019-08-28T15:40:31+00:00\" \/>\n<meta property=\"og:image\" content=\"https:\/\/favorite-news.com\/es\/wp-content\/uploads\/sites\/4\/2019\/08\/Simeone-anima-a-los-consumidores-a-contratar-OrangeTV-para-ver.jpg\" \/>\n\t<meta property=\"og:image:width\" content=\"531\" \/>\n\t<meta property=\"og:image:height\" content=\"299\" \/>\n\t<meta property=\"og:image:type\" content=\"image\/jpeg\" \/>\n<meta name=\"author\" content=\"favorite-news\" \/>\n<meta name=\"twitter:card\" content=\"summary_large_image\" \/>\n<meta name=\"twitter:label1\" content=\"Escrito por\" \/>\n\t<meta name=\"twitter:data1\" content=\"favorite-news\" \/>\n\t<meta name=\"twitter:label2\" content=\"Tiempo de lectura\" \/>\n\t<meta name=\"twitter:data2\" content=\"1 minuto\" \/>\n<script type=\"application\/ld+json\" class=\"yoast-schema-graph\">{\"@context\":\"https:\\\/\\\/schema.org\",\"@graph\":[{\"@type\":\"Article\",\"@id\":\"https:\\\/\\\/favorite-news.com\\\/es\\\/simeone-anima-a-los-consumidores-a-contratar-orangetv-para-ver-el-futbol-marcas\\\/#article\",\"isPartOf\":{\"@id\":\"https:\\\/\\\/favorite-news.com\\\/es\\\/simeone-anima-a-los-consumidores-a-contratar-orangetv-para-ver-el-futbol-marcas\\\/\"},\"author\":{\"name\":\"favorite-news\",\"@id\":\"https:\\\/\\\/favorite-news.com\\\/es\\\/#\\\/schema\\\/person\\\/b91573b717dcfa5e4696032a9d28d3e8\"},\"headline\":\"Simeone anima a los consumidores a contratar OrangeTV para ver el f\u00fatbol | Marcas\",\"datePublished\":\"2019-08-28T15:40:30+00:00\",\"dateModified\":\"2019-08-28T15:40:31+00:00\",\"mainEntityOfPage\":{\"@id\":\"https:\\\/\\\/favorite-news.com\\\/es\\\/simeone-anima-a-los-consumidores-a-contratar-orangetv-para-ver-el-futbol-marcas\\\/\"},\"wordCount\":283,\"commentCount\":0,\"image\":{\"@id\":\"https:\\\/\\\/favorite-news.com\\\/es\\\/simeone-anima-a-los-consumidores-a-contratar-orangetv-para-ver-el-futbol-marcas\\\/#primaryimage\"},\"thumbnailUrl\":\"https:\\\/\\\/favorite-news.com\\\/es\\\/wp-content\\\/uploads\\\/sites\\\/4\\\/2019\\\/08\\\/Simeone-anima-a-los-consumidores-a-contratar-OrangeTV-para-ver.jpg\",\"articleSection\":[\"NOTICIAS DE INTERNET MARKETING\"],\"inLanguage\":\"es\",\"potentialAction\":[{\"@type\":\"CommentAction\",\"name\":\"Comment\",\"target\":[\"https:\\\/\\\/favorite-news.com\\\/es\\\/simeone-anima-a-los-consumidores-a-contratar-orangetv-para-ver-el-futbol-marcas\\\/#respond\"]}]},{\"@type\":\"WebPage\",\"@id\":\"https:\\\/\\\/favorite-news.com\\\/es\\\/simeone-anima-a-los-consumidores-a-contratar-orangetv-para-ver-el-futbol-marcas\\\/\",\"url\":\"https:\\\/\\\/favorite-news.com\\\/es\\\/simeone-anima-a-los-consumidores-a-contratar-orangetv-para-ver-el-futbol-marcas\\\/\",\"name\":\"Simeone anima a los consumidores a contratar OrangeTV para ver el f\u00fatbol | Marcas - Favorite News\",\"isPartOf\":{\"@id\":\"https:\\\/\\\/favorite-news.com\\\/es\\\/#website\"},\"primaryImageOfPage\":{\"@id\":\"https:\\\/\\\/favorite-news.com\\\/es\\\/simeone-anima-a-los-consumidores-a-contratar-orangetv-para-ver-el-futbol-marcas\\\/#primaryimage\"},\"image\":{\"@id\":\"https:\\\/\\\/favorite-news.com\\\/es\\\/simeone-anima-a-los-consumidores-a-contratar-orangetv-para-ver-el-futbol-marcas\\\/#primaryimage\"},\"thumbnailUrl\":\"https:\\\/\\\/favorite-news.com\\\/es\\\/wp-content\\\/uploads\\\/sites\\\/4\\\/2019\\\/08\\\/Simeone-anima-a-los-consumidores-a-contratar-OrangeTV-para-ver.jpg\",\"datePublished\":\"2019-08-28T15:40:30+00:00\",\"dateModified\":\"2019-08-28T15:40:31+00:00\",\"author\":{\"@id\":\"https:\\\/\\\/favorite-news.com\\\/es\\\/#\\\/schema\\\/person\\\/b91573b717dcfa5e4696032a9d28d3e8\"},\"breadcrumb\":{\"@id\":\"https:\\\/\\\/favorite-news.com\\\/es\\\/simeone-anima-a-los-consumidores-a-contratar-orangetv-para-ver-el-futbol-marcas\\\/#breadcrumb\"},\"inLanguage\":\"es\",\"potentialAction\":[{\"@type\":\"ReadAction\",\"target\":[\"https:\\\/\\\/favorite-news.com\\\/es\\\/simeone-anima-a-los-consumidores-a-contratar-orangetv-para-ver-el-futbol-marcas\\\/\"]}]},{\"@type\":\"ImageObject\",\"inLanguage\":\"es\",\"@id\":\"https:\\\/\\\/favorite-news.com\\\/es\\\/simeone-anima-a-los-consumidores-a-contratar-orangetv-para-ver-el-futbol-marcas\\\/#primaryimage\",\"url\":\"https:\\\/\\\/favorite-news.com\\\/es\\\/wp-content\\\/uploads\\\/sites\\\/4\\\/2019\\\/08\\\/Simeone-anima-a-los-consumidores-a-contratar-OrangeTV-para-ver.jpg\",\"contentUrl\":\"https:\\\/\\\/favorite-news.com\\\/es\\\/wp-content\\\/uploads\\\/sites\\\/4\\\/2019\\\/08\\\/Simeone-anima-a-los-consumidores-a-contratar-OrangeTV-para-ver.jpg\",\"width\":531,\"height\":299,\"caption\":\"Simeone anima a los consumidores a contratar OrangeTV para ver el f\u00fatbol | Marcas\"},{\"@type\":\"BreadcrumbList\",\"@id\":\"https:\\\/\\\/favorite-news.com\\\/es\\\/simeone-anima-a-los-consumidores-a-contratar-orangetv-para-ver-el-futbol-marcas\\\/#breadcrumb\",\"itemListElement\":[{\"@type\":\"ListItem\",\"position\":1,\"name\":\"Home\",\"item\":\"https:\\\/\\\/favorite-news.com\\\/es\\\/\"},{\"@type\":\"ListItem\",\"position\":2,\"name\":\"Simeone anima a los consumidores a contratar OrangeTV para ver el f\u00fatbol | Marcas\"}]},{\"@type\":\"WebSite\",\"@id\":\"https:\\\/\\\/favorite-news.com\\\/es\\\/#website\",\"url\":\"https:\\\/\\\/favorite-news.com\\\/es\\\/\",\"name\":\"Favorite News\",\"description\":\"Favorite News Espa\u00f1a\",\"potentialAction\":[{\"@type\":\"SearchAction\",\"target\":{\"@type\":\"EntryPoint\",\"urlTemplate\":\"https:\\\/\\\/favorite-news.com\\\/es\\\/?s={search_term_string}\"},\"query-input\":{\"@type\":\"PropertyValueSpecification\",\"valueRequired\":true,\"valueName\":\"search_term_string\"}}],\"inLanguage\":\"es\"},{\"@type\":\"Person\",\"@id\":\"https:\\\/\\\/favorite-news.com\\\/es\\\/#\\\/schema\\\/person\\\/b91573b717dcfa5e4696032a9d28d3e8\",\"name\":\"favorite-news\",\"image\":{\"@type\":\"ImageObject\",\"inLanguage\":\"es\",\"@id\":\"https:\\\/\\\/secure.gravatar.com\\\/avatar\\\/6c5a5cb12b74e9d517ee91cf570335b7d16177f1977cc91db161adfa435945a7?s=96&d=mm&r=g\",\"url\":\"https:\\\/\\\/secure.gravatar.com\\\/avatar\\\/6c5a5cb12b74e9d517ee91cf570335b7d16177f1977cc91db161adfa435945a7?s=96&d=mm&r=g\",\"contentUrl\":\"https:\\\/\\\/secure.gravatar.com\\\/avatar\\\/6c5a5cb12b74e9d517ee91cf570335b7d16177f1977cc91db161adfa435945a7?s=96&d=mm&r=g\",\"caption\":\"favorite-news\"},\"url\":\"https:\\\/\\\/favorite-news.com\\\/es\\\/author\\\/pt\\\/\"}]}<\/script>\n<!-- \/ Yoast SEO plugin. -->","yoast_head_json":{"title":"Simeone anima a los consumidores a contratar OrangeTV para ver el f\u00fatbol | Marcas - Favorite News","robots":{"index":"index","follow":"follow","max-snippet":"max-snippet:-1","max-image-preview":"max-image-preview:large","max-video-preview":"max-video-preview:-1"},"canonical":"https:\/\/favorite-news.com\/es\/simeone-anima-a-los-consumidores-a-contratar-orangetv-para-ver-el-futbol-marcas\/","og_locale":"es_ES","og_type":"article","og_title":"Simeone anima a los consumidores a contratar OrangeTV para ver el f\u00fatbol | Marcas - Favorite News","og_description":"[ad_1] Simeone es el nuevo prescriptor de Orange Bajo el claim \u201cLos que saben de f\u00fatbol eligen Orange TV\u201d, esta campa\u00f1a sit\u00faa como promotor de la oferta de Orange al t\u00e9cnico argentino, una de las figuras m\u00e1s populares y respetadas de LaLiga. Adem\u00e1s, la arrolladora personalidad de Simeone no deja indiferente a nadie, ni siquiera [&hellip;]","og_url":"https:\/\/favorite-news.com\/es\/simeone-anima-a-los-consumidores-a-contratar-orangetv-para-ver-el-futbol-marcas\/","og_site_name":"Favorite News","article_published_time":"2019-08-28T15:40:30+00:00","article_modified_time":"2019-08-28T15:40:31+00:00","og_image":[{"width":531,"height":299,"url":"https:\/\/favorite-news.com\/es\/wp-content\/uploads\/sites\/4\/2019\/08\/Simeone-anima-a-los-consumidores-a-contratar-OrangeTV-para-ver.jpg","type":"image\/jpeg"}],"author":"favorite-news","twitter_card":"summary_large_image","twitter_misc":{"Escrito por":"favorite-news","Tiempo de lectura":"1 minuto"},"schema":{"@context":"https:\/\/schema.org","@graph":[{"@type":"Article","@id":"https:\/\/favorite-news.com\/es\/simeone-anima-a-los-consumidores-a-contratar-orangetv-para-ver-el-futbol-marcas\/#article","isPartOf":{"@id":"https:\/\/favorite-news.com\/es\/simeone-anima-a-los-consumidores-a-contratar-orangetv-para-ver-el-futbol-marcas\/"},"author":{"name":"favorite-news","@id":"https:\/\/favorite-news.com\/es\/#\/schema\/person\/b91573b717dcfa5e4696032a9d28d3e8"},"headline":"Simeone anima a los consumidores a contratar OrangeTV para ver el f\u00fatbol | Marcas","datePublished":"2019-08-28T15:40:30+00:00","dateModified":"2019-08-28T15:40:31+00:00","mainEntityOfPage":{"@id":"https:\/\/favorite-news.com\/es\/simeone-anima-a-los-consumidores-a-contratar-orangetv-para-ver-el-futbol-marcas\/"},"wordCount":283,"commentCount":0,"image":{"@id":"https:\/\/favorite-news.com\/es\/simeone-anima-a-los-consumidores-a-contratar-orangetv-para-ver-el-futbol-marcas\/#primaryimage"},"thumbnailUrl":"https:\/\/favorite-news.com\/es\/wp-content\/uploads\/sites\/4\/2019\/08\/Simeone-anima-a-los-consumidores-a-contratar-OrangeTV-para-ver.jpg","articleSection":["NOTICIAS DE INTERNET MARKETING"],"inLanguage":"es","potentialAction":[{"@type":"CommentAction","name":"Comment","target":["https:\/\/favorite-news.com\/es\/simeone-anima-a-los-consumidores-a-contratar-orangetv-para-ver-el-futbol-marcas\/#respond"]}]},{"@type":"WebPage","@id":"https:\/\/favorite-news.com\/es\/simeone-anima-a-los-consumidores-a-contratar-orangetv-para-ver-el-futbol-marcas\/","url":"https:\/\/favorite-news.com\/es\/simeone-anima-a-los-consumidores-a-contratar-orangetv-para-ver-el-futbol-marcas\/","name":"Simeone anima a los consumidores a contratar OrangeTV para ver el f\u00fatbol | Marcas - Favorite News","isPartOf":{"@id":"https:\/\/favorite-news.com\/es\/#website"},"primaryImageOfPage":{"@id":"https:\/\/favorite-news.com\/es\/simeone-anima-a-los-consumidores-a-contratar-orangetv-para-ver-el-futbol-marcas\/#primaryimage"},"image":{"@id":"https:\/\/favorite-news.com\/es\/simeone-anima-a-los-consumidores-a-contratar-orangetv-para-ver-el-futbol-marcas\/#primaryimage"},"thumbnailUrl":"https:\/\/favorite-news.com\/es\/wp-content\/uploads\/sites\/4\/2019\/08\/Simeone-anima-a-los-consumidores-a-contratar-OrangeTV-para-ver.jpg","datePublished":"2019-08-28T15:40:30+00:00","dateModified":"2019-08-28T15:40:31+00:00","author":{"@id":"https:\/\/favorite-news.com\/es\/#\/schema\/person\/b91573b717dcfa5e4696032a9d28d3e8"},"breadcrumb":{"@id":"https:\/\/favorite-news.com\/es\/simeone-anima-a-los-consumidores-a-contratar-orangetv-para-ver-el-futbol-marcas\/#breadcrumb"},"inLanguage":"es","potentialAction":[{"@type":"ReadAction","target":["https:\/\/favorite-news.com\/es\/simeone-anima-a-los-consumidores-a-contratar-orangetv-para-ver-el-futbol-marcas\/"]}]},{"@type":"ImageObject","inLanguage":"es","@id":"https:\/\/favorite-news.com\/es\/simeone-anima-a-los-consumidores-a-contratar-orangetv-para-ver-el-futbol-marcas\/#primaryimage","url":"https:\/\/favorite-news.com\/es\/wp-content\/uploads\/sites\/4\/2019\/08\/Simeone-anima-a-los-consumidores-a-contratar-OrangeTV-para-ver.jpg","contentUrl":"https:\/\/favorite-news.com\/es\/wp-content\/uploads\/sites\/4\/2019\/08\/Simeone-anima-a-los-consumidores-a-contratar-OrangeTV-para-ver.jpg","width":531,"height":299,"caption":"Simeone anima a los consumidores a contratar OrangeTV para ver el f\u00fatbol | Marcas"},{"@type":"BreadcrumbList","@id":"https:\/\/favorite-news.com\/es\/simeone-anima-a-los-consumidores-a-contratar-orangetv-para-ver-el-futbol-marcas\/#breadcrumb","itemListElement":[{"@type":"ListItem","position":1,"name":"Home","item":"https:\/\/favorite-news.com\/es\/"},{"@type":"ListItem","position":2,"name":"Simeone anima a los consumidores a contratar OrangeTV para ver el f\u00fatbol | Marcas"}]},{"@type":"WebSite","@id":"https:\/\/favorite-news.com\/es\/#website","url":"https:\/\/favorite-news.com\/es\/","name":"Favorite News","description":"Favorite News Espa\u00f1a","potentialAction":[{"@type":"SearchAction","target":{"@type":"EntryPoint","urlTemplate":"https:\/\/favorite-news.com\/es\/?s={search_term_string}"},"query-input":{"@type":"PropertyValueSpecification","valueRequired":true,"valueName":"search_term_string"}}],"inLanguage":"es"},{"@type":"Person","@id":"https:\/\/favorite-news.com\/es\/#\/schema\/person\/b91573b717dcfa5e4696032a9d28d3e8","name":"favorite-news","image":{"@type":"ImageObject","inLanguage":"es","@id":"https:\/\/secure.gravatar.com\/avatar\/6c5a5cb12b74e9d517ee91cf570335b7d16177f1977cc91db161adfa435945a7?s=96&d=mm&r=g","url":"https:\/\/secure.gravatar.com\/avatar\/6c5a5cb12b74e9d517ee91cf570335b7d16177f1977cc91db161adfa435945a7?s=96&d=mm&r=g","contentUrl":"https:\/\/secure.gravatar.com\/avatar\/6c5a5cb12b74e9d517ee91cf570335b7d16177f1977cc91db161adfa435945a7?s=96&d=mm&r=g","caption":"favorite-news"},"url":"https:\/\/favorite-news.com\/es\/author\/pt\/"}]}},"_links":{"self":[{"href":"https:\/\/favorite-news.com\/es\/wp-json\/wp\/v2\/posts\/3836","targetHints":{"allow":["GET"]}}],"collection":[{"href":"https:\/\/favorite-news.com\/es\/wp-json\/wp\/v2\/posts"}],"about":[{"href":"https:\/\/favorite-news.com\/es\/wp-json\/wp\/v2\/types\/post"}],"author":[{"embeddable":true,"href":"https:\/\/favorite-news.com\/es\/wp-json\/wp\/v2\/users\/2"}],"replies":[{"embeddable":true,"href":"https:\/\/favorite-news.com\/es\/wp-json\/wp\/v2\/comments?post=3836"}],"version-history":[{"count":1,"href":"https:\/\/favorite-news.com\/es\/wp-json\/wp\/v2\/posts\/3836\/revisions"}],"predecessor-version":[{"id":3838,"href":"https:\/\/favorite-news.com\/es\/wp-json\/wp\/v2\/posts\/3836\/revisions\/3838"}],"wp:featuredmedia":[{"embeddable":true,"href":"https:\/\/favorite-news.com\/es\/wp-json\/wp\/v2\/media\/3837"}],"wp:attachment":[{"href":"https:\/\/favorite-news.com\/es\/wp-json\/wp\/v2\/media?parent=3836"}],"wp:term":[{"taxonomy":"category","embeddable":true,"href":"https:\/\/favorite-news.com\/es\/wp-json\/wp\/v2\/categories?post=3836"},{"taxonomy":"post_tag","embeddable":true,"href":"https:\/\/favorite-news.com\/es\/wp-json\/wp\/v2\/tags?post=3836"}],"curies":[{"name":"wp","href":"https:\/\/api.w.org\/{rel}","templated":true}]}}