{"id":3830,"date":"2019-08-28T15:25:11","date_gmt":"2019-08-28T12:25:11","guid":{"rendered":"https:\/\/favorite-news.com\/es\/danacol-estrena-prescriptor-el-actor-javier-camara-marcas\/"},"modified":"2019-08-28T15:25:12","modified_gmt":"2019-08-28T12:25:12","slug":"danacol-estrena-prescriptor-el-actor-javier-camara-marcas","status":"publish","type":"post","link":"https:\/\/favorite-news.com\/es\/danacol-estrena-prescriptor-el-actor-javier-camara-marcas\/","title":{"rendered":"Danacol estrena prescriptor: el actor Javier C\u00e1mara | Marcas"},"content":{"rendered":"<p> [ad_1]<br \/>\n<\/p>\n<div id=\"bodyDetail\">\n<figure class=\"center\">\n<div class=\"imagen\"><\/div><figcaption>El actor Javier C\u00e1mara<\/figcaption><\/figure>\n<p>El trabajo lleva por nombre\u00a0 \u201cHistorias del Colesterol\u201d y es una trilog\u00eda que, con un tono cercano y con un toque de humor, relata algunas de las excusas m\u00e1s comunes que muchos espa\u00f1oles utilizan para no cuidar su colesterol alto, a pesar de que es uno de los principales factores de riesgo en el desarrollo de enfermedades del coraz\u00f3n.<\/p>\n<p><strong>Silvia Canals, <em>senior brand manager <\/em>de Danacol,\u00a0<\/strong>apunta que \u201cen Espa\u00f1a, uno de cada dos adultos tiene el colesterol alto, y seguro que todos hemos o\u00eddo a nuestros familiares o amigos decir el t\u00edpico \u2018por un d\u00eda no pasa nada\u2019, \u2018si esto yo en dos d\u00edas los bajo\u2019 o el \u2018soy muy joven ya me portar\u00e9 bien\u2019. Sin embargo, el colesterol alto es un factor de riesgo en el desarrollo de enfermedades del coraz\u00f3n y, por eso, es clave cuidarse y mantenerlo a raya. A trav\u00e9s de esta nueva campa\u00f1a, Danacol tiene el firme prop\u00f3sito de animar a todas las personas con colesterol alto a cuidarse, con un tono amable, cercano y el punto de humor que nos da el maravilloso Javier C\u00e1mara\u201d.<\/p>\n<p><strong>Con creatividad de VMLY&amp;R Barcelona y planificaci\u00f3n de medios de Mediacom<\/strong>, \u201cHistorias del Colesterol\u201d ha sido producida por The Production Club con postproducci\u00f3n de Metropolitana. La campa\u00f1a consta de tres spots con versiones de 20 y 35 segundos. Adem\u00e1s de televisi\u00f3n, esta nueva plataforma se comunicar\u00e1 a trav\u00e9s de canales online y acciones de street marketing.<\/p>\n<h4>Anteriores prescriptores<\/h4>\n<p>Javier C\u00e1mara sucede como prescriptor de la marca a al deportista Mart\u00edn Fiz, el presentador Carlos Sobera, el exseleccionador Vicente del Bosque, el excliclista Miguel Indur\u00e1in y el cantante Manolo Escobar.<\/p>\n<p><iframe loading=\"lazy\" class=\"det-video\" width=\"100%\" id=\"ytbPlayer\" src=\"https:\/\/www.youtube.com\/embed\/AHazXkzjfM0?rel=0&amp;wmode=transparent\" frameborder=\"0\" allowfullscreen=\"\" height=\"300px\" ><\/iframe><\/p>\n<\/div>\n<p>[ad_2]<br \/>\n<br \/><a href=\"http:\/\/www.marketingnews.es\/marcas\/noticia\/1134181054305\/danacol-estrena-prescriptor-actor-javier-camara.1.html\">Source link <\/a><\/p>\n","protected":false},"excerpt":{"rendered":"<p>[ad_1] El actor Javier C\u00e1mara El trabajo lleva por nombre\u00a0 \u201cHistorias del Colesterol\u201d y es una trilog\u00eda que, con un tono cercano y con un toque de humor, relata algunas de las excusas m\u00e1s comunes que muchos espa\u00f1oles utilizan para no cuidar su colesterol alto, a pesar de que es uno de los principales factores [&hellip;]<\/p>\n","protected":false},"author":2,"featured_media":3831,"comment_status":"open","ping_status":"open","sticky":false,"template":"","format":"standard","meta":{"footnotes":""},"categories":[2],"tags":[],"class_list":["post-3830","post","type-post","status-publish","format-standard","has-post-thumbnail","hentry","category-noticias-de-internet-marketing"],"yoast_head":"<!-- This site is optimized with the Yoast SEO plugin v27.4 - https:\/\/yoast.com\/product\/yoast-seo-wordpress\/ -->\n<title>Danacol estrena prescriptor: el actor Javier C\u00e1mara | Marcas - Favorite News<\/title>\n<meta name=\"robots\" content=\"index, follow, max-snippet:-1, max-image-preview:large, max-video-preview:-1\" \/>\n<link rel=\"canonical\" href=\"https:\/\/favorite-news.com\/es\/danacol-estrena-prescriptor-el-actor-javier-camara-marcas\/\" \/>\n<meta property=\"og:locale\" content=\"es_ES\" \/>\n<meta property=\"og:type\" content=\"article\" \/>\n<meta property=\"og:title\" content=\"Danacol estrena prescriptor: el actor Javier C\u00e1mara | Marcas - Favorite News\" \/>\n<meta property=\"og:description\" content=\"[ad_1] El actor Javier C\u00e1mara El trabajo lleva por nombre\u00a0 \u201cHistorias del Colesterol\u201d y es una trilog\u00eda que, con un tono cercano y con un toque de humor, relata algunas de las excusas m\u00e1s comunes que muchos espa\u00f1oles utilizan para no cuidar su colesterol alto, a pesar de que es uno de los principales factores [&hellip;]\" \/>\n<meta property=\"og:url\" content=\"https:\/\/favorite-news.com\/es\/danacol-estrena-prescriptor-el-actor-javier-camara-marcas\/\" \/>\n<meta property=\"og:site_name\" content=\"Favorite News\" \/>\n<meta property=\"article:published_time\" content=\"2019-08-28T12:25:11+00:00\" \/>\n<meta property=\"article:modified_time\" content=\"2019-08-28T12:25:12+00:00\" \/>\n<meta property=\"og:image\" content=\"https:\/\/favorite-news.com\/es\/wp-content\/uploads\/sites\/4\/2019\/08\/Danacol-estrena-prescriptor-el-actor-Javier-C\u00e1mara-Marcas.jpg\" \/>\n\t<meta property=\"og:image:width\" content=\"530\" \/>\n\t<meta property=\"og:image:height\" content=\"299\" \/>\n\t<meta property=\"og:image:type\" content=\"image\/jpeg\" \/>\n<meta name=\"author\" content=\"favorite-news\" \/>\n<meta name=\"twitter:card\" content=\"summary_large_image\" \/>\n<meta name=\"twitter:label1\" content=\"Escrito por\" \/>\n\t<meta name=\"twitter:data1\" content=\"favorite-news\" \/>\n\t<meta name=\"twitter:label2\" content=\"Tiempo de lectura\" \/>\n\t<meta name=\"twitter:data2\" content=\"2 minutos\" \/>\n<script type=\"application\/ld+json\" class=\"yoast-schema-graph\">{\"@context\":\"https:\\\/\\\/schema.org\",\"@graph\":[{\"@type\":\"Article\",\"@id\":\"https:\\\/\\\/favorite-news.com\\\/es\\\/danacol-estrena-prescriptor-el-actor-javier-camara-marcas\\\/#article\",\"isPartOf\":{\"@id\":\"https:\\\/\\\/favorite-news.com\\\/es\\\/danacol-estrena-prescriptor-el-actor-javier-camara-marcas\\\/\"},\"author\":{\"name\":\"favorite-news\",\"@id\":\"https:\\\/\\\/favorite-news.com\\\/es\\\/#\\\/schema\\\/person\\\/b91573b717dcfa5e4696032a9d28d3e8\"},\"headline\":\"Danacol estrena prescriptor: el actor Javier C\u00e1mara | Marcas\",\"datePublished\":\"2019-08-28T12:25:11+00:00\",\"dateModified\":\"2019-08-28T12:25:12+00:00\",\"mainEntityOfPage\":{\"@id\":\"https:\\\/\\\/favorite-news.com\\\/es\\\/danacol-estrena-prescriptor-el-actor-javier-camara-marcas\\\/\"},\"wordCount\":312,\"commentCount\":0,\"image\":{\"@id\":\"https:\\\/\\\/favorite-news.com\\\/es\\\/danacol-estrena-prescriptor-el-actor-javier-camara-marcas\\\/#primaryimage\"},\"thumbnailUrl\":\"https:\\\/\\\/favorite-news.com\\\/es\\\/wp-content\\\/uploads\\\/sites\\\/4\\\/2019\\\/08\\\/Danacol-estrena-prescriptor-el-actor-Javier-C\u00e1mara-Marcas.jpg\",\"articleSection\":[\"NOTICIAS DE INTERNET MARKETING\"],\"inLanguage\":\"es\",\"potentialAction\":[{\"@type\":\"CommentAction\",\"name\":\"Comment\",\"target\":[\"https:\\\/\\\/favorite-news.com\\\/es\\\/danacol-estrena-prescriptor-el-actor-javier-camara-marcas\\\/#respond\"]}]},{\"@type\":\"WebPage\",\"@id\":\"https:\\\/\\\/favorite-news.com\\\/es\\\/danacol-estrena-prescriptor-el-actor-javier-camara-marcas\\\/\",\"url\":\"https:\\\/\\\/favorite-news.com\\\/es\\\/danacol-estrena-prescriptor-el-actor-javier-camara-marcas\\\/\",\"name\":\"Danacol estrena prescriptor: el actor Javier C\u00e1mara | Marcas - Favorite News\",\"isPartOf\":{\"@id\":\"https:\\\/\\\/favorite-news.com\\\/es\\\/#website\"},\"primaryImageOfPage\":{\"@id\":\"https:\\\/\\\/favorite-news.com\\\/es\\\/danacol-estrena-prescriptor-el-actor-javier-camara-marcas\\\/#primaryimage\"},\"image\":{\"@id\":\"https:\\\/\\\/favorite-news.com\\\/es\\\/danacol-estrena-prescriptor-el-actor-javier-camara-marcas\\\/#primaryimage\"},\"thumbnailUrl\":\"https:\\\/\\\/favorite-news.com\\\/es\\\/wp-content\\\/uploads\\\/sites\\\/4\\\/2019\\\/08\\\/Danacol-estrena-prescriptor-el-actor-Javier-C\u00e1mara-Marcas.jpg\",\"datePublished\":\"2019-08-28T12:25:11+00:00\",\"dateModified\":\"2019-08-28T12:25:12+00:00\",\"author\":{\"@id\":\"https:\\\/\\\/favorite-news.com\\\/es\\\/#\\\/schema\\\/person\\\/b91573b717dcfa5e4696032a9d28d3e8\"},\"breadcrumb\":{\"@id\":\"https:\\\/\\\/favorite-news.com\\\/es\\\/danacol-estrena-prescriptor-el-actor-javier-camara-marcas\\\/#breadcrumb\"},\"inLanguage\":\"es\",\"potentialAction\":[{\"@type\":\"ReadAction\",\"target\":[\"https:\\\/\\\/favorite-news.com\\\/es\\\/danacol-estrena-prescriptor-el-actor-javier-camara-marcas\\\/\"]}]},{\"@type\":\"ImageObject\",\"inLanguage\":\"es\",\"@id\":\"https:\\\/\\\/favorite-news.com\\\/es\\\/danacol-estrena-prescriptor-el-actor-javier-camara-marcas\\\/#primaryimage\",\"url\":\"https:\\\/\\\/favorite-news.com\\\/es\\\/wp-content\\\/uploads\\\/sites\\\/4\\\/2019\\\/08\\\/Danacol-estrena-prescriptor-el-actor-Javier-C\u00e1mara-Marcas.jpg\",\"contentUrl\":\"https:\\\/\\\/favorite-news.com\\\/es\\\/wp-content\\\/uploads\\\/sites\\\/4\\\/2019\\\/08\\\/Danacol-estrena-prescriptor-el-actor-Javier-C\u00e1mara-Marcas.jpg\",\"width\":530,\"height\":299,\"caption\":\"Danacol estrena prescriptor: el actor Javier C\u00e1mara | Marcas\"},{\"@type\":\"BreadcrumbList\",\"@id\":\"https:\\\/\\\/favorite-news.com\\\/es\\\/danacol-estrena-prescriptor-el-actor-javier-camara-marcas\\\/#breadcrumb\",\"itemListElement\":[{\"@type\":\"ListItem\",\"position\":1,\"name\":\"Home\",\"item\":\"https:\\\/\\\/favorite-news.com\\\/es\\\/\"},{\"@type\":\"ListItem\",\"position\":2,\"name\":\"Danacol estrena prescriptor: el actor Javier C\u00e1mara | Marcas\"}]},{\"@type\":\"WebSite\",\"@id\":\"https:\\\/\\\/favorite-news.com\\\/es\\\/#website\",\"url\":\"https:\\\/\\\/favorite-news.com\\\/es\\\/\",\"name\":\"Favorite News\",\"description\":\"Favorite News Espa\u00f1a\",\"potentialAction\":[{\"@type\":\"SearchAction\",\"target\":{\"@type\":\"EntryPoint\",\"urlTemplate\":\"https:\\\/\\\/favorite-news.com\\\/es\\\/?s={search_term_string}\"},\"query-input\":{\"@type\":\"PropertyValueSpecification\",\"valueRequired\":true,\"valueName\":\"search_term_string\"}}],\"inLanguage\":\"es\"},{\"@type\":\"Person\",\"@id\":\"https:\\\/\\\/favorite-news.com\\\/es\\\/#\\\/schema\\\/person\\\/b91573b717dcfa5e4696032a9d28d3e8\",\"name\":\"favorite-news\",\"image\":{\"@type\":\"ImageObject\",\"inLanguage\":\"es\",\"@id\":\"https:\\\/\\\/secure.gravatar.com\\\/avatar\\\/6c5a5cb12b74e9d517ee91cf570335b7d16177f1977cc91db161adfa435945a7?s=96&d=mm&r=g\",\"url\":\"https:\\\/\\\/secure.gravatar.com\\\/avatar\\\/6c5a5cb12b74e9d517ee91cf570335b7d16177f1977cc91db161adfa435945a7?s=96&d=mm&r=g\",\"contentUrl\":\"https:\\\/\\\/secure.gravatar.com\\\/avatar\\\/6c5a5cb12b74e9d517ee91cf570335b7d16177f1977cc91db161adfa435945a7?s=96&d=mm&r=g\",\"caption\":\"favorite-news\"},\"url\":\"https:\\\/\\\/favorite-news.com\\\/es\\\/author\\\/pt\\\/\"}]}<\/script>\n<!-- \/ Yoast SEO plugin. -->","yoast_head_json":{"title":"Danacol estrena prescriptor: el actor Javier C\u00e1mara | Marcas - Favorite News","robots":{"index":"index","follow":"follow","max-snippet":"max-snippet:-1","max-image-preview":"max-image-preview:large","max-video-preview":"max-video-preview:-1"},"canonical":"https:\/\/favorite-news.com\/es\/danacol-estrena-prescriptor-el-actor-javier-camara-marcas\/","og_locale":"es_ES","og_type":"article","og_title":"Danacol estrena prescriptor: el actor Javier C\u00e1mara | Marcas - Favorite News","og_description":"[ad_1] El actor Javier C\u00e1mara El trabajo lleva por nombre\u00a0 \u201cHistorias del Colesterol\u201d y es una trilog\u00eda que, con un tono cercano y con un toque de humor, relata algunas de las excusas m\u00e1s comunes que muchos espa\u00f1oles utilizan para no cuidar su colesterol alto, a pesar de que es uno de los principales factores [&hellip;]","og_url":"https:\/\/favorite-news.com\/es\/danacol-estrena-prescriptor-el-actor-javier-camara-marcas\/","og_site_name":"Favorite News","article_published_time":"2019-08-28T12:25:11+00:00","article_modified_time":"2019-08-28T12:25:12+00:00","og_image":[{"width":530,"height":299,"url":"https:\/\/favorite-news.com\/es\/wp-content\/uploads\/sites\/4\/2019\/08\/Danacol-estrena-prescriptor-el-actor-Javier-C\u00e1mara-Marcas.jpg","type":"image\/jpeg"}],"author":"favorite-news","twitter_card":"summary_large_image","twitter_misc":{"Escrito por":"favorite-news","Tiempo de lectura":"2 minutos"},"schema":{"@context":"https:\/\/schema.org","@graph":[{"@type":"Article","@id":"https:\/\/favorite-news.com\/es\/danacol-estrena-prescriptor-el-actor-javier-camara-marcas\/#article","isPartOf":{"@id":"https:\/\/favorite-news.com\/es\/danacol-estrena-prescriptor-el-actor-javier-camara-marcas\/"},"author":{"name":"favorite-news","@id":"https:\/\/favorite-news.com\/es\/#\/schema\/person\/b91573b717dcfa5e4696032a9d28d3e8"},"headline":"Danacol estrena prescriptor: el actor Javier C\u00e1mara | Marcas","datePublished":"2019-08-28T12:25:11+00:00","dateModified":"2019-08-28T12:25:12+00:00","mainEntityOfPage":{"@id":"https:\/\/favorite-news.com\/es\/danacol-estrena-prescriptor-el-actor-javier-camara-marcas\/"},"wordCount":312,"commentCount":0,"image":{"@id":"https:\/\/favorite-news.com\/es\/danacol-estrena-prescriptor-el-actor-javier-camara-marcas\/#primaryimage"},"thumbnailUrl":"https:\/\/favorite-news.com\/es\/wp-content\/uploads\/sites\/4\/2019\/08\/Danacol-estrena-prescriptor-el-actor-Javier-C\u00e1mara-Marcas.jpg","articleSection":["NOTICIAS DE INTERNET MARKETING"],"inLanguage":"es","potentialAction":[{"@type":"CommentAction","name":"Comment","target":["https:\/\/favorite-news.com\/es\/danacol-estrena-prescriptor-el-actor-javier-camara-marcas\/#respond"]}]},{"@type":"WebPage","@id":"https:\/\/favorite-news.com\/es\/danacol-estrena-prescriptor-el-actor-javier-camara-marcas\/","url":"https:\/\/favorite-news.com\/es\/danacol-estrena-prescriptor-el-actor-javier-camara-marcas\/","name":"Danacol estrena prescriptor: el actor Javier C\u00e1mara | Marcas - Favorite News","isPartOf":{"@id":"https:\/\/favorite-news.com\/es\/#website"},"primaryImageOfPage":{"@id":"https:\/\/favorite-news.com\/es\/danacol-estrena-prescriptor-el-actor-javier-camara-marcas\/#primaryimage"},"image":{"@id":"https:\/\/favorite-news.com\/es\/danacol-estrena-prescriptor-el-actor-javier-camara-marcas\/#primaryimage"},"thumbnailUrl":"https:\/\/favorite-news.com\/es\/wp-content\/uploads\/sites\/4\/2019\/08\/Danacol-estrena-prescriptor-el-actor-Javier-C\u00e1mara-Marcas.jpg","datePublished":"2019-08-28T12:25:11+00:00","dateModified":"2019-08-28T12:25:12+00:00","author":{"@id":"https:\/\/favorite-news.com\/es\/#\/schema\/person\/b91573b717dcfa5e4696032a9d28d3e8"},"breadcrumb":{"@id":"https:\/\/favorite-news.com\/es\/danacol-estrena-prescriptor-el-actor-javier-camara-marcas\/#breadcrumb"},"inLanguage":"es","potentialAction":[{"@type":"ReadAction","target":["https:\/\/favorite-news.com\/es\/danacol-estrena-prescriptor-el-actor-javier-camara-marcas\/"]}]},{"@type":"ImageObject","inLanguage":"es","@id":"https:\/\/favorite-news.com\/es\/danacol-estrena-prescriptor-el-actor-javier-camara-marcas\/#primaryimage","url":"https:\/\/favorite-news.com\/es\/wp-content\/uploads\/sites\/4\/2019\/08\/Danacol-estrena-prescriptor-el-actor-Javier-C\u00e1mara-Marcas.jpg","contentUrl":"https:\/\/favorite-news.com\/es\/wp-content\/uploads\/sites\/4\/2019\/08\/Danacol-estrena-prescriptor-el-actor-Javier-C\u00e1mara-Marcas.jpg","width":530,"height":299,"caption":"Danacol estrena prescriptor: el actor Javier C\u00e1mara | Marcas"},{"@type":"BreadcrumbList","@id":"https:\/\/favorite-news.com\/es\/danacol-estrena-prescriptor-el-actor-javier-camara-marcas\/#breadcrumb","itemListElement":[{"@type":"ListItem","position":1,"name":"Home","item":"https:\/\/favorite-news.com\/es\/"},{"@type":"ListItem","position":2,"name":"Danacol estrena prescriptor: el actor Javier C\u00e1mara | Marcas"}]},{"@type":"WebSite","@id":"https:\/\/favorite-news.com\/es\/#website","url":"https:\/\/favorite-news.com\/es\/","name":"Favorite News","description":"Favorite News Espa\u00f1a","potentialAction":[{"@type":"SearchAction","target":{"@type":"EntryPoint","urlTemplate":"https:\/\/favorite-news.com\/es\/?s={search_term_string}"},"query-input":{"@type":"PropertyValueSpecification","valueRequired":true,"valueName":"search_term_string"}}],"inLanguage":"es"},{"@type":"Person","@id":"https:\/\/favorite-news.com\/es\/#\/schema\/person\/b91573b717dcfa5e4696032a9d28d3e8","name":"favorite-news","image":{"@type":"ImageObject","inLanguage":"es","@id":"https:\/\/secure.gravatar.com\/avatar\/6c5a5cb12b74e9d517ee91cf570335b7d16177f1977cc91db161adfa435945a7?s=96&d=mm&r=g","url":"https:\/\/secure.gravatar.com\/avatar\/6c5a5cb12b74e9d517ee91cf570335b7d16177f1977cc91db161adfa435945a7?s=96&d=mm&r=g","contentUrl":"https:\/\/secure.gravatar.com\/avatar\/6c5a5cb12b74e9d517ee91cf570335b7d16177f1977cc91db161adfa435945a7?s=96&d=mm&r=g","caption":"favorite-news"},"url":"https:\/\/favorite-news.com\/es\/author\/pt\/"}]}},"_links":{"self":[{"href":"https:\/\/favorite-news.com\/es\/wp-json\/wp\/v2\/posts\/3830","targetHints":{"allow":["GET"]}}],"collection":[{"href":"https:\/\/favorite-news.com\/es\/wp-json\/wp\/v2\/posts"}],"about":[{"href":"https:\/\/favorite-news.com\/es\/wp-json\/wp\/v2\/types\/post"}],"author":[{"embeddable":true,"href":"https:\/\/favorite-news.com\/es\/wp-json\/wp\/v2\/users\/2"}],"replies":[{"embeddable":true,"href":"https:\/\/favorite-news.com\/es\/wp-json\/wp\/v2\/comments?post=3830"}],"version-history":[{"count":1,"href":"https:\/\/favorite-news.com\/es\/wp-json\/wp\/v2\/posts\/3830\/revisions"}],"predecessor-version":[{"id":3832,"href":"https:\/\/favorite-news.com\/es\/wp-json\/wp\/v2\/posts\/3830\/revisions\/3832"}],"wp:featuredmedia":[{"embeddable":true,"href":"https:\/\/favorite-news.com\/es\/wp-json\/wp\/v2\/media\/3831"}],"wp:attachment":[{"href":"https:\/\/favorite-news.com\/es\/wp-json\/wp\/v2\/media?parent=3830"}],"wp:term":[{"taxonomy":"category","embeddable":true,"href":"https:\/\/favorite-news.com\/es\/wp-json\/wp\/v2\/categories?post=3830"},{"taxonomy":"post_tag","embeddable":true,"href":"https:\/\/favorite-news.com\/es\/wp-json\/wp\/v2\/tags?post=3830"}],"curies":[{"name":"wp","href":"https:\/\/api.w.org\/{rel}","templated":true}]}}