{"id":3824,"date":"2019-08-28T11:58:20","date_gmt":"2019-08-28T08:58:20","guid":{"rendered":"https:\/\/favorite-news.com\/es\/samsung-prepara-a-los-ninos-espanoles-para-las-profesiones-del-futuro-marcas\/"},"modified":"2019-08-28T11:58:21","modified_gmt":"2019-08-28T08:58:21","slug":"samsung-prepara-a-los-ninos-espanoles-para-las-profesiones-del-futuro-marcas","status":"publish","type":"post","link":"https:\/\/favorite-news.com\/es\/samsung-prepara-a-los-ninos-espanoles-para-las-profesiones-del-futuro-marcas\/","title":{"rendered":"Samsung prepara a los ni\u00f1os espa\u00f1oles para las profesiones del futuro | Marcas"},"content":{"rendered":"<p> [ad_1]<br \/>\n<\/p>\n<div id=\"bodyDetail\">\n<figure class=\"center\">\n<div class=\"imagen\"><\/div><figcaption>La campa\u00f1a es obra de Cheil<\/figcaption><\/figure>\n<p>La campa\u00f1a, <strong>puesta en marcha por Samsung junto con la agencia Cheil,<\/strong> cuenta con dos spots de televisi\u00f3n y varias piezas para redes sociales, internet y salas de cine que muestran a ni\u00f1os y ni\u00f1as de un aula actual describiendo su trabajo so\u00f1ado, conscientes de que el 85% de las profesiones que dominar\u00e1n el mercado en 2030 todav\u00eda no han sido inventadas.\u00a0 Starcom maneja los medios.<\/p>\n<p>Utilizando un tono din\u00e1mico y desde la naturalidad que aporta la perspectiva infantil, la campa\u00f1a refleja la r\u00e1pida transformaci\u00f3n que est\u00e1 experimentando el panorama laboral, siendo la programaci\u00f3n de sue\u00f1os, las visitas tur\u00edsticas por el espacio o la arquitectura de ciudades submarinas algunas de las actividades laborales preferidas por los m\u00e1s peque\u00f1os.<\/p>\n<p><strong>La compa\u00f1\u00eda prepara a m\u00e1s de 4.000 alumnos espa\u00f1oles a trav\u00e9s de su programa Samsung Smart School,<\/strong> una metodolog\u00eda desarrollada junto al Ministerio de Educaci\u00f3n y Formaci\u00f3n Profesional y las comunidades aut\u00f3nomas dirigida a alumnos de 5\u00ba y 6\u00ba de Educaci\u00f3n Primaria. En concreto, cuarenta centros p\u00fablicos espa\u00f1oles ya han implementado este tipo de ense\u00f1anza con el que se integra la tecnolog\u00eda en el d\u00eda a d\u00eda de las aulas.\u00a0<\/p>\n<p>\u201cCon esta nueva campa\u00f1a, Samsung quiere poner de manifiesto el papel transformador que tendr\u00e1 la tecnolog\u00eda en los perfiles laborales del futuro. Perseguimos un objetivo \u00fanico: cambiar la forma de ense\u00f1ar hoy, para que muchos ni\u00f1os puedan cambiar el ma\u00f1ana\u201d, se\u00f1ala Alfonso Fern\u00e1ndez, director de marketing y comunicaci\u00f3n corporativa de Samsung.\u00a0<\/p>\n<p><iframe loading=\"lazy\" class=\"det-video\" width=\"100%\" id=\"ytbPlayer\" src=\"https:\/\/www.youtube.com\/embed\/wPjtUN7-KRE?rel=0&amp;wmode=transparent\" frameborder=\"0\" allowfullscreen=\"\" height=\"300px\" ><\/iframe><\/p>\n<\/div>\n<p>[ad_2]<br \/>\n<br \/><a href=\"http:\/\/www.marketingnews.es\/marcas\/noticia\/1134175054305\/samsung-prepara-ninos-espanoles-profesiones-del-futuro.1.html\">Source link <\/a><\/p>\n","protected":false},"excerpt":{"rendered":"<p>[ad_1] La campa\u00f1a es obra de Cheil La campa\u00f1a, puesta en marcha por Samsung junto con la agencia Cheil, cuenta con dos spots de televisi\u00f3n y varias piezas para redes sociales, internet y salas de cine que muestran a ni\u00f1os y ni\u00f1as de un aula actual describiendo su trabajo so\u00f1ado, conscientes de que el 85% [&hellip;]<\/p>\n","protected":false},"author":2,"featured_media":3825,"comment_status":"open","ping_status":"open","sticky":false,"template":"","format":"standard","meta":{"footnotes":""},"categories":[2],"tags":[],"class_list":["post-3824","post","type-post","status-publish","format-standard","has-post-thumbnail","hentry","category-noticias-de-internet-marketing"],"yoast_head":"<!-- This site is optimized with the Yoast SEO plugin v27.4 - https:\/\/yoast.com\/product\/yoast-seo-wordpress\/ -->\n<title>Samsung prepara a los ni\u00f1os espa\u00f1oles para las profesiones del futuro | Marcas - Favorite News<\/title>\n<meta name=\"robots\" content=\"index, follow, max-snippet:-1, max-image-preview:large, max-video-preview:-1\" \/>\n<link rel=\"canonical\" href=\"https:\/\/favorite-news.com\/es\/samsung-prepara-a-los-ninos-espanoles-para-las-profesiones-del-futuro-marcas\/\" \/>\n<meta property=\"og:locale\" content=\"es_ES\" \/>\n<meta property=\"og:type\" content=\"article\" \/>\n<meta property=\"og:title\" content=\"Samsung prepara a los ni\u00f1os espa\u00f1oles para las profesiones del futuro | Marcas - Favorite News\" \/>\n<meta property=\"og:description\" content=\"[ad_1] La campa\u00f1a es obra de Cheil La campa\u00f1a, puesta en marcha por Samsung junto con la agencia Cheil, cuenta con dos spots de televisi\u00f3n y varias piezas para redes sociales, internet y salas de cine que muestran a ni\u00f1os y ni\u00f1as de un aula actual describiendo su trabajo so\u00f1ado, conscientes de que el 85% [&hellip;]\" \/>\n<meta property=\"og:url\" content=\"https:\/\/favorite-news.com\/es\/samsung-prepara-a-los-ninos-espanoles-para-las-profesiones-del-futuro-marcas\/\" \/>\n<meta property=\"og:site_name\" content=\"Favorite News\" \/>\n<meta property=\"article:published_time\" content=\"2019-08-28T08:58:20+00:00\" \/>\n<meta property=\"article:modified_time\" content=\"2019-08-28T08:58:21+00:00\" \/>\n<meta property=\"og:image\" content=\"https:\/\/favorite-news.com\/es\/wp-content\/uploads\/sites\/4\/2019\/08\/Samsung-prepara-a-los-ni\u00f1os-espa\u00f1oles-para-las-profesiones-del.jpg\" \/>\n\t<meta property=\"og:image:width\" content=\"531\" \/>\n\t<meta property=\"og:image:height\" content=\"298\" \/>\n\t<meta property=\"og:image:type\" content=\"image\/jpeg\" \/>\n<meta name=\"author\" content=\"favorite-news\" \/>\n<meta name=\"twitter:card\" content=\"summary_large_image\" \/>\n<meta name=\"twitter:label1\" content=\"Escrito por\" \/>\n\t<meta name=\"twitter:data1\" content=\"favorite-news\" \/>\n\t<meta name=\"twitter:label2\" content=\"Tiempo de lectura\" \/>\n\t<meta name=\"twitter:data2\" content=\"1 minuto\" \/>\n<script type=\"application\/ld+json\" class=\"yoast-schema-graph\">{\"@context\":\"https:\\\/\\\/schema.org\",\"@graph\":[{\"@type\":\"Article\",\"@id\":\"https:\\\/\\\/favorite-news.com\\\/es\\\/samsung-prepara-a-los-ninos-espanoles-para-las-profesiones-del-futuro-marcas\\\/#article\",\"isPartOf\":{\"@id\":\"https:\\\/\\\/favorite-news.com\\\/es\\\/samsung-prepara-a-los-ninos-espanoles-para-las-profesiones-del-futuro-marcas\\\/\"},\"author\":{\"name\":\"favorite-news\",\"@id\":\"https:\\\/\\\/favorite-news.com\\\/es\\\/#\\\/schema\\\/person\\\/b91573b717dcfa5e4696032a9d28d3e8\"},\"headline\":\"Samsung prepara a los ni\u00f1os espa\u00f1oles para las profesiones del futuro | Marcas\",\"datePublished\":\"2019-08-28T08:58:20+00:00\",\"dateModified\":\"2019-08-28T08:58:21+00:00\",\"mainEntityOfPage\":{\"@id\":\"https:\\\/\\\/favorite-news.com\\\/es\\\/samsung-prepara-a-los-ninos-espanoles-para-las-profesiones-del-futuro-marcas\\\/\"},\"wordCount\":298,\"commentCount\":0,\"image\":{\"@id\":\"https:\\\/\\\/favorite-news.com\\\/es\\\/samsung-prepara-a-los-ninos-espanoles-para-las-profesiones-del-futuro-marcas\\\/#primaryimage\"},\"thumbnailUrl\":\"https:\\\/\\\/favorite-news.com\\\/es\\\/wp-content\\\/uploads\\\/sites\\\/4\\\/2019\\\/08\\\/Samsung-prepara-a-los-ni\u00f1os-espa\u00f1oles-para-las-profesiones-del.jpg\",\"articleSection\":[\"NOTICIAS DE INTERNET MARKETING\"],\"inLanguage\":\"es\",\"potentialAction\":[{\"@type\":\"CommentAction\",\"name\":\"Comment\",\"target\":[\"https:\\\/\\\/favorite-news.com\\\/es\\\/samsung-prepara-a-los-ninos-espanoles-para-las-profesiones-del-futuro-marcas\\\/#respond\"]}]},{\"@type\":\"WebPage\",\"@id\":\"https:\\\/\\\/favorite-news.com\\\/es\\\/samsung-prepara-a-los-ninos-espanoles-para-las-profesiones-del-futuro-marcas\\\/\",\"url\":\"https:\\\/\\\/favorite-news.com\\\/es\\\/samsung-prepara-a-los-ninos-espanoles-para-las-profesiones-del-futuro-marcas\\\/\",\"name\":\"Samsung prepara a los ni\u00f1os espa\u00f1oles para las profesiones del futuro | Marcas - Favorite News\",\"isPartOf\":{\"@id\":\"https:\\\/\\\/favorite-news.com\\\/es\\\/#website\"},\"primaryImageOfPage\":{\"@id\":\"https:\\\/\\\/favorite-news.com\\\/es\\\/samsung-prepara-a-los-ninos-espanoles-para-las-profesiones-del-futuro-marcas\\\/#primaryimage\"},\"image\":{\"@id\":\"https:\\\/\\\/favorite-news.com\\\/es\\\/samsung-prepara-a-los-ninos-espanoles-para-las-profesiones-del-futuro-marcas\\\/#primaryimage\"},\"thumbnailUrl\":\"https:\\\/\\\/favorite-news.com\\\/es\\\/wp-content\\\/uploads\\\/sites\\\/4\\\/2019\\\/08\\\/Samsung-prepara-a-los-ni\u00f1os-espa\u00f1oles-para-las-profesiones-del.jpg\",\"datePublished\":\"2019-08-28T08:58:20+00:00\",\"dateModified\":\"2019-08-28T08:58:21+00:00\",\"author\":{\"@id\":\"https:\\\/\\\/favorite-news.com\\\/es\\\/#\\\/schema\\\/person\\\/b91573b717dcfa5e4696032a9d28d3e8\"},\"breadcrumb\":{\"@id\":\"https:\\\/\\\/favorite-news.com\\\/es\\\/samsung-prepara-a-los-ninos-espanoles-para-las-profesiones-del-futuro-marcas\\\/#breadcrumb\"},\"inLanguage\":\"es\",\"potentialAction\":[{\"@type\":\"ReadAction\",\"target\":[\"https:\\\/\\\/favorite-news.com\\\/es\\\/samsung-prepara-a-los-ninos-espanoles-para-las-profesiones-del-futuro-marcas\\\/\"]}]},{\"@type\":\"ImageObject\",\"inLanguage\":\"es\",\"@id\":\"https:\\\/\\\/favorite-news.com\\\/es\\\/samsung-prepara-a-los-ninos-espanoles-para-las-profesiones-del-futuro-marcas\\\/#primaryimage\",\"url\":\"https:\\\/\\\/favorite-news.com\\\/es\\\/wp-content\\\/uploads\\\/sites\\\/4\\\/2019\\\/08\\\/Samsung-prepara-a-los-ni\u00f1os-espa\u00f1oles-para-las-profesiones-del.jpg\",\"contentUrl\":\"https:\\\/\\\/favorite-news.com\\\/es\\\/wp-content\\\/uploads\\\/sites\\\/4\\\/2019\\\/08\\\/Samsung-prepara-a-los-ni\u00f1os-espa\u00f1oles-para-las-profesiones-del.jpg\",\"width\":531,\"height\":298,\"caption\":\"Samsung prepara a los ni\u00f1os espa\u00f1oles para las profesiones del futuro | Marcas\"},{\"@type\":\"BreadcrumbList\",\"@id\":\"https:\\\/\\\/favorite-news.com\\\/es\\\/samsung-prepara-a-los-ninos-espanoles-para-las-profesiones-del-futuro-marcas\\\/#breadcrumb\",\"itemListElement\":[{\"@type\":\"ListItem\",\"position\":1,\"name\":\"Home\",\"item\":\"https:\\\/\\\/favorite-news.com\\\/es\\\/\"},{\"@type\":\"ListItem\",\"position\":2,\"name\":\"Samsung prepara a los ni\u00f1os espa\u00f1oles para las profesiones del futuro | Marcas\"}]},{\"@type\":\"WebSite\",\"@id\":\"https:\\\/\\\/favorite-news.com\\\/es\\\/#website\",\"url\":\"https:\\\/\\\/favorite-news.com\\\/es\\\/\",\"name\":\"Favorite News\",\"description\":\"Favorite News Espa\u00f1a\",\"potentialAction\":[{\"@type\":\"SearchAction\",\"target\":{\"@type\":\"EntryPoint\",\"urlTemplate\":\"https:\\\/\\\/favorite-news.com\\\/es\\\/?s={search_term_string}\"},\"query-input\":{\"@type\":\"PropertyValueSpecification\",\"valueRequired\":true,\"valueName\":\"search_term_string\"}}],\"inLanguage\":\"es\"},{\"@type\":\"Person\",\"@id\":\"https:\\\/\\\/favorite-news.com\\\/es\\\/#\\\/schema\\\/person\\\/b91573b717dcfa5e4696032a9d28d3e8\",\"name\":\"favorite-news\",\"image\":{\"@type\":\"ImageObject\",\"inLanguage\":\"es\",\"@id\":\"https:\\\/\\\/secure.gravatar.com\\\/avatar\\\/6c5a5cb12b74e9d517ee91cf570335b7d16177f1977cc91db161adfa435945a7?s=96&d=mm&r=g\",\"url\":\"https:\\\/\\\/secure.gravatar.com\\\/avatar\\\/6c5a5cb12b74e9d517ee91cf570335b7d16177f1977cc91db161adfa435945a7?s=96&d=mm&r=g\",\"contentUrl\":\"https:\\\/\\\/secure.gravatar.com\\\/avatar\\\/6c5a5cb12b74e9d517ee91cf570335b7d16177f1977cc91db161adfa435945a7?s=96&d=mm&r=g\",\"caption\":\"favorite-news\"},\"url\":\"https:\\\/\\\/favorite-news.com\\\/es\\\/author\\\/pt\\\/\"}]}<\/script>\n<!-- \/ Yoast SEO plugin. -->","yoast_head_json":{"title":"Samsung prepara a los ni\u00f1os espa\u00f1oles para las profesiones del futuro | Marcas - Favorite News","robots":{"index":"index","follow":"follow","max-snippet":"max-snippet:-1","max-image-preview":"max-image-preview:large","max-video-preview":"max-video-preview:-1"},"canonical":"https:\/\/favorite-news.com\/es\/samsung-prepara-a-los-ninos-espanoles-para-las-profesiones-del-futuro-marcas\/","og_locale":"es_ES","og_type":"article","og_title":"Samsung prepara a los ni\u00f1os espa\u00f1oles para las profesiones del futuro | Marcas - Favorite News","og_description":"[ad_1] La campa\u00f1a es obra de Cheil La campa\u00f1a, puesta en marcha por Samsung junto con la agencia Cheil, cuenta con dos spots de televisi\u00f3n y varias piezas para redes sociales, internet y salas de cine que muestran a ni\u00f1os y ni\u00f1as de un aula actual describiendo su trabajo so\u00f1ado, conscientes de que el 85% [&hellip;]","og_url":"https:\/\/favorite-news.com\/es\/samsung-prepara-a-los-ninos-espanoles-para-las-profesiones-del-futuro-marcas\/","og_site_name":"Favorite News","article_published_time":"2019-08-28T08:58:20+00:00","article_modified_time":"2019-08-28T08:58:21+00:00","og_image":[{"width":531,"height":298,"url":"https:\/\/favorite-news.com\/es\/wp-content\/uploads\/sites\/4\/2019\/08\/Samsung-prepara-a-los-ni\u00f1os-espa\u00f1oles-para-las-profesiones-del.jpg","type":"image\/jpeg"}],"author":"favorite-news","twitter_card":"summary_large_image","twitter_misc":{"Escrito por":"favorite-news","Tiempo de lectura":"1 minuto"},"schema":{"@context":"https:\/\/schema.org","@graph":[{"@type":"Article","@id":"https:\/\/favorite-news.com\/es\/samsung-prepara-a-los-ninos-espanoles-para-las-profesiones-del-futuro-marcas\/#article","isPartOf":{"@id":"https:\/\/favorite-news.com\/es\/samsung-prepara-a-los-ninos-espanoles-para-las-profesiones-del-futuro-marcas\/"},"author":{"name":"favorite-news","@id":"https:\/\/favorite-news.com\/es\/#\/schema\/person\/b91573b717dcfa5e4696032a9d28d3e8"},"headline":"Samsung prepara a los ni\u00f1os espa\u00f1oles para las profesiones del futuro | Marcas","datePublished":"2019-08-28T08:58:20+00:00","dateModified":"2019-08-28T08:58:21+00:00","mainEntityOfPage":{"@id":"https:\/\/favorite-news.com\/es\/samsung-prepara-a-los-ninos-espanoles-para-las-profesiones-del-futuro-marcas\/"},"wordCount":298,"commentCount":0,"image":{"@id":"https:\/\/favorite-news.com\/es\/samsung-prepara-a-los-ninos-espanoles-para-las-profesiones-del-futuro-marcas\/#primaryimage"},"thumbnailUrl":"https:\/\/favorite-news.com\/es\/wp-content\/uploads\/sites\/4\/2019\/08\/Samsung-prepara-a-los-ni\u00f1os-espa\u00f1oles-para-las-profesiones-del.jpg","articleSection":["NOTICIAS DE INTERNET MARKETING"],"inLanguage":"es","potentialAction":[{"@type":"CommentAction","name":"Comment","target":["https:\/\/favorite-news.com\/es\/samsung-prepara-a-los-ninos-espanoles-para-las-profesiones-del-futuro-marcas\/#respond"]}]},{"@type":"WebPage","@id":"https:\/\/favorite-news.com\/es\/samsung-prepara-a-los-ninos-espanoles-para-las-profesiones-del-futuro-marcas\/","url":"https:\/\/favorite-news.com\/es\/samsung-prepara-a-los-ninos-espanoles-para-las-profesiones-del-futuro-marcas\/","name":"Samsung prepara a los ni\u00f1os espa\u00f1oles para las profesiones del futuro | Marcas - Favorite News","isPartOf":{"@id":"https:\/\/favorite-news.com\/es\/#website"},"primaryImageOfPage":{"@id":"https:\/\/favorite-news.com\/es\/samsung-prepara-a-los-ninos-espanoles-para-las-profesiones-del-futuro-marcas\/#primaryimage"},"image":{"@id":"https:\/\/favorite-news.com\/es\/samsung-prepara-a-los-ninos-espanoles-para-las-profesiones-del-futuro-marcas\/#primaryimage"},"thumbnailUrl":"https:\/\/favorite-news.com\/es\/wp-content\/uploads\/sites\/4\/2019\/08\/Samsung-prepara-a-los-ni\u00f1os-espa\u00f1oles-para-las-profesiones-del.jpg","datePublished":"2019-08-28T08:58:20+00:00","dateModified":"2019-08-28T08:58:21+00:00","author":{"@id":"https:\/\/favorite-news.com\/es\/#\/schema\/person\/b91573b717dcfa5e4696032a9d28d3e8"},"breadcrumb":{"@id":"https:\/\/favorite-news.com\/es\/samsung-prepara-a-los-ninos-espanoles-para-las-profesiones-del-futuro-marcas\/#breadcrumb"},"inLanguage":"es","potentialAction":[{"@type":"ReadAction","target":["https:\/\/favorite-news.com\/es\/samsung-prepara-a-los-ninos-espanoles-para-las-profesiones-del-futuro-marcas\/"]}]},{"@type":"ImageObject","inLanguage":"es","@id":"https:\/\/favorite-news.com\/es\/samsung-prepara-a-los-ninos-espanoles-para-las-profesiones-del-futuro-marcas\/#primaryimage","url":"https:\/\/favorite-news.com\/es\/wp-content\/uploads\/sites\/4\/2019\/08\/Samsung-prepara-a-los-ni\u00f1os-espa\u00f1oles-para-las-profesiones-del.jpg","contentUrl":"https:\/\/favorite-news.com\/es\/wp-content\/uploads\/sites\/4\/2019\/08\/Samsung-prepara-a-los-ni\u00f1os-espa\u00f1oles-para-las-profesiones-del.jpg","width":531,"height":298,"caption":"Samsung prepara a los ni\u00f1os espa\u00f1oles para las profesiones del futuro | Marcas"},{"@type":"BreadcrumbList","@id":"https:\/\/favorite-news.com\/es\/samsung-prepara-a-los-ninos-espanoles-para-las-profesiones-del-futuro-marcas\/#breadcrumb","itemListElement":[{"@type":"ListItem","position":1,"name":"Home","item":"https:\/\/favorite-news.com\/es\/"},{"@type":"ListItem","position":2,"name":"Samsung prepara a los ni\u00f1os espa\u00f1oles para las profesiones del futuro | Marcas"}]},{"@type":"WebSite","@id":"https:\/\/favorite-news.com\/es\/#website","url":"https:\/\/favorite-news.com\/es\/","name":"Favorite News","description":"Favorite News Espa\u00f1a","potentialAction":[{"@type":"SearchAction","target":{"@type":"EntryPoint","urlTemplate":"https:\/\/favorite-news.com\/es\/?s={search_term_string}"},"query-input":{"@type":"PropertyValueSpecification","valueRequired":true,"valueName":"search_term_string"}}],"inLanguage":"es"},{"@type":"Person","@id":"https:\/\/favorite-news.com\/es\/#\/schema\/person\/b91573b717dcfa5e4696032a9d28d3e8","name":"favorite-news","image":{"@type":"ImageObject","inLanguage":"es","@id":"https:\/\/secure.gravatar.com\/avatar\/6c5a5cb12b74e9d517ee91cf570335b7d16177f1977cc91db161adfa435945a7?s=96&d=mm&r=g","url":"https:\/\/secure.gravatar.com\/avatar\/6c5a5cb12b74e9d517ee91cf570335b7d16177f1977cc91db161adfa435945a7?s=96&d=mm&r=g","contentUrl":"https:\/\/secure.gravatar.com\/avatar\/6c5a5cb12b74e9d517ee91cf570335b7d16177f1977cc91db161adfa435945a7?s=96&d=mm&r=g","caption":"favorite-news"},"url":"https:\/\/favorite-news.com\/es\/author\/pt\/"}]}},"_links":{"self":[{"href":"https:\/\/favorite-news.com\/es\/wp-json\/wp\/v2\/posts\/3824","targetHints":{"allow":["GET"]}}],"collection":[{"href":"https:\/\/favorite-news.com\/es\/wp-json\/wp\/v2\/posts"}],"about":[{"href":"https:\/\/favorite-news.com\/es\/wp-json\/wp\/v2\/types\/post"}],"author":[{"embeddable":true,"href":"https:\/\/favorite-news.com\/es\/wp-json\/wp\/v2\/users\/2"}],"replies":[{"embeddable":true,"href":"https:\/\/favorite-news.com\/es\/wp-json\/wp\/v2\/comments?post=3824"}],"version-history":[{"count":1,"href":"https:\/\/favorite-news.com\/es\/wp-json\/wp\/v2\/posts\/3824\/revisions"}],"predecessor-version":[{"id":3826,"href":"https:\/\/favorite-news.com\/es\/wp-json\/wp\/v2\/posts\/3824\/revisions\/3826"}],"wp:featuredmedia":[{"embeddable":true,"href":"https:\/\/favorite-news.com\/es\/wp-json\/wp\/v2\/media\/3825"}],"wp:attachment":[{"href":"https:\/\/favorite-news.com\/es\/wp-json\/wp\/v2\/media?parent=3824"}],"wp:term":[{"taxonomy":"category","embeddable":true,"href":"https:\/\/favorite-news.com\/es\/wp-json\/wp\/v2\/categories?post=3824"},{"taxonomy":"post_tag","embeddable":true,"href":"https:\/\/favorite-news.com\/es\/wp-json\/wp\/v2\/tags?post=3824"}],"curies":[{"name":"wp","href":"https:\/\/api.w.org\/{rel}","templated":true}]}}