{"id":3821,"date":"2019-08-28T10:14:00","date_gmt":"2019-08-28T07:14:00","guid":{"rendered":"https:\/\/favorite-news.com\/es\/volkswagen-se-reinicia-estrena-imagen-de-marca-y-logotipo-marcas\/"},"modified":"2019-08-28T10:14:01","modified_gmt":"2019-08-28T07:14:01","slug":"volkswagen-se-reinicia-estrena-imagen-de-marca-y-logotipo-marcas","status":"publish","type":"post","link":"https:\/\/favorite-news.com\/es\/volkswagen-se-reinicia-estrena-imagen-de-marca-y-logotipo-marcas\/","title":{"rendered":"Volkswagen se reinicia: estrena imagen de marca y logotipo | Marcas"},"content":{"rendered":"<p> [ad_1]<br \/>\n<\/p>\n<div id=\"bodyDetail\">\n<figure class=\"center\">\n<div class=\"imagen\"><\/div><figcaption>el dise\u00f1o de la nueva marca no fue desarrollado por una agencia externa, sino por el propio anunciante<\/figcaption><\/figure>\n<p>Adem\u00e1s de la nueva imagen, el protagonista del Sal\u00f3n Internacional del Autom\u00f3vil de Frankfurt para Volkswagen ser\u00e1 el ID.3, que seg\u00fan el fabricante marcar\u00e1 el inicio de una nueva era para Volkswagen: el\u00e9ctrico, totalmente conectado y con balance neutro de carbono. En general, el objetivo de la marca <strong>es ser m\u00e1s joven, m\u00e1s digital y, por tanto, m\u00e1s moderna, a la vez que desprenderse de la mala reputaci\u00f3n por el esc\u00e1ndalo de sus emisiones contaminantes<\/strong><\/p>\n<p>\u00abEl Sal\u00f3n Internacional del Autom\u00f3vil de Frankfurt ser\u00e1 un momento crucial en la reorientaci\u00f3n estrat\u00e9gica de la marca Volkswagen. Los resultados de nuestro trabajo se har\u00e1n visibles con el ID.3 y la nueva imagen de marca\u00bb, comenta en una nota de prensa Ralf Brandst\u00e4tter, director de operaciones de la marca Volkswagen.<\/p>\n<p>\u00abVolkswagen ha tomado e implementado decisiones valientes en casi todas las \u00e1reas de su actividad. El cambio de marca integral es la consecuencia l\u00f3gica de la reorientaci\u00f3n estrat\u00e9gica de nuestra marca\u00bb, explica J\u00fcrgen Stackmann, responsable de ventas, marketing y postventa del comit\u00e9 eejecutivo de la marca Volkswagen. \u00abLa &#8216;Nueva Volkswagen&#8217; tiene una imagen poderosa, fresca, positiva y atractiva\u00bb.<\/p>\n<p>El dise\u00f1ador jefe de la marca Volkswagen, Klaus Bischoff, afirma que \u00abel nuevo dise\u00f1o de la marca refleja un tipo de movilidad que forma parte natural de la vida de las personas\u00bb. Volkswagen siempre ha sido un elemento clave en este tipo de iniciativas\u00bb. En la nueva era de la movilidad, el lema es \u00abdigital primero\u00bb, sin ning\u00fan filtro.<\/p>\n<p>En contraste con la pr\u00e1ctica normal de esta industria, <strong>el dise\u00f1o de la nueva marca no fue desarrollado por una agencia externa, sino por un equipo conjunto de dise\u00f1o y marketing de Volkswagen<\/strong>. El dise\u00f1o se ha implementado, gracias a la integraci\u00f3n de todos los departamentos de la compa\u00f1\u00eda, en un tiempo de nueve meses.<\/p>\n<p>El logo de la marca y el mundo de las im\u00e1genes estar\u00e1n orientadas al mundo digital. Jochen Sengpiehl, director de marketing de Volkswagen, a\u00f1ade que \u00abcomo principio general, el objetivo en un futuro no ser\u00e1 el de mostrar un mundo publicitario perfecto. En nuestra presentaci\u00f3n, queremos ser m\u00e1s humanos y m\u00e1s vivos, adoptar en mayor medida la perspectiva del cliente y contar historias aut\u00e9nticas: En un futuro, el enfoque ya no estar\u00e1 tanto en el coche, sino en la vida y en la experiencia de movilidad de las personas\u00bb.<\/p>\n<p>El s\u00edmbolo y la marca registrada ser\u00e1n el nuevo logo, que ser\u00e1 m\u00e1s moderno, m\u00e1s claro y m\u00e1s simple. <strong>El logotipo se reducir\u00e1 a sus elementos esenciales y se presentar\u00e1 con un nuevo dise\u00f1o plano y bidimensional.<\/strong> Permitir\u00e1 un uso m\u00e1s flexible y quiere ser m\u00e1s reconocible en los medios digitales. Tambi\u00e9n se aplicar\u00e1 a los nuevos elementos de estilo de la marca, como pictogramas, tipograf\u00eda, colores o dise\u00f1os. Por primera vez,<strong> la marca tendr\u00e1 un logo con sonido, que reemplazar\u00e1 el <em>claim <\/em>de la marca. <\/strong>Adem\u00e1s, la marca Volkswagen tendr\u00e1 una voz femenina en el futuro.<\/p>\n<figure class=\"center\">\n<div class=\"imagen\"><img decoding=\"async\" src=\"https:\/\/favorite-news.com\/es\/wp-content\/uploads\/sites\/4\/2019\/08\/1566976440_538_Volkswagen-se-reinicia-estrena-imagen-de-marca-y-logotipo.jpg\" alt=\"Imagen: Creativity\" title=\"Imagen: Creativity\"\/><\/div><figcaption>Imagen: Creativity<\/figcaption><\/figure>\n<\/div>\n<p>[ad_2]<br \/>\n<br \/><a href=\"http:\/\/www.marketingnews.es\/marcas\/noticia\/1134170054305\/volkswagen-se-reinicia-estrena-imagen-de-marca-y-logotipo.1.html\">Source link <\/a><\/p>\n","protected":false},"excerpt":{"rendered":"<p>[ad_1] el dise\u00f1o de la nueva marca no fue desarrollado por una agencia externa, sino por el propio anunciante Adem\u00e1s de la nueva imagen, el protagonista del Sal\u00f3n Internacional del Autom\u00f3vil de Frankfurt para Volkswagen ser\u00e1 el ID.3, que seg\u00fan el fabricante marcar\u00e1 el inicio de una nueva era para Volkswagen: el\u00e9ctrico, totalmente conectado y [&hellip;]<\/p>\n","protected":false},"author":2,"featured_media":3822,"comment_status":"open","ping_status":"open","sticky":false,"template":"","format":"standard","meta":{"footnotes":""},"categories":[2],"tags":[],"class_list":["post-3821","post","type-post","status-publish","format-standard","has-post-thumbnail","hentry","category-noticias-de-internet-marketing"],"yoast_head":"<!-- This site is optimized with the Yoast SEO plugin v27.4 - https:\/\/yoast.com\/product\/yoast-seo-wordpress\/ -->\n<title>Volkswagen se reinicia: estrena imagen de marca y logotipo | Marcas - Favorite News<\/title>\n<meta name=\"robots\" content=\"index, follow, max-snippet:-1, max-image-preview:large, max-video-preview:-1\" \/>\n<link rel=\"canonical\" href=\"https:\/\/favorite-news.com\/es\/volkswagen-se-reinicia-estrena-imagen-de-marca-y-logotipo-marcas\/\" \/>\n<meta property=\"og:locale\" content=\"es_ES\" \/>\n<meta property=\"og:type\" content=\"article\" \/>\n<meta property=\"og:title\" content=\"Volkswagen se reinicia: estrena imagen de marca y logotipo | Marcas - Favorite News\" \/>\n<meta property=\"og:description\" content=\"[ad_1] el dise\u00f1o de la nueva marca no fue desarrollado por una agencia externa, sino por el propio anunciante Adem\u00e1s de la nueva imagen, el protagonista del Sal\u00f3n Internacional del Autom\u00f3vil de Frankfurt para Volkswagen ser\u00e1 el ID.3, que seg\u00fan el fabricante marcar\u00e1 el inicio de una nueva era para Volkswagen: el\u00e9ctrico, totalmente conectado y [&hellip;]\" \/>\n<meta property=\"og:url\" content=\"https:\/\/favorite-news.com\/es\/volkswagen-se-reinicia-estrena-imagen-de-marca-y-logotipo-marcas\/\" \/>\n<meta property=\"og:site_name\" content=\"Favorite News\" \/>\n<meta property=\"article:published_time\" content=\"2019-08-28T07:14:00+00:00\" \/>\n<meta property=\"article:modified_time\" content=\"2019-08-28T07:14:01+00:00\" \/>\n<meta property=\"og:image\" content=\"https:\/\/favorite-news.com\/es\/wp-content\/uploads\/sites\/4\/2019\/08\/Volkswagen-se-reinicia-estrena-imagen-de-marca-y-logotipo.jpg\" \/>\n\t<meta property=\"og:image:width\" content=\"530\" \/>\n\t<meta property=\"og:image:height\" content=\"303\" \/>\n\t<meta property=\"og:image:type\" content=\"image\/jpeg\" \/>\n<meta name=\"author\" content=\"favorite-news\" \/>\n<meta name=\"twitter:card\" content=\"summary_large_image\" \/>\n<meta name=\"twitter:label1\" content=\"Escrito por\" \/>\n\t<meta name=\"twitter:data1\" content=\"favorite-news\" \/>\n\t<meta name=\"twitter:label2\" content=\"Tiempo de lectura\" \/>\n\t<meta name=\"twitter:data2\" content=\"3 minutos\" \/>\n<script type=\"application\/ld+json\" class=\"yoast-schema-graph\">{\"@context\":\"https:\\\/\\\/schema.org\",\"@graph\":[{\"@type\":\"Article\",\"@id\":\"https:\\\/\\\/favorite-news.com\\\/es\\\/volkswagen-se-reinicia-estrena-imagen-de-marca-y-logotipo-marcas\\\/#article\",\"isPartOf\":{\"@id\":\"https:\\\/\\\/favorite-news.com\\\/es\\\/volkswagen-se-reinicia-estrena-imagen-de-marca-y-logotipo-marcas\\\/\"},\"author\":{\"name\":\"favorite-news\",\"@id\":\"https:\\\/\\\/favorite-news.com\\\/es\\\/#\\\/schema\\\/person\\\/b91573b717dcfa5e4696032a9d28d3e8\"},\"headline\":\"Volkswagen se reinicia: estrena imagen de marca y logotipo | Marcas\",\"datePublished\":\"2019-08-28T07:14:00+00:00\",\"dateModified\":\"2019-08-28T07:14:01+00:00\",\"mainEntityOfPage\":{\"@id\":\"https:\\\/\\\/favorite-news.com\\\/es\\\/volkswagen-se-reinicia-estrena-imagen-de-marca-y-logotipo-marcas\\\/\"},\"wordCount\":567,\"commentCount\":0,\"image\":{\"@id\":\"https:\\\/\\\/favorite-news.com\\\/es\\\/volkswagen-se-reinicia-estrena-imagen-de-marca-y-logotipo-marcas\\\/#primaryimage\"},\"thumbnailUrl\":\"https:\\\/\\\/favorite-news.com\\\/es\\\/wp-content\\\/uploads\\\/sites\\\/4\\\/2019\\\/08\\\/Volkswagen-se-reinicia-estrena-imagen-de-marca-y-logotipo.jpg\",\"articleSection\":[\"NOTICIAS DE INTERNET MARKETING\"],\"inLanguage\":\"es\",\"potentialAction\":[{\"@type\":\"CommentAction\",\"name\":\"Comment\",\"target\":[\"https:\\\/\\\/favorite-news.com\\\/es\\\/volkswagen-se-reinicia-estrena-imagen-de-marca-y-logotipo-marcas\\\/#respond\"]}]},{\"@type\":\"WebPage\",\"@id\":\"https:\\\/\\\/favorite-news.com\\\/es\\\/volkswagen-se-reinicia-estrena-imagen-de-marca-y-logotipo-marcas\\\/\",\"url\":\"https:\\\/\\\/favorite-news.com\\\/es\\\/volkswagen-se-reinicia-estrena-imagen-de-marca-y-logotipo-marcas\\\/\",\"name\":\"Volkswagen se reinicia: estrena imagen de marca y logotipo | Marcas - Favorite News\",\"isPartOf\":{\"@id\":\"https:\\\/\\\/favorite-news.com\\\/es\\\/#website\"},\"primaryImageOfPage\":{\"@id\":\"https:\\\/\\\/favorite-news.com\\\/es\\\/volkswagen-se-reinicia-estrena-imagen-de-marca-y-logotipo-marcas\\\/#primaryimage\"},\"image\":{\"@id\":\"https:\\\/\\\/favorite-news.com\\\/es\\\/volkswagen-se-reinicia-estrena-imagen-de-marca-y-logotipo-marcas\\\/#primaryimage\"},\"thumbnailUrl\":\"https:\\\/\\\/favorite-news.com\\\/es\\\/wp-content\\\/uploads\\\/sites\\\/4\\\/2019\\\/08\\\/Volkswagen-se-reinicia-estrena-imagen-de-marca-y-logotipo.jpg\",\"datePublished\":\"2019-08-28T07:14:00+00:00\",\"dateModified\":\"2019-08-28T07:14:01+00:00\",\"author\":{\"@id\":\"https:\\\/\\\/favorite-news.com\\\/es\\\/#\\\/schema\\\/person\\\/b91573b717dcfa5e4696032a9d28d3e8\"},\"breadcrumb\":{\"@id\":\"https:\\\/\\\/favorite-news.com\\\/es\\\/volkswagen-se-reinicia-estrena-imagen-de-marca-y-logotipo-marcas\\\/#breadcrumb\"},\"inLanguage\":\"es\",\"potentialAction\":[{\"@type\":\"ReadAction\",\"target\":[\"https:\\\/\\\/favorite-news.com\\\/es\\\/volkswagen-se-reinicia-estrena-imagen-de-marca-y-logotipo-marcas\\\/\"]}]},{\"@type\":\"ImageObject\",\"inLanguage\":\"es\",\"@id\":\"https:\\\/\\\/favorite-news.com\\\/es\\\/volkswagen-se-reinicia-estrena-imagen-de-marca-y-logotipo-marcas\\\/#primaryimage\",\"url\":\"https:\\\/\\\/favorite-news.com\\\/es\\\/wp-content\\\/uploads\\\/sites\\\/4\\\/2019\\\/08\\\/Volkswagen-se-reinicia-estrena-imagen-de-marca-y-logotipo.jpg\",\"contentUrl\":\"https:\\\/\\\/favorite-news.com\\\/es\\\/wp-content\\\/uploads\\\/sites\\\/4\\\/2019\\\/08\\\/Volkswagen-se-reinicia-estrena-imagen-de-marca-y-logotipo.jpg\",\"width\":530,\"height\":303,\"caption\":\"Volkswagen se reinicia: estrena imagen de marca y logotipo | Marcas\"},{\"@type\":\"BreadcrumbList\",\"@id\":\"https:\\\/\\\/favorite-news.com\\\/es\\\/volkswagen-se-reinicia-estrena-imagen-de-marca-y-logotipo-marcas\\\/#breadcrumb\",\"itemListElement\":[{\"@type\":\"ListItem\",\"position\":1,\"name\":\"Home\",\"item\":\"https:\\\/\\\/favorite-news.com\\\/es\\\/\"},{\"@type\":\"ListItem\",\"position\":2,\"name\":\"Volkswagen se reinicia: estrena imagen de marca y logotipo | Marcas\"}]},{\"@type\":\"WebSite\",\"@id\":\"https:\\\/\\\/favorite-news.com\\\/es\\\/#website\",\"url\":\"https:\\\/\\\/favorite-news.com\\\/es\\\/\",\"name\":\"Favorite News\",\"description\":\"Favorite News Espa\u00f1a\",\"potentialAction\":[{\"@type\":\"SearchAction\",\"target\":{\"@type\":\"EntryPoint\",\"urlTemplate\":\"https:\\\/\\\/favorite-news.com\\\/es\\\/?s={search_term_string}\"},\"query-input\":{\"@type\":\"PropertyValueSpecification\",\"valueRequired\":true,\"valueName\":\"search_term_string\"}}],\"inLanguage\":\"es\"},{\"@type\":\"Person\",\"@id\":\"https:\\\/\\\/favorite-news.com\\\/es\\\/#\\\/schema\\\/person\\\/b91573b717dcfa5e4696032a9d28d3e8\",\"name\":\"favorite-news\",\"image\":{\"@type\":\"ImageObject\",\"inLanguage\":\"es\",\"@id\":\"https:\\\/\\\/secure.gravatar.com\\\/avatar\\\/6c5a5cb12b74e9d517ee91cf570335b7d16177f1977cc91db161adfa435945a7?s=96&d=mm&r=g\",\"url\":\"https:\\\/\\\/secure.gravatar.com\\\/avatar\\\/6c5a5cb12b74e9d517ee91cf570335b7d16177f1977cc91db161adfa435945a7?s=96&d=mm&r=g\",\"contentUrl\":\"https:\\\/\\\/secure.gravatar.com\\\/avatar\\\/6c5a5cb12b74e9d517ee91cf570335b7d16177f1977cc91db161adfa435945a7?s=96&d=mm&r=g\",\"caption\":\"favorite-news\"},\"url\":\"https:\\\/\\\/favorite-news.com\\\/es\\\/author\\\/pt\\\/\"}]}<\/script>\n<!-- \/ Yoast SEO plugin. -->","yoast_head_json":{"title":"Volkswagen se reinicia: estrena imagen de marca y logotipo | Marcas - Favorite News","robots":{"index":"index","follow":"follow","max-snippet":"max-snippet:-1","max-image-preview":"max-image-preview:large","max-video-preview":"max-video-preview:-1"},"canonical":"https:\/\/favorite-news.com\/es\/volkswagen-se-reinicia-estrena-imagen-de-marca-y-logotipo-marcas\/","og_locale":"es_ES","og_type":"article","og_title":"Volkswagen se reinicia: estrena imagen de marca y logotipo | Marcas - Favorite News","og_description":"[ad_1] el dise\u00f1o de la nueva marca no fue desarrollado por una agencia externa, sino por el propio anunciante Adem\u00e1s de la nueva imagen, el protagonista del Sal\u00f3n Internacional del Autom\u00f3vil de Frankfurt para Volkswagen ser\u00e1 el ID.3, que seg\u00fan el fabricante marcar\u00e1 el inicio de una nueva era para Volkswagen: el\u00e9ctrico, totalmente conectado y [&hellip;]","og_url":"https:\/\/favorite-news.com\/es\/volkswagen-se-reinicia-estrena-imagen-de-marca-y-logotipo-marcas\/","og_site_name":"Favorite News","article_published_time":"2019-08-28T07:14:00+00:00","article_modified_time":"2019-08-28T07:14:01+00:00","og_image":[{"width":530,"height":303,"url":"https:\/\/favorite-news.com\/es\/wp-content\/uploads\/sites\/4\/2019\/08\/Volkswagen-se-reinicia-estrena-imagen-de-marca-y-logotipo.jpg","type":"image\/jpeg"}],"author":"favorite-news","twitter_card":"summary_large_image","twitter_misc":{"Escrito por":"favorite-news","Tiempo de lectura":"3 minutos"},"schema":{"@context":"https:\/\/schema.org","@graph":[{"@type":"Article","@id":"https:\/\/favorite-news.com\/es\/volkswagen-se-reinicia-estrena-imagen-de-marca-y-logotipo-marcas\/#article","isPartOf":{"@id":"https:\/\/favorite-news.com\/es\/volkswagen-se-reinicia-estrena-imagen-de-marca-y-logotipo-marcas\/"},"author":{"name":"favorite-news","@id":"https:\/\/favorite-news.com\/es\/#\/schema\/person\/b91573b717dcfa5e4696032a9d28d3e8"},"headline":"Volkswagen se reinicia: estrena imagen de marca y logotipo | Marcas","datePublished":"2019-08-28T07:14:00+00:00","dateModified":"2019-08-28T07:14:01+00:00","mainEntityOfPage":{"@id":"https:\/\/favorite-news.com\/es\/volkswagen-se-reinicia-estrena-imagen-de-marca-y-logotipo-marcas\/"},"wordCount":567,"commentCount":0,"image":{"@id":"https:\/\/favorite-news.com\/es\/volkswagen-se-reinicia-estrena-imagen-de-marca-y-logotipo-marcas\/#primaryimage"},"thumbnailUrl":"https:\/\/favorite-news.com\/es\/wp-content\/uploads\/sites\/4\/2019\/08\/Volkswagen-se-reinicia-estrena-imagen-de-marca-y-logotipo.jpg","articleSection":["NOTICIAS DE INTERNET MARKETING"],"inLanguage":"es","potentialAction":[{"@type":"CommentAction","name":"Comment","target":["https:\/\/favorite-news.com\/es\/volkswagen-se-reinicia-estrena-imagen-de-marca-y-logotipo-marcas\/#respond"]}]},{"@type":"WebPage","@id":"https:\/\/favorite-news.com\/es\/volkswagen-se-reinicia-estrena-imagen-de-marca-y-logotipo-marcas\/","url":"https:\/\/favorite-news.com\/es\/volkswagen-se-reinicia-estrena-imagen-de-marca-y-logotipo-marcas\/","name":"Volkswagen se reinicia: estrena imagen de marca y logotipo | Marcas - Favorite News","isPartOf":{"@id":"https:\/\/favorite-news.com\/es\/#website"},"primaryImageOfPage":{"@id":"https:\/\/favorite-news.com\/es\/volkswagen-se-reinicia-estrena-imagen-de-marca-y-logotipo-marcas\/#primaryimage"},"image":{"@id":"https:\/\/favorite-news.com\/es\/volkswagen-se-reinicia-estrena-imagen-de-marca-y-logotipo-marcas\/#primaryimage"},"thumbnailUrl":"https:\/\/favorite-news.com\/es\/wp-content\/uploads\/sites\/4\/2019\/08\/Volkswagen-se-reinicia-estrena-imagen-de-marca-y-logotipo.jpg","datePublished":"2019-08-28T07:14:00+00:00","dateModified":"2019-08-28T07:14:01+00:00","author":{"@id":"https:\/\/favorite-news.com\/es\/#\/schema\/person\/b91573b717dcfa5e4696032a9d28d3e8"},"breadcrumb":{"@id":"https:\/\/favorite-news.com\/es\/volkswagen-se-reinicia-estrena-imagen-de-marca-y-logotipo-marcas\/#breadcrumb"},"inLanguage":"es","potentialAction":[{"@type":"ReadAction","target":["https:\/\/favorite-news.com\/es\/volkswagen-se-reinicia-estrena-imagen-de-marca-y-logotipo-marcas\/"]}]},{"@type":"ImageObject","inLanguage":"es","@id":"https:\/\/favorite-news.com\/es\/volkswagen-se-reinicia-estrena-imagen-de-marca-y-logotipo-marcas\/#primaryimage","url":"https:\/\/favorite-news.com\/es\/wp-content\/uploads\/sites\/4\/2019\/08\/Volkswagen-se-reinicia-estrena-imagen-de-marca-y-logotipo.jpg","contentUrl":"https:\/\/favorite-news.com\/es\/wp-content\/uploads\/sites\/4\/2019\/08\/Volkswagen-se-reinicia-estrena-imagen-de-marca-y-logotipo.jpg","width":530,"height":303,"caption":"Volkswagen se reinicia: estrena imagen de marca y logotipo | Marcas"},{"@type":"BreadcrumbList","@id":"https:\/\/favorite-news.com\/es\/volkswagen-se-reinicia-estrena-imagen-de-marca-y-logotipo-marcas\/#breadcrumb","itemListElement":[{"@type":"ListItem","position":1,"name":"Home","item":"https:\/\/favorite-news.com\/es\/"},{"@type":"ListItem","position":2,"name":"Volkswagen se reinicia: estrena imagen de marca y logotipo | Marcas"}]},{"@type":"WebSite","@id":"https:\/\/favorite-news.com\/es\/#website","url":"https:\/\/favorite-news.com\/es\/","name":"Favorite News","description":"Favorite News Espa\u00f1a","potentialAction":[{"@type":"SearchAction","target":{"@type":"EntryPoint","urlTemplate":"https:\/\/favorite-news.com\/es\/?s={search_term_string}"},"query-input":{"@type":"PropertyValueSpecification","valueRequired":true,"valueName":"search_term_string"}}],"inLanguage":"es"},{"@type":"Person","@id":"https:\/\/favorite-news.com\/es\/#\/schema\/person\/b91573b717dcfa5e4696032a9d28d3e8","name":"favorite-news","image":{"@type":"ImageObject","inLanguage":"es","@id":"https:\/\/secure.gravatar.com\/avatar\/6c5a5cb12b74e9d517ee91cf570335b7d16177f1977cc91db161adfa435945a7?s=96&d=mm&r=g","url":"https:\/\/secure.gravatar.com\/avatar\/6c5a5cb12b74e9d517ee91cf570335b7d16177f1977cc91db161adfa435945a7?s=96&d=mm&r=g","contentUrl":"https:\/\/secure.gravatar.com\/avatar\/6c5a5cb12b74e9d517ee91cf570335b7d16177f1977cc91db161adfa435945a7?s=96&d=mm&r=g","caption":"favorite-news"},"url":"https:\/\/favorite-news.com\/es\/author\/pt\/"}]}},"_links":{"self":[{"href":"https:\/\/favorite-news.com\/es\/wp-json\/wp\/v2\/posts\/3821","targetHints":{"allow":["GET"]}}],"collection":[{"href":"https:\/\/favorite-news.com\/es\/wp-json\/wp\/v2\/posts"}],"about":[{"href":"https:\/\/favorite-news.com\/es\/wp-json\/wp\/v2\/types\/post"}],"author":[{"embeddable":true,"href":"https:\/\/favorite-news.com\/es\/wp-json\/wp\/v2\/users\/2"}],"replies":[{"embeddable":true,"href":"https:\/\/favorite-news.com\/es\/wp-json\/wp\/v2\/comments?post=3821"}],"version-history":[{"count":1,"href":"https:\/\/favorite-news.com\/es\/wp-json\/wp\/v2\/posts\/3821\/revisions"}],"predecessor-version":[{"id":3823,"href":"https:\/\/favorite-news.com\/es\/wp-json\/wp\/v2\/posts\/3821\/revisions\/3823"}],"wp:featuredmedia":[{"embeddable":true,"href":"https:\/\/favorite-news.com\/es\/wp-json\/wp\/v2\/media\/3822"}],"wp:attachment":[{"href":"https:\/\/favorite-news.com\/es\/wp-json\/wp\/v2\/media?parent=3821"}],"wp:term":[{"taxonomy":"category","embeddable":true,"href":"https:\/\/favorite-news.com\/es\/wp-json\/wp\/v2\/categories?post=3821"},{"taxonomy":"post_tag","embeddable":true,"href":"https:\/\/favorite-news.com\/es\/wp-json\/wp\/v2\/tags?post=3821"}],"curies":[{"name":"wp","href":"https:\/\/api.w.org\/{rel}","templated":true}]}}