{"id":3818,"date":"2019-08-27T20:26:42","date_gmt":"2019-08-27T17:26:42","guid":{"rendered":"https:\/\/favorite-news.com\/es\/cuando-laliga-se-une-a-la-vuelta-asi-lo-ve-betfair-marcas\/"},"modified":"2019-08-27T20:26:43","modified_gmt":"2019-08-27T17:26:43","slug":"cuando-laliga-se-une-a-la-vuelta-asi-lo-ve-betfair-marcas","status":"publish","type":"post","link":"https:\/\/favorite-news.com\/es\/cuando-laliga-se-une-a-la-vuelta-asi-lo-ve-betfair-marcas\/","title":{"rendered":"Cuando LaLiga se une a La Vuelta: as\u00ed lo ve Betfair | Marcas"},"content":{"rendered":"<p> [ad_1]<br \/>\n<\/p>\n<div id=\"bodyDetail\">\n<figure class=\"center\">\n<div class=\"imagen\"><\/div><figcaption>As\u00ed ser\u00eda la equipaci\u00f3n ciclista del Atl\u00e9tico de Madrid <\/figcaption><\/figure>\n<p>Las nuevas\u00a0 indumentarias est\u00e1n dise\u00f1adas al completo: maillot, culotte y casco. Todas portan un escudo adaptado y un divertido \u2018patrocinador\u2019 que identifica cada equipo con el apodo de cada una de sus aficiones. \u201cEl regate en bicicleta\u201d es el nombre de esta iniciativa que tiene como eslogan \u201cCuando LaLiga se une a La Vuelta\u201d y que permite, adem\u00e1s, descubrir llamativas coincidencias.<\/p>\n<p>Por ejemplo, que el maillot de Osasuna tiene un gran parecido con el que porta el l\u00edder de La Vuelta, que el del Levante es muy similar al del Bahrain-Merida, y que el del Villarreal bien podr\u00eda pasar por el maillot amarillo del Tour.<\/p>\n<figure class=\"center\">\n<div class=\"imagen\"><img decoding=\"async\" src=\"https:\/\/favorite-news.com\/es\/wp-content\/uploads\/sites\/4\/2019\/08\/1566926802_691_Cuando-LaLiga-se-une-a-La-Vuelta-asi-lo-ve.jpg\"\/><\/div>\n<\/figure>\n<figure class=\"center\">\n<div class=\"imagen\"><img decoding=\"async\" src=\"https:\/\/favorite-news.com\/es\/wp-content\/uploads\/sites\/4\/2019\/08\/1566926802_910_Cuando-LaLiga-se-une-a-La-Vuelta-asi-lo-ve.jpg\"\/><\/div>\n<\/figure>\n<\/div>\n<p>[ad_2]<br \/>\n<br \/><a href=\"http:\/\/www.marketingnews.es\/marcas\/noticia\/1134164054305\/laliga-se-une-vuelta-asi-ve-betfair.1.html\">Source link <\/a><\/p>\n","protected":false},"excerpt":{"rendered":"<p>[ad_1] As\u00ed ser\u00eda la equipaci\u00f3n ciclista del Atl\u00e9tico de Madrid Las nuevas\u00a0 indumentarias est\u00e1n dise\u00f1adas al completo: maillot, culotte y casco. Todas portan un escudo adaptado y un divertido \u2018patrocinador\u2019 que identifica cada equipo con el apodo de cada una de sus aficiones. \u201cEl regate en bicicleta\u201d es el nombre de esta iniciativa que tiene [&hellip;]<\/p>\n","protected":false},"author":2,"featured_media":3819,"comment_status":"open","ping_status":"open","sticky":false,"template":"","format":"standard","meta":{"footnotes":""},"categories":[2],"tags":[],"class_list":["post-3818","post","type-post","status-publish","format-standard","has-post-thumbnail","hentry","category-noticias-de-internet-marketing"],"yoast_head":"<!-- This site is optimized with the Yoast SEO plugin v27.4 - https:\/\/yoast.com\/product\/yoast-seo-wordpress\/ -->\n<title>Cuando LaLiga se une a La Vuelta: as\u00ed lo ve Betfair | Marcas - Favorite News<\/title>\n<meta name=\"robots\" content=\"index, follow, max-snippet:-1, max-image-preview:large, max-video-preview:-1\" \/>\n<link rel=\"canonical\" href=\"https:\/\/favorite-news.com\/es\/cuando-laliga-se-une-a-la-vuelta-asi-lo-ve-betfair-marcas\/\" \/>\n<meta property=\"og:locale\" content=\"es_ES\" \/>\n<meta property=\"og:type\" content=\"article\" \/>\n<meta property=\"og:title\" content=\"Cuando LaLiga se une a La Vuelta: as\u00ed lo ve Betfair | Marcas - Favorite News\" \/>\n<meta property=\"og:description\" content=\"[ad_1] As\u00ed ser\u00eda la equipaci\u00f3n ciclista del Atl\u00e9tico de Madrid Las nuevas\u00a0 indumentarias est\u00e1n dise\u00f1adas al completo: maillot, culotte y casco. Todas portan un escudo adaptado y un divertido \u2018patrocinador\u2019 que identifica cada equipo con el apodo de cada una de sus aficiones. \u201cEl regate en bicicleta\u201d es el nombre de esta iniciativa que tiene [&hellip;]\" \/>\n<meta property=\"og:url\" content=\"https:\/\/favorite-news.com\/es\/cuando-laliga-se-une-a-la-vuelta-asi-lo-ve-betfair-marcas\/\" \/>\n<meta property=\"og:site_name\" content=\"Favorite News\" \/>\n<meta property=\"article:published_time\" content=\"2019-08-27T17:26:42+00:00\" \/>\n<meta property=\"article:modified_time\" content=\"2019-08-27T17:26:43+00:00\" \/>\n<meta property=\"og:image\" content=\"https:\/\/favorite-news.com\/es\/wp-content\/uploads\/sites\/4\/2019\/08\/Cuando-LaLiga-se-une-a-La-Vuelta-as\u00ed-lo-ve.jpg\" \/>\n\t<meta property=\"og:image:width\" content=\"530\" \/>\n\t<meta property=\"og:image:height\" content=\"300\" \/>\n\t<meta property=\"og:image:type\" content=\"image\/jpeg\" \/>\n<meta name=\"author\" content=\"favorite-news\" \/>\n<meta name=\"twitter:card\" content=\"summary_large_image\" \/>\n<meta name=\"twitter:label1\" content=\"Escrito por\" \/>\n\t<meta name=\"twitter:data1\" content=\"favorite-news\" \/>\n\t<meta name=\"twitter:label2\" content=\"Tiempo de lectura\" \/>\n\t<meta name=\"twitter:data2\" content=\"1 minuto\" \/>\n<script type=\"application\/ld+json\" class=\"yoast-schema-graph\">{\"@context\":\"https:\\\/\\\/schema.org\",\"@graph\":[{\"@type\":\"Article\",\"@id\":\"https:\\\/\\\/favorite-news.com\\\/es\\\/cuando-laliga-se-une-a-la-vuelta-asi-lo-ve-betfair-marcas\\\/#article\",\"isPartOf\":{\"@id\":\"https:\\\/\\\/favorite-news.com\\\/es\\\/cuando-laliga-se-une-a-la-vuelta-asi-lo-ve-betfair-marcas\\\/\"},\"author\":{\"name\":\"favorite-news\",\"@id\":\"https:\\\/\\\/favorite-news.com\\\/es\\\/#\\\/schema\\\/person\\\/b91573b717dcfa5e4696032a9d28d3e8\"},\"headline\":\"Cuando LaLiga se une a La Vuelta: as\u00ed lo ve Betfair | Marcas\",\"datePublished\":\"2019-08-27T17:26:42+00:00\",\"dateModified\":\"2019-08-27T17:26:43+00:00\",\"mainEntityOfPage\":{\"@id\":\"https:\\\/\\\/favorite-news.com\\\/es\\\/cuando-laliga-se-une-a-la-vuelta-asi-lo-ve-betfair-marcas\\\/\"},\"wordCount\":138,\"commentCount\":0,\"image\":{\"@id\":\"https:\\\/\\\/favorite-news.com\\\/es\\\/cuando-laliga-se-une-a-la-vuelta-asi-lo-ve-betfair-marcas\\\/#primaryimage\"},\"thumbnailUrl\":\"https:\\\/\\\/favorite-news.com\\\/es\\\/wp-content\\\/uploads\\\/sites\\\/4\\\/2019\\\/08\\\/Cuando-LaLiga-se-une-a-La-Vuelta-as\u00ed-lo-ve.jpg\",\"articleSection\":[\"NOTICIAS DE INTERNET MARKETING\"],\"inLanguage\":\"es\",\"potentialAction\":[{\"@type\":\"CommentAction\",\"name\":\"Comment\",\"target\":[\"https:\\\/\\\/favorite-news.com\\\/es\\\/cuando-laliga-se-une-a-la-vuelta-asi-lo-ve-betfair-marcas\\\/#respond\"]}]},{\"@type\":\"WebPage\",\"@id\":\"https:\\\/\\\/favorite-news.com\\\/es\\\/cuando-laliga-se-une-a-la-vuelta-asi-lo-ve-betfair-marcas\\\/\",\"url\":\"https:\\\/\\\/favorite-news.com\\\/es\\\/cuando-laliga-se-une-a-la-vuelta-asi-lo-ve-betfair-marcas\\\/\",\"name\":\"Cuando LaLiga se une a La Vuelta: as\u00ed lo ve Betfair | Marcas - Favorite News\",\"isPartOf\":{\"@id\":\"https:\\\/\\\/favorite-news.com\\\/es\\\/#website\"},\"primaryImageOfPage\":{\"@id\":\"https:\\\/\\\/favorite-news.com\\\/es\\\/cuando-laliga-se-une-a-la-vuelta-asi-lo-ve-betfair-marcas\\\/#primaryimage\"},\"image\":{\"@id\":\"https:\\\/\\\/favorite-news.com\\\/es\\\/cuando-laliga-se-une-a-la-vuelta-asi-lo-ve-betfair-marcas\\\/#primaryimage\"},\"thumbnailUrl\":\"https:\\\/\\\/favorite-news.com\\\/es\\\/wp-content\\\/uploads\\\/sites\\\/4\\\/2019\\\/08\\\/Cuando-LaLiga-se-une-a-La-Vuelta-as\u00ed-lo-ve.jpg\",\"datePublished\":\"2019-08-27T17:26:42+00:00\",\"dateModified\":\"2019-08-27T17:26:43+00:00\",\"author\":{\"@id\":\"https:\\\/\\\/favorite-news.com\\\/es\\\/#\\\/schema\\\/person\\\/b91573b717dcfa5e4696032a9d28d3e8\"},\"breadcrumb\":{\"@id\":\"https:\\\/\\\/favorite-news.com\\\/es\\\/cuando-laliga-se-une-a-la-vuelta-asi-lo-ve-betfair-marcas\\\/#breadcrumb\"},\"inLanguage\":\"es\",\"potentialAction\":[{\"@type\":\"ReadAction\",\"target\":[\"https:\\\/\\\/favorite-news.com\\\/es\\\/cuando-laliga-se-une-a-la-vuelta-asi-lo-ve-betfair-marcas\\\/\"]}]},{\"@type\":\"ImageObject\",\"inLanguage\":\"es\",\"@id\":\"https:\\\/\\\/favorite-news.com\\\/es\\\/cuando-laliga-se-une-a-la-vuelta-asi-lo-ve-betfair-marcas\\\/#primaryimage\",\"url\":\"https:\\\/\\\/favorite-news.com\\\/es\\\/wp-content\\\/uploads\\\/sites\\\/4\\\/2019\\\/08\\\/Cuando-LaLiga-se-une-a-La-Vuelta-as\u00ed-lo-ve.jpg\",\"contentUrl\":\"https:\\\/\\\/favorite-news.com\\\/es\\\/wp-content\\\/uploads\\\/sites\\\/4\\\/2019\\\/08\\\/Cuando-LaLiga-se-une-a-La-Vuelta-as\u00ed-lo-ve.jpg\",\"width\":530,\"height\":300,\"caption\":\"Cuando LaLiga se une a La Vuelta: as\u00ed lo ve Betfair | Marcas\"},{\"@type\":\"BreadcrumbList\",\"@id\":\"https:\\\/\\\/favorite-news.com\\\/es\\\/cuando-laliga-se-une-a-la-vuelta-asi-lo-ve-betfair-marcas\\\/#breadcrumb\",\"itemListElement\":[{\"@type\":\"ListItem\",\"position\":1,\"name\":\"Home\",\"item\":\"https:\\\/\\\/favorite-news.com\\\/es\\\/\"},{\"@type\":\"ListItem\",\"position\":2,\"name\":\"Cuando LaLiga se une a La Vuelta: as\u00ed lo ve Betfair | Marcas\"}]},{\"@type\":\"WebSite\",\"@id\":\"https:\\\/\\\/favorite-news.com\\\/es\\\/#website\",\"url\":\"https:\\\/\\\/favorite-news.com\\\/es\\\/\",\"name\":\"Favorite News\",\"description\":\"Favorite News Espa\u00f1a\",\"potentialAction\":[{\"@type\":\"SearchAction\",\"target\":{\"@type\":\"EntryPoint\",\"urlTemplate\":\"https:\\\/\\\/favorite-news.com\\\/es\\\/?s={search_term_string}\"},\"query-input\":{\"@type\":\"PropertyValueSpecification\",\"valueRequired\":true,\"valueName\":\"search_term_string\"}}],\"inLanguage\":\"es\"},{\"@type\":\"Person\",\"@id\":\"https:\\\/\\\/favorite-news.com\\\/es\\\/#\\\/schema\\\/person\\\/b91573b717dcfa5e4696032a9d28d3e8\",\"name\":\"favorite-news\",\"image\":{\"@type\":\"ImageObject\",\"inLanguage\":\"es\",\"@id\":\"https:\\\/\\\/secure.gravatar.com\\\/avatar\\\/6c5a5cb12b74e9d517ee91cf570335b7d16177f1977cc91db161adfa435945a7?s=96&d=mm&r=g\",\"url\":\"https:\\\/\\\/secure.gravatar.com\\\/avatar\\\/6c5a5cb12b74e9d517ee91cf570335b7d16177f1977cc91db161adfa435945a7?s=96&d=mm&r=g\",\"contentUrl\":\"https:\\\/\\\/secure.gravatar.com\\\/avatar\\\/6c5a5cb12b74e9d517ee91cf570335b7d16177f1977cc91db161adfa435945a7?s=96&d=mm&r=g\",\"caption\":\"favorite-news\"},\"url\":\"https:\\\/\\\/favorite-news.com\\\/es\\\/author\\\/pt\\\/\"}]}<\/script>\n<!-- \/ Yoast SEO plugin. -->","yoast_head_json":{"title":"Cuando LaLiga se une a La Vuelta: as\u00ed lo ve Betfair | Marcas - Favorite News","robots":{"index":"index","follow":"follow","max-snippet":"max-snippet:-1","max-image-preview":"max-image-preview:large","max-video-preview":"max-video-preview:-1"},"canonical":"https:\/\/favorite-news.com\/es\/cuando-laliga-se-une-a-la-vuelta-asi-lo-ve-betfair-marcas\/","og_locale":"es_ES","og_type":"article","og_title":"Cuando LaLiga se une a La Vuelta: as\u00ed lo ve Betfair | Marcas - Favorite News","og_description":"[ad_1] As\u00ed ser\u00eda la equipaci\u00f3n ciclista del Atl\u00e9tico de Madrid Las nuevas\u00a0 indumentarias est\u00e1n dise\u00f1adas al completo: maillot, culotte y casco. Todas portan un escudo adaptado y un divertido \u2018patrocinador\u2019 que identifica cada equipo con el apodo de cada una de sus aficiones. \u201cEl regate en bicicleta\u201d es el nombre de esta iniciativa que tiene [&hellip;]","og_url":"https:\/\/favorite-news.com\/es\/cuando-laliga-se-une-a-la-vuelta-asi-lo-ve-betfair-marcas\/","og_site_name":"Favorite News","article_published_time":"2019-08-27T17:26:42+00:00","article_modified_time":"2019-08-27T17:26:43+00:00","og_image":[{"width":530,"height":300,"url":"https:\/\/favorite-news.com\/es\/wp-content\/uploads\/sites\/4\/2019\/08\/Cuando-LaLiga-se-une-a-La-Vuelta-as\u00ed-lo-ve.jpg","type":"image\/jpeg"}],"author":"favorite-news","twitter_card":"summary_large_image","twitter_misc":{"Escrito por":"favorite-news","Tiempo de lectura":"1 minuto"},"schema":{"@context":"https:\/\/schema.org","@graph":[{"@type":"Article","@id":"https:\/\/favorite-news.com\/es\/cuando-laliga-se-une-a-la-vuelta-asi-lo-ve-betfair-marcas\/#article","isPartOf":{"@id":"https:\/\/favorite-news.com\/es\/cuando-laliga-se-une-a-la-vuelta-asi-lo-ve-betfair-marcas\/"},"author":{"name":"favorite-news","@id":"https:\/\/favorite-news.com\/es\/#\/schema\/person\/b91573b717dcfa5e4696032a9d28d3e8"},"headline":"Cuando LaLiga se une a La Vuelta: as\u00ed lo ve Betfair | Marcas","datePublished":"2019-08-27T17:26:42+00:00","dateModified":"2019-08-27T17:26:43+00:00","mainEntityOfPage":{"@id":"https:\/\/favorite-news.com\/es\/cuando-laliga-se-une-a-la-vuelta-asi-lo-ve-betfair-marcas\/"},"wordCount":138,"commentCount":0,"image":{"@id":"https:\/\/favorite-news.com\/es\/cuando-laliga-se-une-a-la-vuelta-asi-lo-ve-betfair-marcas\/#primaryimage"},"thumbnailUrl":"https:\/\/favorite-news.com\/es\/wp-content\/uploads\/sites\/4\/2019\/08\/Cuando-LaLiga-se-une-a-La-Vuelta-as\u00ed-lo-ve.jpg","articleSection":["NOTICIAS DE INTERNET MARKETING"],"inLanguage":"es","potentialAction":[{"@type":"CommentAction","name":"Comment","target":["https:\/\/favorite-news.com\/es\/cuando-laliga-se-une-a-la-vuelta-asi-lo-ve-betfair-marcas\/#respond"]}]},{"@type":"WebPage","@id":"https:\/\/favorite-news.com\/es\/cuando-laliga-se-une-a-la-vuelta-asi-lo-ve-betfair-marcas\/","url":"https:\/\/favorite-news.com\/es\/cuando-laliga-se-une-a-la-vuelta-asi-lo-ve-betfair-marcas\/","name":"Cuando LaLiga se une a La Vuelta: as\u00ed lo ve Betfair | Marcas - Favorite News","isPartOf":{"@id":"https:\/\/favorite-news.com\/es\/#website"},"primaryImageOfPage":{"@id":"https:\/\/favorite-news.com\/es\/cuando-laliga-se-une-a-la-vuelta-asi-lo-ve-betfair-marcas\/#primaryimage"},"image":{"@id":"https:\/\/favorite-news.com\/es\/cuando-laliga-se-une-a-la-vuelta-asi-lo-ve-betfair-marcas\/#primaryimage"},"thumbnailUrl":"https:\/\/favorite-news.com\/es\/wp-content\/uploads\/sites\/4\/2019\/08\/Cuando-LaLiga-se-une-a-La-Vuelta-as\u00ed-lo-ve.jpg","datePublished":"2019-08-27T17:26:42+00:00","dateModified":"2019-08-27T17:26:43+00:00","author":{"@id":"https:\/\/favorite-news.com\/es\/#\/schema\/person\/b91573b717dcfa5e4696032a9d28d3e8"},"breadcrumb":{"@id":"https:\/\/favorite-news.com\/es\/cuando-laliga-se-une-a-la-vuelta-asi-lo-ve-betfair-marcas\/#breadcrumb"},"inLanguage":"es","potentialAction":[{"@type":"ReadAction","target":["https:\/\/favorite-news.com\/es\/cuando-laliga-se-une-a-la-vuelta-asi-lo-ve-betfair-marcas\/"]}]},{"@type":"ImageObject","inLanguage":"es","@id":"https:\/\/favorite-news.com\/es\/cuando-laliga-se-une-a-la-vuelta-asi-lo-ve-betfair-marcas\/#primaryimage","url":"https:\/\/favorite-news.com\/es\/wp-content\/uploads\/sites\/4\/2019\/08\/Cuando-LaLiga-se-une-a-La-Vuelta-as\u00ed-lo-ve.jpg","contentUrl":"https:\/\/favorite-news.com\/es\/wp-content\/uploads\/sites\/4\/2019\/08\/Cuando-LaLiga-se-une-a-La-Vuelta-as\u00ed-lo-ve.jpg","width":530,"height":300,"caption":"Cuando LaLiga se une a La Vuelta: as\u00ed lo ve Betfair | Marcas"},{"@type":"BreadcrumbList","@id":"https:\/\/favorite-news.com\/es\/cuando-laliga-se-une-a-la-vuelta-asi-lo-ve-betfair-marcas\/#breadcrumb","itemListElement":[{"@type":"ListItem","position":1,"name":"Home","item":"https:\/\/favorite-news.com\/es\/"},{"@type":"ListItem","position":2,"name":"Cuando LaLiga se une a La Vuelta: as\u00ed lo ve Betfair | Marcas"}]},{"@type":"WebSite","@id":"https:\/\/favorite-news.com\/es\/#website","url":"https:\/\/favorite-news.com\/es\/","name":"Favorite News","description":"Favorite News Espa\u00f1a","potentialAction":[{"@type":"SearchAction","target":{"@type":"EntryPoint","urlTemplate":"https:\/\/favorite-news.com\/es\/?s={search_term_string}"},"query-input":{"@type":"PropertyValueSpecification","valueRequired":true,"valueName":"search_term_string"}}],"inLanguage":"es"},{"@type":"Person","@id":"https:\/\/favorite-news.com\/es\/#\/schema\/person\/b91573b717dcfa5e4696032a9d28d3e8","name":"favorite-news","image":{"@type":"ImageObject","inLanguage":"es","@id":"https:\/\/secure.gravatar.com\/avatar\/6c5a5cb12b74e9d517ee91cf570335b7d16177f1977cc91db161adfa435945a7?s=96&d=mm&r=g","url":"https:\/\/secure.gravatar.com\/avatar\/6c5a5cb12b74e9d517ee91cf570335b7d16177f1977cc91db161adfa435945a7?s=96&d=mm&r=g","contentUrl":"https:\/\/secure.gravatar.com\/avatar\/6c5a5cb12b74e9d517ee91cf570335b7d16177f1977cc91db161adfa435945a7?s=96&d=mm&r=g","caption":"favorite-news"},"url":"https:\/\/favorite-news.com\/es\/author\/pt\/"}]}},"_links":{"self":[{"href":"https:\/\/favorite-news.com\/es\/wp-json\/wp\/v2\/posts\/3818","targetHints":{"allow":["GET"]}}],"collection":[{"href":"https:\/\/favorite-news.com\/es\/wp-json\/wp\/v2\/posts"}],"about":[{"href":"https:\/\/favorite-news.com\/es\/wp-json\/wp\/v2\/types\/post"}],"author":[{"embeddable":true,"href":"https:\/\/favorite-news.com\/es\/wp-json\/wp\/v2\/users\/2"}],"replies":[{"embeddable":true,"href":"https:\/\/favorite-news.com\/es\/wp-json\/wp\/v2\/comments?post=3818"}],"version-history":[{"count":1,"href":"https:\/\/favorite-news.com\/es\/wp-json\/wp\/v2\/posts\/3818\/revisions"}],"predecessor-version":[{"id":3820,"href":"https:\/\/favorite-news.com\/es\/wp-json\/wp\/v2\/posts\/3818\/revisions\/3820"}],"wp:featuredmedia":[{"embeddable":true,"href":"https:\/\/favorite-news.com\/es\/wp-json\/wp\/v2\/media\/3819"}],"wp:attachment":[{"href":"https:\/\/favorite-news.com\/es\/wp-json\/wp\/v2\/media?parent=3818"}],"wp:term":[{"taxonomy":"category","embeddable":true,"href":"https:\/\/favorite-news.com\/es\/wp-json\/wp\/v2\/categories?post=3818"},{"taxonomy":"post_tag","embeddable":true,"href":"https:\/\/favorite-news.com\/es\/wp-json\/wp\/v2\/tags?post=3818"}],"curies":[{"name":"wp","href":"https:\/\/api.w.org\/{rel}","templated":true}]}}