{"id":3815,"date":"2019-08-27T18:47:44","date_gmt":"2019-08-27T15:47:44","guid":{"rendered":"https:\/\/favorite-news.com\/es\/las-experiencias-y-las-emociones-generan-ventas-segun-este-estudio-investigacion\/"},"modified":"2019-08-27T18:47:45","modified_gmt":"2019-08-27T15:47:45","slug":"las-experiencias-y-las-emociones-generan-ventas-segun-este-estudio-investigacion","status":"publish","type":"post","link":"https:\/\/favorite-news.com\/es\/las-experiencias-y-las-emociones-generan-ventas-segun-este-estudio-investigacion\/","title":{"rendered":"Las experiencias y las emociones generan ventas, seg\u00fan este estudio | Investigaci\u00f3n"},"content":{"rendered":"<p> [ad_1]<br \/>\n<\/p>\n<div id=\"bodyDetail\">\n<figure class=\"center\">\n<div class=\"imagen\"><\/div><figcaption>Una fiesta de la marca Ron Barcel\u00f3<\/figcaption><\/figure>\n<p>De enero a junio de 2019, se realizaron un total de 10.097 encuestas a consumidores mayores de 18 a\u00f1os, de 21 pa\u00edses distintos, y que hubiesen comprado recientemente o tuvieran art\u00edculos de una de serie de categor\u00edas verticales: tecnolog\u00eda para uso personal, QSR, viajes, automoci\u00f3n,<\/p>\n<p>servicios financieros, bebida y lujo. El objetivo:\u00a0\u00a0investigar la relaci\u00f3n entre los \u00abHuman Outcomes\u00bb (resultados relacionados con las actitudes de las personas y su percepci\u00f3n de una marca) con los \u00abBusiness Outcomes\u00bb (resultados puramente de negocio).\u00a0<\/p>\n<p>Starcom y Forrester Consulting definieron los \u00abHuman Outcomes\u00bb en t\u00e9rminos generales como interacciones entre el consumidor y la marca, que abarcan desde motivaciones funcionales como el dinero y el tiempo, hasta algunas m\u00e1s espec\u00edficas como \u201cMe hizo sentir confianza frente a la<\/p>\n<p>decisi\u00f3n que tom\u00e9\u201d, \u201cMe hizo sentir m\u00e1s popular\u201d o \u201cMe inspir\u00f3\u201d.<\/p>\n<p>\u201cHace tiempo que nuestro mundo se rige por los datos, pero estamos evolucionando hacia un enfoque que no se centre en los n\u00fameros, sino en las ideas, el aprendizaje, las implicaciones y la comprensi\u00f3n de esos n\u00fameros ya que representan seres humanos con emociones\u201d, afirma Kathy<\/p>\n<p>Kline, CSO de Starcom Worldwide: \u201cCada vez m\u00e1s, con cada interacci\u00f3n, las marcas deben centrarse en el valor que est\u00e1n creando para las personas, no solo con un producto o servicio, sino tambi\u00e9n con las interacciones del marketing y los medios\u00bb.<\/p>\n<p>Rita Gutierrez, CEO de Starcom en Espa\u00f1a, apunta que \u201ceste \u00faltimo estudio, avalado por una de las firmas m\u00e1s rigurosas en investigaci\u00f3n, confirma y actualiza una aproximaci\u00f3n a la comunicaci\u00f3n que otros informes previos y, sobre todo, nuestra propia experiencia, ya hab\u00edan contrastado: nos dirigimos siempre a personas. Entenderles, escucharles y adaptar la comunicaci\u00f3n a ellos, a sus emociones y experiencias, es la v\u00eda para conseguir que las marcas alcancen sus objetivos de negocio\u201d.<\/p>\n<p>Para descargar el informe completo pincha aqu\u00ed.<\/p>\n<figure class=\"center\">\n<div class=\"imagen\"><img decoding=\"async\" src=\"https:\/\/favorite-news.com\/es\/wp-content\/uploads\/sites\/4\/2019\/08\/Las-experiencias-y-las-emociones-generan-ventas-segun-este-estudio.png\"\/><\/div>\n<\/figure>\n<\/div>\n<p>[ad_2]<br \/>\n<br \/><a href=\"http:\/\/www.marketingnews.es\/investigacion\/noticia\/1134166031605\/experiencias-y-emociones-generan-ventas-segun-estudio.1.html\">Source link <\/a><\/p>\n","protected":false},"excerpt":{"rendered":"<p>[ad_1] Una fiesta de la marca Ron Barcel\u00f3 De enero a junio de 2019, se realizaron un total de 10.097 encuestas a consumidores mayores de 18 a\u00f1os, de 21 pa\u00edses distintos, y que hubiesen comprado recientemente o tuvieran art\u00edculos de una de serie de categor\u00edas verticales: tecnolog\u00eda para uso personal, QSR, viajes, automoci\u00f3n, servicios financieros, [&hellip;]<\/p>\n","protected":false},"author":2,"featured_media":3816,"comment_status":"open","ping_status":"open","sticky":false,"template":"","format":"standard","meta":{"footnotes":""},"categories":[2],"tags":[],"class_list":["post-3815","post","type-post","status-publish","format-standard","has-post-thumbnail","hentry","category-noticias-de-internet-marketing"],"yoast_head":"<!-- This site is optimized with the Yoast SEO plugin v27.4 - https:\/\/yoast.com\/product\/yoast-seo-wordpress\/ -->\n<title>Las experiencias y las emociones generan ventas, seg\u00fan este estudio | Investigaci\u00f3n - Favorite News<\/title>\n<meta name=\"robots\" content=\"index, follow, max-snippet:-1, max-image-preview:large, max-video-preview:-1\" \/>\n<link rel=\"canonical\" href=\"https:\/\/favorite-news.com\/es\/las-experiencias-y-las-emociones-generan-ventas-segun-este-estudio-investigacion\/\" \/>\n<meta property=\"og:locale\" content=\"es_ES\" \/>\n<meta property=\"og:type\" content=\"article\" \/>\n<meta property=\"og:title\" content=\"Las experiencias y las emociones generan ventas, seg\u00fan este estudio | Investigaci\u00f3n - Favorite News\" \/>\n<meta property=\"og:description\" content=\"[ad_1] Una fiesta de la marca Ron Barcel\u00f3 De enero a junio de 2019, se realizaron un total de 10.097 encuestas a consumidores mayores de 18 a\u00f1os, de 21 pa\u00edses distintos, y que hubiesen comprado recientemente o tuvieran art\u00edculos de una de serie de categor\u00edas verticales: tecnolog\u00eda para uso personal, QSR, viajes, automoci\u00f3n, servicios financieros, [&hellip;]\" \/>\n<meta property=\"og:url\" content=\"https:\/\/favorite-news.com\/es\/las-experiencias-y-las-emociones-generan-ventas-segun-este-estudio-investigacion\/\" \/>\n<meta property=\"og:site_name\" content=\"Favorite News\" \/>\n<meta property=\"article:published_time\" content=\"2019-08-27T15:47:44+00:00\" \/>\n<meta property=\"article:modified_time\" content=\"2019-08-27T15:47:45+00:00\" \/>\n<meta property=\"og:image\" content=\"https:\/\/favorite-news.com\/es\/wp-content\/uploads\/sites\/4\/2019\/08\/Las-experiencias-y-las-emociones-generan-ventas-seg\u00fan-este-estudio.JPG\" \/>\n\t<meta property=\"og:image:width\" content=\"530\" \/>\n\t<meta property=\"og:image:height\" content=\"300\" \/>\n\t<meta property=\"og:image:type\" content=\"image\/jpeg\" \/>\n<meta name=\"author\" content=\"favorite-news\" \/>\n<meta name=\"twitter:card\" content=\"summary_large_image\" \/>\n<meta name=\"twitter:label1\" content=\"Escrito por\" \/>\n\t<meta name=\"twitter:data1\" content=\"favorite-news\" \/>\n\t<meta name=\"twitter:label2\" content=\"Tiempo de lectura\" \/>\n\t<meta name=\"twitter:data2\" content=\"2 minutos\" \/>\n<script type=\"application\/ld+json\" class=\"yoast-schema-graph\">{\"@context\":\"https:\\\/\\\/schema.org\",\"@graph\":[{\"@type\":\"Article\",\"@id\":\"https:\\\/\\\/favorite-news.com\\\/es\\\/las-experiencias-y-las-emociones-generan-ventas-segun-este-estudio-investigacion\\\/#article\",\"isPartOf\":{\"@id\":\"https:\\\/\\\/favorite-news.com\\\/es\\\/las-experiencias-y-las-emociones-generan-ventas-segun-este-estudio-investigacion\\\/\"},\"author\":{\"name\":\"favorite-news\",\"@id\":\"https:\\\/\\\/favorite-news.com\\\/es\\\/#\\\/schema\\\/person\\\/b91573b717dcfa5e4696032a9d28d3e8\"},\"headline\":\"Las experiencias y las emociones generan ventas, seg\u00fan este estudio | Investigaci\u00f3n\",\"datePublished\":\"2019-08-27T15:47:44+00:00\",\"dateModified\":\"2019-08-27T15:47:45+00:00\",\"mainEntityOfPage\":{\"@id\":\"https:\\\/\\\/favorite-news.com\\\/es\\\/las-experiencias-y-las-emociones-generan-ventas-segun-este-estudio-investigacion\\\/\"},\"wordCount\":350,\"commentCount\":0,\"image\":{\"@id\":\"https:\\\/\\\/favorite-news.com\\\/es\\\/las-experiencias-y-las-emociones-generan-ventas-segun-este-estudio-investigacion\\\/#primaryimage\"},\"thumbnailUrl\":\"https:\\\/\\\/favorite-news.com\\\/es\\\/wp-content\\\/uploads\\\/sites\\\/4\\\/2019\\\/08\\\/Las-experiencias-y-las-emociones-generan-ventas-seg\u00fan-este-estudio.JPG\",\"articleSection\":[\"NOTICIAS DE INTERNET MARKETING\"],\"inLanguage\":\"es\",\"potentialAction\":[{\"@type\":\"CommentAction\",\"name\":\"Comment\",\"target\":[\"https:\\\/\\\/favorite-news.com\\\/es\\\/las-experiencias-y-las-emociones-generan-ventas-segun-este-estudio-investigacion\\\/#respond\"]}]},{\"@type\":\"WebPage\",\"@id\":\"https:\\\/\\\/favorite-news.com\\\/es\\\/las-experiencias-y-las-emociones-generan-ventas-segun-este-estudio-investigacion\\\/\",\"url\":\"https:\\\/\\\/favorite-news.com\\\/es\\\/las-experiencias-y-las-emociones-generan-ventas-segun-este-estudio-investigacion\\\/\",\"name\":\"Las experiencias y las emociones generan ventas, seg\u00fan este estudio | Investigaci\u00f3n - Favorite News\",\"isPartOf\":{\"@id\":\"https:\\\/\\\/favorite-news.com\\\/es\\\/#website\"},\"primaryImageOfPage\":{\"@id\":\"https:\\\/\\\/favorite-news.com\\\/es\\\/las-experiencias-y-las-emociones-generan-ventas-segun-este-estudio-investigacion\\\/#primaryimage\"},\"image\":{\"@id\":\"https:\\\/\\\/favorite-news.com\\\/es\\\/las-experiencias-y-las-emociones-generan-ventas-segun-este-estudio-investigacion\\\/#primaryimage\"},\"thumbnailUrl\":\"https:\\\/\\\/favorite-news.com\\\/es\\\/wp-content\\\/uploads\\\/sites\\\/4\\\/2019\\\/08\\\/Las-experiencias-y-las-emociones-generan-ventas-seg\u00fan-este-estudio.JPG\",\"datePublished\":\"2019-08-27T15:47:44+00:00\",\"dateModified\":\"2019-08-27T15:47:45+00:00\",\"author\":{\"@id\":\"https:\\\/\\\/favorite-news.com\\\/es\\\/#\\\/schema\\\/person\\\/b91573b717dcfa5e4696032a9d28d3e8\"},\"breadcrumb\":{\"@id\":\"https:\\\/\\\/favorite-news.com\\\/es\\\/las-experiencias-y-las-emociones-generan-ventas-segun-este-estudio-investigacion\\\/#breadcrumb\"},\"inLanguage\":\"es\",\"potentialAction\":[{\"@type\":\"ReadAction\",\"target\":[\"https:\\\/\\\/favorite-news.com\\\/es\\\/las-experiencias-y-las-emociones-generan-ventas-segun-este-estudio-investigacion\\\/\"]}]},{\"@type\":\"ImageObject\",\"inLanguage\":\"es\",\"@id\":\"https:\\\/\\\/favorite-news.com\\\/es\\\/las-experiencias-y-las-emociones-generan-ventas-segun-este-estudio-investigacion\\\/#primaryimage\",\"url\":\"https:\\\/\\\/favorite-news.com\\\/es\\\/wp-content\\\/uploads\\\/sites\\\/4\\\/2019\\\/08\\\/Las-experiencias-y-las-emociones-generan-ventas-seg\u00fan-este-estudio.JPG\",\"contentUrl\":\"https:\\\/\\\/favorite-news.com\\\/es\\\/wp-content\\\/uploads\\\/sites\\\/4\\\/2019\\\/08\\\/Las-experiencias-y-las-emociones-generan-ventas-seg\u00fan-este-estudio.JPG\",\"width\":530,\"height\":300,\"caption\":\"barcelo\"},{\"@type\":\"BreadcrumbList\",\"@id\":\"https:\\\/\\\/favorite-news.com\\\/es\\\/las-experiencias-y-las-emociones-generan-ventas-segun-este-estudio-investigacion\\\/#breadcrumb\",\"itemListElement\":[{\"@type\":\"ListItem\",\"position\":1,\"name\":\"Home\",\"item\":\"https:\\\/\\\/favorite-news.com\\\/es\\\/\"},{\"@type\":\"ListItem\",\"position\":2,\"name\":\"Las experiencias y las emociones generan ventas, seg\u00fan este estudio | Investigaci\u00f3n\"}]},{\"@type\":\"WebSite\",\"@id\":\"https:\\\/\\\/favorite-news.com\\\/es\\\/#website\",\"url\":\"https:\\\/\\\/favorite-news.com\\\/es\\\/\",\"name\":\"Favorite News\",\"description\":\"Favorite News Espa\u00f1a\",\"potentialAction\":[{\"@type\":\"SearchAction\",\"target\":{\"@type\":\"EntryPoint\",\"urlTemplate\":\"https:\\\/\\\/favorite-news.com\\\/es\\\/?s={search_term_string}\"},\"query-input\":{\"@type\":\"PropertyValueSpecification\",\"valueRequired\":true,\"valueName\":\"search_term_string\"}}],\"inLanguage\":\"es\"},{\"@type\":\"Person\",\"@id\":\"https:\\\/\\\/favorite-news.com\\\/es\\\/#\\\/schema\\\/person\\\/b91573b717dcfa5e4696032a9d28d3e8\",\"name\":\"favorite-news\",\"image\":{\"@type\":\"ImageObject\",\"inLanguage\":\"es\",\"@id\":\"https:\\\/\\\/secure.gravatar.com\\\/avatar\\\/6c5a5cb12b74e9d517ee91cf570335b7d16177f1977cc91db161adfa435945a7?s=96&d=mm&r=g\",\"url\":\"https:\\\/\\\/secure.gravatar.com\\\/avatar\\\/6c5a5cb12b74e9d517ee91cf570335b7d16177f1977cc91db161adfa435945a7?s=96&d=mm&r=g\",\"contentUrl\":\"https:\\\/\\\/secure.gravatar.com\\\/avatar\\\/6c5a5cb12b74e9d517ee91cf570335b7d16177f1977cc91db161adfa435945a7?s=96&d=mm&r=g\",\"caption\":\"favorite-news\"},\"url\":\"https:\\\/\\\/favorite-news.com\\\/es\\\/author\\\/pt\\\/\"}]}<\/script>\n<!-- \/ Yoast SEO plugin. -->","yoast_head_json":{"title":"Las experiencias y las emociones generan ventas, seg\u00fan este estudio | Investigaci\u00f3n - Favorite News","robots":{"index":"index","follow":"follow","max-snippet":"max-snippet:-1","max-image-preview":"max-image-preview:large","max-video-preview":"max-video-preview:-1"},"canonical":"https:\/\/favorite-news.com\/es\/las-experiencias-y-las-emociones-generan-ventas-segun-este-estudio-investigacion\/","og_locale":"es_ES","og_type":"article","og_title":"Las experiencias y las emociones generan ventas, seg\u00fan este estudio | Investigaci\u00f3n - Favorite News","og_description":"[ad_1] Una fiesta de la marca Ron Barcel\u00f3 De enero a junio de 2019, se realizaron un total de 10.097 encuestas a consumidores mayores de 18 a\u00f1os, de 21 pa\u00edses distintos, y que hubiesen comprado recientemente o tuvieran art\u00edculos de una de serie de categor\u00edas verticales: tecnolog\u00eda para uso personal, QSR, viajes, automoci\u00f3n, servicios financieros, [&hellip;]","og_url":"https:\/\/favorite-news.com\/es\/las-experiencias-y-las-emociones-generan-ventas-segun-este-estudio-investigacion\/","og_site_name":"Favorite News","article_published_time":"2019-08-27T15:47:44+00:00","article_modified_time":"2019-08-27T15:47:45+00:00","og_image":[{"width":530,"height":300,"url":"https:\/\/favorite-news.com\/es\/wp-content\/uploads\/sites\/4\/2019\/08\/Las-experiencias-y-las-emociones-generan-ventas-seg\u00fan-este-estudio.JPG","type":"image\/jpeg"}],"author":"favorite-news","twitter_card":"summary_large_image","twitter_misc":{"Escrito por":"favorite-news","Tiempo de lectura":"2 minutos"},"schema":{"@context":"https:\/\/schema.org","@graph":[{"@type":"Article","@id":"https:\/\/favorite-news.com\/es\/las-experiencias-y-las-emociones-generan-ventas-segun-este-estudio-investigacion\/#article","isPartOf":{"@id":"https:\/\/favorite-news.com\/es\/las-experiencias-y-las-emociones-generan-ventas-segun-este-estudio-investigacion\/"},"author":{"name":"favorite-news","@id":"https:\/\/favorite-news.com\/es\/#\/schema\/person\/b91573b717dcfa5e4696032a9d28d3e8"},"headline":"Las experiencias y las emociones generan ventas, seg\u00fan este estudio | Investigaci\u00f3n","datePublished":"2019-08-27T15:47:44+00:00","dateModified":"2019-08-27T15:47:45+00:00","mainEntityOfPage":{"@id":"https:\/\/favorite-news.com\/es\/las-experiencias-y-las-emociones-generan-ventas-segun-este-estudio-investigacion\/"},"wordCount":350,"commentCount":0,"image":{"@id":"https:\/\/favorite-news.com\/es\/las-experiencias-y-las-emociones-generan-ventas-segun-este-estudio-investigacion\/#primaryimage"},"thumbnailUrl":"https:\/\/favorite-news.com\/es\/wp-content\/uploads\/sites\/4\/2019\/08\/Las-experiencias-y-las-emociones-generan-ventas-seg\u00fan-este-estudio.JPG","articleSection":["NOTICIAS DE INTERNET MARKETING"],"inLanguage":"es","potentialAction":[{"@type":"CommentAction","name":"Comment","target":["https:\/\/favorite-news.com\/es\/las-experiencias-y-las-emociones-generan-ventas-segun-este-estudio-investigacion\/#respond"]}]},{"@type":"WebPage","@id":"https:\/\/favorite-news.com\/es\/las-experiencias-y-las-emociones-generan-ventas-segun-este-estudio-investigacion\/","url":"https:\/\/favorite-news.com\/es\/las-experiencias-y-las-emociones-generan-ventas-segun-este-estudio-investigacion\/","name":"Las experiencias y las emociones generan ventas, seg\u00fan este estudio | Investigaci\u00f3n - Favorite News","isPartOf":{"@id":"https:\/\/favorite-news.com\/es\/#website"},"primaryImageOfPage":{"@id":"https:\/\/favorite-news.com\/es\/las-experiencias-y-las-emociones-generan-ventas-segun-este-estudio-investigacion\/#primaryimage"},"image":{"@id":"https:\/\/favorite-news.com\/es\/las-experiencias-y-las-emociones-generan-ventas-segun-este-estudio-investigacion\/#primaryimage"},"thumbnailUrl":"https:\/\/favorite-news.com\/es\/wp-content\/uploads\/sites\/4\/2019\/08\/Las-experiencias-y-las-emociones-generan-ventas-seg\u00fan-este-estudio.JPG","datePublished":"2019-08-27T15:47:44+00:00","dateModified":"2019-08-27T15:47:45+00:00","author":{"@id":"https:\/\/favorite-news.com\/es\/#\/schema\/person\/b91573b717dcfa5e4696032a9d28d3e8"},"breadcrumb":{"@id":"https:\/\/favorite-news.com\/es\/las-experiencias-y-las-emociones-generan-ventas-segun-este-estudio-investigacion\/#breadcrumb"},"inLanguage":"es","potentialAction":[{"@type":"ReadAction","target":["https:\/\/favorite-news.com\/es\/las-experiencias-y-las-emociones-generan-ventas-segun-este-estudio-investigacion\/"]}]},{"@type":"ImageObject","inLanguage":"es","@id":"https:\/\/favorite-news.com\/es\/las-experiencias-y-las-emociones-generan-ventas-segun-este-estudio-investigacion\/#primaryimage","url":"https:\/\/favorite-news.com\/es\/wp-content\/uploads\/sites\/4\/2019\/08\/Las-experiencias-y-las-emociones-generan-ventas-seg\u00fan-este-estudio.JPG","contentUrl":"https:\/\/favorite-news.com\/es\/wp-content\/uploads\/sites\/4\/2019\/08\/Las-experiencias-y-las-emociones-generan-ventas-seg\u00fan-este-estudio.JPG","width":530,"height":300,"caption":"barcelo"},{"@type":"BreadcrumbList","@id":"https:\/\/favorite-news.com\/es\/las-experiencias-y-las-emociones-generan-ventas-segun-este-estudio-investigacion\/#breadcrumb","itemListElement":[{"@type":"ListItem","position":1,"name":"Home","item":"https:\/\/favorite-news.com\/es\/"},{"@type":"ListItem","position":2,"name":"Las experiencias y las emociones generan ventas, seg\u00fan este estudio | Investigaci\u00f3n"}]},{"@type":"WebSite","@id":"https:\/\/favorite-news.com\/es\/#website","url":"https:\/\/favorite-news.com\/es\/","name":"Favorite News","description":"Favorite News Espa\u00f1a","potentialAction":[{"@type":"SearchAction","target":{"@type":"EntryPoint","urlTemplate":"https:\/\/favorite-news.com\/es\/?s={search_term_string}"},"query-input":{"@type":"PropertyValueSpecification","valueRequired":true,"valueName":"search_term_string"}}],"inLanguage":"es"},{"@type":"Person","@id":"https:\/\/favorite-news.com\/es\/#\/schema\/person\/b91573b717dcfa5e4696032a9d28d3e8","name":"favorite-news","image":{"@type":"ImageObject","inLanguage":"es","@id":"https:\/\/secure.gravatar.com\/avatar\/6c5a5cb12b74e9d517ee91cf570335b7d16177f1977cc91db161adfa435945a7?s=96&d=mm&r=g","url":"https:\/\/secure.gravatar.com\/avatar\/6c5a5cb12b74e9d517ee91cf570335b7d16177f1977cc91db161adfa435945a7?s=96&d=mm&r=g","contentUrl":"https:\/\/secure.gravatar.com\/avatar\/6c5a5cb12b74e9d517ee91cf570335b7d16177f1977cc91db161adfa435945a7?s=96&d=mm&r=g","caption":"favorite-news"},"url":"https:\/\/favorite-news.com\/es\/author\/pt\/"}]}},"_links":{"self":[{"href":"https:\/\/favorite-news.com\/es\/wp-json\/wp\/v2\/posts\/3815","targetHints":{"allow":["GET"]}}],"collection":[{"href":"https:\/\/favorite-news.com\/es\/wp-json\/wp\/v2\/posts"}],"about":[{"href":"https:\/\/favorite-news.com\/es\/wp-json\/wp\/v2\/types\/post"}],"author":[{"embeddable":true,"href":"https:\/\/favorite-news.com\/es\/wp-json\/wp\/v2\/users\/2"}],"replies":[{"embeddable":true,"href":"https:\/\/favorite-news.com\/es\/wp-json\/wp\/v2\/comments?post=3815"}],"version-history":[{"count":1,"href":"https:\/\/favorite-news.com\/es\/wp-json\/wp\/v2\/posts\/3815\/revisions"}],"predecessor-version":[{"id":3817,"href":"https:\/\/favorite-news.com\/es\/wp-json\/wp\/v2\/posts\/3815\/revisions\/3817"}],"wp:featuredmedia":[{"embeddable":true,"href":"https:\/\/favorite-news.com\/es\/wp-json\/wp\/v2\/media\/3816"}],"wp:attachment":[{"href":"https:\/\/favorite-news.com\/es\/wp-json\/wp\/v2\/media?parent=3815"}],"wp:term":[{"taxonomy":"category","embeddable":true,"href":"https:\/\/favorite-news.com\/es\/wp-json\/wp\/v2\/categories?post=3815"},{"taxonomy":"post_tag","embeddable":true,"href":"https:\/\/favorite-news.com\/es\/wp-json\/wp\/v2\/tags?post=3815"}],"curies":[{"name":"wp","href":"https:\/\/api.w.org\/{rel}","templated":true}]}}