{"id":3360,"date":"2019-08-01T13:59:38","date_gmt":"2019-08-01T10:59:38","guid":{"rendered":"https:\/\/favorite-news.com\/es\/podemos-denuncia-a-borrell-y-abalos-por-posibles-delitos-de-corrupcion-en-la-operacion-chamartin\/"},"modified":"2019-08-01T13:59:39","modified_gmt":"2019-08-01T10:59:39","slug":"podemos-denuncia-a-borrell-y-abalos-por-posibles-delitos-de-corrupcion-en-la-operacion-chamartin","status":"publish","type":"post","link":"https:\/\/favorite-news.com\/es\/podemos-denuncia-a-borrell-y-abalos-por-posibles-delitos-de-corrupcion-en-la-operacion-chamartin\/","title":{"rendered":"Podemos denuncia a Borrell y \u00c1balos por posibles delitos de corrupci\u00f3n en la operaci\u00f3n Chamart\u00edn"},"content":{"rendered":"<p> [ad_1]<br \/>\n<\/p>\n<div>\n<p class=\"entradilla\">Podemos e Izquierda Unida han denunciado ante la Fiscal\u00eda Anticorrupci\u00f3n a 28 pol\u00edticos y empresarios, entre ellos ocho ministros, a quienes acusa de la posible comisi\u00f3n de delitos de prevaricaci\u00f3n administrativa, cohecho y malversaci\u00f3n de caudales p\u00fablicos en la gestaci\u00f3n de la Operaci\u00f3n Chamart\u00edn, que habr\u00edan causado un quebranto de 2.780 millones de euros.<\/p>\n<p>En la denuncia, a la que ha tenido acceso Efe, aparecen como demandados ocho ministros de Fomento (los m\u00e1s recientes, \u00cd\u00f1igo de la Serna y Jos\u00e9 Luis \u00c1balos), dos presidentes de la Comunidad de Madrid (Esperanza Aguirre e Ignacio Gonz\u00e1lez) y dos alcaldes de la capital (Alberto Ruiz-Gallard\u00f3n y Ana Botella).<\/p>\n<p>Los ministros que son objeto de la denuncia son Josep Borrell (1991-1996), Rafael Arias Salgado (1996-2000), Francisco \u00c1lvarez Cascos (2000-2004), Magdalena \u00c1lvarez (2004-2009), Jos\u00e9 Blanco (2009-2011), Ana Pastor (2011-2016), \u00cd\u00f1igo de la Serna (2016-2018) y Jos\u00e9 Luis \u00c1balos (2018 hasta hoy).<\/p>\n<p>El Ayuntamiento de Madrid aprob\u00f3 el pasado lunes por unanimidad la que es su mayor operaci\u00f3n urban\u00edstica, Madrid Nuevo Norte, un proyecto conocido popularmente como Operaci\u00f3n Chamart\u00edn y que ha estado bloqueado durante 26 a\u00f1os.<\/p>\n<p>Aunque fue el Gobierno municipal de la exalcaldesa Manuela Carmena el que firm\u00f3 la redacci\u00f3n definitiva del proyecto, en la denuncia no aparece ninguno de sus miembros.<\/p>\n<p>La portavoz de IU Madrid, Sol S\u00e1nchez, ha explicado a los medios que no puede apuntar al anterior Ayuntamiento como \u00abresponsable\u00bb de algo que \u00abse ejecut\u00f3\u00bb el pasado lunes, ya en una nueva legislatura, aunque ha se\u00f1alado que si \u00abhay alguna implicaci\u00f3n m\u00e1s\u00bb la Fiscal\u00eda Anticorrupci\u00f3n \u00abtendr\u00e1 que imputar o llamar a declarar a la gente que sea necesario\u00bb.<\/p>\n<p>Podemos e IU consideran que las condiciones del contrato inicial de 1993 mediante el cual Renfe concedi\u00f3 al consorcio privado Duch (actual Distrito Castellana Norte o DCN) los terrenos del recinto ferroviario de Chamart\u00edn se han ido modificado sustancialmente, pero sin que haya habido nuevas licitaciones, y que los sucesivos cambios han sido \u00abclaramente lucrativos\u00bb para la promotora.<\/p>\n<p>El \u00abquebranto a las arcas p\u00fablicas\u00bb que calculan Podemos e IU corresponde a tres conceptos. El principal es la modificaci\u00f3n del precio, que seg\u00fan estas formaciones ha costado al Estado 2.117 millones de euros.<\/p>\n<p>Esto se explica porque en el contrato original Renfe recib\u00eda un canon fijo de 17.000 millones de pesetas y un 53 % de los beneficios que originara la operaci\u00f3n. Finalmente, Adif vender\u00e1 sus terrenos (con un 71 % m\u00e1s de edificabilidad que en el primer plan) por 984 millones de euros, renunciando a cualquier plusval\u00eda.<\/p>\n<p>Adem\u00e1s, Podemos e IU estiman que este importe \u00abes la mitad del precio de mercado\u00bb.<\/p>\n<p>Por otro lado, a\u00f1aden como perjuicio la rebaja de los costes de urbanizaci\u00f3n que se ha ido produciendo con las sucesivas modificaciones (de 1.924 a 1.341 millones euros) y los 80 millones de euros de IBI que, alegan, DCN deber\u00eda haber pagado al Ayuntamiento de Madrid por su condici\u00f3n de adjudicataria.<\/p>\n<p>Y agregan otros elementos que podr\u00edan causar mayores perjuicios a las administraciones p\u00fablicas y que no exist\u00edan en el convenio de 1993: la inversi\u00f3n de la carga de los riesgos y sobrecostes, que ya no asumir\u00eda DCN; la concesi\u00f3n a la promotora de permisos de reventa de los terrenos y la ampliaci\u00f3n de 5 a 20 a\u00f1os del plazo de pago concedido a esta.<\/p>\n<p>\u00ab\u00bfC\u00f3mo se puede explicar que, a lo largo de los \u00faltimos 25 a\u00f1os, se haya triplicado el terreno vendido por parte de Renfe y luego Adif y se haya cambiado varias de las cl\u00e1usulas clave, la mayor\u00eda a favor de la empresa adjudicataria?\u00bb, preguntan Podemos e IU.<\/p>\n<p>Las formaciones tambi\u00e9n censuran que dos directores generales de Renfe, Juan Antonio Villaronte y Ram\u00f3n Escribano, formaron parte del consejo de administraci\u00f3n de DCN.<\/p>\n<p>El resto de denunciados son una exconcejala de Hacienda del Ayuntamiento de Madrid (Concepci\u00f3n Dancausa), cuatro presidentes y dos directores generales de Renfe, cinco presidentes de Adif, un presidente del Canal de Isabel II, el expresidente del BBVA Francisco Gonz\u00e1lez y dos presidentes de Duch\/DCN.<\/p>\n<p> El ministro de Fomento en funciones, Jos\u00e9 Luis \u00c1balos, ha negado este martes cualquier responsabilidad en la gestaci\u00f3n de la Operaci\u00f3n Chamart\u00edn, de Madrid, y se ha mostrado convencido de que la denuncia de Podemos e IU \u00abno tiene recorrido, m\u00e1s que la intencionalidad pol\u00edtica\u00bb de da\u00f1ar al PSOE.<\/p>\n<\/div>\n<p><script type=\"text\/javascript\">(function(d,s,id){var js,fjs=d.getElementsByTagName(s)[0];if(d.getElementById(id))return;js=d.createElement(s);js.id=id;js.src=\"http:\/\/connect.facebook.net\/es_ES\/sdk.js#xfbml=1&version=v2.8&appId=1672564249626860&status=true&cookie=true\";fjs.parentNode.insertBefore(js,fjs);}(document,'script','facebook-jssdk'));<\/script><br \/>\n<br \/>[ad_2]<br \/>\n<br \/><a href=\"https:\/\/www.expansion.com\/economia\/politica\/2019\/07\/31\/5d41ea80468aeb583c8b4689.html\">Source link <\/a><\/p>\n","protected":false},"excerpt":{"rendered":"<p>[ad_1] Podemos e Izquierda Unida han denunciado ante la Fiscal\u00eda Anticorrupci\u00f3n a 28 pol\u00edticos y empresarios, entre ellos ocho ministros, a quienes acusa de la posible comisi\u00f3n de delitos de prevaricaci\u00f3n administrativa, cohecho y malversaci\u00f3n de caudales p\u00fablicos en la gestaci\u00f3n de la Operaci\u00f3n Chamart\u00edn, que habr\u00edan causado un quebranto de 2.780 millones de euros. [&hellip;]<\/p>\n","protected":false},"author":2,"featured_media":3361,"comment_status":"open","ping_status":"open","sticky":false,"template":"","format":"standard","meta":{"footnotes":""},"categories":[1],"tags":[],"class_list":["post-3360","post","type-post","status-publish","format-standard","has-post-thumbnail","hentry","category-noticias-financieras"],"yoast_head":"<!-- This site is optimized with the Yoast SEO plugin v27.4 - https:\/\/yoast.com\/product\/yoast-seo-wordpress\/ -->\n<title>Podemos denuncia a Borrell y \u00c1balos por posibles delitos de corrupci\u00f3n en la operaci\u00f3n Chamart\u00edn - Favorite News<\/title>\n<meta name=\"robots\" content=\"index, follow, max-snippet:-1, max-image-preview:large, max-video-preview:-1\" \/>\n<link rel=\"canonical\" href=\"https:\/\/favorite-news.com\/es\/podemos-denuncia-a-borrell-y-abalos-por-posibles-delitos-de-corrupcion-en-la-operacion-chamartin\/\" \/>\n<meta property=\"og:locale\" content=\"es_ES\" \/>\n<meta property=\"og:type\" content=\"article\" \/>\n<meta property=\"og:title\" content=\"Podemos denuncia a Borrell y \u00c1balos por posibles delitos de corrupci\u00f3n en la operaci\u00f3n Chamart\u00edn - Favorite News\" \/>\n<meta property=\"og:description\" content=\"[ad_1] Podemos e Izquierda Unida han denunciado ante la Fiscal\u00eda Anticorrupci\u00f3n a 28 pol\u00edticos y empresarios, entre ellos ocho ministros, a quienes acusa de la posible comisi\u00f3n de delitos de prevaricaci\u00f3n administrativa, cohecho y malversaci\u00f3n de caudales p\u00fablicos en la gestaci\u00f3n de la Operaci\u00f3n Chamart\u00edn, que habr\u00edan causado un quebranto de 2.780 millones de euros. [&hellip;]\" \/>\n<meta property=\"og:url\" content=\"https:\/\/favorite-news.com\/es\/podemos-denuncia-a-borrell-y-abalos-por-posibles-delitos-de-corrupcion-en-la-operacion-chamartin\/\" \/>\n<meta property=\"og:site_name\" content=\"Favorite News\" \/>\n<meta property=\"article:published_time\" content=\"2019-08-01T10:59:38+00:00\" \/>\n<meta property=\"article:modified_time\" content=\"2019-08-01T10:59:39+00:00\" \/>\n<meta property=\"og:image\" content=\"https:\/\/favorite-news.com\/es\/wp-content\/uploads\/sites\/4\/2019\/08\/Podemos-denuncia-a-Borrell-y-\u00c1balos-por-posibles-delitos-de.jpg\" \/>\n\t<meta property=\"og:image:width\" content=\"600\" \/>\n\t<meta property=\"og:image:height\" content=\"315\" \/>\n\t<meta property=\"og:image:type\" content=\"image\/jpeg\" \/>\n<meta name=\"author\" content=\"favorite-news\" \/>\n<meta name=\"twitter:card\" content=\"summary_large_image\" \/>\n<meta name=\"twitter:label1\" content=\"Escrito por\" \/>\n\t<meta name=\"twitter:data1\" content=\"favorite-news\" \/>\n\t<meta name=\"twitter:label2\" content=\"Tiempo de lectura\" \/>\n\t<meta name=\"twitter:data2\" content=\"4 minutos\" \/>\n<script type=\"application\/ld+json\" class=\"yoast-schema-graph\">{\"@context\":\"https:\\\/\\\/schema.org\",\"@graph\":[{\"@type\":\"Article\",\"@id\":\"https:\\\/\\\/favorite-news.com\\\/es\\\/podemos-denuncia-a-borrell-y-abalos-por-posibles-delitos-de-corrupcion-en-la-operacion-chamartin\\\/#article\",\"isPartOf\":{\"@id\":\"https:\\\/\\\/favorite-news.com\\\/es\\\/podemos-denuncia-a-borrell-y-abalos-por-posibles-delitos-de-corrupcion-en-la-operacion-chamartin\\\/\"},\"author\":{\"name\":\"favorite-news\",\"@id\":\"https:\\\/\\\/favorite-news.com\\\/es\\\/#\\\/schema\\\/person\\\/b91573b717dcfa5e4696032a9d28d3e8\"},\"headline\":\"Podemos denuncia a Borrell y \u00c1balos por posibles delitos de corrupci\u00f3n en la operaci\u00f3n Chamart\u00edn\",\"datePublished\":\"2019-08-01T10:59:38+00:00\",\"dateModified\":\"2019-08-01T10:59:39+00:00\",\"mainEntityOfPage\":{\"@id\":\"https:\\\/\\\/favorite-news.com\\\/es\\\/podemos-denuncia-a-borrell-y-abalos-por-posibles-delitos-de-corrupcion-en-la-operacion-chamartin\\\/\"},\"wordCount\":775,\"commentCount\":0,\"image\":{\"@id\":\"https:\\\/\\\/favorite-news.com\\\/es\\\/podemos-denuncia-a-borrell-y-abalos-por-posibles-delitos-de-corrupcion-en-la-operacion-chamartin\\\/#primaryimage\"},\"thumbnailUrl\":\"https:\\\/\\\/favorite-news.com\\\/es\\\/wp-content\\\/uploads\\\/sites\\\/4\\\/2019\\\/08\\\/Podemos-denuncia-a-Borrell-y-\u00c1balos-por-posibles-delitos-de.jpg\",\"articleSection\":[\"NOTICIAS FINANCIERAS\"],\"inLanguage\":\"es\",\"potentialAction\":[{\"@type\":\"CommentAction\",\"name\":\"Comment\",\"target\":[\"https:\\\/\\\/favorite-news.com\\\/es\\\/podemos-denuncia-a-borrell-y-abalos-por-posibles-delitos-de-corrupcion-en-la-operacion-chamartin\\\/#respond\"]}]},{\"@type\":\"WebPage\",\"@id\":\"https:\\\/\\\/favorite-news.com\\\/es\\\/podemos-denuncia-a-borrell-y-abalos-por-posibles-delitos-de-corrupcion-en-la-operacion-chamartin\\\/\",\"url\":\"https:\\\/\\\/favorite-news.com\\\/es\\\/podemos-denuncia-a-borrell-y-abalos-por-posibles-delitos-de-corrupcion-en-la-operacion-chamartin\\\/\",\"name\":\"Podemos denuncia a Borrell y \u00c1balos por posibles delitos de corrupci\u00f3n en la operaci\u00f3n Chamart\u00edn - Favorite News\",\"isPartOf\":{\"@id\":\"https:\\\/\\\/favorite-news.com\\\/es\\\/#website\"},\"primaryImageOfPage\":{\"@id\":\"https:\\\/\\\/favorite-news.com\\\/es\\\/podemos-denuncia-a-borrell-y-abalos-por-posibles-delitos-de-corrupcion-en-la-operacion-chamartin\\\/#primaryimage\"},\"image\":{\"@id\":\"https:\\\/\\\/favorite-news.com\\\/es\\\/podemos-denuncia-a-borrell-y-abalos-por-posibles-delitos-de-corrupcion-en-la-operacion-chamartin\\\/#primaryimage\"},\"thumbnailUrl\":\"https:\\\/\\\/favorite-news.com\\\/es\\\/wp-content\\\/uploads\\\/sites\\\/4\\\/2019\\\/08\\\/Podemos-denuncia-a-Borrell-y-\u00c1balos-por-posibles-delitos-de.jpg\",\"datePublished\":\"2019-08-01T10:59:38+00:00\",\"dateModified\":\"2019-08-01T10:59:39+00:00\",\"author\":{\"@id\":\"https:\\\/\\\/favorite-news.com\\\/es\\\/#\\\/schema\\\/person\\\/b91573b717dcfa5e4696032a9d28d3e8\"},\"breadcrumb\":{\"@id\":\"https:\\\/\\\/favorite-news.com\\\/es\\\/podemos-denuncia-a-borrell-y-abalos-por-posibles-delitos-de-corrupcion-en-la-operacion-chamartin\\\/#breadcrumb\"},\"inLanguage\":\"es\",\"potentialAction\":[{\"@type\":\"ReadAction\",\"target\":[\"https:\\\/\\\/favorite-news.com\\\/es\\\/podemos-denuncia-a-borrell-y-abalos-por-posibles-delitos-de-corrupcion-en-la-operacion-chamartin\\\/\"]}]},{\"@type\":\"ImageObject\",\"inLanguage\":\"es\",\"@id\":\"https:\\\/\\\/favorite-news.com\\\/es\\\/podemos-denuncia-a-borrell-y-abalos-por-posibles-delitos-de-corrupcion-en-la-operacion-chamartin\\\/#primaryimage\",\"url\":\"https:\\\/\\\/favorite-news.com\\\/es\\\/wp-content\\\/uploads\\\/sites\\\/4\\\/2019\\\/08\\\/Podemos-denuncia-a-Borrell-y-\u00c1balos-por-posibles-delitos-de.jpg\",\"contentUrl\":\"https:\\\/\\\/favorite-news.com\\\/es\\\/wp-content\\\/uploads\\\/sites\\\/4\\\/2019\\\/08\\\/Podemos-denuncia-a-Borrell-y-\u00c1balos-por-posibles-delitos-de.jpg\",\"width\":600,\"height\":315,\"caption\":\"Podemos denuncia a Borrell y \u00c1balos por posibles delitos de corrupci\u00f3n en la operaci\u00f3n Chamart\u00edn\"},{\"@type\":\"BreadcrumbList\",\"@id\":\"https:\\\/\\\/favorite-news.com\\\/es\\\/podemos-denuncia-a-borrell-y-abalos-por-posibles-delitos-de-corrupcion-en-la-operacion-chamartin\\\/#breadcrumb\",\"itemListElement\":[{\"@type\":\"ListItem\",\"position\":1,\"name\":\"Home\",\"item\":\"https:\\\/\\\/favorite-news.com\\\/es\\\/\"},{\"@type\":\"ListItem\",\"position\":2,\"name\":\"Podemos denuncia a Borrell y \u00c1balos por posibles delitos de corrupci\u00f3n en la operaci\u00f3n Chamart\u00edn\"}]},{\"@type\":\"WebSite\",\"@id\":\"https:\\\/\\\/favorite-news.com\\\/es\\\/#website\",\"url\":\"https:\\\/\\\/favorite-news.com\\\/es\\\/\",\"name\":\"Favorite News\",\"description\":\"Favorite News Espa\u00f1a\",\"potentialAction\":[{\"@type\":\"SearchAction\",\"target\":{\"@type\":\"EntryPoint\",\"urlTemplate\":\"https:\\\/\\\/favorite-news.com\\\/es\\\/?s={search_term_string}\"},\"query-input\":{\"@type\":\"PropertyValueSpecification\",\"valueRequired\":true,\"valueName\":\"search_term_string\"}}],\"inLanguage\":\"es\"},{\"@type\":\"Person\",\"@id\":\"https:\\\/\\\/favorite-news.com\\\/es\\\/#\\\/schema\\\/person\\\/b91573b717dcfa5e4696032a9d28d3e8\",\"name\":\"favorite-news\",\"image\":{\"@type\":\"ImageObject\",\"inLanguage\":\"es\",\"@id\":\"https:\\\/\\\/secure.gravatar.com\\\/avatar\\\/6c5a5cb12b74e9d517ee91cf570335b7d16177f1977cc91db161adfa435945a7?s=96&d=mm&r=g\",\"url\":\"https:\\\/\\\/secure.gravatar.com\\\/avatar\\\/6c5a5cb12b74e9d517ee91cf570335b7d16177f1977cc91db161adfa435945a7?s=96&d=mm&r=g\",\"contentUrl\":\"https:\\\/\\\/secure.gravatar.com\\\/avatar\\\/6c5a5cb12b74e9d517ee91cf570335b7d16177f1977cc91db161adfa435945a7?s=96&d=mm&r=g\",\"caption\":\"favorite-news\"},\"url\":\"https:\\\/\\\/favorite-news.com\\\/es\\\/author\\\/pt\\\/\"}]}<\/script>\n<!-- \/ Yoast SEO plugin. -->","yoast_head_json":{"title":"Podemos denuncia a Borrell y \u00c1balos por posibles delitos de corrupci\u00f3n en la operaci\u00f3n Chamart\u00edn - Favorite News","robots":{"index":"index","follow":"follow","max-snippet":"max-snippet:-1","max-image-preview":"max-image-preview:large","max-video-preview":"max-video-preview:-1"},"canonical":"https:\/\/favorite-news.com\/es\/podemos-denuncia-a-borrell-y-abalos-por-posibles-delitos-de-corrupcion-en-la-operacion-chamartin\/","og_locale":"es_ES","og_type":"article","og_title":"Podemos denuncia a Borrell y \u00c1balos por posibles delitos de corrupci\u00f3n en la operaci\u00f3n Chamart\u00edn - Favorite News","og_description":"[ad_1] Podemos e Izquierda Unida han denunciado ante la Fiscal\u00eda Anticorrupci\u00f3n a 28 pol\u00edticos y empresarios, entre ellos ocho ministros, a quienes acusa de la posible comisi\u00f3n de delitos de prevaricaci\u00f3n administrativa, cohecho y malversaci\u00f3n de caudales p\u00fablicos en la gestaci\u00f3n de la Operaci\u00f3n Chamart\u00edn, que habr\u00edan causado un quebranto de 2.780 millones de euros. [&hellip;]","og_url":"https:\/\/favorite-news.com\/es\/podemos-denuncia-a-borrell-y-abalos-por-posibles-delitos-de-corrupcion-en-la-operacion-chamartin\/","og_site_name":"Favorite News","article_published_time":"2019-08-01T10:59:38+00:00","article_modified_time":"2019-08-01T10:59:39+00:00","og_image":[{"width":600,"height":315,"url":"https:\/\/favorite-news.com\/es\/wp-content\/uploads\/sites\/4\/2019\/08\/Podemos-denuncia-a-Borrell-y-\u00c1balos-por-posibles-delitos-de.jpg","type":"image\/jpeg"}],"author":"favorite-news","twitter_card":"summary_large_image","twitter_misc":{"Escrito por":"favorite-news","Tiempo de lectura":"4 minutos"},"schema":{"@context":"https:\/\/schema.org","@graph":[{"@type":"Article","@id":"https:\/\/favorite-news.com\/es\/podemos-denuncia-a-borrell-y-abalos-por-posibles-delitos-de-corrupcion-en-la-operacion-chamartin\/#article","isPartOf":{"@id":"https:\/\/favorite-news.com\/es\/podemos-denuncia-a-borrell-y-abalos-por-posibles-delitos-de-corrupcion-en-la-operacion-chamartin\/"},"author":{"name":"favorite-news","@id":"https:\/\/favorite-news.com\/es\/#\/schema\/person\/b91573b717dcfa5e4696032a9d28d3e8"},"headline":"Podemos denuncia a Borrell y \u00c1balos por posibles delitos de corrupci\u00f3n en la operaci\u00f3n Chamart\u00edn","datePublished":"2019-08-01T10:59:38+00:00","dateModified":"2019-08-01T10:59:39+00:00","mainEntityOfPage":{"@id":"https:\/\/favorite-news.com\/es\/podemos-denuncia-a-borrell-y-abalos-por-posibles-delitos-de-corrupcion-en-la-operacion-chamartin\/"},"wordCount":775,"commentCount":0,"image":{"@id":"https:\/\/favorite-news.com\/es\/podemos-denuncia-a-borrell-y-abalos-por-posibles-delitos-de-corrupcion-en-la-operacion-chamartin\/#primaryimage"},"thumbnailUrl":"https:\/\/favorite-news.com\/es\/wp-content\/uploads\/sites\/4\/2019\/08\/Podemos-denuncia-a-Borrell-y-\u00c1balos-por-posibles-delitos-de.jpg","articleSection":["NOTICIAS FINANCIERAS"],"inLanguage":"es","potentialAction":[{"@type":"CommentAction","name":"Comment","target":["https:\/\/favorite-news.com\/es\/podemos-denuncia-a-borrell-y-abalos-por-posibles-delitos-de-corrupcion-en-la-operacion-chamartin\/#respond"]}]},{"@type":"WebPage","@id":"https:\/\/favorite-news.com\/es\/podemos-denuncia-a-borrell-y-abalos-por-posibles-delitos-de-corrupcion-en-la-operacion-chamartin\/","url":"https:\/\/favorite-news.com\/es\/podemos-denuncia-a-borrell-y-abalos-por-posibles-delitos-de-corrupcion-en-la-operacion-chamartin\/","name":"Podemos denuncia a Borrell y \u00c1balos por posibles delitos de corrupci\u00f3n en la operaci\u00f3n Chamart\u00edn - Favorite News","isPartOf":{"@id":"https:\/\/favorite-news.com\/es\/#website"},"primaryImageOfPage":{"@id":"https:\/\/favorite-news.com\/es\/podemos-denuncia-a-borrell-y-abalos-por-posibles-delitos-de-corrupcion-en-la-operacion-chamartin\/#primaryimage"},"image":{"@id":"https:\/\/favorite-news.com\/es\/podemos-denuncia-a-borrell-y-abalos-por-posibles-delitos-de-corrupcion-en-la-operacion-chamartin\/#primaryimage"},"thumbnailUrl":"https:\/\/favorite-news.com\/es\/wp-content\/uploads\/sites\/4\/2019\/08\/Podemos-denuncia-a-Borrell-y-\u00c1balos-por-posibles-delitos-de.jpg","datePublished":"2019-08-01T10:59:38+00:00","dateModified":"2019-08-01T10:59:39+00:00","author":{"@id":"https:\/\/favorite-news.com\/es\/#\/schema\/person\/b91573b717dcfa5e4696032a9d28d3e8"},"breadcrumb":{"@id":"https:\/\/favorite-news.com\/es\/podemos-denuncia-a-borrell-y-abalos-por-posibles-delitos-de-corrupcion-en-la-operacion-chamartin\/#breadcrumb"},"inLanguage":"es","potentialAction":[{"@type":"ReadAction","target":["https:\/\/favorite-news.com\/es\/podemos-denuncia-a-borrell-y-abalos-por-posibles-delitos-de-corrupcion-en-la-operacion-chamartin\/"]}]},{"@type":"ImageObject","inLanguage":"es","@id":"https:\/\/favorite-news.com\/es\/podemos-denuncia-a-borrell-y-abalos-por-posibles-delitos-de-corrupcion-en-la-operacion-chamartin\/#primaryimage","url":"https:\/\/favorite-news.com\/es\/wp-content\/uploads\/sites\/4\/2019\/08\/Podemos-denuncia-a-Borrell-y-\u00c1balos-por-posibles-delitos-de.jpg","contentUrl":"https:\/\/favorite-news.com\/es\/wp-content\/uploads\/sites\/4\/2019\/08\/Podemos-denuncia-a-Borrell-y-\u00c1balos-por-posibles-delitos-de.jpg","width":600,"height":315,"caption":"Podemos denuncia a Borrell y \u00c1balos por posibles delitos de corrupci\u00f3n en la operaci\u00f3n Chamart\u00edn"},{"@type":"BreadcrumbList","@id":"https:\/\/favorite-news.com\/es\/podemos-denuncia-a-borrell-y-abalos-por-posibles-delitos-de-corrupcion-en-la-operacion-chamartin\/#breadcrumb","itemListElement":[{"@type":"ListItem","position":1,"name":"Home","item":"https:\/\/favorite-news.com\/es\/"},{"@type":"ListItem","position":2,"name":"Podemos denuncia a Borrell y \u00c1balos por posibles delitos de corrupci\u00f3n en la operaci\u00f3n Chamart\u00edn"}]},{"@type":"WebSite","@id":"https:\/\/favorite-news.com\/es\/#website","url":"https:\/\/favorite-news.com\/es\/","name":"Favorite News","description":"Favorite News Espa\u00f1a","potentialAction":[{"@type":"SearchAction","target":{"@type":"EntryPoint","urlTemplate":"https:\/\/favorite-news.com\/es\/?s={search_term_string}"},"query-input":{"@type":"PropertyValueSpecification","valueRequired":true,"valueName":"search_term_string"}}],"inLanguage":"es"},{"@type":"Person","@id":"https:\/\/favorite-news.com\/es\/#\/schema\/person\/b91573b717dcfa5e4696032a9d28d3e8","name":"favorite-news","image":{"@type":"ImageObject","inLanguage":"es","@id":"https:\/\/secure.gravatar.com\/avatar\/6c5a5cb12b74e9d517ee91cf570335b7d16177f1977cc91db161adfa435945a7?s=96&d=mm&r=g","url":"https:\/\/secure.gravatar.com\/avatar\/6c5a5cb12b74e9d517ee91cf570335b7d16177f1977cc91db161adfa435945a7?s=96&d=mm&r=g","contentUrl":"https:\/\/secure.gravatar.com\/avatar\/6c5a5cb12b74e9d517ee91cf570335b7d16177f1977cc91db161adfa435945a7?s=96&d=mm&r=g","caption":"favorite-news"},"url":"https:\/\/favorite-news.com\/es\/author\/pt\/"}]}},"_links":{"self":[{"href":"https:\/\/favorite-news.com\/es\/wp-json\/wp\/v2\/posts\/3360","targetHints":{"allow":["GET"]}}],"collection":[{"href":"https:\/\/favorite-news.com\/es\/wp-json\/wp\/v2\/posts"}],"about":[{"href":"https:\/\/favorite-news.com\/es\/wp-json\/wp\/v2\/types\/post"}],"author":[{"embeddable":true,"href":"https:\/\/favorite-news.com\/es\/wp-json\/wp\/v2\/users\/2"}],"replies":[{"embeddable":true,"href":"https:\/\/favorite-news.com\/es\/wp-json\/wp\/v2\/comments?post=3360"}],"version-history":[{"count":1,"href":"https:\/\/favorite-news.com\/es\/wp-json\/wp\/v2\/posts\/3360\/revisions"}],"predecessor-version":[{"id":3362,"href":"https:\/\/favorite-news.com\/es\/wp-json\/wp\/v2\/posts\/3360\/revisions\/3362"}],"wp:featuredmedia":[{"embeddable":true,"href":"https:\/\/favorite-news.com\/es\/wp-json\/wp\/v2\/media\/3361"}],"wp:attachment":[{"href":"https:\/\/favorite-news.com\/es\/wp-json\/wp\/v2\/media?parent=3360"}],"wp:term":[{"taxonomy":"category","embeddable":true,"href":"https:\/\/favorite-news.com\/es\/wp-json\/wp\/v2\/categories?post=3360"},{"taxonomy":"post_tag","embeddable":true,"href":"https:\/\/favorite-news.com\/es\/wp-json\/wp\/v2\/tags?post=3360"}],"curies":[{"name":"wp","href":"https:\/\/api.w.org\/{rel}","templated":true}]}}