{"id":958,"date":"2021-02-04T22:45:01","date_gmt":"2021-02-04T22:45:01","guid":{"rendered":"https:\/\/favorite-news.com\/de\/durchhalten-als-mantra-doch-kanzlerin-kann-wieder-nicht-sagen-wie-lange\/"},"modified":"2021-02-04T22:45:01","modified_gmt":"2021-02-04T22:45:01","slug":"durchhalten-als-mantra-doch-kanzlerin-kann-wieder-nicht-sagen-wie-lange","status":"publish","type":"post","link":"https:\/\/favorite-news.com\/de\/durchhalten-als-mantra-doch-kanzlerin-kann-wieder-nicht-sagen-wie-lange\/","title":{"rendered":"&#8222;Durchhalten&#8220; als Mantra &#8211; doch Kanzlerin kann wieder nicht sagen, wie lange"},"content":{"rendered":"<p>[ad_1]<br \/>\n <\/p>\n<p>                   Kommentar von Hugo M\u00fcller-Vogg: &#8222;Durchhalten&#8220; als Mantra &#8211; doch Merkel kann wieder nicht sagen, wie lange noch<\/p>\n<p>        &#8222;Durchhalten bis wir durch sind&#8220;, appelliert Kanzlerin Angela Merkel. Auch im RTL-Interview l\u00e4sst sich die Kanzlerin nicht wirklich zu konkreten Aussagen hinrei\u00dfen, weist Kritik am Impf-Debakel zur\u00fcck und d\u00e4mpft die Hoffnung auf Lockdown-Lockerungen. Die wenigen Spitzen der Moderatoren l\u00e4sst sie gekonnt abblitzen.<\/p>\n<p>\t\tWenn Politiker eine Botschaft haben, dann m\u00fcssen sie diese st\u00e4ndig wiederholen. Nur so haben sie eine Chance, dass bei den B\u00fcrgern etwas h\u00e4ngen bleibt. Angela Merkels zentrale Botschaft beim Kampf gegen das Coronavirus lautet in der Kurzfassung: \u201eDurchhalten bis wir durch sind mit dem Impfen. Dann wird alles wieder besser.\u201c Das hat sie am Donnerstagabend in einer Sondersendung der TV-Sender RTL und ntv gesagt. Das hatte bereits am Dienstag in der ARD nicht anders geklungen. Das wird auch beim n\u00e4chsten Mal so sein, wenn sie wieder vor Kameras und Mikrofone tritt. <\/p>\n<p>\t\t\t\t\t\u00dcber den Autor: Hugo M\u00fcller-Vogg<\/p>\n<p>\t\tDr. Hugo M\u00fcller-Vogg ist Journalist, Buch-Autor und ehemaliger Herausgeber der Frankfurter Allgemeinen Zeitung (FAZ).<\/p>\n<p>\t\t\t\t\tDie Kanzlerin wei\u00df, dass der Lockdown mit seinen schwerwiegenden wirtschaftlichen und menschlichen Folgen bei allen an den Nerven zehrt. Auch ist ihr bewusst, dass die Zustimmung zu ihrer Corona-Politik schwindet, weil die Menschen nicht verstehen, dass andere L\u00e4nder beim Impfen viel weiter sind. Aber da r\u00e4umte sie keine Vers\u00e4umnisse ein: \u201eEs ist einfach nicht erwiesen, dass, wenn wir mehr bezahlt h\u00e4tten oder mehr bestellt h\u00e4tten, wir am Anfang mehr bekommen h\u00e4tten,\u201c erkl\u00e4rte sie dem RTL-Publikum. Die naheliegende Nachfrage, ob es nicht zumindest einen Versuch wert gewesen w\u00e4re, Impfstoff fr\u00fcher zu bestellen und h\u00f6here Preise zu bieten, wurde freilich nicht gestellt. Surftipp: Alle Neuigkeiten zur Corona-Pandemie finden Sie im News-Ticker von FOCUS OnlineMerkel will keine &#8222;falschen Hoffnungen wecken&#8220;\u201eDeutschland braucht Antworten,\u201c hatte RTL-Politikchef Nikolaus Blome eingangs markig formuliert. Doch Deutschland erfuhr auch bei diesem TV-Auftritt der Kanzlerin nicht, wann mit Lockerungen der Corona-Beschr\u00e4nkungen zu rechnen sei. Mit Verweis auf die schwer vorherzusehenden Folgen der Virus-Mutation will Merkel \u201ekeine falschen Hoffnungen wecken\u201c. Deshalb versuche sie, \u201eimmer realistisch zu sein.\u201c Folglich hat f\u00fcr Merkel \u201emaximale Flexibilit\u00e4t\u201c Vorrang vor einer Langzeitstrategie. Blomes gelegentliche Versuche, die Kanzlerin zu konkreteren Aussagen zu bewegen, scheiterten. Seinen Hinweis auf die Deutschen als \u201eImpfdeppen des Planeten\u201c \u00fcberh\u00f6rte sie einfach.<\/p>\n<p>\t\t\t\t\tBlome und RTL-Moderatorin Frauke Ludowig hatten sich auf eine Arbeitsteilung verst\u00e4ndigt, die an Zeiten erinnerte, als Frauen im Fernsehen allenfalls als Ansagerinnen eine Rolle spielten: Er stellte die politischen, sie die menschlichen Fragen. So wollte Ludowig wissen, ob Merkel pers\u00f6nlich Menschen kenne, die in dieser Pandemie um ihre Existenz bangten (ja, gleich mehrere), wieso sie trotz geschlossener Friseursalons gut frisiert sei (da hilft eine Assistentin unter Beachtung der Hygienevorschriften), ob die Kanzlerin Corona-Schicksale \u201emit nach Hause nimmt\u201c und nachts manchmal wach im Bett liege? Dass die Kanzlerin beides bejahte, konnte wohl niemanden \u00fcberraschen, auch dass nicht alles spurlos an ihr vorbei geht. Diese Fragen schienen der Kanzlerin gut zu gefallen, konnte sie sich doch von ihrer empathischen Seite zeigen, was sie vor Corona eher selten tat. Surftipp: Alle Neuigkeiten zur Corona-Impfung finden Sie im News-Ticker von FOCUS Online&#8220;Durchhalten bis wir durch sind&#8220;Aber Corona ist eine besondere Herausforderung. Deshalb nutzt die Kanzlerin die M\u00f6glichkeit, sich \u00fcber die Medien direkt an die Bev\u00f6lkerung zu wenden, intensiver als jemals zuvor in ihrer mehr als 15-j\u00e4hrigen Amtszeit. Nach ARD und RTL\/ntv werden wohl, wenn nicht alles t\u00e4uscht, Auftritte im ZDF und bei SAT.1 folgen. Doch unabh\u00e4ngig vom Sender und davon, ob sich die Fragesteller eher als Stichwortgeber oder eher als \u201eAnw\u00e4lte der Anklage\u201c verstehen, wird Merkel ihre Botschaft so schnell nicht \u00e4ndern: \u201eDurchhalten bis wir durch sind mit dem Impfen. Dann wird alles wieder besser.&#8220;Surftipp:\u00a0  Interview bei RTL &#8211; Kanzlerin spricht im TV \u00fcber Corona-Hoffnung: &#8222;Ich sehe Licht am Ende des Tunnels&#8220;<br \/>\n\t\t\t\t\tMieter sind entsetzt: 70 M\u00fcnchener sollen mitten im Lockdown aus ihrer Wohnung raus<\/p>\n<p>[ad_2]<br \/>\n <br \/><a href=\"https:\/\/www.focus.de\/politik\/deutschland\/kommentar-von-hugo-mueller-vogg-merkel-hat-eine-zentrale-botschaft-durchhalten_id_12946901.html\">\u0421\u0441\u044b\u043b\u043a\u0430 \u043d\u0430 \u0438\u0441\u0442\u043e\u0447\u043d\u0438\u043a <\/a><\/p>\n","protected":false},"excerpt":{"rendered":"<p>[ad_1] Kommentar von Hugo M\u00fcller-Vogg: &#8222;Durchhalten&#8220; als Mantra &#8211; doch Merkel kann wieder nicht sagen, wie lange noch &#8222;Durchhalten bis wir durch sind&#8220;, appelliert Kanzlerin Angela Merkel. Auch im RTL-Interview l\u00e4sst sich die Kanzlerin nicht wirklich zu konkreten Aussagen hinrei\u00dfen, weist Kritik am Impf-Debakel zur\u00fcck und d\u00e4mpft die Hoffnung auf Lockdown-Lockerungen. Die wenigen Spitzen der [&hellip;]<\/p>\n","protected":false},"author":1,"featured_media":0,"comment_status":"open","ping_status":"open","sticky":false,"template":"","format":"standard","meta":{"footnotes":""},"categories":[1],"tags":[],"class_list":["post-958","post","type-post","status-publish","format-standard","hentry","category-neuigkeiten"],"yoast_head":"<!-- This site is optimized with the Yoast SEO plugin v27.4 - https:\/\/yoast.com\/product\/yoast-seo-wordpress\/ -->\n<title>&quot;Durchhalten&quot; als Mantra - doch Kanzlerin kann wieder nicht sagen, wie lange - Favorite News<\/title>\n<meta name=\"robots\" content=\"index, follow, max-snippet:-1, max-image-preview:large, max-video-preview:-1\" \/>\n<link rel=\"canonical\" href=\"https:\/\/favorite-news.com\/de\/durchhalten-als-mantra-doch-kanzlerin-kann-wieder-nicht-sagen-wie-lange\/\" \/>\n<meta property=\"og:locale\" content=\"de_DE\" \/>\n<meta property=\"og:type\" content=\"article\" \/>\n<meta property=\"og:title\" content=\"&quot;Durchhalten&quot; als Mantra - doch Kanzlerin kann wieder nicht sagen, wie lange - Favorite News\" \/>\n<meta property=\"og:description\" content=\"[ad_1] Kommentar von Hugo M\u00fcller-Vogg: &#8222;Durchhalten&#8220; als Mantra &#8211; doch Merkel kann wieder nicht sagen, wie lange noch &#8222;Durchhalten bis wir durch sind&#8220;, appelliert Kanzlerin Angela Merkel. Auch im RTL-Interview l\u00e4sst sich die Kanzlerin nicht wirklich zu konkreten Aussagen hinrei\u00dfen, weist Kritik am Impf-Debakel zur\u00fcck und d\u00e4mpft die Hoffnung auf Lockdown-Lockerungen. Die wenigen Spitzen der [&hellip;]\" \/>\n<meta property=\"og:url\" content=\"https:\/\/favorite-news.com\/de\/durchhalten-als-mantra-doch-kanzlerin-kann-wieder-nicht-sagen-wie-lange\/\" \/>\n<meta property=\"og:site_name\" content=\"Favorite News\" \/>\n<meta property=\"article:published_time\" content=\"2021-02-04T22:45:01+00:00\" \/>\n<meta name=\"author\" content=\"favorite-news\" \/>\n<meta name=\"twitter:card\" content=\"summary_large_image\" \/>\n<meta name=\"twitter:label1\" content=\"Verfasst von\" \/>\n\t<meta name=\"twitter:data1\" content=\"favorite-news\" \/>\n\t<meta name=\"twitter:label2\" content=\"Gesch\u00e4tzte Lesezeit\" \/>\n\t<meta name=\"twitter:data2\" content=\"3\u00a0Minuten\" \/>\n<script type=\"application\/ld+json\" class=\"yoast-schema-graph\">{\"@context\":\"https:\\\/\\\/schema.org\",\"@graph\":[{\"@type\":\"Article\",\"@id\":\"https:\\\/\\\/favorite-news.com\\\/de\\\/durchhalten-als-mantra-doch-kanzlerin-kann-wieder-nicht-sagen-wie-lange\\\/#article\",\"isPartOf\":{\"@id\":\"https:\\\/\\\/favorite-news.com\\\/de\\\/durchhalten-als-mantra-doch-kanzlerin-kann-wieder-nicht-sagen-wie-lange\\\/\"},\"author\":{\"name\":\"favorite-news\",\"@id\":\"https:\\\/\\\/favorite-news.com\\\/de\\\/#\\\/schema\\\/person\\\/b66c4cfdd10a5bf16d7d5efda647111f\"},\"headline\":\"&#8222;Durchhalten&#8220; als Mantra &#8211; doch Kanzlerin kann wieder nicht sagen, wie lange\",\"datePublished\":\"2021-02-04T22:45:01+00:00\",\"mainEntityOfPage\":{\"@id\":\"https:\\\/\\\/favorite-news.com\\\/de\\\/durchhalten-als-mantra-doch-kanzlerin-kann-wieder-nicht-sagen-wie-lange\\\/\"},\"wordCount\":686,\"commentCount\":0,\"articleSection\":[\"NEUIGKEITEN\"],\"inLanguage\":\"de\",\"potentialAction\":[{\"@type\":\"CommentAction\",\"name\":\"Comment\",\"target\":[\"https:\\\/\\\/favorite-news.com\\\/de\\\/durchhalten-als-mantra-doch-kanzlerin-kann-wieder-nicht-sagen-wie-lange\\\/#respond\"]}]},{\"@type\":\"WebPage\",\"@id\":\"https:\\\/\\\/favorite-news.com\\\/de\\\/durchhalten-als-mantra-doch-kanzlerin-kann-wieder-nicht-sagen-wie-lange\\\/\",\"url\":\"https:\\\/\\\/favorite-news.com\\\/de\\\/durchhalten-als-mantra-doch-kanzlerin-kann-wieder-nicht-sagen-wie-lange\\\/\",\"name\":\"\\\"Durchhalten\\\" als Mantra - doch Kanzlerin kann wieder nicht sagen, wie lange - Favorite News\",\"isPartOf\":{\"@id\":\"https:\\\/\\\/favorite-news.com\\\/de\\\/#website\"},\"datePublished\":\"2021-02-04T22:45:01+00:00\",\"author\":{\"@id\":\"https:\\\/\\\/favorite-news.com\\\/de\\\/#\\\/schema\\\/person\\\/b66c4cfdd10a5bf16d7d5efda647111f\"},\"breadcrumb\":{\"@id\":\"https:\\\/\\\/favorite-news.com\\\/de\\\/durchhalten-als-mantra-doch-kanzlerin-kann-wieder-nicht-sagen-wie-lange\\\/#breadcrumb\"},\"inLanguage\":\"de\",\"potentialAction\":[{\"@type\":\"ReadAction\",\"target\":[\"https:\\\/\\\/favorite-news.com\\\/de\\\/durchhalten-als-mantra-doch-kanzlerin-kann-wieder-nicht-sagen-wie-lange\\\/\"]}]},{\"@type\":\"BreadcrumbList\",\"@id\":\"https:\\\/\\\/favorite-news.com\\\/de\\\/durchhalten-als-mantra-doch-kanzlerin-kann-wieder-nicht-sagen-wie-lange\\\/#breadcrumb\",\"itemListElement\":[{\"@type\":\"ListItem\",\"position\":1,\"name\":\"Home\",\"item\":\"https:\\\/\\\/favorite-news.com\\\/de\\\/\"},{\"@type\":\"ListItem\",\"position\":2,\"name\":\"&#8222;Durchhalten&#8220; als Mantra &#8211; doch Kanzlerin kann wieder nicht sagen, wie lange\"}]},{\"@type\":\"WebSite\",\"@id\":\"https:\\\/\\\/favorite-news.com\\\/de\\\/#website\",\"url\":\"https:\\\/\\\/favorite-news.com\\\/de\\\/\",\"name\":\"Favorite News\",\"description\":\"Favorite News Germany\",\"potentialAction\":[{\"@type\":\"SearchAction\",\"target\":{\"@type\":\"EntryPoint\",\"urlTemplate\":\"https:\\\/\\\/favorite-news.com\\\/de\\\/?s={search_term_string}\"},\"query-input\":{\"@type\":\"PropertyValueSpecification\",\"valueRequired\":true,\"valueName\":\"search_term_string\"}}],\"inLanguage\":\"de\"},{\"@type\":\"Person\",\"@id\":\"https:\\\/\\\/favorite-news.com\\\/de\\\/#\\\/schema\\\/person\\\/b66c4cfdd10a5bf16d7d5efda647111f\",\"name\":\"favorite-news\",\"image\":{\"@type\":\"ImageObject\",\"inLanguage\":\"de\",\"@id\":\"https:\\\/\\\/secure.gravatar.com\\\/avatar\\\/f89959e01423a9ee3c2debbcf830eb021c575de0e1b3781ca3ae392b71c615a1?s=96&d=mm&r=g\",\"url\":\"https:\\\/\\\/secure.gravatar.com\\\/avatar\\\/f89959e01423a9ee3c2debbcf830eb021c575de0e1b3781ca3ae392b71c615a1?s=96&d=mm&r=g\",\"contentUrl\":\"https:\\\/\\\/secure.gravatar.com\\\/avatar\\\/f89959e01423a9ee3c2debbcf830eb021c575de0e1b3781ca3ae392b71c615a1?s=96&d=mm&r=g\",\"caption\":\"favorite-news\"},\"url\":\"https:\\\/\\\/favorite-news.com\\\/de\\\/author\\\/ruby\\\/\"}]}<\/script>\n<!-- \/ Yoast SEO plugin. -->","yoast_head_json":{"title":"\"Durchhalten\" als Mantra - doch Kanzlerin kann wieder nicht sagen, wie lange - Favorite News","robots":{"index":"index","follow":"follow","max-snippet":"max-snippet:-1","max-image-preview":"max-image-preview:large","max-video-preview":"max-video-preview:-1"},"canonical":"https:\/\/favorite-news.com\/de\/durchhalten-als-mantra-doch-kanzlerin-kann-wieder-nicht-sagen-wie-lange\/","og_locale":"de_DE","og_type":"article","og_title":"\"Durchhalten\" als Mantra - doch Kanzlerin kann wieder nicht sagen, wie lange - Favorite News","og_description":"[ad_1] Kommentar von Hugo M\u00fcller-Vogg: &#8222;Durchhalten&#8220; als Mantra &#8211; doch Merkel kann wieder nicht sagen, wie lange noch &#8222;Durchhalten bis wir durch sind&#8220;, appelliert Kanzlerin Angela Merkel. Auch im RTL-Interview l\u00e4sst sich die Kanzlerin nicht wirklich zu konkreten Aussagen hinrei\u00dfen, weist Kritik am Impf-Debakel zur\u00fcck und d\u00e4mpft die Hoffnung auf Lockdown-Lockerungen. Die wenigen Spitzen der [&hellip;]","og_url":"https:\/\/favorite-news.com\/de\/durchhalten-als-mantra-doch-kanzlerin-kann-wieder-nicht-sagen-wie-lange\/","og_site_name":"Favorite News","article_published_time":"2021-02-04T22:45:01+00:00","author":"favorite-news","twitter_card":"summary_large_image","twitter_misc":{"Verfasst von":"favorite-news","Gesch\u00e4tzte Lesezeit":"3\u00a0Minuten"},"schema":{"@context":"https:\/\/schema.org","@graph":[{"@type":"Article","@id":"https:\/\/favorite-news.com\/de\/durchhalten-als-mantra-doch-kanzlerin-kann-wieder-nicht-sagen-wie-lange\/#article","isPartOf":{"@id":"https:\/\/favorite-news.com\/de\/durchhalten-als-mantra-doch-kanzlerin-kann-wieder-nicht-sagen-wie-lange\/"},"author":{"name":"favorite-news","@id":"https:\/\/favorite-news.com\/de\/#\/schema\/person\/b66c4cfdd10a5bf16d7d5efda647111f"},"headline":"&#8222;Durchhalten&#8220; als Mantra &#8211; doch Kanzlerin kann wieder nicht sagen, wie lange","datePublished":"2021-02-04T22:45:01+00:00","mainEntityOfPage":{"@id":"https:\/\/favorite-news.com\/de\/durchhalten-als-mantra-doch-kanzlerin-kann-wieder-nicht-sagen-wie-lange\/"},"wordCount":686,"commentCount":0,"articleSection":["NEUIGKEITEN"],"inLanguage":"de","potentialAction":[{"@type":"CommentAction","name":"Comment","target":["https:\/\/favorite-news.com\/de\/durchhalten-als-mantra-doch-kanzlerin-kann-wieder-nicht-sagen-wie-lange\/#respond"]}]},{"@type":"WebPage","@id":"https:\/\/favorite-news.com\/de\/durchhalten-als-mantra-doch-kanzlerin-kann-wieder-nicht-sagen-wie-lange\/","url":"https:\/\/favorite-news.com\/de\/durchhalten-als-mantra-doch-kanzlerin-kann-wieder-nicht-sagen-wie-lange\/","name":"\"Durchhalten\" als Mantra - doch Kanzlerin kann wieder nicht sagen, wie lange - Favorite News","isPartOf":{"@id":"https:\/\/favorite-news.com\/de\/#website"},"datePublished":"2021-02-04T22:45:01+00:00","author":{"@id":"https:\/\/favorite-news.com\/de\/#\/schema\/person\/b66c4cfdd10a5bf16d7d5efda647111f"},"breadcrumb":{"@id":"https:\/\/favorite-news.com\/de\/durchhalten-als-mantra-doch-kanzlerin-kann-wieder-nicht-sagen-wie-lange\/#breadcrumb"},"inLanguage":"de","potentialAction":[{"@type":"ReadAction","target":["https:\/\/favorite-news.com\/de\/durchhalten-als-mantra-doch-kanzlerin-kann-wieder-nicht-sagen-wie-lange\/"]}]},{"@type":"BreadcrumbList","@id":"https:\/\/favorite-news.com\/de\/durchhalten-als-mantra-doch-kanzlerin-kann-wieder-nicht-sagen-wie-lange\/#breadcrumb","itemListElement":[{"@type":"ListItem","position":1,"name":"Home","item":"https:\/\/favorite-news.com\/de\/"},{"@type":"ListItem","position":2,"name":"&#8222;Durchhalten&#8220; als Mantra &#8211; doch Kanzlerin kann wieder nicht sagen, wie lange"}]},{"@type":"WebSite","@id":"https:\/\/favorite-news.com\/de\/#website","url":"https:\/\/favorite-news.com\/de\/","name":"Favorite News","description":"Favorite News Germany","potentialAction":[{"@type":"SearchAction","target":{"@type":"EntryPoint","urlTemplate":"https:\/\/favorite-news.com\/de\/?s={search_term_string}"},"query-input":{"@type":"PropertyValueSpecification","valueRequired":true,"valueName":"search_term_string"}}],"inLanguage":"de"},{"@type":"Person","@id":"https:\/\/favorite-news.com\/de\/#\/schema\/person\/b66c4cfdd10a5bf16d7d5efda647111f","name":"favorite-news","image":{"@type":"ImageObject","inLanguage":"de","@id":"https:\/\/secure.gravatar.com\/avatar\/f89959e01423a9ee3c2debbcf830eb021c575de0e1b3781ca3ae392b71c615a1?s=96&d=mm&r=g","url":"https:\/\/secure.gravatar.com\/avatar\/f89959e01423a9ee3c2debbcf830eb021c575de0e1b3781ca3ae392b71c615a1?s=96&d=mm&r=g","contentUrl":"https:\/\/secure.gravatar.com\/avatar\/f89959e01423a9ee3c2debbcf830eb021c575de0e1b3781ca3ae392b71c615a1?s=96&d=mm&r=g","caption":"favorite-news"},"url":"https:\/\/favorite-news.com\/de\/author\/ruby\/"}]}},"_links":{"self":[{"href":"https:\/\/favorite-news.com\/de\/wp-json\/wp\/v2\/posts\/958","targetHints":{"allow":["GET"]}}],"collection":[{"href":"https:\/\/favorite-news.com\/de\/wp-json\/wp\/v2\/posts"}],"about":[{"href":"https:\/\/favorite-news.com\/de\/wp-json\/wp\/v2\/types\/post"}],"author":[{"embeddable":true,"href":"https:\/\/favorite-news.com\/de\/wp-json\/wp\/v2\/users\/1"}],"replies":[{"embeddable":true,"href":"https:\/\/favorite-news.com\/de\/wp-json\/wp\/v2\/comments?post=958"}],"version-history":[{"count":0,"href":"https:\/\/favorite-news.com\/de\/wp-json\/wp\/v2\/posts\/958\/revisions"}],"wp:attachment":[{"href":"https:\/\/favorite-news.com\/de\/wp-json\/wp\/v2\/media?parent=958"}],"wp:term":[{"taxonomy":"category","embeddable":true,"href":"https:\/\/favorite-news.com\/de\/wp-json\/wp\/v2\/categories?post=958"},{"taxonomy":"post_tag","embeddable":true,"href":"https:\/\/favorite-news.com\/de\/wp-json\/wp\/v2\/tags?post=958"}],"curies":[{"name":"wp","href":"https:\/\/api.w.org\/{rel}","templated":true}]}}