{"id":950,"date":"2021-02-02T22:10:56","date_gmt":"2021-02-02T22:10:56","guid":{"rendered":"https:\/\/favorite-news.com\/de\/putins-palast-wer-ist-der-mann-der-fuer-putin-den-kopf-hinhaelt\/"},"modified":"2021-02-02T22:10:56","modified_gmt":"2021-02-02T22:10:56","slug":"putins-palast-wer-ist-der-mann-der-fuer-putin-den-kopf-hinhaelt","status":"publish","type":"post","link":"https:\/\/favorite-news.com\/de\/putins-palast-wer-ist-der-mann-der-fuer-putin-den-kopf-hinhaelt\/","title":{"rendered":"Putins Palast: Wer ist der Mann, der f\u00fcr Putin den Kopf hinh\u00e4lt?"},"content":{"rendered":"<p>[ad_1]<br \/>\n <\/p>\n<p>                   Kindheitsfreund, Judo-Partner, Milliard\u00e4r: Putins Prunk-Palast: Wer ist der Mann, der f\u00fcr den Kremlchef den Kopf hinh\u00e4lt?<\/p>\n<p>        In Russland gilt er als &#8222;K\u00f6nig des Staatsauftrags&#8220;: Arkadi Rotenberg. Eine Bezeichnung, die er wohl seiner bedingungslosen Loyalit\u00e4t zu Machtinhaber Putin verdankt. J\u00fcngst erkl\u00e4rte er, ihm geh\u00f6re die von Nawalny als &#8222;Putins Palast&#8220; bezeichnete Villa.<\/p>\n<p>\t\tFast zwei Wochen nach der Ver\u00f6ffentlichung des millionenfach aufgerufenen Enth\u00fcllungsvideos &#8222;Ein Palast f\u00fcr Putin&#8220; des Kremlgegners Alexej Nawalny hat sich ein Vertrauter von Pr\u00e4sident Wladimir Putin zum Eigent\u00fcmer des Anwesens erkl\u00e4rt.Er sei der Beg\u00fcnstigte, sagte der Oligarch Arkadi Rotenberg in einem am Samstag im Telegram-Nachrichtenkanal Mash ver\u00f6ffentlichten Video. &#8222;Jetzt ist es kein Geheimnis mehr.&#8220; Er habe die Anlage vor mehreren Jahren erworben. Der Oligarch meinte, es sei auch kein Palast, sondern ein gerade entstehendes Apart-Hotel mit 16 Zimmern.Arkadi Rotenberg: Putins milliardenschwerer Business- und Judo-PartnerDer 69-j\u00e4hrige Rotenberg gilt als einer der reichsten Menschen in Russland. Er steht auf einer Liste von Russen, die vom Westen im Zuge des Krieges in der Ostukraine mit Sanktionen belegt sind. Nach einem Bericht der Frankfurter Allgemeinen Zeitung (&#8222;FAZ&#8220;) soll &#8222;Forbes&#8220; sein Verm\u00f6gen auf 2,8 Milliarden Dollar sch\u00e4tzen.Mithilfe von Staatsunternehmensanteilen und Staatsauftr\u00e4gen sei er sehr reich geworden sind. Zusammen mit seinem Bruder Robert gelte Rotenberg als &#8222;K\u00f6nig des Staatsauftrags&#8220; und &#8222;Putin-Oligarch&#8220;, hei\u00dft es in dem Bericht weiter. Dabei sei er vom Baugewerbe bis zum Bankwesen in verschiedenen Sektoren t\u00e4tig. Rotenbergs Firmen haben unter umstrittenen Umst\u00e4nden Auftr\u00e4ge f\u00fcr den Umbau des Moskauer Flughafens Scheremetjewo und bei den Olympischen Spielen in Sotschi bekommen.<\/p>\n<p>\t\t\t\t\tRotenberg soll den Herrscher seit Jahrzehnten kennen. Er habe den um ein Dreivierteljahr j\u00fcngeren Putin Anfang der 60er Jahre in Leningrad beim Kampfsport &#8222;Sambo&#8220; kennengelernt. Sp\u00e4ter sei Judo gefolgt, noch immer w\u00fcrden sie regelm\u00e4\u00dfig Eishockey spielen.Es gebe viele, darunter vor allem die kremltreuen Propagandisten, die f\u00fcr ihre Loyalit\u00e4t viel Geld bek\u00e4men, sagt der Politologe Abbas Galljamow. &#8222;Freiwillig liebt diesen Machtapparat ja niemand.&#8220;Rotenberg \u00fcber Luxus-Anwesen: &#8222;Dies ist ein Geschenk des Himmels&#8220;Lange gab es Spekulationen dar\u00fcber, wem das Grundst\u00fcck mit dem Palast am Schwarzen Meer im S\u00fcden Russlands geh\u00f6rt. Putin hatte am Montag bestritten, dass das Anwesen ihm oder seinen engen Verwandten geh\u00f6re. In dem auf Telegram ver\u00f6ffentlichten Video schw\u00e4rmte Rotenberg nun von dem Palast: &#8222;Dies ist ein Geschenk des Himmels. Der Ort ist wundersch\u00f6n.&#8220; Auf die Frage, weshalb er sich nicht fr\u00fcher zu Wort gemeldet habe, nannte er einen &#8222;rein menschlichen Faktor&#8220; als Grund. &#8222;Es gibt ja ohnehin schon Sanktionen gegen mich.&#8220;<\/p>\n<p>\t\t\t\t\tRotenbergs Pressestelle sagte der Agentur &#8222;Interfax&#8220;, derzeit liefen Arbeiten f\u00fcr den Bau eines Hotels. Man hoffe, dass diese in ein paar Jahren abgeschlossen seien. Um zu unterstreichen, dass es sich bei dem Geb\u00e4ude nicht um einen Privatpalast handelt, sondern tats\u00e4chlich um ein Hotel, filmte das Staatsfernsehen den Palast.Politologe: Bev\u00f6lkerung wird von Kreml und Staatsmedien f\u00fcr dumm verkauftDie Bev\u00f6lkerung werde vom Kreml und den Staatsmedien einfach f\u00fcr dumm verkauft, sagt der Politologe Dmitri Oreschkin. Zugleich bescheinigt er Nawalny, dass er mit seinen Recherchen und seinen erfolgreichen Protestaufrufen die Haltung der Menschen in Russland gegen\u00fcber dem Machtapparat ver\u00e4ndert habe.&#8220;Die Menschen verstehen, dass der Machtapparat ihre Interessen nicht vertritt, sondern eine eingeschworene Zunft bildet, die sich nur um ihre Angelegenheiten k\u00fcmmert&#8220;, sagt Oreschkin. Die aktuellen Proteste seien getrieben von einem tiefen Gef\u00fchl der Ungerechtigkeit und der fehlenden Aussicht auf einen Machtwechsel in Russland.Nawalnys Film: Luxus-Grundst\u00fcck ist fast 40 Mal so gro\u00df wie MonacoDas Grundst\u00fcck samt Palast ist Nawalnys Film zufolge fast 40 Mal so gro\u00df wie Monaco und soll bereits mehr als 100 Milliarden Rubel (1,1 Milliarden Euro) verschlungen haben. Unter anderem soll das Anwesen einen Bunker mit 16 Etagen, eine Kirche und eine Eisarena haben. Das Video ist bei Youtube bereits mehr als 103 Millionen Mal aufgerufen worden &#8211; und hatte den Kreml unter Druck gesetzt. Neben der Inhaftierung Nawalnys war auch der Film einer der Ausl\u00f6ser der Massenproteste am vergangenen Wochenende.<br \/>\n\t\t\t\t\tIst das Putins geheimer Super-Palast?<\/p>\n<p>\t\t\t\t\tK\u00e4sekuchen mit roter Gr\u00fctze: Fruchtig, aber weniger Kalorien &#8211; so geht&#8217;s<\/p>\n<p>\t\t\t\t\t\u00a0<br \/>\n\t\t                            pzk\/Mit Material der dpa<\/p>\n<p>[ad_2]<br \/>\n <br \/><a href=\"https:\/\/www.focus.de\/politik\/ausland\/jugendfreund-milliardaer-judo-partner-der-mann-dem-putins-palast-gehoert-wurde-durch-ihn-zum-magnaten_id_12935270.html\">\u0421\u0441\u044b\u043b\u043a\u0430 \u043d\u0430 \u0438\u0441\u0442\u043e\u0447\u043d\u0438\u043a <\/a><\/p>\n","protected":false},"excerpt":{"rendered":"<p>[ad_1] Kindheitsfreund, Judo-Partner, Milliard\u00e4r: Putins Prunk-Palast: Wer ist der Mann, der f\u00fcr den Kremlchef den Kopf hinh\u00e4lt? In Russland gilt er als &#8222;K\u00f6nig des Staatsauftrags&#8220;: Arkadi Rotenberg. Eine Bezeichnung, die er wohl seiner bedingungslosen Loyalit\u00e4t zu Machtinhaber Putin verdankt. J\u00fcngst erkl\u00e4rte er, ihm geh\u00f6re die von Nawalny als &#8222;Putins Palast&#8220; bezeichnete Villa. Fast zwei Wochen [&hellip;]<\/p>\n","protected":false},"author":1,"featured_media":0,"comment_status":"open","ping_status":"open","sticky":false,"template":"","format":"standard","meta":{"footnotes":""},"categories":[1],"tags":[],"class_list":["post-950","post","type-post","status-publish","format-standard","hentry","category-neuigkeiten"],"yoast_head":"<!-- This site is optimized with the Yoast SEO plugin v27.4 - https:\/\/yoast.com\/product\/yoast-seo-wordpress\/ -->\n<title>Putins Palast: Wer ist der Mann, der f\u00fcr Putin den Kopf hinh\u00e4lt? - Favorite News<\/title>\n<meta name=\"robots\" content=\"index, follow, max-snippet:-1, max-image-preview:large, max-video-preview:-1\" \/>\n<link rel=\"canonical\" href=\"https:\/\/favorite-news.com\/de\/putins-palast-wer-ist-der-mann-der-fuer-putin-den-kopf-hinhaelt\/\" \/>\n<meta property=\"og:locale\" content=\"de_DE\" \/>\n<meta property=\"og:type\" content=\"article\" \/>\n<meta property=\"og:title\" content=\"Putins Palast: Wer ist der Mann, der f\u00fcr Putin den Kopf hinh\u00e4lt? - Favorite News\" \/>\n<meta property=\"og:description\" content=\"[ad_1] Kindheitsfreund, Judo-Partner, Milliard\u00e4r: Putins Prunk-Palast: Wer ist der Mann, der f\u00fcr den Kremlchef den Kopf hinh\u00e4lt? In Russland gilt er als &#8222;K\u00f6nig des Staatsauftrags&#8220;: Arkadi Rotenberg. Eine Bezeichnung, die er wohl seiner bedingungslosen Loyalit\u00e4t zu Machtinhaber Putin verdankt. J\u00fcngst erkl\u00e4rte er, ihm geh\u00f6re die von Nawalny als &#8222;Putins Palast&#8220; bezeichnete Villa. Fast zwei Wochen [&hellip;]\" \/>\n<meta property=\"og:url\" content=\"https:\/\/favorite-news.com\/de\/putins-palast-wer-ist-der-mann-der-fuer-putin-den-kopf-hinhaelt\/\" \/>\n<meta property=\"og:site_name\" content=\"Favorite News\" \/>\n<meta property=\"article:published_time\" content=\"2021-02-02T22:10:56+00:00\" \/>\n<meta name=\"author\" content=\"favorite-news\" \/>\n<meta name=\"twitter:card\" content=\"summary_large_image\" \/>\n<meta name=\"twitter:label1\" content=\"Verfasst von\" \/>\n\t<meta name=\"twitter:data1\" content=\"favorite-news\" \/>\n\t<meta name=\"twitter:label2\" content=\"Gesch\u00e4tzte Lesezeit\" \/>\n\t<meta name=\"twitter:data2\" content=\"4\u00a0Minuten\" \/>\n<script type=\"application\/ld+json\" class=\"yoast-schema-graph\">{\"@context\":\"https:\\\/\\\/schema.org\",\"@graph\":[{\"@type\":\"Article\",\"@id\":\"https:\\\/\\\/favorite-news.com\\\/de\\\/putins-palast-wer-ist-der-mann-der-fuer-putin-den-kopf-hinhaelt\\\/#article\",\"isPartOf\":{\"@id\":\"https:\\\/\\\/favorite-news.com\\\/de\\\/putins-palast-wer-ist-der-mann-der-fuer-putin-den-kopf-hinhaelt\\\/\"},\"author\":{\"name\":\"favorite-news\",\"@id\":\"https:\\\/\\\/favorite-news.com\\\/de\\\/#\\\/schema\\\/person\\\/b66c4cfdd10a5bf16d7d5efda647111f\"},\"headline\":\"Putins Palast: Wer ist der Mann, der f\u00fcr Putin den Kopf hinh\u00e4lt?\",\"datePublished\":\"2021-02-02T22:10:56+00:00\",\"mainEntityOfPage\":{\"@id\":\"https:\\\/\\\/favorite-news.com\\\/de\\\/putins-palast-wer-ist-der-mann-der-fuer-putin-den-kopf-hinhaelt\\\/\"},\"wordCount\":727,\"commentCount\":0,\"articleSection\":[\"NEUIGKEITEN\"],\"inLanguage\":\"de\",\"potentialAction\":[{\"@type\":\"CommentAction\",\"name\":\"Comment\",\"target\":[\"https:\\\/\\\/favorite-news.com\\\/de\\\/putins-palast-wer-ist-der-mann-der-fuer-putin-den-kopf-hinhaelt\\\/#respond\"]}]},{\"@type\":\"WebPage\",\"@id\":\"https:\\\/\\\/favorite-news.com\\\/de\\\/putins-palast-wer-ist-der-mann-der-fuer-putin-den-kopf-hinhaelt\\\/\",\"url\":\"https:\\\/\\\/favorite-news.com\\\/de\\\/putins-palast-wer-ist-der-mann-der-fuer-putin-den-kopf-hinhaelt\\\/\",\"name\":\"Putins Palast: Wer ist der Mann, der f\u00fcr Putin den Kopf hinh\u00e4lt? - Favorite News\",\"isPartOf\":{\"@id\":\"https:\\\/\\\/favorite-news.com\\\/de\\\/#website\"},\"datePublished\":\"2021-02-02T22:10:56+00:00\",\"author\":{\"@id\":\"https:\\\/\\\/favorite-news.com\\\/de\\\/#\\\/schema\\\/person\\\/b66c4cfdd10a5bf16d7d5efda647111f\"},\"breadcrumb\":{\"@id\":\"https:\\\/\\\/favorite-news.com\\\/de\\\/putins-palast-wer-ist-der-mann-der-fuer-putin-den-kopf-hinhaelt\\\/#breadcrumb\"},\"inLanguage\":\"de\",\"potentialAction\":[{\"@type\":\"ReadAction\",\"target\":[\"https:\\\/\\\/favorite-news.com\\\/de\\\/putins-palast-wer-ist-der-mann-der-fuer-putin-den-kopf-hinhaelt\\\/\"]}]},{\"@type\":\"BreadcrumbList\",\"@id\":\"https:\\\/\\\/favorite-news.com\\\/de\\\/putins-palast-wer-ist-der-mann-der-fuer-putin-den-kopf-hinhaelt\\\/#breadcrumb\",\"itemListElement\":[{\"@type\":\"ListItem\",\"position\":1,\"name\":\"Home\",\"item\":\"https:\\\/\\\/favorite-news.com\\\/de\\\/\"},{\"@type\":\"ListItem\",\"position\":2,\"name\":\"Putins Palast: Wer ist der Mann, der f\u00fcr Putin den Kopf hinh\u00e4lt?\"}]},{\"@type\":\"WebSite\",\"@id\":\"https:\\\/\\\/favorite-news.com\\\/de\\\/#website\",\"url\":\"https:\\\/\\\/favorite-news.com\\\/de\\\/\",\"name\":\"Favorite News\",\"description\":\"Favorite News Germany\",\"potentialAction\":[{\"@type\":\"SearchAction\",\"target\":{\"@type\":\"EntryPoint\",\"urlTemplate\":\"https:\\\/\\\/favorite-news.com\\\/de\\\/?s={search_term_string}\"},\"query-input\":{\"@type\":\"PropertyValueSpecification\",\"valueRequired\":true,\"valueName\":\"search_term_string\"}}],\"inLanguage\":\"de\"},{\"@type\":\"Person\",\"@id\":\"https:\\\/\\\/favorite-news.com\\\/de\\\/#\\\/schema\\\/person\\\/b66c4cfdd10a5bf16d7d5efda647111f\",\"name\":\"favorite-news\",\"image\":{\"@type\":\"ImageObject\",\"inLanguage\":\"de\",\"@id\":\"https:\\\/\\\/secure.gravatar.com\\\/avatar\\\/f89959e01423a9ee3c2debbcf830eb021c575de0e1b3781ca3ae392b71c615a1?s=96&d=mm&r=g\",\"url\":\"https:\\\/\\\/secure.gravatar.com\\\/avatar\\\/f89959e01423a9ee3c2debbcf830eb021c575de0e1b3781ca3ae392b71c615a1?s=96&d=mm&r=g\",\"contentUrl\":\"https:\\\/\\\/secure.gravatar.com\\\/avatar\\\/f89959e01423a9ee3c2debbcf830eb021c575de0e1b3781ca3ae392b71c615a1?s=96&d=mm&r=g\",\"caption\":\"favorite-news\"},\"url\":\"https:\\\/\\\/favorite-news.com\\\/de\\\/author\\\/ruby\\\/\"}]}<\/script>\n<!-- \/ Yoast SEO plugin. -->","yoast_head_json":{"title":"Putins Palast: Wer ist der Mann, der f\u00fcr Putin den Kopf hinh\u00e4lt? - Favorite News","robots":{"index":"index","follow":"follow","max-snippet":"max-snippet:-1","max-image-preview":"max-image-preview:large","max-video-preview":"max-video-preview:-1"},"canonical":"https:\/\/favorite-news.com\/de\/putins-palast-wer-ist-der-mann-der-fuer-putin-den-kopf-hinhaelt\/","og_locale":"de_DE","og_type":"article","og_title":"Putins Palast: Wer ist der Mann, der f\u00fcr Putin den Kopf hinh\u00e4lt? - Favorite News","og_description":"[ad_1] Kindheitsfreund, Judo-Partner, Milliard\u00e4r: Putins Prunk-Palast: Wer ist der Mann, der f\u00fcr den Kremlchef den Kopf hinh\u00e4lt? In Russland gilt er als &#8222;K\u00f6nig des Staatsauftrags&#8220;: Arkadi Rotenberg. Eine Bezeichnung, die er wohl seiner bedingungslosen Loyalit\u00e4t zu Machtinhaber Putin verdankt. J\u00fcngst erkl\u00e4rte er, ihm geh\u00f6re die von Nawalny als &#8222;Putins Palast&#8220; bezeichnete Villa. Fast zwei Wochen [&hellip;]","og_url":"https:\/\/favorite-news.com\/de\/putins-palast-wer-ist-der-mann-der-fuer-putin-den-kopf-hinhaelt\/","og_site_name":"Favorite News","article_published_time":"2021-02-02T22:10:56+00:00","author":"favorite-news","twitter_card":"summary_large_image","twitter_misc":{"Verfasst von":"favorite-news","Gesch\u00e4tzte Lesezeit":"4\u00a0Minuten"},"schema":{"@context":"https:\/\/schema.org","@graph":[{"@type":"Article","@id":"https:\/\/favorite-news.com\/de\/putins-palast-wer-ist-der-mann-der-fuer-putin-den-kopf-hinhaelt\/#article","isPartOf":{"@id":"https:\/\/favorite-news.com\/de\/putins-palast-wer-ist-der-mann-der-fuer-putin-den-kopf-hinhaelt\/"},"author":{"name":"favorite-news","@id":"https:\/\/favorite-news.com\/de\/#\/schema\/person\/b66c4cfdd10a5bf16d7d5efda647111f"},"headline":"Putins Palast: Wer ist der Mann, der f\u00fcr Putin den Kopf hinh\u00e4lt?","datePublished":"2021-02-02T22:10:56+00:00","mainEntityOfPage":{"@id":"https:\/\/favorite-news.com\/de\/putins-palast-wer-ist-der-mann-der-fuer-putin-den-kopf-hinhaelt\/"},"wordCount":727,"commentCount":0,"articleSection":["NEUIGKEITEN"],"inLanguage":"de","potentialAction":[{"@type":"CommentAction","name":"Comment","target":["https:\/\/favorite-news.com\/de\/putins-palast-wer-ist-der-mann-der-fuer-putin-den-kopf-hinhaelt\/#respond"]}]},{"@type":"WebPage","@id":"https:\/\/favorite-news.com\/de\/putins-palast-wer-ist-der-mann-der-fuer-putin-den-kopf-hinhaelt\/","url":"https:\/\/favorite-news.com\/de\/putins-palast-wer-ist-der-mann-der-fuer-putin-den-kopf-hinhaelt\/","name":"Putins Palast: Wer ist der Mann, der f\u00fcr Putin den Kopf hinh\u00e4lt? - Favorite News","isPartOf":{"@id":"https:\/\/favorite-news.com\/de\/#website"},"datePublished":"2021-02-02T22:10:56+00:00","author":{"@id":"https:\/\/favorite-news.com\/de\/#\/schema\/person\/b66c4cfdd10a5bf16d7d5efda647111f"},"breadcrumb":{"@id":"https:\/\/favorite-news.com\/de\/putins-palast-wer-ist-der-mann-der-fuer-putin-den-kopf-hinhaelt\/#breadcrumb"},"inLanguage":"de","potentialAction":[{"@type":"ReadAction","target":["https:\/\/favorite-news.com\/de\/putins-palast-wer-ist-der-mann-der-fuer-putin-den-kopf-hinhaelt\/"]}]},{"@type":"BreadcrumbList","@id":"https:\/\/favorite-news.com\/de\/putins-palast-wer-ist-der-mann-der-fuer-putin-den-kopf-hinhaelt\/#breadcrumb","itemListElement":[{"@type":"ListItem","position":1,"name":"Home","item":"https:\/\/favorite-news.com\/de\/"},{"@type":"ListItem","position":2,"name":"Putins Palast: Wer ist der Mann, der f\u00fcr Putin den Kopf hinh\u00e4lt?"}]},{"@type":"WebSite","@id":"https:\/\/favorite-news.com\/de\/#website","url":"https:\/\/favorite-news.com\/de\/","name":"Favorite News","description":"Favorite News Germany","potentialAction":[{"@type":"SearchAction","target":{"@type":"EntryPoint","urlTemplate":"https:\/\/favorite-news.com\/de\/?s={search_term_string}"},"query-input":{"@type":"PropertyValueSpecification","valueRequired":true,"valueName":"search_term_string"}}],"inLanguage":"de"},{"@type":"Person","@id":"https:\/\/favorite-news.com\/de\/#\/schema\/person\/b66c4cfdd10a5bf16d7d5efda647111f","name":"favorite-news","image":{"@type":"ImageObject","inLanguage":"de","@id":"https:\/\/secure.gravatar.com\/avatar\/f89959e01423a9ee3c2debbcf830eb021c575de0e1b3781ca3ae392b71c615a1?s=96&d=mm&r=g","url":"https:\/\/secure.gravatar.com\/avatar\/f89959e01423a9ee3c2debbcf830eb021c575de0e1b3781ca3ae392b71c615a1?s=96&d=mm&r=g","contentUrl":"https:\/\/secure.gravatar.com\/avatar\/f89959e01423a9ee3c2debbcf830eb021c575de0e1b3781ca3ae392b71c615a1?s=96&d=mm&r=g","caption":"favorite-news"},"url":"https:\/\/favorite-news.com\/de\/author\/ruby\/"}]}},"_links":{"self":[{"href":"https:\/\/favorite-news.com\/de\/wp-json\/wp\/v2\/posts\/950","targetHints":{"allow":["GET"]}}],"collection":[{"href":"https:\/\/favorite-news.com\/de\/wp-json\/wp\/v2\/posts"}],"about":[{"href":"https:\/\/favorite-news.com\/de\/wp-json\/wp\/v2\/types\/post"}],"author":[{"embeddable":true,"href":"https:\/\/favorite-news.com\/de\/wp-json\/wp\/v2\/users\/1"}],"replies":[{"embeddable":true,"href":"https:\/\/favorite-news.com\/de\/wp-json\/wp\/v2\/comments?post=950"}],"version-history":[{"count":0,"href":"https:\/\/favorite-news.com\/de\/wp-json\/wp\/v2\/posts\/950\/revisions"}],"wp:attachment":[{"href":"https:\/\/favorite-news.com\/de\/wp-json\/wp\/v2\/media?parent=950"}],"wp:term":[{"taxonomy":"category","embeddable":true,"href":"https:\/\/favorite-news.com\/de\/wp-json\/wp\/v2\/categories?post=950"},{"taxonomy":"post_tag","embeddable":true,"href":"https:\/\/favorite-news.com\/de\/wp-json\/wp\/v2\/tags?post=950"}],"curies":[{"name":"wp","href":"https:\/\/api.w.org\/{rel}","templated":true}]}}