{"id":869,"date":"2021-01-15T15:29:17","date_gmt":"2021-01-15T15:29:17","guid":{"rendered":"https:\/\/favorite-news.com\/de\/cdu-vorsitz-wolfgang-schaeuble-will-friedrich-merz-zum-vorsitzenden-waehlen\/"},"modified":"2021-01-15T15:29:19","modified_gmt":"2021-01-15T15:29:19","slug":"cdu-vorsitz-wolfgang-schaeuble-will-friedrich-merz-zum-vorsitzenden-waehlen","status":"publish","type":"post","link":"https:\/\/favorite-news.com\/de\/cdu-vorsitz-wolfgang-schaeuble-will-friedrich-merz-zum-vorsitzenden-waehlen\/","title":{"rendered":"CDU-Vorsitz: Wolfgang Sch\u00e4uble will Friedrich Merz zum Vorsitzenden w\u00e4hlen"},"content":{"rendered":"<p>[ad_1]<br \/>\n <\/p>\n<p>        Der Countdown l\u00e4uft: Am 16. Januar soll sich auf dem digitalen CDU-Parteitag\u00a0entscheiden, wer den Vorsitz im Jahr der Bundestagswahl \u00fcbernimmt &#8211; und damit wom\u00f6glich auch die Kanzlerkandidatur. Wer macht das Rennen: Armin Laschet, Friedrich Merz oder Norbert R\u00f6ttgen? Alle Informationen im News-Ticker von FOCUS Online.<\/p>\n<p>\t\tAuf dem CDU-Parteitag am 16. Januar soll ein neuer Parteivorsitzender sowie die Parteispitze neu gew\u00e4hlt werdenEin f\u00fcr April anvisierter Sonderparteitag sowie ein Parteitag im Dezember waren zuvor wegen der Corona-Pandemie abgesagt wordenDer Parteitag wird erstmals in der Geschichte der CDU komplett digital ablaufenWolfgang Sch\u00e4uble will Friedrich Merz zum CDU-Vorsitzenden w\u00e4hlen16.15 Uhr: Bundestagspr\u00e4sident Wolfgang Sch\u00e4uble will auf dem CDU-Bundesparteitag am Samstag f\u00fcr Friedrich Merz stimmen. Das k\u00fcndigte er am Freitag bei einer Vorbesprechung der Delegierten aus Baden-W\u00fcrttemberg an, wie die Deutsche Presse-Agentur aus Teilnehmerkreisen erfuhr. Die Landtagswahl werde schwer, und die S\u00fcdwest-CDU m\u00fcsse wieder die Nummer eins werden, wird Sch\u00e4uble zitiert. Er sei der \u00dcberzeugung, dass man die W\u00e4hler in Baden-W\u00fcrttemberg mit der Wahl von Merz zum Bundesparteichef am st\u00e4rksten mobilisieren k\u00f6nne. Sch\u00e4uble betonte aber auch, dass die CDU drei gute Kandidaten f\u00fcr den Parteivorsitz habe. Der Wahlkampf habe der Partei nicht geschadet und sei auch nicht selbstzerst\u00f6rerisch gewesen.R\u00f6ttgen: Bei Debatte um Kanzlerkandidat geht es nicht um Egos12.44 Uhr: Der Kandidat f\u00fcr den\u00a0CDU-Vorsitz Norbert R\u00f6ttgen hat den Anspruch der Union bekr\u00e4ftigt, auch die n\u00e4chste Bundesregierung anzuf\u00fchren. Das Selbstverst\u00e4ndnis der Partei sei, dass der Vorsitzende auch das Amt als Kanzlerkandidat \u00fcbernehme, sagte der Au\u00dfenpolitiker bei einem Gespr\u00e4ch in &#8222;Guten Morgen Deutschland&#8220; von RTL am Donnerstag vor der Wahl zum\u00a0CDU-Vorsitz. &#8222;Das wichtigste Ziel ist, dass der Unions-Kandidat der Kanzler der Bundesrepublik Deutschland wird&#8220;. Mit dem potenziellen Konkurrenten der CSU, Markus S\u00f6der, will sich R\u00f6ttgen nicht messen: &#8222;Wir sind die ersten Diener der Parteien, darum geht es. Und nicht um uns und unsere Egos.&#8220; Die Entscheidung wird wahrscheinlich erst nach Ostern (4. April) fallen.&#8220;Es gibt viel Arbeit&#8220;, sagte R\u00f6ttgen. Die Partei brauche neuen Schwung, au\u00dferdem stehe direkt der Wahlkampf f\u00fcr die kommenden Landtagswahlen. Sein Plan nach einem Sieg: &#8222;Ich werde mich mit viel Energie, Schwung an die neue Arbeit machen.&#8220; 2021 ist in Deutschland ein sogenanntes Superwahljahr mit sechs Landtagswahlen und der Bundestagswahl.Zur Wahl f\u00fcr den\u00a0CDU-Vorsitz stellen sich neben R\u00f6ttgen der nordrhein-westf\u00e4lische Ministerpr\u00e4sident Armin Laschet und der\u00a0CDU-Wirtschaftspolitiker und fr\u00fchere Bundestagsfraktionschef Friedrich Merz. Wegen der Corona-Pandemie wird zum ersten Mal in Deutschland eine Parteif\u00fchrung mit einem Online-Parteitag ermittelt.Mehrheit der Deutschen h\u00e4lt keinen der\u00a0CDU-Kandidaten f\u00fcr kanzlertauglich12.37 Uhr: Unmittelbar vor der Wahl des neuen\u00a0CDU-Vorsitzenden h\u00e4lt eine Mehrheit der Deutschen keinen der drei Bewerber f\u00fcr kanzlertauglich. Im neuen ZDF-&#8222;Politbarometer&#8220; erkl\u00e4rten nur jeweils 29 Prozent der Teilnehmer, Norbert R\u00f6ttgen oder Friedrich\u00a0Merz\u00a0sei als Kanzler geeignet, wie der Sender am Freitag mitteilte. Armin Laschet halten demnach 28 Prozent f\u00fcr kanzlertauglich. Selbst bei Anh\u00e4ngern der Union wird den Angaben zufolge keiner der drei als geeigneter Regierungschef gesehen.Der\u00a0CDU-Parteitag beginnt am Freitagabend und w\u00e4hlt am Samstag digital den neuen Vorsitzenden. Es kandidieren Ex-Unionsfraktionschef\u00a0Merz, Ex-Bundesumweltminister R\u00f6ttgen und NRW-Ministerpr\u00e4sident Laschet.Bei der Frage, welcher der Kandidaten am ehesten die\u00a0CDU\u00a0erfolgreich in die Zukunft f\u00fchren kann,\u00a0liegen alle drei M\u00e4nner in der Umfrage nah beieinander. 28 Prozent der Befragten nannten\u00a0Merz\u00a0als Favoriten, f\u00fcr Laschet sprachen sich ebenfalls 28 Prozent aus und f\u00fcr R\u00f6ttgen 24 Prozent. Unter Unions-Anh\u00e4ngern liegt\u00a0Merz\u00a0mit 37 Prozent vorne, es folgen R\u00f6ttgen (26 Prozent) und Laschet (25 Prozent).<\/p>\n<p>\t\t\t\t\tBeim Blick auf andere potenzielle Kanzler und Kanzlerinnen liegt laut &#8222;Politbarometer&#8220; Markus S\u00f6der vorne: Den CSU-Vorsitzenden halten 54 Prozent f\u00fcr kanzlertauglich. Den SPD-Kanzlerkandidaten Olaf Scholz halten 45 Prozent f\u00fcr geeignet, bei Bundesgesundheitsminister Jens Spahn (CDU) sind es 32 Prozent. Der Gr\u00fcnen-Vorsitzende Robert Habeck kommt auf 28 Prozent Zustimmung, seine Ko-Vorsitzende Annalena Baerbock auf 22 Prozent.F\u00fcr das &#8222;Politbarometer&#8220; hatte die Forschungsgruppe Wahlen im Auftrag des ZDF von Dienstag bis Donnerstag dieser Woche 1262 zuf\u00e4llig ausgew\u00e4hlte Wahlberechtigten befragt. Die statistische Fehlertoleranz wurde mit plus\/minus zwei bis drei Prozentpunkten angegeben.CDU-Bundesvize Strobl ruft Partei auf, neuen Vorsitzenden &#8222;aus vollen Kr\u00e4ften zu unterst\u00fctzen&#8220;Freitag, 15. Januar, 07.47 Uhr: CDU-Bundesvize Thomas Strobl hat seine Partei dazu aufgerufen, sich nach der Wahl des neuen Vorsitzenden geschlossen hinter diesen zu stellen. &#8222;Nach dem Samstag kommt der Sonntag. Dann werden wir uns alle hinter dem neugew\u00e4hlten Vorsitzenden versammeln und ihn als neugew\u00e4hlten Vorsitzenden, m\u00f6glichen Kanzlerkandidaten und m\u00f6glichen k\u00fcnftigen Kanzler der Bundesrepublik Deutschland aus vollen Kr\u00e4ften unterst\u00fctzen \u2013 solidarisch und uneingeschr\u00e4nkt&#8220;, sagte der baden-w\u00fcrttembergische CDU-Chef der Deutschen Presse-Agentur in Stuttgart. &#8222;Der Wettbewerb um den Parteivorsitz ist dann beendet.&#8220; Die CDU\u00a0d\u00fcrfe sich im Superwahljahr &#8222;nicht l\u00e4nger als unbedingt n\u00f6tig&#8220; mit sich selbst besch\u00e4ftigen.Strobl sagte f\u00fcr die S\u00fcdwest-CDU zu, sich sofort hinter den neu gew\u00e4hlten Parteichef zu stellen. Alle drei Pers\u00f6nlichkeiten kenne ich lange und ich kann sagen, dass ich mit jedem der drei ab der ersten Sekunde belastbar, vertrauensvoll und allerbestens zusammenarbeiten kann.&#8220; Das gelte aber f\u00fcr die gesamte Landes-CDU. &#8222;Da gibt es eine Pr\u00e4ferenz, aber zusammenarbeiten k\u00f6nnen wir mit allen dreien&#8220;, sagte der 60-J\u00e4hrige.Live-Ticker: Pressekonferenz mit CDU-Generalsekret\u00e4r Paul Ziemiak21.57 Uhr: Ziemiak \u00e4u\u00dfert sich noch kurz zur aktuellen Corona-Situation. Gerade die Virus-Mutationen sei derzeit besorgniserregend: &#8222;Die Kanzlerin ist in gro\u00dfer Sorge&#8220;. Der Generalsekret\u00e4r verabschiedet sich. Die Pressekonferenz ist damit beendet.21.55 Uhr: Das offizielle Ergebnis der Wahl werde am 22. Januar bekannt gegeben. Bei der Abstimmung gelte die Mehrheit der abgegebenen Stimmen.21.53 Uhr: Man habe vorgesorgt, damit es bei der digitalen Wahl nicht zu technischen Problemen komme. Es gebe keinen Anlass zur Sorge, so Ziemiak.<\/p>\n<p>\t\t\t\t\t21.51 Uhr: Ob es au\u00dfer den drei bekannten Kandidaten noch \u00dcberraschungskandidaten geben w\u00fcrde, m\u00f6chte ein Reporter wissen. Ziemiak wisse davon nichts, so die Antwort des Generalsekret\u00e4rs.21.50 Uhr: Sollte keiner der drei Kandidaten Armin Laschet, Friedrich Merz und Norbert R\u00f6ttgen die Mehrheit der Stimmen erreichen, so werde eine Stichwahl folgen.21.45 Uhr: Paul\u00a0Ziemiak er\u00f6ffnet die Pressekonferenz. Hauptthema der heutigen CDU-Tagung sei die Corona-Pandemie gewesen. Man verfolge die aktuelle Lage mit gro\u00dfer Sorge. Die Bek\u00e4mpfung habe oberste Priorit\u00e4t.21.30 Uhr: In wenigen Minuten spricht CDU-Generalsekret\u00e4r Paul Ziemiak. FOCUS Online berichtet mit Live-Updates.CDU-Gremien bereiten digitalen Wahlparteitag vor18.39 Uhr: Die Spitzengremien der CDU\u00a0bereiten am Donnerstagabend bei digitalen Beratungen von Pr\u00e4sidium und Vorstand die Wahl des neuen Parteichefs am Samstag vor. Zun\u00e4chst (19.00 Uhr) kommt die engste Parteif\u00fchrung um die scheidende Vorsitzende Annegret Kramp-Karrenbauer in einer Schaltkonferenz zusammen. Anschlie\u00dfend tagt ebenfalls digital der gr\u00f6\u00dfere Vorstand (20.00 Uhr). Nach den Sitzungen will Generalsekret\u00e4r Paul\u00a0Ziemiak\u00a0(ca. 21.30 Uhr) die \u00d6ffentlichkeit informieren. <\/p>\n<p>\t\t\t\t\tOffiziell beginnt der Online-Parteitag mit 1001 Delegierten am fr\u00fchen Freitagabend (18.00 Uhr). Dann sind unter anderem Reden von Kramp-Karrenbauer und\u00a0Ziemiak\u00a0sowie Gru\u00dfworte von Kanzlerin Angela Merkel (CDU), CSU-Chef Markus S\u00f6der und EU-Kommissionspr\u00e4sidentin Ursula von der Leyen geplant.Als erste Partei Deutschlands: CDU will neuen Vorsitzenden online w\u00e4hlen17.46 Uhr: Nach knapp einj\u00e4hriger H\u00e4ngepartie startet morgen um 18.00 Uhr der digitale CDU-Parteitag zur Wahl eines neuen Vorsitzenden. Unter anderem sind Reden der scheidenden Parteivorsitzenden Annegret Kramp-Karrenbauer sowie digitale Gru\u00dfworte von Kanzlerin Angela Merkel (CDU), CSU-Chef Markus S\u00f6der und EU-Kommissionspr\u00e4sidentin Ursula von der Leyen geplant. Der neue Parteichef soll dann am Samstagvormittag gew\u00e4hlt werden.<\/p>\n<p>\t\t\t\t\tDie CDU will als erste Partei in Deutschland ihren neuen Vorsitzenden online w\u00e4hlen. Neben NRW-Ministerpr\u00e4sident Armin Laschet kandidieren Ex-Unionsfraktionschef Friedrich Merz und der Au\u00dfenpolitiker Norbert R\u00f6ttgen. Es wird damit gerechnet, dass keiner der Kandidaten am Samstag schon im ersten Wahlgang die dann n\u00f6tige absolute Mehrheit erh\u00e4lt und dass stattdessen direkt im Anschluss ein zweiter Wahlgang notwendig wird. Um die &#8222;digitale Vorauswahl&#8220; rechtssicher zu machen, schlie\u00dft sich eine Briefwahl an. Deren Ergebnis soll am 22. Januar feststehen und verk\u00fcndet werden.Ist der neue CDU-Vorsitzende gew\u00e4hlt, d\u00fcrfte in der Union rasch die Diskussion \u00fcber den richtigen Kanzlerkandidaten an Schwung gewinnen. In den vergangenen Monaten lag bei Umfragen zu diesem Thema regelm\u00e4\u00dfig der bayerische Ministerpr\u00e4sident S\u00f6der vorne. S\u00f6der selbst hat allerdings bisher \u00f6ffentlich keine Ambitionen auf das Kanzleramt deutlich gemacht.<\/p>\n<p>\t\t\t\t\tBrisante Umfrage zum CDU-Vorsitz: Entscheider in der Wirtschaft f\u00fcr\u00a0Merz\u00a0&#8211; in der Politik f\u00fcr\u00a0Laschet12.28 Uhr: In der Frage der Unions-Kanzlerkandidatur verf\u00fcgt einer Umfrage zufolge keiner der drei Bewerber \u00fcber breiten R\u00fcckhalt unter den Eliten des Landes. Die Spitzen der Wirtschaft favorisieren mit Abstand den fr\u00fcheren\u00a0CDU-Fraktionschef Friedrich\u00a0Merz, die F\u00fchrungsspitzen der Politik klar den nordrhein-westf\u00e4lischen Ministerpr\u00e4sidenten Armin\u00a0Laschet. Das ergab eine Allensbach-Umfrage unter mehr als 500 Entscheidern aus Wirtschaft, Politik und Verwaltung im Auftrag der &#8222;Frankfurter Allgemeinen Zeitung&#8220; und &#8222;Capital&#8220;.Das sogenannte Elite-Panel offenbare zudem &#8222;interessante Kanzlerpr\u00e4ferenzen&#8220;, wie die &#8222;FAZ&#8220; am Donnerstag berichtete. Im Vergleich zum schon nominierten SPD-Kanzlerkandidaten Olaf Scholz bevorzugen F\u00fchrungskr\u00e4fte der Wirtschaft allen voran CSU-Chef Markus S\u00f6der &#8211; s\u00e4hen aber auch\u00a0Merz,\u00a0Laschet\u00a0und dritten\u00a0CDU-Vorsitzbewerber Norbert R\u00f6ttgen lieber im Kanzleramt als den SPD-Finanzminister. Die politischen Eliten dagegen w\u00fcrden nur\u00a0Laschet\u00a0gegen\u00fcber Scholz als Kanzler bevorzugen.\u00a0Laschet w\u00e4re demnach der einzige, auf den sich beide Lager verst\u00e4ndigen k\u00f6nnten.\u00a0<\/p>\n<p>\t\t\t\t\tGeschlossener als die Meinung zum politischen Personal ist die Erwartung an den Wahlausgang. Die Manager und Managerinnen, Politiker und Politikerinnen sowie die Verwaltungsbeamtinnen und -beamten rechnen laut Umfrage mit einer schwarz-gr\u00fcnen Koalition im Bund &#8211; und das w\u00e4re auch ihre Wunsch-Kombination. Zum ersten Mal rangiert demnach unter den Entscheidern des Landes eine Koalition von\u00a0CDU, CSU und Gr\u00fcnen vor einer schwarz-gelben Koalition.\u00a0F\u00fcr das repr\u00e4sentative Elite-Panel hatte das Institut f\u00fcr Demoskopie Allensbach 112 Politiker befragt &#8211; darunter 20 Minister oder Ministerpr\u00e4sidenten. Au\u00dferdem nahmen 357 Manager teil, darunter 100 Vorst\u00e4nde von Unternehmen mit mehr als 20.000 Besch\u00e4ftigten. Auch 48 Menschen aus der Verwaltung wurden befragt, mehrheitlich Leiterinnen und Leiter von Bundes- oder Landesbeh\u00f6rden.Spahn verwahrt sich gegen &#8222;Was-w\u00e4re-wenn-Fragen&#8220; zu seinen Ambitionen10.54 Uhr: Kurz vor dem CDU-Bundesparteitag h\u00e4lt Bundesgesundheitsminister Jens Spahn (CDU) seine Ambitionen bedeckt. In einem Interview mit dem Deutschlandfunk wich er am Mittwoch einer Antwort auf die Frage aus, ob er sich eine Konstellation vorstellen k\u00f6nne, in der er auf dem Parteitag im zweiten Wahlgang doch noch f\u00fcr den CDU-Vorsitz antritt. &#8222;Ich kriege den ganzen Tag irgendwelche Was-w\u00e4re-wenn-Fragen gestellt&#8220;, sagte Spahn. &#8222;Mein Ziel ist, dass Armin Laschet Vorsitzender wird.&#8220;<\/p>\n<p>\t\t\t\t\tZur Frage einer m\u00f6glichen eigenen Kanzlerkandidatur sagte er: &#8222;Stand heute schlie\u00dfe ich das aus.&#8220; Zu Medienberichten, er habe parteiintern hinter den Kulissen die Chancen einer Kanzlerkandidatur sondiert, sagte er lediglich: &#8222;Es wird viel berichtet.&#8220; Er strebe auf dem Parteitag den Posten des stellvertretenden Parteivorsitzenden an, &#8222;jedenfalls werde ich als solcher antreten&#8220;.Er unterst\u00fctze Laschets Kandidatur f\u00fcr den Parteivorsitz, &#8222;weil es darum geht, das Land, die Partei, zusammenzuhalten&#8220;, sagte Spahn. Laschet habe &#8222;in Nordrhein-Westfalen gezeigt, wie Regieren geht&#8220;Parteikollegen wagen sich aus Deckung: Laschet habe bewiesen, dass er &#8222;Mannschaft zusammenh\u00e4lt&#8220;13.01 Uhr: Der\u00a0CDU-Parteitag\u00a0stimmt am Samstag\u00a0\u00fcber\u00a0den neuen Vorsitzenden ab.\u00a0Der\u00a0Brandenburger Landespolitiker Redmann sagte\u00a0der\u00a0&#8222;Welt&#8220;, es gehe darum, einen guten &#8222;Spielf\u00fchrer&#8220; zu bestimmen, &#8222;der\u00a0die\u00a0Mannschaft zusammenh\u00e4lt&#8220;. NRW-Ministerpr\u00e4sident Laschet habe bewiesen, &#8222;dass er das kann&#8220;.Brandenburgs Innenminister Michael St\u00fcbgen (CDU) sagte dem Portal &#8222;The Pioneer&#8220;, Laschet k\u00f6nne &#8222;eine beeindruckende innenpolitische Bilanz vorweisen&#8220;. Er habe das Land sicherer gemacht. Auch\u00a0der\u00a0innenpolitische Sprecher\u00a0der\u00a0Unionsfraktion im Bundestag, Mathias Middelberg (CDU), lobte,\u00a0in\u00a0Nordrhein-Westfalen sei\u00a0die\u00a0Innenpolitik &#8222;ohne Scheuklappen\u00a0in\u00a0der\u00a0Analyse und ebenso konsequent im Handeln&#8220;.Der\u00a0parlamentarische Staatssekret\u00e4r im Bundesinnenministerium, G\u00fcnter Krings (CDU), warb ebenfalls f\u00fcr Laschet. Dieser setze\u00a0in\u00a0seiner Bewerbung &#8222;einen klaren Schwerpunkt auf\u00a0die\u00a0innere Sicherheit&#8220;, sagte er &#8222;The Pioneer&#8220;. Seine innenpolitische Leistungsbilanz k\u00f6nne sich sehen lassen.LobbyControl kritisiert Merz &#8211; dieser ruft zu mehr Geschlossenheit aufDienstag, 12. Januar, 12.57 Uhr: Der Chef der Jungen Union warnt vor Friedrich Merz als CDU-Vorsitzenden. Dagegen sprach sich Baden-W\u00fcrttembergs Kultusministerin Eisenmann f\u00fcr den fr\u00fcheren Unionsfraktionschef Merz aus.\u00a0In\u00a0ihrem Bundesland sei &#8222;die\u00a0Tendenz am st\u00e4rksten zu Friedrich Merz&#8220;, sagte sie im &#8222;Bild&#8220;-Talk &#8222;Die\u00a0richtigen Fragen&#8220;. Das sei auch ihre pers\u00f6nliche Meinung, &#8222;vor\u00a0allem auch im Hinblick auf wirtschaftspolitische Herausforderungen&#8220;.Die\u00a0Nichtregierungsorganisation LobbyControl \u00e4u\u00dferte hingegen scharfe Kritik an Merz. &#8222;Als Lobbyist f\u00fcr einen unternehmerischen Berufsverband ist er einseitig wirtschaftlichen Interessen verpflichtet&#8220;, erkl\u00e4rte\u00a0die\u00a0LobbyControl-Expertin Christina Deckwirth. Sie bezog sich auf Merz&#8216; T\u00e4tigkeit als Vizepr\u00e4sident des Unternehmerverbands Wirtschaftsrat\u00a0der\u00a0CDU.\u00a0Eine Spitzenfunktion\u00a0in\u00a0einem Lobbyverband berge &#8222;die\u00a0Gefahr von Klientelpolitik und einer politischen Schlagseite&#8220; zugunsten wirtschaftlicher Interessen, warnte Deckwirth. &#8222;Vor\u00a0diesem Hintergrund wird es einem Parteivorsitzenden Merz schwerfallen, Politik im Interesse aller gesellschaftlichen Gruppen zu machen und f\u00fcr das Gemeinwohl einzustehen.&#8220;Merz selbst rief\u00a0in\u00a0der\u00a0&#8222;Bild&#8220;-Zeitung vom Montag zur Geschlossenheit nach\u00a0der\u00a0Wahl auf. &#8222;Ganz egal, wer von den drei Kandidaten gew\u00e4hlt wird: Es muss eine Selbstverst\u00e4ndlichkeit sein, sich danach hinter den neuen Vorsitzenden zu stellen und als Partei wieder geschlossen Schlagkraft zu gewinnen&#8220;, sagte er.\u00a0\u00dcber\u00a0sich selbst sagte Merz, er stehe &#8222;f\u00fcr Aufbruch\u00a0in\u00a0ein neues Jahrzehnt und Erneuerung\u00a0der\u00a0CDU&#8220;.JU-Chef Kuban: &#8222;Wer Friedrich Merz die Kompetenz abspricht, redet sich selbst die Spaltung herbei&#8220;Montag, 11. Januar, 11.16 Uhr: Vor der Wahl des neuen CDU-Vorsitzenden hat der Chef der Jungen Union, Tilman\u00a0Kuban, vor einer Spaltung der Partei gewarnt. Mit Blick auf Angriffe aus der CDU gegen Friedrich Merz sagte\u00a0Kuban\u00a0dem Berliner &#8222;Tagesspiegel&#8220; vom Montag: &#8222;Wer Friedrich Merz die Kompetenz f\u00fcr den Vorsitz abspricht, redet selbst die Spaltung herbei.&#8220; Merz ist der Favorit der Jungen Union bei der am Samstag anstehenden Wahl des CDU-Vorsitzenden.<\/p>\n<p>\t\t\t\t\t&#8222;Jeder sollte sich seiner Verantwortung f\u00fcr die CDU bewusst sein und in der letzten Woche vor dem Parteitag f\u00fcr den pr\u00e4ferierten Kandidaten werben und nicht gegen die anderen&#8220;, sagte\u00a0Kuban\u00a0weiter. Er warnte: &#8222;Wer so agiert, betreibt das Gesch\u00e4ft des politischen Gegners und sorgt daf\u00fcr, dass es sp\u00e4ter umso schwerer wird, die CDU zusammenzuf\u00fchren.&#8220;Bundesbildungsministerin Anja Karliczek (CDU) hatte im Magazin &#8222;Spiegel&#8220; indirekt vor Merz als neuem Vorsitzenden gewarnt. Auch die Spitze der Frauen-Union und NRW-Innenminister Herbert Reul (CDU) hatten sich zuletzt gegen Merz ausgesprochen. Dieser war in der Vergangenheit f\u00fcr sein Verhalten im Kampf um den CDU-Vorsitz ebenfalls kritisiert worden: Im Streit um die Verschiebung des Parteitags hatte er behauptet, das &#8222;Partei-Establishment&#8220; wolle ihn verhindern.\u00a0<br \/>\n\t\t\t\t\tDie wichtigsten Punkte auf dem Programm des CDU-Parteitags<\/p>\n<p>\t\tBeim digitalen CDU-Parteitag sind neben der Wahl eines neuen Parteichefs mehrere Online-Auftritte in- und ausl\u00e4ndischer G\u00e4ste geplant. Das sind die wichtigsten Punkte auf der Agenda:Freitag, 15. Januar, Beginn: 18.00 UhrGru\u00dfwort der Bundeskanzlerin Angela Merkel (CDU)Gru\u00dfwort des CSU-Vorsitzenden und bayerischen Ministerpr\u00e4sidenten Markus S\u00f6derGru\u00dfwort des Pr\u00e4sidenten der Europ\u00e4ischen Volkspartei Donald TuskSamstag, 16. Januar, Beginn: 9.30 UhrWahl des ParteivorsitzendenF\u00fcr den Vorsitz kandidieren NRW-Ministerpr\u00e4sident Armin Laschet, der fr\u00fchere Unionsfraktionschef Friedrich Merz sowie der Au\u00dfenpolitiker Norbert R\u00f6ttgen.Gru\u00dfwort der EU-Kommissionspr\u00e4sidentin Ursula von der LeyenGru\u00dfwort von \u00d6sterreichs Kanzler Sebastian KurzGru\u00dfwort der Oppositionsf\u00fchrerin von Belarus Swetlana TichanowskajaWahlen des BundesvorstandesSchlusswort mit Rede des neuen Parteivorsitzenden der CDUSo laufen die Wahlen bei dem digitalen Parteitag abDie Delegierten sollen bei den Wahlen des Parteivorsitzes, Pr\u00e4sidiums und Bundesvorstandes eine \u201edigitale Vorauswahl\u201c treffen, die anschlie\u00dfend durch eine Briefwahl best\u00e4tigt werden muss. Die Briefwahlzettel, auf denen nur noch der Sieger der digitalen Abstimmung stehen soll, sollen am 22. Januar ausgez\u00e4hlt werden, dann wird das Ergebnis verk\u00fcndet.<\/p>\n<p>\t\t\t\t\tSpahn dementiert \u00dcberlegungen zur KanzlerkandidaturSamstag, 9. Januar, 18.36 Uhr: Bundesgesundheitsminister Jens Spahn (CDU) hat Berichte dementiert, nach denen er eine eigene Kanzlerkandidatur f\u00fcr die Union erw\u00e4ge. \u201eNein, ich trete als stellvertretender Vorsitzender der CDU an\u201c, sagte Spahn der \u201eWelt am Sonntag\u201c. Der 40-J\u00e4hrige ist derzeit noch Vize-Kandidat von NRW-Ministerpr\u00e4sident Armin Laschet, der sich am n\u00e4chsten Samstag der Wahl zum n\u00e4chsten CDU-Vorsitzenden stellt.Die \u201eBild\u201c-Zeitung und der \u201eSpiegel\u201c hatten zuletzt berichtet, Spahn erw\u00e4ge eine eigene Kanzlerkandidatur. Seine in der Coronakrise gestiegenen Beliebtheitswerte und der Wahlkampf Laschets sollen ihn ins Gr\u00fcbeln gebracht haben. Bei mehreren Parteifreunden und Vertrauten soll sich Spahn in den letzten Wochen Rat geholt haben. Er habe die Diskussion nicht aufgeworfen, sagte Spahn nun der \u201eWelt am Sonntag\u201c. In der Regel stellt der CDU- oder CSU-Parteichef (also Markus S\u00f6der) den n\u00e4chsten Kanzlerkandidaten der Union. Allerdings ist es kein Muss, dass Parteichef und Kanzlerkandidat dieselbe Person sein m\u00fcssen.Weitere Infos finden Sie auf der n\u00e4chsten Seite.\u00a0<br \/>\n\t\t\t\t\tJohnson leistet sich verbalen Fauxpas im Parlament &#8211; Sprecher r\u00fcgt ihn heftig<\/p>\n<p>\t\t\t\t\tHackb\u00e4llchen in Senf-Sahne-Sauce: Einfach, lecker und kalorienarm &#8211; Blitz-Rezept<\/p>\n<p>\t\t                            flr\/mmo\/pzk\/sh\/mit dpa<\/p>\n<p>[ad_2]<br \/>\n <br \/><a href=\"https:\/\/www.focus.de\/politik\/deutschland\/cdu-ziemiak-erzaehlt-aus-der-cdu-sitzung-kanzlerin-ist-in-grosser-sorge_id_12581614.html\">\u0421\u0441\u044b\u043b\u043a\u0430 \u043d\u0430 \u0438\u0441\u0442\u043e\u0447\u043d\u0438\u043a <\/a><\/p>\n","protected":false},"excerpt":{"rendered":"<p>[ad_1] Der Countdown l\u00e4uft: Am 16. Januar soll sich auf dem digitalen CDU-Parteitag\u00a0entscheiden, wer den Vorsitz im Jahr der Bundestagswahl \u00fcbernimmt &#8211; und damit wom\u00f6glich auch die Kanzlerkandidatur. Wer macht das Rennen: Armin Laschet, Friedrich Merz oder Norbert R\u00f6ttgen? Alle Informationen im News-Ticker von FOCUS Online. Auf dem CDU-Parteitag am 16. Januar soll ein neuer [&hellip;]<\/p>\n","protected":false},"author":1,"featured_media":870,"comment_status":"open","ping_status":"open","sticky":false,"template":"","format":"standard","meta":{"footnotes":""},"categories":[1],"tags":[],"class_list":["post-869","post","type-post","status-publish","format-standard","has-post-thumbnail","hentry","category-neuigkeiten"],"yoast_head":"<!-- This site is optimized with the Yoast SEO plugin v27.4 - https:\/\/yoast.com\/product\/yoast-seo-wordpress\/ -->\n<title>CDU-Vorsitz: Wolfgang Sch\u00e4uble will Friedrich Merz zum Vorsitzenden w\u00e4hlen - Favorite News<\/title>\n<meta name=\"robots\" content=\"index, follow, max-snippet:-1, max-image-preview:large, max-video-preview:-1\" \/>\n<link rel=\"canonical\" href=\"https:\/\/favorite-news.com\/de\/cdu-vorsitz-wolfgang-schaeuble-will-friedrich-merz-zum-vorsitzenden-waehlen\/\" \/>\n<meta property=\"og:locale\" content=\"de_DE\" \/>\n<meta property=\"og:type\" content=\"article\" \/>\n<meta property=\"og:title\" content=\"CDU-Vorsitz: Wolfgang Sch\u00e4uble will Friedrich Merz zum Vorsitzenden w\u00e4hlen - Favorite News\" \/>\n<meta property=\"og:description\" content=\"[ad_1] Der Countdown l\u00e4uft: Am 16. Januar soll sich auf dem digitalen CDU-Parteitag\u00a0entscheiden, wer den Vorsitz im Jahr der Bundestagswahl \u00fcbernimmt &#8211; und damit wom\u00f6glich auch die Kanzlerkandidatur. Wer macht das Rennen: Armin Laschet, Friedrich Merz oder Norbert R\u00f6ttgen? Alle Informationen im News-Ticker von FOCUS Online. Auf dem CDU-Parteitag am 16. Januar soll ein neuer [&hellip;]\" \/>\n<meta property=\"og:url\" content=\"https:\/\/favorite-news.com\/de\/cdu-vorsitz-wolfgang-schaeuble-will-friedrich-merz-zum-vorsitzenden-waehlen\/\" \/>\n<meta property=\"og:site_name\" content=\"Favorite News\" \/>\n<meta property=\"article:published_time\" content=\"2021-01-15T15:29:17+00:00\" \/>\n<meta property=\"article:modified_time\" content=\"2021-01-15T15:29:19+00:00\" \/>\n<meta property=\"og:image\" content=\"https:\/\/favorite-news.com\/de\/wp-content\/uploads\/sites\/13\/2021\/01\/CDU-Vorsitz-Wolfgang-Schaeuble-will-Friedrich-Merz-zum-Vorsitzenden-waehlen.jpg\" \/>\n\t<meta property=\"og:image:width\" content=\"1\" \/>\n\t<meta property=\"og:image:height\" content=\"1\" \/>\n\t<meta property=\"og:image:type\" content=\"image\/jpeg\" \/>\n<meta name=\"author\" content=\"favorite-news\" \/>\n<meta name=\"twitter:card\" content=\"summary_large_image\" \/>\n<meta name=\"twitter:label1\" content=\"Verfasst von\" \/>\n\t<meta name=\"twitter:data1\" content=\"favorite-news\" \/>\n\t<meta name=\"twitter:label2\" content=\"Gesch\u00e4tzte Lesezeit\" \/>\n\t<meta name=\"twitter:data2\" content=\"14\u00a0Minuten\" \/>\n<script type=\"application\/ld+json\" class=\"yoast-schema-graph\">{\"@context\":\"https:\\\/\\\/schema.org\",\"@graph\":[{\"@type\":\"Article\",\"@id\":\"https:\\\/\\\/favorite-news.com\\\/de\\\/cdu-vorsitz-wolfgang-schaeuble-will-friedrich-merz-zum-vorsitzenden-waehlen\\\/#article\",\"isPartOf\":{\"@id\":\"https:\\\/\\\/favorite-news.com\\\/de\\\/cdu-vorsitz-wolfgang-schaeuble-will-friedrich-merz-zum-vorsitzenden-waehlen\\\/\"},\"author\":{\"name\":\"favorite-news\",\"@id\":\"https:\\\/\\\/favorite-news.com\\\/de\\\/#\\\/schema\\\/person\\\/b66c4cfdd10a5bf16d7d5efda647111f\"},\"headline\":\"CDU-Vorsitz: Wolfgang Sch\u00e4uble will Friedrich Merz zum Vorsitzenden w\u00e4hlen\",\"datePublished\":\"2021-01-15T15:29:17+00:00\",\"dateModified\":\"2021-01-15T15:29:19+00:00\",\"mainEntityOfPage\":{\"@id\":\"https:\\\/\\\/favorite-news.com\\\/de\\\/cdu-vorsitz-wolfgang-schaeuble-will-friedrich-merz-zum-vorsitzenden-waehlen\\\/\"},\"wordCount\":2812,\"commentCount\":0,\"image\":{\"@id\":\"https:\\\/\\\/favorite-news.com\\\/de\\\/cdu-vorsitz-wolfgang-schaeuble-will-friedrich-merz-zum-vorsitzenden-waehlen\\\/#primaryimage\"},\"thumbnailUrl\":\"https:\\\/\\\/favorite-news.com\\\/de\\\/wp-content\\\/uploads\\\/sites\\\/13\\\/2021\\\/01\\\/CDU-Vorsitz-Wolfgang-Schaeuble-will-Friedrich-Merz-zum-Vorsitzenden-waehlen.jpg\",\"articleSection\":[\"NEUIGKEITEN\"],\"inLanguage\":\"de\",\"potentialAction\":[{\"@type\":\"CommentAction\",\"name\":\"Comment\",\"target\":[\"https:\\\/\\\/favorite-news.com\\\/de\\\/cdu-vorsitz-wolfgang-schaeuble-will-friedrich-merz-zum-vorsitzenden-waehlen\\\/#respond\"]}]},{\"@type\":\"WebPage\",\"@id\":\"https:\\\/\\\/favorite-news.com\\\/de\\\/cdu-vorsitz-wolfgang-schaeuble-will-friedrich-merz-zum-vorsitzenden-waehlen\\\/\",\"url\":\"https:\\\/\\\/favorite-news.com\\\/de\\\/cdu-vorsitz-wolfgang-schaeuble-will-friedrich-merz-zum-vorsitzenden-waehlen\\\/\",\"name\":\"CDU-Vorsitz: Wolfgang Sch\u00e4uble will Friedrich Merz zum Vorsitzenden w\u00e4hlen - Favorite News\",\"isPartOf\":{\"@id\":\"https:\\\/\\\/favorite-news.com\\\/de\\\/#website\"},\"primaryImageOfPage\":{\"@id\":\"https:\\\/\\\/favorite-news.com\\\/de\\\/cdu-vorsitz-wolfgang-schaeuble-will-friedrich-merz-zum-vorsitzenden-waehlen\\\/#primaryimage\"},\"image\":{\"@id\":\"https:\\\/\\\/favorite-news.com\\\/de\\\/cdu-vorsitz-wolfgang-schaeuble-will-friedrich-merz-zum-vorsitzenden-waehlen\\\/#primaryimage\"},\"thumbnailUrl\":\"https:\\\/\\\/favorite-news.com\\\/de\\\/wp-content\\\/uploads\\\/sites\\\/13\\\/2021\\\/01\\\/CDU-Vorsitz-Wolfgang-Schaeuble-will-Friedrich-Merz-zum-Vorsitzenden-waehlen.jpg\",\"datePublished\":\"2021-01-15T15:29:17+00:00\",\"dateModified\":\"2021-01-15T15:29:19+00:00\",\"author\":{\"@id\":\"https:\\\/\\\/favorite-news.com\\\/de\\\/#\\\/schema\\\/person\\\/b66c4cfdd10a5bf16d7d5efda647111f\"},\"breadcrumb\":{\"@id\":\"https:\\\/\\\/favorite-news.com\\\/de\\\/cdu-vorsitz-wolfgang-schaeuble-will-friedrich-merz-zum-vorsitzenden-waehlen\\\/#breadcrumb\"},\"inLanguage\":\"de\",\"potentialAction\":[{\"@type\":\"ReadAction\",\"target\":[\"https:\\\/\\\/favorite-news.com\\\/de\\\/cdu-vorsitz-wolfgang-schaeuble-will-friedrich-merz-zum-vorsitzenden-waehlen\\\/\"]}]},{\"@type\":\"ImageObject\",\"inLanguage\":\"de\",\"@id\":\"https:\\\/\\\/favorite-news.com\\\/de\\\/cdu-vorsitz-wolfgang-schaeuble-will-friedrich-merz-zum-vorsitzenden-waehlen\\\/#primaryimage\",\"url\":\"https:\\\/\\\/favorite-news.com\\\/de\\\/wp-content\\\/uploads\\\/sites\\\/13\\\/2021\\\/01\\\/CDU-Vorsitz-Wolfgang-Schaeuble-will-Friedrich-Merz-zum-Vorsitzenden-waehlen.jpg\",\"contentUrl\":\"https:\\\/\\\/favorite-news.com\\\/de\\\/wp-content\\\/uploads\\\/sites\\\/13\\\/2021\\\/01\\\/CDU-Vorsitz-Wolfgang-Schaeuble-will-Friedrich-Merz-zum-Vorsitzenden-waehlen.jpg\",\"caption\":\"CDU-Vorsitz: Wolfgang Sch\u00e4uble will Friedrich Merz zum Vorsitzenden w\u00e4hlen\"},{\"@type\":\"BreadcrumbList\",\"@id\":\"https:\\\/\\\/favorite-news.com\\\/de\\\/cdu-vorsitz-wolfgang-schaeuble-will-friedrich-merz-zum-vorsitzenden-waehlen\\\/#breadcrumb\",\"itemListElement\":[{\"@type\":\"ListItem\",\"position\":1,\"name\":\"Home\",\"item\":\"https:\\\/\\\/favorite-news.com\\\/de\\\/\"},{\"@type\":\"ListItem\",\"position\":2,\"name\":\"CDU-Vorsitz: Wolfgang Sch\u00e4uble will Friedrich Merz zum Vorsitzenden w\u00e4hlen\"}]},{\"@type\":\"WebSite\",\"@id\":\"https:\\\/\\\/favorite-news.com\\\/de\\\/#website\",\"url\":\"https:\\\/\\\/favorite-news.com\\\/de\\\/\",\"name\":\"Favorite News\",\"description\":\"Favorite News Germany\",\"potentialAction\":[{\"@type\":\"SearchAction\",\"target\":{\"@type\":\"EntryPoint\",\"urlTemplate\":\"https:\\\/\\\/favorite-news.com\\\/de\\\/?s={search_term_string}\"},\"query-input\":{\"@type\":\"PropertyValueSpecification\",\"valueRequired\":true,\"valueName\":\"search_term_string\"}}],\"inLanguage\":\"de\"},{\"@type\":\"Person\",\"@id\":\"https:\\\/\\\/favorite-news.com\\\/de\\\/#\\\/schema\\\/person\\\/b66c4cfdd10a5bf16d7d5efda647111f\",\"name\":\"favorite-news\",\"image\":{\"@type\":\"ImageObject\",\"inLanguage\":\"de\",\"@id\":\"https:\\\/\\\/secure.gravatar.com\\\/avatar\\\/f89959e01423a9ee3c2debbcf830eb021c575de0e1b3781ca3ae392b71c615a1?s=96&d=mm&r=g\",\"url\":\"https:\\\/\\\/secure.gravatar.com\\\/avatar\\\/f89959e01423a9ee3c2debbcf830eb021c575de0e1b3781ca3ae392b71c615a1?s=96&d=mm&r=g\",\"contentUrl\":\"https:\\\/\\\/secure.gravatar.com\\\/avatar\\\/f89959e01423a9ee3c2debbcf830eb021c575de0e1b3781ca3ae392b71c615a1?s=96&d=mm&r=g\",\"caption\":\"favorite-news\"},\"url\":\"https:\\\/\\\/favorite-news.com\\\/de\\\/author\\\/ruby\\\/\"}]}<\/script>\n<!-- \/ Yoast SEO plugin. -->","yoast_head_json":{"title":"CDU-Vorsitz: Wolfgang Sch\u00e4uble will Friedrich Merz zum Vorsitzenden w\u00e4hlen - Favorite News","robots":{"index":"index","follow":"follow","max-snippet":"max-snippet:-1","max-image-preview":"max-image-preview:large","max-video-preview":"max-video-preview:-1"},"canonical":"https:\/\/favorite-news.com\/de\/cdu-vorsitz-wolfgang-schaeuble-will-friedrich-merz-zum-vorsitzenden-waehlen\/","og_locale":"de_DE","og_type":"article","og_title":"CDU-Vorsitz: Wolfgang Sch\u00e4uble will Friedrich Merz zum Vorsitzenden w\u00e4hlen - Favorite News","og_description":"[ad_1] Der Countdown l\u00e4uft: Am 16. Januar soll sich auf dem digitalen CDU-Parteitag\u00a0entscheiden, wer den Vorsitz im Jahr der Bundestagswahl \u00fcbernimmt &#8211; und damit wom\u00f6glich auch die Kanzlerkandidatur. Wer macht das Rennen: Armin Laschet, Friedrich Merz oder Norbert R\u00f6ttgen? Alle Informationen im News-Ticker von FOCUS Online. Auf dem CDU-Parteitag am 16. Januar soll ein neuer [&hellip;]","og_url":"https:\/\/favorite-news.com\/de\/cdu-vorsitz-wolfgang-schaeuble-will-friedrich-merz-zum-vorsitzenden-waehlen\/","og_site_name":"Favorite News","article_published_time":"2021-01-15T15:29:17+00:00","article_modified_time":"2021-01-15T15:29:19+00:00","og_image":[{"url":"https:\/\/favorite-news.com\/de\/wp-content\/uploads\/sites\/13\/2021\/01\/CDU-Vorsitz-Wolfgang-Schaeuble-will-Friedrich-Merz-zum-Vorsitzenden-waehlen.jpg","width":1,"height":1,"type":"image\/jpeg"}],"author":"favorite-news","twitter_card":"summary_large_image","twitter_misc":{"Verfasst von":"favorite-news","Gesch\u00e4tzte Lesezeit":"14\u00a0Minuten"},"schema":{"@context":"https:\/\/schema.org","@graph":[{"@type":"Article","@id":"https:\/\/favorite-news.com\/de\/cdu-vorsitz-wolfgang-schaeuble-will-friedrich-merz-zum-vorsitzenden-waehlen\/#article","isPartOf":{"@id":"https:\/\/favorite-news.com\/de\/cdu-vorsitz-wolfgang-schaeuble-will-friedrich-merz-zum-vorsitzenden-waehlen\/"},"author":{"name":"favorite-news","@id":"https:\/\/favorite-news.com\/de\/#\/schema\/person\/b66c4cfdd10a5bf16d7d5efda647111f"},"headline":"CDU-Vorsitz: Wolfgang Sch\u00e4uble will Friedrich Merz zum Vorsitzenden w\u00e4hlen","datePublished":"2021-01-15T15:29:17+00:00","dateModified":"2021-01-15T15:29:19+00:00","mainEntityOfPage":{"@id":"https:\/\/favorite-news.com\/de\/cdu-vorsitz-wolfgang-schaeuble-will-friedrich-merz-zum-vorsitzenden-waehlen\/"},"wordCount":2812,"commentCount":0,"image":{"@id":"https:\/\/favorite-news.com\/de\/cdu-vorsitz-wolfgang-schaeuble-will-friedrich-merz-zum-vorsitzenden-waehlen\/#primaryimage"},"thumbnailUrl":"https:\/\/favorite-news.com\/de\/wp-content\/uploads\/sites\/13\/2021\/01\/CDU-Vorsitz-Wolfgang-Schaeuble-will-Friedrich-Merz-zum-Vorsitzenden-waehlen.jpg","articleSection":["NEUIGKEITEN"],"inLanguage":"de","potentialAction":[{"@type":"CommentAction","name":"Comment","target":["https:\/\/favorite-news.com\/de\/cdu-vorsitz-wolfgang-schaeuble-will-friedrich-merz-zum-vorsitzenden-waehlen\/#respond"]}]},{"@type":"WebPage","@id":"https:\/\/favorite-news.com\/de\/cdu-vorsitz-wolfgang-schaeuble-will-friedrich-merz-zum-vorsitzenden-waehlen\/","url":"https:\/\/favorite-news.com\/de\/cdu-vorsitz-wolfgang-schaeuble-will-friedrich-merz-zum-vorsitzenden-waehlen\/","name":"CDU-Vorsitz: Wolfgang Sch\u00e4uble will Friedrich Merz zum Vorsitzenden w\u00e4hlen - Favorite News","isPartOf":{"@id":"https:\/\/favorite-news.com\/de\/#website"},"primaryImageOfPage":{"@id":"https:\/\/favorite-news.com\/de\/cdu-vorsitz-wolfgang-schaeuble-will-friedrich-merz-zum-vorsitzenden-waehlen\/#primaryimage"},"image":{"@id":"https:\/\/favorite-news.com\/de\/cdu-vorsitz-wolfgang-schaeuble-will-friedrich-merz-zum-vorsitzenden-waehlen\/#primaryimage"},"thumbnailUrl":"https:\/\/favorite-news.com\/de\/wp-content\/uploads\/sites\/13\/2021\/01\/CDU-Vorsitz-Wolfgang-Schaeuble-will-Friedrich-Merz-zum-Vorsitzenden-waehlen.jpg","datePublished":"2021-01-15T15:29:17+00:00","dateModified":"2021-01-15T15:29:19+00:00","author":{"@id":"https:\/\/favorite-news.com\/de\/#\/schema\/person\/b66c4cfdd10a5bf16d7d5efda647111f"},"breadcrumb":{"@id":"https:\/\/favorite-news.com\/de\/cdu-vorsitz-wolfgang-schaeuble-will-friedrich-merz-zum-vorsitzenden-waehlen\/#breadcrumb"},"inLanguage":"de","potentialAction":[{"@type":"ReadAction","target":["https:\/\/favorite-news.com\/de\/cdu-vorsitz-wolfgang-schaeuble-will-friedrich-merz-zum-vorsitzenden-waehlen\/"]}]},{"@type":"ImageObject","inLanguage":"de","@id":"https:\/\/favorite-news.com\/de\/cdu-vorsitz-wolfgang-schaeuble-will-friedrich-merz-zum-vorsitzenden-waehlen\/#primaryimage","url":"https:\/\/favorite-news.com\/de\/wp-content\/uploads\/sites\/13\/2021\/01\/CDU-Vorsitz-Wolfgang-Schaeuble-will-Friedrich-Merz-zum-Vorsitzenden-waehlen.jpg","contentUrl":"https:\/\/favorite-news.com\/de\/wp-content\/uploads\/sites\/13\/2021\/01\/CDU-Vorsitz-Wolfgang-Schaeuble-will-Friedrich-Merz-zum-Vorsitzenden-waehlen.jpg","caption":"CDU-Vorsitz: Wolfgang Sch\u00e4uble will Friedrich Merz zum Vorsitzenden w\u00e4hlen"},{"@type":"BreadcrumbList","@id":"https:\/\/favorite-news.com\/de\/cdu-vorsitz-wolfgang-schaeuble-will-friedrich-merz-zum-vorsitzenden-waehlen\/#breadcrumb","itemListElement":[{"@type":"ListItem","position":1,"name":"Home","item":"https:\/\/favorite-news.com\/de\/"},{"@type":"ListItem","position":2,"name":"CDU-Vorsitz: Wolfgang Sch\u00e4uble will Friedrich Merz zum Vorsitzenden w\u00e4hlen"}]},{"@type":"WebSite","@id":"https:\/\/favorite-news.com\/de\/#website","url":"https:\/\/favorite-news.com\/de\/","name":"Favorite News","description":"Favorite News Germany","potentialAction":[{"@type":"SearchAction","target":{"@type":"EntryPoint","urlTemplate":"https:\/\/favorite-news.com\/de\/?s={search_term_string}"},"query-input":{"@type":"PropertyValueSpecification","valueRequired":true,"valueName":"search_term_string"}}],"inLanguage":"de"},{"@type":"Person","@id":"https:\/\/favorite-news.com\/de\/#\/schema\/person\/b66c4cfdd10a5bf16d7d5efda647111f","name":"favorite-news","image":{"@type":"ImageObject","inLanguage":"de","@id":"https:\/\/secure.gravatar.com\/avatar\/f89959e01423a9ee3c2debbcf830eb021c575de0e1b3781ca3ae392b71c615a1?s=96&d=mm&r=g","url":"https:\/\/secure.gravatar.com\/avatar\/f89959e01423a9ee3c2debbcf830eb021c575de0e1b3781ca3ae392b71c615a1?s=96&d=mm&r=g","contentUrl":"https:\/\/secure.gravatar.com\/avatar\/f89959e01423a9ee3c2debbcf830eb021c575de0e1b3781ca3ae392b71c615a1?s=96&d=mm&r=g","caption":"favorite-news"},"url":"https:\/\/favorite-news.com\/de\/author\/ruby\/"}]}},"_links":{"self":[{"href":"https:\/\/favorite-news.com\/de\/wp-json\/wp\/v2\/posts\/869","targetHints":{"allow":["GET"]}}],"collection":[{"href":"https:\/\/favorite-news.com\/de\/wp-json\/wp\/v2\/posts"}],"about":[{"href":"https:\/\/favorite-news.com\/de\/wp-json\/wp\/v2\/types\/post"}],"author":[{"embeddable":true,"href":"https:\/\/favorite-news.com\/de\/wp-json\/wp\/v2\/users\/1"}],"replies":[{"embeddable":true,"href":"https:\/\/favorite-news.com\/de\/wp-json\/wp\/v2\/comments?post=869"}],"version-history":[{"count":1,"href":"https:\/\/favorite-news.com\/de\/wp-json\/wp\/v2\/posts\/869\/revisions"}],"predecessor-version":[{"id":871,"href":"https:\/\/favorite-news.com\/de\/wp-json\/wp\/v2\/posts\/869\/revisions\/871"}],"wp:featuredmedia":[{"embeddable":true,"href":"https:\/\/favorite-news.com\/de\/wp-json\/wp\/v2\/media\/870"}],"wp:attachment":[{"href":"https:\/\/favorite-news.com\/de\/wp-json\/wp\/v2\/media?parent=869"}],"wp:term":[{"taxonomy":"category","embeddable":true,"href":"https:\/\/favorite-news.com\/de\/wp-json\/wp\/v2\/categories?post=869"},{"taxonomy":"post_tag","embeddable":true,"href":"https:\/\/favorite-news.com\/de\/wp-json\/wp\/v2\/tags?post=869"}],"curies":[{"name":"wp","href":"https:\/\/api.w.org\/{rel}","templated":true}]}}