{"id":857,"date":"2021-01-13T15:26:43","date_gmt":"2021-01-13T15:26:43","guid":{"rendered":"https:\/\/favorite-news.com\/de\/rassismus-vorwuerfe-gegen-martin-sonneborn-nico-semsrott-verlaesst-die-partei\/"},"modified":"2021-01-13T15:26:45","modified_gmt":"2021-01-13T15:26:45","slug":"rassismus-vorwuerfe-gegen-martin-sonneborn-nico-semsrott-verlaesst-die-partei","status":"publish","type":"post","link":"https:\/\/favorite-news.com\/de\/rassismus-vorwuerfe-gegen-martin-sonneborn-nico-semsrott-verlaesst-die-partei\/","title":{"rendered":"Rassismus-Vorw\u00fcrfe gegen Martin Sonneborn: Nico Semsrott verl\u00e4sst Die Partei"},"content":{"rendered":"<p>[ad_1]<br \/>\n <br \/>\n\t\tDer Europaabgeordnete Nico Semsrott verl\u00e4sst &#8222;Die Partei&#8220; im Streit mit deren Vorsitzendem Martin Sonneborn. Der Satiriker sei &#8222;aus der Zeit gefallen&#8220;, hie\u00df es in einer Erkl\u00e4rung Semsrotts vom Mittwoch. Er bezog sich dabei auf die Reaktion Sonneborns, nachdem Tweets des Satirikers als rassistisch kritisiert worden waren.Sonneborn hatte auf Twitter nach der Kritik an ihn geschrieben: &#8222;So, und jetzt bitte sch\u00f6n diskutieren, was Satire darf und soll, die Grenzen bitte nicht vergessen. Merke: der erste Zugriff (&#8218;Wah! Rassismus! ) ist oft nicht der beste. Beleidigungen werden geblockt, ich gehe jetzt Schlitten fahren.&#8220; Die Reaktion sei &#8222;falsch und inakzeptabel&#8220;, urteilte Semsrott am Mittwoch.Semsrott \u00fcber Sonneborn: &#8222;Aus der Zeit gefallen und am falschen Ort&#8220;&#8220;F\u00fcr mich geht es bei Martin Sonneborns Tweets von vergangener Woche weniger um eine Debatte \u00fcber den Sinn und Zweck von Satire, sondern vielmehr um einen ignoranten Umgang mit Feedback&#8220;, erkl\u00e4rte Semsrott. &#8222;Wenn sich Menschen von seinen Postings rassistisch angegriffen f\u00fchlen, muss er nicht viel tun. Es reichen Mitgef\u00fchl und der Respekt vor den Betroffenen, um das eigene Verhalten zu korrigieren.&#8220;<br \/>\n\t\t\t\t\tWenn Sonneborn aber der Kritik keinen Raum geben k\u00f6nne, den gesellschaftlichen Kontext ausblende, und &#8222;beleidigt seine Machtposition ausnutzt&#8220;, solle er gehen, &#8222;weil er aus der Zeit gefallen und am falschen Ort ist&#8220;, f\u00fcgte Semsrott hinzu. Er selbst habe vor einem Jahr vergeblich &#8222;zu dieser Thematik&#8220; mit Sonneborn diskutiert. Vor einigen Tagen habe er den Parteichef dann gebeten, &#8222;\u00fcber sein Posting nachzudenken&#8220; und sich zu entschuldigen. &#8222;Er hat es nicht gemacht. Das ist also kein Versehen, er will das eindeutig so.&#8220;Semsrott: &#8222;Will daf\u00fcr nicht weiter mein Gesicht hergeben&#8220;Semsrott erkl\u00e4rte weiter, er selbst sei &#8222;raus&#8220;, wenn Sonneborn kein Mitgef\u00fchl zeige und nicht verstehe, &#8222;dass seine Verantwortung als Vorsitzender von &#8218;Die Partei&#8216; mit 50.000 Mitgliedern und zuletzt 900.000 W\u00e4hler*innen weit \u00fcber das hinaus geht, was ein Titanic-Chefredakteur vor 20 Jahren k\u00f6nnen musste&#8220;.\u00a0&#8222;Die Partei&#8220; sei in der \u00f6ffentlichen Wahrnehmung vor allem Sonneborns Projekts, schrieb Semsrott. Er selbst wolle &#8222;daf\u00fcr nicht weiter mein Gesicht hergeben&#8220;. Deswegen habe er soeben sein Austrittsschreiben verschickt. Seine EU-Parlamentsmandat will Semsrott demnach behalten.&#8220;Die Partei&#8220; war 2004 von Mitarbeitern des Satiremagazins &#8222;Titanic&#8220; gegr\u00fcndet worden; Sonneborn war damals Chefredakteur. Sie sicherte sich bei der Europawahl 2019 mit 2,4 Prozent der Stimmen in Deutschland zwei Sitze im EU-Parlament. Sonneborn ist bereits seit 2014 im Europaparlament.Seit November 2020 hat &#8222;Die Partei&#8220; auch einen Bundestagsabgeordneten: Der fr\u00fchere SPD-Politiker Marco B\u00fclow trat nach zwei fraktionslosen Jahren Sonneborns Partei bei.<br \/>\n <br \/>[ad_2]<br \/>\n <br \/><a href=\"https:\/\/www.focus.de\/politik\/ausland\/aus-der-zeit-gefallen-nach-rassismus-vorwuerfen-gegen-martin-sonneborn-nico-semsrott-verlaesst-die-partei_id_12865505.html\">\u0421\u0441\u044b\u043b\u043a\u0430 \u043d\u0430 \u0438\u0441\u0442\u043e\u0447\u043d\u0438\u043a <\/a><\/p>\n","protected":false},"excerpt":{"rendered":"<p>[ad_1] Der Europaabgeordnete Nico Semsrott verl\u00e4sst &#8222;Die Partei&#8220; im Streit mit deren Vorsitzendem Martin Sonneborn. Der Satiriker sei &#8222;aus der Zeit gefallen&#8220;, hie\u00df es in einer Erkl\u00e4rung Semsrotts vom Mittwoch. Er bezog sich dabei auf die Reaktion Sonneborns, nachdem Tweets des Satirikers als rassistisch kritisiert worden waren.Sonneborn hatte auf Twitter nach der Kritik an ihn [&hellip;]<\/p>\n","protected":false},"author":1,"featured_media":858,"comment_status":"open","ping_status":"open","sticky":false,"template":"","format":"standard","meta":{"footnotes":""},"categories":[1],"tags":[],"class_list":["post-857","post","type-post","status-publish","format-standard","has-post-thumbnail","hentry","category-neuigkeiten"],"yoast_head":"<!-- This site is optimized with the Yoast SEO plugin v27.4 - https:\/\/yoast.com\/product\/yoast-seo-wordpress\/ -->\n<title>Rassismus-Vorw\u00fcrfe gegen Martin Sonneborn: Nico Semsrott verl\u00e4sst Die Partei - Favorite News<\/title>\n<meta name=\"robots\" content=\"index, follow, max-snippet:-1, max-image-preview:large, max-video-preview:-1\" \/>\n<link rel=\"canonical\" href=\"https:\/\/favorite-news.com\/de\/rassismus-vorwuerfe-gegen-martin-sonneborn-nico-semsrott-verlaesst-die-partei\/\" \/>\n<meta property=\"og:locale\" content=\"de_DE\" \/>\n<meta property=\"og:type\" content=\"article\" \/>\n<meta property=\"og:title\" content=\"Rassismus-Vorw\u00fcrfe gegen Martin Sonneborn: Nico Semsrott verl\u00e4sst Die Partei - Favorite News\" \/>\n<meta property=\"og:description\" content=\"[ad_1] Der Europaabgeordnete Nico Semsrott verl\u00e4sst &#8222;Die Partei&#8220; im Streit mit deren Vorsitzendem Martin Sonneborn. Der Satiriker sei &#8222;aus der Zeit gefallen&#8220;, hie\u00df es in einer Erkl\u00e4rung Semsrotts vom Mittwoch. Er bezog sich dabei auf die Reaktion Sonneborns, nachdem Tweets des Satirikers als rassistisch kritisiert worden waren.Sonneborn hatte auf Twitter nach der Kritik an ihn [&hellip;]\" \/>\n<meta property=\"og:url\" content=\"https:\/\/favorite-news.com\/de\/rassismus-vorwuerfe-gegen-martin-sonneborn-nico-semsrott-verlaesst-die-partei\/\" \/>\n<meta property=\"og:site_name\" content=\"Favorite News\" \/>\n<meta property=\"article:published_time\" content=\"2021-01-13T15:26:43+00:00\" \/>\n<meta property=\"article:modified_time\" content=\"2021-01-13T15:26:45+00:00\" \/>\n<meta property=\"og:image\" content=\"https:\/\/favorite-news.com\/de\/wp-content\/uploads\/sites\/13\/2021\/01\/Rassismus-Vorwuerfe-gegen-Martin-Sonneborn-Nico-Semsrott-verlaesst-Die-Partei.jpg\" \/>\n\t<meta property=\"og:image:width\" content=\"1\" \/>\n\t<meta property=\"og:image:height\" content=\"1\" \/>\n\t<meta property=\"og:image:type\" content=\"image\/jpeg\" \/>\n<meta name=\"author\" content=\"favorite-news\" \/>\n<meta name=\"twitter:card\" content=\"summary_large_image\" \/>\n<meta name=\"twitter:label1\" content=\"Verfasst von\" \/>\n\t<meta name=\"twitter:data1\" content=\"favorite-news\" \/>\n\t<meta name=\"twitter:label2\" content=\"Gesch\u00e4tzte Lesezeit\" \/>\n\t<meta name=\"twitter:data2\" content=\"2\u00a0Minuten\" \/>\n<script type=\"application\/ld+json\" class=\"yoast-schema-graph\">{\"@context\":\"https:\\\/\\\/schema.org\",\"@graph\":[{\"@type\":\"Article\",\"@id\":\"https:\\\/\\\/favorite-news.com\\\/de\\\/rassismus-vorwuerfe-gegen-martin-sonneborn-nico-semsrott-verlaesst-die-partei\\\/#article\",\"isPartOf\":{\"@id\":\"https:\\\/\\\/favorite-news.com\\\/de\\\/rassismus-vorwuerfe-gegen-martin-sonneborn-nico-semsrott-verlaesst-die-partei\\\/\"},\"author\":{\"name\":\"favorite-news\",\"@id\":\"https:\\\/\\\/favorite-news.com\\\/de\\\/#\\\/schema\\\/person\\\/b66c4cfdd10a5bf16d7d5efda647111f\"},\"headline\":\"Rassismus-Vorw\u00fcrfe gegen Martin Sonneborn: Nico Semsrott verl\u00e4sst Die Partei\",\"datePublished\":\"2021-01-13T15:26:43+00:00\",\"dateModified\":\"2021-01-13T15:26:45+00:00\",\"mainEntityOfPage\":{\"@id\":\"https:\\\/\\\/favorite-news.com\\\/de\\\/rassismus-vorwuerfe-gegen-martin-sonneborn-nico-semsrott-verlaesst-die-partei\\\/\"},\"wordCount\":428,\"commentCount\":0,\"image\":{\"@id\":\"https:\\\/\\\/favorite-news.com\\\/de\\\/rassismus-vorwuerfe-gegen-martin-sonneborn-nico-semsrott-verlaesst-die-partei\\\/#primaryimage\"},\"thumbnailUrl\":\"https:\\\/\\\/favorite-news.com\\\/de\\\/wp-content\\\/uploads\\\/sites\\\/13\\\/2021\\\/01\\\/Rassismus-Vorwuerfe-gegen-Martin-Sonneborn-Nico-Semsrott-verlaesst-Die-Partei.jpg\",\"articleSection\":[\"NEUIGKEITEN\"],\"inLanguage\":\"de\",\"potentialAction\":[{\"@type\":\"CommentAction\",\"name\":\"Comment\",\"target\":[\"https:\\\/\\\/favorite-news.com\\\/de\\\/rassismus-vorwuerfe-gegen-martin-sonneborn-nico-semsrott-verlaesst-die-partei\\\/#respond\"]}]},{\"@type\":\"WebPage\",\"@id\":\"https:\\\/\\\/favorite-news.com\\\/de\\\/rassismus-vorwuerfe-gegen-martin-sonneborn-nico-semsrott-verlaesst-die-partei\\\/\",\"url\":\"https:\\\/\\\/favorite-news.com\\\/de\\\/rassismus-vorwuerfe-gegen-martin-sonneborn-nico-semsrott-verlaesst-die-partei\\\/\",\"name\":\"Rassismus-Vorw\u00fcrfe gegen Martin Sonneborn: Nico Semsrott verl\u00e4sst Die Partei - Favorite News\",\"isPartOf\":{\"@id\":\"https:\\\/\\\/favorite-news.com\\\/de\\\/#website\"},\"primaryImageOfPage\":{\"@id\":\"https:\\\/\\\/favorite-news.com\\\/de\\\/rassismus-vorwuerfe-gegen-martin-sonneborn-nico-semsrott-verlaesst-die-partei\\\/#primaryimage\"},\"image\":{\"@id\":\"https:\\\/\\\/favorite-news.com\\\/de\\\/rassismus-vorwuerfe-gegen-martin-sonneborn-nico-semsrott-verlaesst-die-partei\\\/#primaryimage\"},\"thumbnailUrl\":\"https:\\\/\\\/favorite-news.com\\\/de\\\/wp-content\\\/uploads\\\/sites\\\/13\\\/2021\\\/01\\\/Rassismus-Vorwuerfe-gegen-Martin-Sonneborn-Nico-Semsrott-verlaesst-Die-Partei.jpg\",\"datePublished\":\"2021-01-13T15:26:43+00:00\",\"dateModified\":\"2021-01-13T15:26:45+00:00\",\"author\":{\"@id\":\"https:\\\/\\\/favorite-news.com\\\/de\\\/#\\\/schema\\\/person\\\/b66c4cfdd10a5bf16d7d5efda647111f\"},\"breadcrumb\":{\"@id\":\"https:\\\/\\\/favorite-news.com\\\/de\\\/rassismus-vorwuerfe-gegen-martin-sonneborn-nico-semsrott-verlaesst-die-partei\\\/#breadcrumb\"},\"inLanguage\":\"de\",\"potentialAction\":[{\"@type\":\"ReadAction\",\"target\":[\"https:\\\/\\\/favorite-news.com\\\/de\\\/rassismus-vorwuerfe-gegen-martin-sonneborn-nico-semsrott-verlaesst-die-partei\\\/\"]}]},{\"@type\":\"ImageObject\",\"inLanguage\":\"de\",\"@id\":\"https:\\\/\\\/favorite-news.com\\\/de\\\/rassismus-vorwuerfe-gegen-martin-sonneborn-nico-semsrott-verlaesst-die-partei\\\/#primaryimage\",\"url\":\"https:\\\/\\\/favorite-news.com\\\/de\\\/wp-content\\\/uploads\\\/sites\\\/13\\\/2021\\\/01\\\/Rassismus-Vorwuerfe-gegen-Martin-Sonneborn-Nico-Semsrott-verlaesst-Die-Partei.jpg\",\"contentUrl\":\"https:\\\/\\\/favorite-news.com\\\/de\\\/wp-content\\\/uploads\\\/sites\\\/13\\\/2021\\\/01\\\/Rassismus-Vorwuerfe-gegen-Martin-Sonneborn-Nico-Semsrott-verlaesst-Die-Partei.jpg\",\"caption\":\"Rassismus-Vorw\u00fcrfe gegen Martin Sonneborn: Nico Semsrott verl\u00e4sst Die Partei\"},{\"@type\":\"BreadcrumbList\",\"@id\":\"https:\\\/\\\/favorite-news.com\\\/de\\\/rassismus-vorwuerfe-gegen-martin-sonneborn-nico-semsrott-verlaesst-die-partei\\\/#breadcrumb\",\"itemListElement\":[{\"@type\":\"ListItem\",\"position\":1,\"name\":\"Home\",\"item\":\"https:\\\/\\\/favorite-news.com\\\/de\\\/\"},{\"@type\":\"ListItem\",\"position\":2,\"name\":\"Rassismus-Vorw\u00fcrfe gegen Martin Sonneborn: Nico Semsrott verl\u00e4sst Die Partei\"}]},{\"@type\":\"WebSite\",\"@id\":\"https:\\\/\\\/favorite-news.com\\\/de\\\/#website\",\"url\":\"https:\\\/\\\/favorite-news.com\\\/de\\\/\",\"name\":\"Favorite News\",\"description\":\"Favorite News Germany\",\"potentialAction\":[{\"@type\":\"SearchAction\",\"target\":{\"@type\":\"EntryPoint\",\"urlTemplate\":\"https:\\\/\\\/favorite-news.com\\\/de\\\/?s={search_term_string}\"},\"query-input\":{\"@type\":\"PropertyValueSpecification\",\"valueRequired\":true,\"valueName\":\"search_term_string\"}}],\"inLanguage\":\"de\"},{\"@type\":\"Person\",\"@id\":\"https:\\\/\\\/favorite-news.com\\\/de\\\/#\\\/schema\\\/person\\\/b66c4cfdd10a5bf16d7d5efda647111f\",\"name\":\"favorite-news\",\"image\":{\"@type\":\"ImageObject\",\"inLanguage\":\"de\",\"@id\":\"https:\\\/\\\/secure.gravatar.com\\\/avatar\\\/f89959e01423a9ee3c2debbcf830eb021c575de0e1b3781ca3ae392b71c615a1?s=96&d=mm&r=g\",\"url\":\"https:\\\/\\\/secure.gravatar.com\\\/avatar\\\/f89959e01423a9ee3c2debbcf830eb021c575de0e1b3781ca3ae392b71c615a1?s=96&d=mm&r=g\",\"contentUrl\":\"https:\\\/\\\/secure.gravatar.com\\\/avatar\\\/f89959e01423a9ee3c2debbcf830eb021c575de0e1b3781ca3ae392b71c615a1?s=96&d=mm&r=g\",\"caption\":\"favorite-news\"},\"url\":\"https:\\\/\\\/favorite-news.com\\\/de\\\/author\\\/ruby\\\/\"}]}<\/script>\n<!-- \/ Yoast SEO plugin. -->","yoast_head_json":{"title":"Rassismus-Vorw\u00fcrfe gegen Martin Sonneborn: Nico Semsrott verl\u00e4sst Die Partei - Favorite News","robots":{"index":"index","follow":"follow","max-snippet":"max-snippet:-1","max-image-preview":"max-image-preview:large","max-video-preview":"max-video-preview:-1"},"canonical":"https:\/\/favorite-news.com\/de\/rassismus-vorwuerfe-gegen-martin-sonneborn-nico-semsrott-verlaesst-die-partei\/","og_locale":"de_DE","og_type":"article","og_title":"Rassismus-Vorw\u00fcrfe gegen Martin Sonneborn: Nico Semsrott verl\u00e4sst Die Partei - Favorite News","og_description":"[ad_1] Der Europaabgeordnete Nico Semsrott verl\u00e4sst &#8222;Die Partei&#8220; im Streit mit deren Vorsitzendem Martin Sonneborn. Der Satiriker sei &#8222;aus der Zeit gefallen&#8220;, hie\u00df es in einer Erkl\u00e4rung Semsrotts vom Mittwoch. Er bezog sich dabei auf die Reaktion Sonneborns, nachdem Tweets des Satirikers als rassistisch kritisiert worden waren.Sonneborn hatte auf Twitter nach der Kritik an ihn [&hellip;]","og_url":"https:\/\/favorite-news.com\/de\/rassismus-vorwuerfe-gegen-martin-sonneborn-nico-semsrott-verlaesst-die-partei\/","og_site_name":"Favorite News","article_published_time":"2021-01-13T15:26:43+00:00","article_modified_time":"2021-01-13T15:26:45+00:00","og_image":[{"url":"https:\/\/favorite-news.com\/de\/wp-content\/uploads\/sites\/13\/2021\/01\/Rassismus-Vorwuerfe-gegen-Martin-Sonneborn-Nico-Semsrott-verlaesst-Die-Partei.jpg","width":1,"height":1,"type":"image\/jpeg"}],"author":"favorite-news","twitter_card":"summary_large_image","twitter_misc":{"Verfasst von":"favorite-news","Gesch\u00e4tzte Lesezeit":"2\u00a0Minuten"},"schema":{"@context":"https:\/\/schema.org","@graph":[{"@type":"Article","@id":"https:\/\/favorite-news.com\/de\/rassismus-vorwuerfe-gegen-martin-sonneborn-nico-semsrott-verlaesst-die-partei\/#article","isPartOf":{"@id":"https:\/\/favorite-news.com\/de\/rassismus-vorwuerfe-gegen-martin-sonneborn-nico-semsrott-verlaesst-die-partei\/"},"author":{"name":"favorite-news","@id":"https:\/\/favorite-news.com\/de\/#\/schema\/person\/b66c4cfdd10a5bf16d7d5efda647111f"},"headline":"Rassismus-Vorw\u00fcrfe gegen Martin Sonneborn: Nico Semsrott verl\u00e4sst Die Partei","datePublished":"2021-01-13T15:26:43+00:00","dateModified":"2021-01-13T15:26:45+00:00","mainEntityOfPage":{"@id":"https:\/\/favorite-news.com\/de\/rassismus-vorwuerfe-gegen-martin-sonneborn-nico-semsrott-verlaesst-die-partei\/"},"wordCount":428,"commentCount":0,"image":{"@id":"https:\/\/favorite-news.com\/de\/rassismus-vorwuerfe-gegen-martin-sonneborn-nico-semsrott-verlaesst-die-partei\/#primaryimage"},"thumbnailUrl":"https:\/\/favorite-news.com\/de\/wp-content\/uploads\/sites\/13\/2021\/01\/Rassismus-Vorwuerfe-gegen-Martin-Sonneborn-Nico-Semsrott-verlaesst-Die-Partei.jpg","articleSection":["NEUIGKEITEN"],"inLanguage":"de","potentialAction":[{"@type":"CommentAction","name":"Comment","target":["https:\/\/favorite-news.com\/de\/rassismus-vorwuerfe-gegen-martin-sonneborn-nico-semsrott-verlaesst-die-partei\/#respond"]}]},{"@type":"WebPage","@id":"https:\/\/favorite-news.com\/de\/rassismus-vorwuerfe-gegen-martin-sonneborn-nico-semsrott-verlaesst-die-partei\/","url":"https:\/\/favorite-news.com\/de\/rassismus-vorwuerfe-gegen-martin-sonneborn-nico-semsrott-verlaesst-die-partei\/","name":"Rassismus-Vorw\u00fcrfe gegen Martin Sonneborn: Nico Semsrott verl\u00e4sst Die Partei - Favorite News","isPartOf":{"@id":"https:\/\/favorite-news.com\/de\/#website"},"primaryImageOfPage":{"@id":"https:\/\/favorite-news.com\/de\/rassismus-vorwuerfe-gegen-martin-sonneborn-nico-semsrott-verlaesst-die-partei\/#primaryimage"},"image":{"@id":"https:\/\/favorite-news.com\/de\/rassismus-vorwuerfe-gegen-martin-sonneborn-nico-semsrott-verlaesst-die-partei\/#primaryimage"},"thumbnailUrl":"https:\/\/favorite-news.com\/de\/wp-content\/uploads\/sites\/13\/2021\/01\/Rassismus-Vorwuerfe-gegen-Martin-Sonneborn-Nico-Semsrott-verlaesst-Die-Partei.jpg","datePublished":"2021-01-13T15:26:43+00:00","dateModified":"2021-01-13T15:26:45+00:00","author":{"@id":"https:\/\/favorite-news.com\/de\/#\/schema\/person\/b66c4cfdd10a5bf16d7d5efda647111f"},"breadcrumb":{"@id":"https:\/\/favorite-news.com\/de\/rassismus-vorwuerfe-gegen-martin-sonneborn-nico-semsrott-verlaesst-die-partei\/#breadcrumb"},"inLanguage":"de","potentialAction":[{"@type":"ReadAction","target":["https:\/\/favorite-news.com\/de\/rassismus-vorwuerfe-gegen-martin-sonneborn-nico-semsrott-verlaesst-die-partei\/"]}]},{"@type":"ImageObject","inLanguage":"de","@id":"https:\/\/favorite-news.com\/de\/rassismus-vorwuerfe-gegen-martin-sonneborn-nico-semsrott-verlaesst-die-partei\/#primaryimage","url":"https:\/\/favorite-news.com\/de\/wp-content\/uploads\/sites\/13\/2021\/01\/Rassismus-Vorwuerfe-gegen-Martin-Sonneborn-Nico-Semsrott-verlaesst-Die-Partei.jpg","contentUrl":"https:\/\/favorite-news.com\/de\/wp-content\/uploads\/sites\/13\/2021\/01\/Rassismus-Vorwuerfe-gegen-Martin-Sonneborn-Nico-Semsrott-verlaesst-Die-Partei.jpg","caption":"Rassismus-Vorw\u00fcrfe gegen Martin Sonneborn: Nico Semsrott verl\u00e4sst Die Partei"},{"@type":"BreadcrumbList","@id":"https:\/\/favorite-news.com\/de\/rassismus-vorwuerfe-gegen-martin-sonneborn-nico-semsrott-verlaesst-die-partei\/#breadcrumb","itemListElement":[{"@type":"ListItem","position":1,"name":"Home","item":"https:\/\/favorite-news.com\/de\/"},{"@type":"ListItem","position":2,"name":"Rassismus-Vorw\u00fcrfe gegen Martin Sonneborn: Nico Semsrott verl\u00e4sst Die Partei"}]},{"@type":"WebSite","@id":"https:\/\/favorite-news.com\/de\/#website","url":"https:\/\/favorite-news.com\/de\/","name":"Favorite News","description":"Favorite News Germany","potentialAction":[{"@type":"SearchAction","target":{"@type":"EntryPoint","urlTemplate":"https:\/\/favorite-news.com\/de\/?s={search_term_string}"},"query-input":{"@type":"PropertyValueSpecification","valueRequired":true,"valueName":"search_term_string"}}],"inLanguage":"de"},{"@type":"Person","@id":"https:\/\/favorite-news.com\/de\/#\/schema\/person\/b66c4cfdd10a5bf16d7d5efda647111f","name":"favorite-news","image":{"@type":"ImageObject","inLanguage":"de","@id":"https:\/\/secure.gravatar.com\/avatar\/f89959e01423a9ee3c2debbcf830eb021c575de0e1b3781ca3ae392b71c615a1?s=96&d=mm&r=g","url":"https:\/\/secure.gravatar.com\/avatar\/f89959e01423a9ee3c2debbcf830eb021c575de0e1b3781ca3ae392b71c615a1?s=96&d=mm&r=g","contentUrl":"https:\/\/secure.gravatar.com\/avatar\/f89959e01423a9ee3c2debbcf830eb021c575de0e1b3781ca3ae392b71c615a1?s=96&d=mm&r=g","caption":"favorite-news"},"url":"https:\/\/favorite-news.com\/de\/author\/ruby\/"}]}},"_links":{"self":[{"href":"https:\/\/favorite-news.com\/de\/wp-json\/wp\/v2\/posts\/857","targetHints":{"allow":["GET"]}}],"collection":[{"href":"https:\/\/favorite-news.com\/de\/wp-json\/wp\/v2\/posts"}],"about":[{"href":"https:\/\/favorite-news.com\/de\/wp-json\/wp\/v2\/types\/post"}],"author":[{"embeddable":true,"href":"https:\/\/favorite-news.com\/de\/wp-json\/wp\/v2\/users\/1"}],"replies":[{"embeddable":true,"href":"https:\/\/favorite-news.com\/de\/wp-json\/wp\/v2\/comments?post=857"}],"version-history":[{"count":1,"href":"https:\/\/favorite-news.com\/de\/wp-json\/wp\/v2\/posts\/857\/revisions"}],"predecessor-version":[{"id":859,"href":"https:\/\/favorite-news.com\/de\/wp-json\/wp\/v2\/posts\/857\/revisions\/859"}],"wp:featuredmedia":[{"embeddable":true,"href":"https:\/\/favorite-news.com\/de\/wp-json\/wp\/v2\/media\/858"}],"wp:attachment":[{"href":"https:\/\/favorite-news.com\/de\/wp-json\/wp\/v2\/media?parent=857"}],"wp:term":[{"taxonomy":"category","embeddable":true,"href":"https:\/\/favorite-news.com\/de\/wp-json\/wp\/v2\/categories?post=857"},{"taxonomy":"post_tag","embeddable":true,"href":"https:\/\/favorite-news.com\/de\/wp-json\/wp\/v2\/tags?post=857"}],"curies":[{"name":"wp","href":"https:\/\/api.w.org\/{rel}","templated":true}]}}