{"id":851,"date":"2021-01-12T15:24:16","date_gmt":"2021-01-12T15:24:16","guid":{"rendered":"https:\/\/favorite-news.com\/de\/politik-liebt-shutdown-warum-die-rueckkehr-zur-normalitaet-hinausgezoegert-wird\/"},"modified":"2021-01-12T15:24:17","modified_gmt":"2021-01-12T15:24:17","slug":"politik-liebt-shutdown-warum-die-rueckkehr-zur-normalitaet-hinausgezoegert-wird","status":"publish","type":"post","link":"https:\/\/favorite-news.com\/de\/politik-liebt-shutdown-warum-die-rueckkehr-zur-normalitaet-hinausgezoegert-wird\/","title":{"rendered":"Politik liebt Shutdown &#8211; warum die R\u00fcckkehr zur Normalit\u00e4t hinausgez\u00f6gert wird"},"content":{"rendered":"<p>[ad_1]<br \/>\n <br \/>\n\t\tDer Corona-Winter verlangt uns allen Einschr\u00e4nkungen ab, die jetzt in Deutschland sogar noch versch\u00e4rft worden sind. Zugleich ist ein Hoffnungsschimmer sichtbar. Auch wenn gerade der Beginn der Impfaktion verstolpert wird, steht erstmals ein wirksamer Schutz gegen das Virus zur Verf\u00fcgung. Dass dies in wenigen Monaten m\u00f6glich war, grenzt an ein Wunder.Es w\u00e4re die richtige Zeit f\u00fcr etwas Dankbarkeit, vielleicht sogar f\u00fcr Bewunderung, zu welchen Leistungen die moderne Medizin f\u00e4hig ist. Was aber macht die Politik? Sie beginnt eine Diskussion, welche &#8222;Privilegien&#8220; Geimpfte beanspruchen d\u00fcrfen. So \u00fcberfl\u00fcssig diese Debatte ist, so exemplarisch ist sie. Denn sie zeigt, welchen Stellenwert Freiheit in Deutschland hat, und sie verr\u00e4t, dass nicht wenige Politiker im B\u00fcrger mehr Untertan als Souver\u00e4n sehen.Den Anfang machte der deutsche Innenminister Horst Seehofer (CSU). Er kritisierte in einem Interview mit &#8222;Bild am Sonntag&#8220;, dass Airlines und andere Unternehmen Geimpfte bevorzugen k\u00f6nnten. Dies bedeute einen indirekten Impfzwang.<br \/>\n\t\t\t\t\tDeutschland z\u00e4hlt derzeit auf 100 Einwohner eine halbe ImpfdosisBereits verabreichte Impfdosen gegen das Coronavirus weltweit in Prozent der Bev\u00f6lkerung, nach Land<br \/>\n\t\t\t\t\tAuch die sozialdemokratische Justizministerin Christine Lambrecht h\u00e4lt den privilegierten Zugang zu Lokalen und Verkehrsmitteln f\u00fcr falsch. Die SPD-Bundestagsfraktion will pr\u00fcfen, wie sich mit einem Gesetz verhindern l\u00e4sst, dass etwa Restaurants nur G\u00e4ste mit Impfschutz bedienen.Surftipp: Alle Neuigkeiten zur Corona-Impfung finden Sie im News-Ticker von FOCUS Online\u00a0Auch Wirte k\u00f6nnen selber denkenAlle warnen vor einer Spaltung der Gesellschaft. Nur gemeinsam k\u00f6nne man die Krise \u00fcberwinden, versichern die Politiker in sch\u00f6nster Einigkeit. Was sie aber meinen, ist etwas ganz anderes: Sie wollen ihre Allmacht nicht preisgeben, an die sie sich in der Corona-Krise gew\u00f6hnt haben. Bund und L\u00e4nder schlossen Schulen und Gesch\u00e4fte, verh\u00e4ngten Sperrstunden oder schickten Reisende in Quarant\u00e4ne. Obendrauf kommen nun die willk\u00fcrliche Verringerung des Bewegungsradius auf 15 Kilometer und eine \u2013 man kann es nicht anders sagen \u2013 asoziale Beschr\u00e4nkung von Kontakten auf eine Person.Die USA haben weltweit die meisten Corona-Impfdosen verabreichtAnzahl der bereits verabreichten Impfdosen gegen das Coronavirus weltweit, nach Land (in Millionen)<br \/>\n\t\t\t\t\tDieser in Demokratien eigentlich unvorstellbare totale Zugriff auf eine Gesellschaft scheint einigen zu Kopfe gestiegen zu sein. So mancher Minister oder Abgeordnete vermag sich offenbar gar nicht mehr vorzustellen, wie Menschen ohne Bevormundung leben k\u00f6nnen.Genau dies sieht das B\u00fcrgerliche Gesetzbuch eigentlich vor: dass sich Unternehmen im Rahmen der Vertragsfreiheit aussuchen k\u00f6nnen, mit wem sie Gesch\u00e4fte machen. Ein Restaurantbesitzer soll selbst festlegen, auf welche Weise er seine G\u00e4ste bewirtet. Er braucht daf\u00fcr keinen Innenminister und keine Justizministerin.Diese Vertragsfreiheit bedeutet auch keinen versteckten Impfzwang \u2013 genauso wenig wie die Entscheidung, nur vegetarische Speisen anzubieten, einen &#8222;Veggie-Zwang&#8220; bedeutet. Wem das Angebot nicht passt, sucht sich eben eine W\u00fcrstchenbude. Die Marktwirtschaft befriedigt auch die ausgefallensten Bed\u00fcrfnisse, sogar den Hunger auf Currywurst.Warum hat es die Freiheit in Deutschland bloss so schwer?Zu einem selbstbestimmten Leben geh\u00f6rt, dass jeder die Folgen seines Impfstatus selbst absch\u00e4tzt, so wie jeder die meisten Lebensrisiken selbst tragen muss. Die Erwartung, der Sozialstaat treffe &#8222;Daseinsvorsorge&#8220; f\u00fcr alle nur denkbaren Lagen, ist zwar tief in der deutschen Psyche verankert. Der Ausnahmezustand der Seuche macht jedoch deutlich, dass dies nur eingeschr\u00e4nkt m\u00f6glich ist.Wie Ausbildung, Einkommen, Partnerwahl und sogar der Gesundheitszustand wesentlich von individuellen Entscheidungen abh\u00e4ngen, kann der Staat auch nicht in der Pandemie alle Wechself\u00e4lle des Schicksals ausgleichen. Gerecht ist das nicht. Gerade in den existenziellen Dingen geh\u00f6rt Ungleichheit zu den Grundkonstanten des Lebens.<br \/>\n\t\t\t\t\tHinter der Debatte um die &#8222;Impfprivilegien&#8220; verbergen sich unterschiedliche Konzeptionen von Freiheit. Haben Menschen das unver\u00e4usserliche Recht, ihr Leben mit allen Risiken selbst zu gestalten, sind daher Einschr\u00e4nkungen nur so weit legitim, als sie die Freiheit der anderen sichern? Oder ist dieses Recht nur geborgt von &#8222;Vater Staat&#8220;, der die Freiheit beschneiden kann, sofern er im Gegenzug als Lebensversicherung fungiert?Letztere Vorstellung ist in Deutschland mit seiner Staatsgl\u00e4ubigkeit sehr verbreitet \u2013 nicht nur in Corona-Zeiten, in diesen allerdings besonders ausgepr\u00e4gt. Es beginnt mit der Sprache, die eigentlich Selbstverst\u00e4ndliches zum Privileg erkl\u00e4rt. Norbert R\u00f6ttgen hat in der &#8222;Welt&#8220; darauf hingewiesen: &#8222;Wenn man das Sonderrechte nennt, dann zeigt das, dass im Denken etwas verrutscht ist; dass man die Situation der Einschr\u00e4nkung f\u00fcr den Normalfall h\u00e4lt und die Situation, dass der B\u00fcrger frei ist, f\u00fcr den Sonderstatus.&#8220;Surftipp: Alle Neuigkeiten zur Corona-Pandemie finden Sie im News-Ticker von FOCUS Online\u00a0Diskussion um Shutdown: Grundrechte sind keine PrivilegienDie M\u00f6glichkeit, sich zu verwirklichen, ist ein Grundrecht. Dass jemand diese M\u00f6glichkeit partiell vorenthalten wird, weil er nicht geimpft ist, gibt dem Staat nicht die Legitimation, anderen B\u00fcrgern die Aus\u00fcbung ihrer Grundrechte zu verwehren. Heribert Prantl hat das in der &#8222;S\u00fcddeutschen Zeitung&#8220; auf eine b\u00fcndige Formel gebracht: &#8222;Grundrechte sind keine Privilegien, die man sich erst durch ein bestimmtes Handeln oder durch ein bestimmtes Verhalten verdienen kann oder verdienen muss. Grundrechte sind keine Belohnung, keine Gratifikation, kein Bonus, kein 13.\u00a0Monatsgehalt. Sie sind einfach da.&#8220;Mit Covid-19 hat sich die Balance zwischen Individuum und Kollektiv markant zugunsten der vom Staat usurpierten Gemeinschaft ver\u00e4ndert. Diese Verschiebung versuchte ich im Fr\u00fchjahr mit dem Begriff des Seuchen-Sozialismus zu beschreiben. Unter dem Vorwand der Pandemie-Bek\u00e4mpfung beansprucht das Kollektiv Rechte, die vor der Pandemie dem Einzelnen zustanden.Die Sorge, dass sich die Entwicklung nur schwer umkehren l\u00e4sst, selbst wenn die Gesellschaft allm\u00e4hlich zur Normalit\u00e4t zur\u00fcckkehrt, best\u00e4tigt sich. Die Diskussion um die angeblichen Impfprivilegien zeigt dies eindr\u00fccklich. Zumal bereits daran gearbeitet wird, die mit Corona \u00fcblich gewordenen staatlichen Sonderrechte auch auf andere Politikbereiche auszudehnen.Surftipp:  S\u00f6der teilt mit &#8211; Bayern f\u00fchrt ab n\u00e4chster Woche FFP2-Masken-Pflicht im \u00d6PNV und in Gesch\u00e4ften einEine Impfung gegen CO2 wird es nie gebenSo wagte der SPD-Gesundheitspolitiker Karl Lauterbach in der &#8222;Welt&#8220; den schr\u00e4gen Vergleich, dass es eine Impfung gegen CO2 niemals geben werde. Daraus leitete er ab: &#8222;Somit ben\u00f6tigen wir Massnahmen zur Bew\u00e4ltigung des Klimawandels, die analog zu den Einschr\u00e4nkungen der pers\u00f6nlichen Freiheit in der Pandemie-Bek\u00e4mpfung sind.&#8220;Zwar nimmt sogar die SPD ihren Bundestagsabgeordneten Lauterbach nur eingeschr\u00e4nkt ernst, er geniesst die Privilegien eines Hofnarren. Aber auch die Sozialdemokratie sollte es nicht achselzuckend akzeptieren, wenn in ihrem Namen eine fl\u00e4chendeckende und dauerhafte Beschneidung der individuellen Freiheit gefordert wird.Mit dem z\u00f6gerlichen Impfbeginn wird Vertrauen verspieltWer will, findet immer einen Grund, um die Freiheit einzuschr\u00e4nken: die Benachteiligung einer Nation und die Nichtachtung ihrer Identit\u00e4t genauso wie die Ungleichheit zwischen Arm und Reich. Auf diese Weise wurden in Deutschland und Russland barbarische Diktaturen gerechtfertigt. Auch wenn Berlin nicht Weimar und Lauterbach nicht Stalin ist, sollte die Geschichte des 20.\u00a0Jahrhunderts Grund genug sein, mit der Forderung nach dem Entzug von Grundrechten vorsichtig umzugehen.Auch bei den Gr\u00fcnen gibt es Stimmen, die im B\u00fcrger zuvorderst den Untertanen sehen. So erkl\u00e4rte Hamburgs Zweite B\u00fcrgermeisterin Katharina Fegebank, erst m\u00fcssten 60 bis 70 Prozent der Menschen geimpft sein, um Herdenimmunit\u00e4t zu erreichen. Nur dann sei es an der Zeit, wieder alle Grundrechte in Kraft zu setzen.Solche Wortmeldungen wirken zynisch, wenn man bedenkt, dass mit dem langsamen Impfbeginn viel Vertrauen verspielt wird. Dieselben Staatsorgane, die bei der Beschaffung von Impfdosen nur gebremsten Ehrgeiz zeigen, wollen ihr Versagen zum Vorwand nehmen, um Freiheitsrechte l\u00e4nger als unabdingbar auszusetzen. Wenn das nicht Kalk\u00fcl ist, dann doch mindestens Gedankenlosigkeit von Personen, die selbst in einer beispiellosen Gesundheitskrise ihr politisches S\u00fcppchen kochen, als sei nichts geschehen.&#8220;Der andere Blick&#8220; von der NZZ erscheint immer freitags.\u00a0Zum Thema Corona:F\u00fcr einige Bewohner von deutschen Hotspot-Regionen gilt mittlerweile eine Beschr\u00e4nkung der Bewegungsfreiheit. Sie d\u00fcrfen sich nur noch 15 Kilometer vom eigenen Wohnort entfernen. Aber wie sehen Sie den legalen Radius? In Google Maps gelingt das mit einer zus\u00e4tzlichen App oder einem Browser-Tool.<br \/>\n\t\t\t\t\tFDP-Vize Wolfgang Kubicki \u00fcbt harsche Kritik an Bayerns Ministerpr\u00e4sident Markus S\u00f6der \u00fcber seinen Facebook-Kanal. Dabei wirft der Bundestagsvize dem CSU-Chef unter anderem vor, f\u00fcr die gr\u00f6\u00dfte Testpanne der Pandemie verantwortlich zu sein.<br \/>\n <br \/>[ad_2]<br \/>\n <br \/><a href=\"https:\/\/www.focus.de\/finanzen\/recht\/gastkommentar-der-nzz-politik-liebt-lockdown-darum-wird-die-rueckkehr-zur-normalitaet-hinausgezoegert_id_12855699.html\">\u0421\u0441\u044b\u043b\u043a\u0430 \u043d\u0430 \u0438\u0441\u0442\u043e\u0447\u043d\u0438\u043a <\/a><\/p>\n","protected":false},"excerpt":{"rendered":"<p>[ad_1] Der Corona-Winter verlangt uns allen Einschr\u00e4nkungen ab, die jetzt in Deutschland sogar noch versch\u00e4rft worden sind. Zugleich ist ein Hoffnungsschimmer sichtbar. Auch wenn gerade der Beginn der Impfaktion verstolpert wird, steht erstmals ein wirksamer Schutz gegen das Virus zur Verf\u00fcgung. Dass dies in wenigen Monaten m\u00f6glich war, grenzt an ein Wunder.Es w\u00e4re die richtige [&hellip;]<\/p>\n","protected":false},"author":1,"featured_media":852,"comment_status":"open","ping_status":"open","sticky":false,"template":"","format":"standard","meta":{"footnotes":""},"categories":[1],"tags":[],"class_list":["post-851","post","type-post","status-publish","format-standard","has-post-thumbnail","hentry","category-neuigkeiten"],"yoast_head":"<!-- This site is optimized with the Yoast SEO plugin v27.4 - https:\/\/yoast.com\/product\/yoast-seo-wordpress\/ -->\n<title>Politik liebt Shutdown - warum die R\u00fcckkehr zur Normalit\u00e4t hinausgez\u00f6gert wird - Favorite News<\/title>\n<meta name=\"robots\" content=\"index, follow, max-snippet:-1, max-image-preview:large, max-video-preview:-1\" \/>\n<link rel=\"canonical\" href=\"https:\/\/favorite-news.com\/de\/politik-liebt-shutdown-warum-die-rueckkehr-zur-normalitaet-hinausgezoegert-wird\/\" \/>\n<meta property=\"og:locale\" content=\"de_DE\" \/>\n<meta property=\"og:type\" content=\"article\" \/>\n<meta property=\"og:title\" content=\"Politik liebt Shutdown - warum die R\u00fcckkehr zur Normalit\u00e4t hinausgez\u00f6gert wird - Favorite News\" \/>\n<meta property=\"og:description\" content=\"[ad_1] Der Corona-Winter verlangt uns allen Einschr\u00e4nkungen ab, die jetzt in Deutschland sogar noch versch\u00e4rft worden sind. Zugleich ist ein Hoffnungsschimmer sichtbar. Auch wenn gerade der Beginn der Impfaktion verstolpert wird, steht erstmals ein wirksamer Schutz gegen das Virus zur Verf\u00fcgung. Dass dies in wenigen Monaten m\u00f6glich war, grenzt an ein Wunder.Es w\u00e4re die richtige [&hellip;]\" \/>\n<meta property=\"og:url\" content=\"https:\/\/favorite-news.com\/de\/politik-liebt-shutdown-warum-die-rueckkehr-zur-normalitaet-hinausgezoegert-wird\/\" \/>\n<meta property=\"og:site_name\" content=\"Favorite News\" \/>\n<meta property=\"article:published_time\" content=\"2021-01-12T15:24:16+00:00\" \/>\n<meta property=\"article:modified_time\" content=\"2021-01-12T15:24:17+00:00\" \/>\n<meta property=\"og:image\" content=\"https:\/\/favorite-news.com\/de\/wp-content\/uploads\/sites\/13\/2021\/01\/Politik-liebt-Shutdown-warum-die-Rueckkehr-zur-Normalitaet-hinausgezoegert.jpg\" \/>\n\t<meta property=\"og:image:width\" content=\"1\" \/>\n\t<meta property=\"og:image:height\" content=\"1\" \/>\n\t<meta property=\"og:image:type\" content=\"image\/jpeg\" \/>\n<meta name=\"author\" content=\"favorite-news\" \/>\n<meta name=\"twitter:card\" content=\"summary_large_image\" \/>\n<meta name=\"twitter:label1\" content=\"Verfasst von\" \/>\n\t<meta name=\"twitter:data1\" content=\"favorite-news\" \/>\n\t<meta name=\"twitter:label2\" content=\"Gesch\u00e4tzte Lesezeit\" \/>\n\t<meta name=\"twitter:data2\" content=\"7\u00a0Minuten\" \/>\n<script type=\"application\/ld+json\" class=\"yoast-schema-graph\">{\"@context\":\"https:\\\/\\\/schema.org\",\"@graph\":[{\"@type\":\"Article\",\"@id\":\"https:\\\/\\\/favorite-news.com\\\/de\\\/politik-liebt-shutdown-warum-die-rueckkehr-zur-normalitaet-hinausgezoegert-wird\\\/#article\",\"isPartOf\":{\"@id\":\"https:\\\/\\\/favorite-news.com\\\/de\\\/politik-liebt-shutdown-warum-die-rueckkehr-zur-normalitaet-hinausgezoegert-wird\\\/\"},\"author\":{\"name\":\"favorite-news\",\"@id\":\"https:\\\/\\\/favorite-news.com\\\/de\\\/#\\\/schema\\\/person\\\/b66c4cfdd10a5bf16d7d5efda647111f\"},\"headline\":\"Politik liebt Shutdown &#8211; warum die R\u00fcckkehr zur Normalit\u00e4t hinausgez\u00f6gert wird\",\"datePublished\":\"2021-01-12T15:24:16+00:00\",\"dateModified\":\"2021-01-12T15:24:17+00:00\",\"mainEntityOfPage\":{\"@id\":\"https:\\\/\\\/favorite-news.com\\\/de\\\/politik-liebt-shutdown-warum-die-rueckkehr-zur-normalitaet-hinausgezoegert-wird\\\/\"},\"wordCount\":1375,\"commentCount\":0,\"image\":{\"@id\":\"https:\\\/\\\/favorite-news.com\\\/de\\\/politik-liebt-shutdown-warum-die-rueckkehr-zur-normalitaet-hinausgezoegert-wird\\\/#primaryimage\"},\"thumbnailUrl\":\"https:\\\/\\\/favorite-news.com\\\/de\\\/wp-content\\\/uploads\\\/sites\\\/13\\\/2021\\\/01\\\/Politik-liebt-Shutdown-warum-die-Rueckkehr-zur-Normalitaet-hinausgezoegert.jpg\",\"articleSection\":[\"NEUIGKEITEN\"],\"inLanguage\":\"de\",\"potentialAction\":[{\"@type\":\"CommentAction\",\"name\":\"Comment\",\"target\":[\"https:\\\/\\\/favorite-news.com\\\/de\\\/politik-liebt-shutdown-warum-die-rueckkehr-zur-normalitaet-hinausgezoegert-wird\\\/#respond\"]}]},{\"@type\":\"WebPage\",\"@id\":\"https:\\\/\\\/favorite-news.com\\\/de\\\/politik-liebt-shutdown-warum-die-rueckkehr-zur-normalitaet-hinausgezoegert-wird\\\/\",\"url\":\"https:\\\/\\\/favorite-news.com\\\/de\\\/politik-liebt-shutdown-warum-die-rueckkehr-zur-normalitaet-hinausgezoegert-wird\\\/\",\"name\":\"Politik liebt Shutdown - warum die R\u00fcckkehr zur Normalit\u00e4t hinausgez\u00f6gert wird - Favorite News\",\"isPartOf\":{\"@id\":\"https:\\\/\\\/favorite-news.com\\\/de\\\/#website\"},\"primaryImageOfPage\":{\"@id\":\"https:\\\/\\\/favorite-news.com\\\/de\\\/politik-liebt-shutdown-warum-die-rueckkehr-zur-normalitaet-hinausgezoegert-wird\\\/#primaryimage\"},\"image\":{\"@id\":\"https:\\\/\\\/favorite-news.com\\\/de\\\/politik-liebt-shutdown-warum-die-rueckkehr-zur-normalitaet-hinausgezoegert-wird\\\/#primaryimage\"},\"thumbnailUrl\":\"https:\\\/\\\/favorite-news.com\\\/de\\\/wp-content\\\/uploads\\\/sites\\\/13\\\/2021\\\/01\\\/Politik-liebt-Shutdown-warum-die-Rueckkehr-zur-Normalitaet-hinausgezoegert.jpg\",\"datePublished\":\"2021-01-12T15:24:16+00:00\",\"dateModified\":\"2021-01-12T15:24:17+00:00\",\"author\":{\"@id\":\"https:\\\/\\\/favorite-news.com\\\/de\\\/#\\\/schema\\\/person\\\/b66c4cfdd10a5bf16d7d5efda647111f\"},\"breadcrumb\":{\"@id\":\"https:\\\/\\\/favorite-news.com\\\/de\\\/politik-liebt-shutdown-warum-die-rueckkehr-zur-normalitaet-hinausgezoegert-wird\\\/#breadcrumb\"},\"inLanguage\":\"de\",\"potentialAction\":[{\"@type\":\"ReadAction\",\"target\":[\"https:\\\/\\\/favorite-news.com\\\/de\\\/politik-liebt-shutdown-warum-die-rueckkehr-zur-normalitaet-hinausgezoegert-wird\\\/\"]}]},{\"@type\":\"ImageObject\",\"inLanguage\":\"de\",\"@id\":\"https:\\\/\\\/favorite-news.com\\\/de\\\/politik-liebt-shutdown-warum-die-rueckkehr-zur-normalitaet-hinausgezoegert-wird\\\/#primaryimage\",\"url\":\"https:\\\/\\\/favorite-news.com\\\/de\\\/wp-content\\\/uploads\\\/sites\\\/13\\\/2021\\\/01\\\/Politik-liebt-Shutdown-warum-die-Rueckkehr-zur-Normalitaet-hinausgezoegert.jpg\",\"contentUrl\":\"https:\\\/\\\/favorite-news.com\\\/de\\\/wp-content\\\/uploads\\\/sites\\\/13\\\/2021\\\/01\\\/Politik-liebt-Shutdown-warum-die-Rueckkehr-zur-Normalitaet-hinausgezoegert.jpg\",\"caption\":\"Politik liebt Shutdown - warum die R\u00fcckkehr zur Normalit\u00e4t hinausgez\u00f6gert wird\"},{\"@type\":\"BreadcrumbList\",\"@id\":\"https:\\\/\\\/favorite-news.com\\\/de\\\/politik-liebt-shutdown-warum-die-rueckkehr-zur-normalitaet-hinausgezoegert-wird\\\/#breadcrumb\",\"itemListElement\":[{\"@type\":\"ListItem\",\"position\":1,\"name\":\"Home\",\"item\":\"https:\\\/\\\/favorite-news.com\\\/de\\\/\"},{\"@type\":\"ListItem\",\"position\":2,\"name\":\"Politik liebt Shutdown &#8211; warum die R\u00fcckkehr zur Normalit\u00e4t hinausgez\u00f6gert wird\"}]},{\"@type\":\"WebSite\",\"@id\":\"https:\\\/\\\/favorite-news.com\\\/de\\\/#website\",\"url\":\"https:\\\/\\\/favorite-news.com\\\/de\\\/\",\"name\":\"Favorite News\",\"description\":\"Favorite News Germany\",\"potentialAction\":[{\"@type\":\"SearchAction\",\"target\":{\"@type\":\"EntryPoint\",\"urlTemplate\":\"https:\\\/\\\/favorite-news.com\\\/de\\\/?s={search_term_string}\"},\"query-input\":{\"@type\":\"PropertyValueSpecification\",\"valueRequired\":true,\"valueName\":\"search_term_string\"}}],\"inLanguage\":\"de\"},{\"@type\":\"Person\",\"@id\":\"https:\\\/\\\/favorite-news.com\\\/de\\\/#\\\/schema\\\/person\\\/b66c4cfdd10a5bf16d7d5efda647111f\",\"name\":\"favorite-news\",\"image\":{\"@type\":\"ImageObject\",\"inLanguage\":\"de\",\"@id\":\"https:\\\/\\\/secure.gravatar.com\\\/avatar\\\/f89959e01423a9ee3c2debbcf830eb021c575de0e1b3781ca3ae392b71c615a1?s=96&d=mm&r=g\",\"url\":\"https:\\\/\\\/secure.gravatar.com\\\/avatar\\\/f89959e01423a9ee3c2debbcf830eb021c575de0e1b3781ca3ae392b71c615a1?s=96&d=mm&r=g\",\"contentUrl\":\"https:\\\/\\\/secure.gravatar.com\\\/avatar\\\/f89959e01423a9ee3c2debbcf830eb021c575de0e1b3781ca3ae392b71c615a1?s=96&d=mm&r=g\",\"caption\":\"favorite-news\"},\"url\":\"https:\\\/\\\/favorite-news.com\\\/de\\\/author\\\/ruby\\\/\"}]}<\/script>\n<!-- \/ Yoast SEO plugin. -->","yoast_head_json":{"title":"Politik liebt Shutdown - warum die R\u00fcckkehr zur Normalit\u00e4t hinausgez\u00f6gert wird - Favorite News","robots":{"index":"index","follow":"follow","max-snippet":"max-snippet:-1","max-image-preview":"max-image-preview:large","max-video-preview":"max-video-preview:-1"},"canonical":"https:\/\/favorite-news.com\/de\/politik-liebt-shutdown-warum-die-rueckkehr-zur-normalitaet-hinausgezoegert-wird\/","og_locale":"de_DE","og_type":"article","og_title":"Politik liebt Shutdown - warum die R\u00fcckkehr zur Normalit\u00e4t hinausgez\u00f6gert wird - Favorite News","og_description":"[ad_1] Der Corona-Winter verlangt uns allen Einschr\u00e4nkungen ab, die jetzt in Deutschland sogar noch versch\u00e4rft worden sind. Zugleich ist ein Hoffnungsschimmer sichtbar. Auch wenn gerade der Beginn der Impfaktion verstolpert wird, steht erstmals ein wirksamer Schutz gegen das Virus zur Verf\u00fcgung. Dass dies in wenigen Monaten m\u00f6glich war, grenzt an ein Wunder.Es w\u00e4re die richtige [&hellip;]","og_url":"https:\/\/favorite-news.com\/de\/politik-liebt-shutdown-warum-die-rueckkehr-zur-normalitaet-hinausgezoegert-wird\/","og_site_name":"Favorite News","article_published_time":"2021-01-12T15:24:16+00:00","article_modified_time":"2021-01-12T15:24:17+00:00","og_image":[{"url":"https:\/\/favorite-news.com\/de\/wp-content\/uploads\/sites\/13\/2021\/01\/Politik-liebt-Shutdown-warum-die-Rueckkehr-zur-Normalitaet-hinausgezoegert.jpg","width":1,"height":1,"type":"image\/jpeg"}],"author":"favorite-news","twitter_card":"summary_large_image","twitter_misc":{"Verfasst von":"favorite-news","Gesch\u00e4tzte Lesezeit":"7\u00a0Minuten"},"schema":{"@context":"https:\/\/schema.org","@graph":[{"@type":"Article","@id":"https:\/\/favorite-news.com\/de\/politik-liebt-shutdown-warum-die-rueckkehr-zur-normalitaet-hinausgezoegert-wird\/#article","isPartOf":{"@id":"https:\/\/favorite-news.com\/de\/politik-liebt-shutdown-warum-die-rueckkehr-zur-normalitaet-hinausgezoegert-wird\/"},"author":{"name":"favorite-news","@id":"https:\/\/favorite-news.com\/de\/#\/schema\/person\/b66c4cfdd10a5bf16d7d5efda647111f"},"headline":"Politik liebt Shutdown &#8211; warum die R\u00fcckkehr zur Normalit\u00e4t hinausgez\u00f6gert wird","datePublished":"2021-01-12T15:24:16+00:00","dateModified":"2021-01-12T15:24:17+00:00","mainEntityOfPage":{"@id":"https:\/\/favorite-news.com\/de\/politik-liebt-shutdown-warum-die-rueckkehr-zur-normalitaet-hinausgezoegert-wird\/"},"wordCount":1375,"commentCount":0,"image":{"@id":"https:\/\/favorite-news.com\/de\/politik-liebt-shutdown-warum-die-rueckkehr-zur-normalitaet-hinausgezoegert-wird\/#primaryimage"},"thumbnailUrl":"https:\/\/favorite-news.com\/de\/wp-content\/uploads\/sites\/13\/2021\/01\/Politik-liebt-Shutdown-warum-die-Rueckkehr-zur-Normalitaet-hinausgezoegert.jpg","articleSection":["NEUIGKEITEN"],"inLanguage":"de","potentialAction":[{"@type":"CommentAction","name":"Comment","target":["https:\/\/favorite-news.com\/de\/politik-liebt-shutdown-warum-die-rueckkehr-zur-normalitaet-hinausgezoegert-wird\/#respond"]}]},{"@type":"WebPage","@id":"https:\/\/favorite-news.com\/de\/politik-liebt-shutdown-warum-die-rueckkehr-zur-normalitaet-hinausgezoegert-wird\/","url":"https:\/\/favorite-news.com\/de\/politik-liebt-shutdown-warum-die-rueckkehr-zur-normalitaet-hinausgezoegert-wird\/","name":"Politik liebt Shutdown - warum die R\u00fcckkehr zur Normalit\u00e4t hinausgez\u00f6gert wird - Favorite News","isPartOf":{"@id":"https:\/\/favorite-news.com\/de\/#website"},"primaryImageOfPage":{"@id":"https:\/\/favorite-news.com\/de\/politik-liebt-shutdown-warum-die-rueckkehr-zur-normalitaet-hinausgezoegert-wird\/#primaryimage"},"image":{"@id":"https:\/\/favorite-news.com\/de\/politik-liebt-shutdown-warum-die-rueckkehr-zur-normalitaet-hinausgezoegert-wird\/#primaryimage"},"thumbnailUrl":"https:\/\/favorite-news.com\/de\/wp-content\/uploads\/sites\/13\/2021\/01\/Politik-liebt-Shutdown-warum-die-Rueckkehr-zur-Normalitaet-hinausgezoegert.jpg","datePublished":"2021-01-12T15:24:16+00:00","dateModified":"2021-01-12T15:24:17+00:00","author":{"@id":"https:\/\/favorite-news.com\/de\/#\/schema\/person\/b66c4cfdd10a5bf16d7d5efda647111f"},"breadcrumb":{"@id":"https:\/\/favorite-news.com\/de\/politik-liebt-shutdown-warum-die-rueckkehr-zur-normalitaet-hinausgezoegert-wird\/#breadcrumb"},"inLanguage":"de","potentialAction":[{"@type":"ReadAction","target":["https:\/\/favorite-news.com\/de\/politik-liebt-shutdown-warum-die-rueckkehr-zur-normalitaet-hinausgezoegert-wird\/"]}]},{"@type":"ImageObject","inLanguage":"de","@id":"https:\/\/favorite-news.com\/de\/politik-liebt-shutdown-warum-die-rueckkehr-zur-normalitaet-hinausgezoegert-wird\/#primaryimage","url":"https:\/\/favorite-news.com\/de\/wp-content\/uploads\/sites\/13\/2021\/01\/Politik-liebt-Shutdown-warum-die-Rueckkehr-zur-Normalitaet-hinausgezoegert.jpg","contentUrl":"https:\/\/favorite-news.com\/de\/wp-content\/uploads\/sites\/13\/2021\/01\/Politik-liebt-Shutdown-warum-die-Rueckkehr-zur-Normalitaet-hinausgezoegert.jpg","caption":"Politik liebt Shutdown - warum die R\u00fcckkehr zur Normalit\u00e4t hinausgez\u00f6gert wird"},{"@type":"BreadcrumbList","@id":"https:\/\/favorite-news.com\/de\/politik-liebt-shutdown-warum-die-rueckkehr-zur-normalitaet-hinausgezoegert-wird\/#breadcrumb","itemListElement":[{"@type":"ListItem","position":1,"name":"Home","item":"https:\/\/favorite-news.com\/de\/"},{"@type":"ListItem","position":2,"name":"Politik liebt Shutdown &#8211; warum die R\u00fcckkehr zur Normalit\u00e4t hinausgez\u00f6gert wird"}]},{"@type":"WebSite","@id":"https:\/\/favorite-news.com\/de\/#website","url":"https:\/\/favorite-news.com\/de\/","name":"Favorite News","description":"Favorite News Germany","potentialAction":[{"@type":"SearchAction","target":{"@type":"EntryPoint","urlTemplate":"https:\/\/favorite-news.com\/de\/?s={search_term_string}"},"query-input":{"@type":"PropertyValueSpecification","valueRequired":true,"valueName":"search_term_string"}}],"inLanguage":"de"},{"@type":"Person","@id":"https:\/\/favorite-news.com\/de\/#\/schema\/person\/b66c4cfdd10a5bf16d7d5efda647111f","name":"favorite-news","image":{"@type":"ImageObject","inLanguage":"de","@id":"https:\/\/secure.gravatar.com\/avatar\/f89959e01423a9ee3c2debbcf830eb021c575de0e1b3781ca3ae392b71c615a1?s=96&d=mm&r=g","url":"https:\/\/secure.gravatar.com\/avatar\/f89959e01423a9ee3c2debbcf830eb021c575de0e1b3781ca3ae392b71c615a1?s=96&d=mm&r=g","contentUrl":"https:\/\/secure.gravatar.com\/avatar\/f89959e01423a9ee3c2debbcf830eb021c575de0e1b3781ca3ae392b71c615a1?s=96&d=mm&r=g","caption":"favorite-news"},"url":"https:\/\/favorite-news.com\/de\/author\/ruby\/"}]}},"_links":{"self":[{"href":"https:\/\/favorite-news.com\/de\/wp-json\/wp\/v2\/posts\/851","targetHints":{"allow":["GET"]}}],"collection":[{"href":"https:\/\/favorite-news.com\/de\/wp-json\/wp\/v2\/posts"}],"about":[{"href":"https:\/\/favorite-news.com\/de\/wp-json\/wp\/v2\/types\/post"}],"author":[{"embeddable":true,"href":"https:\/\/favorite-news.com\/de\/wp-json\/wp\/v2\/users\/1"}],"replies":[{"embeddable":true,"href":"https:\/\/favorite-news.com\/de\/wp-json\/wp\/v2\/comments?post=851"}],"version-history":[{"count":1,"href":"https:\/\/favorite-news.com\/de\/wp-json\/wp\/v2\/posts\/851\/revisions"}],"predecessor-version":[{"id":853,"href":"https:\/\/favorite-news.com\/de\/wp-json\/wp\/v2\/posts\/851\/revisions\/853"}],"wp:featuredmedia":[{"embeddable":true,"href":"https:\/\/favorite-news.com\/de\/wp-json\/wp\/v2\/media\/852"}],"wp:attachment":[{"href":"https:\/\/favorite-news.com\/de\/wp-json\/wp\/v2\/media?parent=851"}],"wp:term":[{"taxonomy":"category","embeddable":true,"href":"https:\/\/favorite-news.com\/de\/wp-json\/wp\/v2\/categories?post=851"},{"taxonomy":"post_tag","embeddable":true,"href":"https:\/\/favorite-news.com\/de\/wp-json\/wp\/v2\/tags?post=851"}],"curies":[{"name":"wp","href":"https:\/\/api.w.org\/{rel}","templated":true}]}}