{"id":781,"date":"2020-12-27T12:54:50","date_gmt":"2020-12-27T12:54:50","guid":{"rendered":"https:\/\/favorite-news.com\/de\/jeder-tag-den-wir-warten-ist-ein-tag-zu-viel-sachsen-anhalts-impf-fruehstart\/"},"modified":"2020-12-27T12:54:53","modified_gmt":"2020-12-27T12:54:53","slug":"jeder-tag-den-wir-warten-ist-ein-tag-zu-viel-sachsen-anhalts-impf-fruehstart","status":"publish","type":"post","link":"https:\/\/favorite-news.com\/de\/jeder-tag-den-wir-warten-ist-ein-tag-zu-viel-sachsen-anhalts-impf-fruehstart\/","title":{"rendered":"\u201eJeder Tag, den wir warten, ist ein Tag zu viel\u201c: Sachsen-Anhalts Impf-Fr\u00fchstart"},"content":{"rendered":"<p>[ad_1]<br \/>\n <br \/>\n\t\tIm Seniorenzentrum Kr\u00fcger im Landkreis Harz in Sachsen-Anhalt wurden am 26. Dezember die ersten Deutschen gegen das Corona-Virus geimpft, so berichtet die \u201eBild\u201c-Zeitung. Ein Sprecher von Gesundheitsminister Jens Spahn lie\u00df der ersten Geimpften, Edith Kwoizalla, alles Gute ausrichten, betonte aber auch: \u201eAllerdings hatten wir mit allen Partnerl\u00e4ndern der EU und mit den 16 Bundesl\u00e4ndern vereinbart, am Samstag an alle auszuliefern und ab Sonntag gemeinsam mit den Impfungen zu beginnen.\u201c\u201eWarum sollten wir dann bis Sonntag warten? Das versteht kein Mensch\u201cAm Vormittag des zweiten Weihnachtsfeiertages verk\u00fcndete Spahn noch, dass er froh sei, dass man in der Europ\u00e4ischen Union gemeinsam mit dem Impfen beginne, und es keinen nationalen Alleingang gebe. Wenig sp\u00e4ter kam es allerdings in Sachsen-Anhalt genau zu einem solchen Alleingang und Impf-Fr\u00fchstart.Dort verteidigt man jedoch die Entscheidung. Immo Kramer, Chef des Impfzentrums im Landkreis Harz, erkl\u00e4rt gegen\u00fcber \u201eBild\u201c, dass es immer hei\u00dfe, bei Corona z\u00e4hle jeder Tag. \u201eWir hatten den Impfstoff am Samstag und waren bereit &#8211; warum sollten wir dann bis Sonntag warten? Das versteht kein Mensch. Ich bin froh, dass wir sofort losgelegt haben\u201c, so Kramer.Auch der Betreiber und Pflegefachkraft im Seniorenheim Kr\u00fcger, Tobias Kr\u00fcger, stimmt dem zu: \u201eJeder Tag, den wir warten, ist ein Tag zu viel.\u201c Er habe am eigenen Leib erfahren m\u00fcssen, welche Folgen ein Virusausbruch haben k\u00f6nnte, nachdem es in einer Einrichtung f\u00fcr betreutes Wohnen ausbrach.Erprobung der Abl\u00e4ufe in kleinem Ausma\u00dfLandkreissprecher Manuel Slawig f\u00fcgt hinzu, dass man sich wie alle anderen auf Sonntag eingerichtet habe, aber der Impfstoff dann doch bereits Samstag kommen sollte. Kurzerhand habe man sich entschieden, bereits an diesem Tag loszulegen. Dank der \u00fcbersichtlichen Gr\u00f6\u00dfe des Seniorenheims Kr\u00fcger lie\u00dfen sich die Abl\u00e4ufe dort auch gut erproben, so Slawig weiter.<br \/>\n <br \/>[ad_2]<br \/>\n <br \/><a href=\"https:\/\/www.focus.de\/gesundheit\/coronavirus\/frueher-start-am-samstag-jeder-tag-den-wir-warten-ist-ein-tag-zu-viel-sachsen-anhalt-erklaert-impf-alleingang_id_12813396.html\">\u0421\u0441\u044b\u043b\u043a\u0430 \u043d\u0430 \u0438\u0441\u0442\u043e\u0447\u043d\u0438\u043a <\/a><\/p>\n","protected":false},"excerpt":{"rendered":"<p>[ad_1] Im Seniorenzentrum Kr\u00fcger im Landkreis Harz in Sachsen-Anhalt wurden am 26. Dezember die ersten Deutschen gegen das Corona-Virus geimpft, so berichtet die \u201eBild\u201c-Zeitung. Ein Sprecher von Gesundheitsminister Jens Spahn lie\u00df der ersten Geimpften, Edith Kwoizalla, alles Gute ausrichten, betonte aber auch: \u201eAllerdings hatten wir mit allen Partnerl\u00e4ndern der EU und mit den 16 Bundesl\u00e4ndern [&hellip;]<\/p>\n","protected":false},"author":1,"featured_media":782,"comment_status":"open","ping_status":"open","sticky":false,"template":"","format":"standard","meta":{"footnotes":""},"categories":[1],"tags":[],"class_list":["post-781","post","type-post","status-publish","format-standard","has-post-thumbnail","hentry","category-neuigkeiten"],"yoast_head":"<!-- This site is optimized with the Yoast SEO plugin v27.4 - https:\/\/yoast.com\/product\/yoast-seo-wordpress\/ -->\n<title>\u201eJeder Tag, den wir warten, ist ein Tag zu viel\u201c: Sachsen-Anhalts Impf-Fr\u00fchstart - Favorite News<\/title>\n<meta name=\"robots\" content=\"index, follow, max-snippet:-1, max-image-preview:large, max-video-preview:-1\" \/>\n<link rel=\"canonical\" href=\"https:\/\/favorite-news.com\/de\/jeder-tag-den-wir-warten-ist-ein-tag-zu-viel-sachsen-anhalts-impf-fruehstart\/\" \/>\n<meta property=\"og:locale\" content=\"de_DE\" \/>\n<meta property=\"og:type\" content=\"article\" \/>\n<meta property=\"og:title\" content=\"\u201eJeder Tag, den wir warten, ist ein Tag zu viel\u201c: Sachsen-Anhalts Impf-Fr\u00fchstart - Favorite News\" \/>\n<meta property=\"og:description\" content=\"[ad_1] Im Seniorenzentrum Kr\u00fcger im Landkreis Harz in Sachsen-Anhalt wurden am 26. Dezember die ersten Deutschen gegen das Corona-Virus geimpft, so berichtet die \u201eBild\u201c-Zeitung. Ein Sprecher von Gesundheitsminister Jens Spahn lie\u00df der ersten Geimpften, Edith Kwoizalla, alles Gute ausrichten, betonte aber auch: \u201eAllerdings hatten wir mit allen Partnerl\u00e4ndern der EU und mit den 16 Bundesl\u00e4ndern [&hellip;]\" \/>\n<meta property=\"og:url\" content=\"https:\/\/favorite-news.com\/de\/jeder-tag-den-wir-warten-ist-ein-tag-zu-viel-sachsen-anhalts-impf-fruehstart\/\" \/>\n<meta property=\"og:site_name\" content=\"Favorite News\" \/>\n<meta property=\"article:published_time\" content=\"2020-12-27T12:54:50+00:00\" \/>\n<meta property=\"article:modified_time\" content=\"2020-12-27T12:54:53+00:00\" \/>\n<meta property=\"og:image\" content=\"https:\/\/favorite-news.com\/de\/wp-content\/uploads\/sites\/13\/2020\/12\/\u201eJeder-Tag-den-wir-warten-ist-ein-Tag-zu-viel.jpg\" \/>\n\t<meta property=\"og:image:width\" content=\"1200\" \/>\n\t<meta property=\"og:image:height\" content=\"627\" \/>\n\t<meta property=\"og:image:type\" content=\"image\/jpeg\" \/>\n<meta name=\"author\" content=\"favorite-news\" \/>\n<meta name=\"twitter:card\" content=\"summary_large_image\" \/>\n<meta name=\"twitter:label1\" content=\"Verfasst von\" \/>\n\t<meta name=\"twitter:data1\" content=\"favorite-news\" \/>\n\t<meta name=\"twitter:label2\" content=\"Gesch\u00e4tzte Lesezeit\" \/>\n\t<meta name=\"twitter:data2\" content=\"2\u00a0Minuten\" \/>\n<script type=\"application\/ld+json\" class=\"yoast-schema-graph\">{\"@context\":\"https:\\\/\\\/schema.org\",\"@graph\":[{\"@type\":\"Article\",\"@id\":\"https:\\\/\\\/favorite-news.com\\\/de\\\/jeder-tag-den-wir-warten-ist-ein-tag-zu-viel-sachsen-anhalts-impf-fruehstart\\\/#article\",\"isPartOf\":{\"@id\":\"https:\\\/\\\/favorite-news.com\\\/de\\\/jeder-tag-den-wir-warten-ist-ein-tag-zu-viel-sachsen-anhalts-impf-fruehstart\\\/\"},\"author\":{\"name\":\"favorite-news\",\"@id\":\"https:\\\/\\\/favorite-news.com\\\/de\\\/#\\\/schema\\\/person\\\/b66c4cfdd10a5bf16d7d5efda647111f\"},\"headline\":\"\u201eJeder Tag, den wir warten, ist ein Tag zu viel\u201c: Sachsen-Anhalts Impf-Fr\u00fchstart\",\"datePublished\":\"2020-12-27T12:54:50+00:00\",\"dateModified\":\"2020-12-27T12:54:53+00:00\",\"mainEntityOfPage\":{\"@id\":\"https:\\\/\\\/favorite-news.com\\\/de\\\/jeder-tag-den-wir-warten-ist-ein-tag-zu-viel-sachsen-anhalts-impf-fruehstart\\\/\"},\"wordCount\":322,\"commentCount\":0,\"image\":{\"@id\":\"https:\\\/\\\/favorite-news.com\\\/de\\\/jeder-tag-den-wir-warten-ist-ein-tag-zu-viel-sachsen-anhalts-impf-fruehstart\\\/#primaryimage\"},\"thumbnailUrl\":\"https:\\\/\\\/favorite-news.com\\\/de\\\/wp-content\\\/uploads\\\/sites\\\/13\\\/2020\\\/12\\\/\u201eJeder-Tag-den-wir-warten-ist-ein-Tag-zu-viel.jpg\",\"articleSection\":[\"NEUIGKEITEN\"],\"inLanguage\":\"de\",\"potentialAction\":[{\"@type\":\"CommentAction\",\"name\":\"Comment\",\"target\":[\"https:\\\/\\\/favorite-news.com\\\/de\\\/jeder-tag-den-wir-warten-ist-ein-tag-zu-viel-sachsen-anhalts-impf-fruehstart\\\/#respond\"]}]},{\"@type\":\"WebPage\",\"@id\":\"https:\\\/\\\/favorite-news.com\\\/de\\\/jeder-tag-den-wir-warten-ist-ein-tag-zu-viel-sachsen-anhalts-impf-fruehstart\\\/\",\"url\":\"https:\\\/\\\/favorite-news.com\\\/de\\\/jeder-tag-den-wir-warten-ist-ein-tag-zu-viel-sachsen-anhalts-impf-fruehstart\\\/\",\"name\":\"\u201eJeder Tag, den wir warten, ist ein Tag zu viel\u201c: Sachsen-Anhalts Impf-Fr\u00fchstart - Favorite News\",\"isPartOf\":{\"@id\":\"https:\\\/\\\/favorite-news.com\\\/de\\\/#website\"},\"primaryImageOfPage\":{\"@id\":\"https:\\\/\\\/favorite-news.com\\\/de\\\/jeder-tag-den-wir-warten-ist-ein-tag-zu-viel-sachsen-anhalts-impf-fruehstart\\\/#primaryimage\"},\"image\":{\"@id\":\"https:\\\/\\\/favorite-news.com\\\/de\\\/jeder-tag-den-wir-warten-ist-ein-tag-zu-viel-sachsen-anhalts-impf-fruehstart\\\/#primaryimage\"},\"thumbnailUrl\":\"https:\\\/\\\/favorite-news.com\\\/de\\\/wp-content\\\/uploads\\\/sites\\\/13\\\/2020\\\/12\\\/\u201eJeder-Tag-den-wir-warten-ist-ein-Tag-zu-viel.jpg\",\"datePublished\":\"2020-12-27T12:54:50+00:00\",\"dateModified\":\"2020-12-27T12:54:53+00:00\",\"author\":{\"@id\":\"https:\\\/\\\/favorite-news.com\\\/de\\\/#\\\/schema\\\/person\\\/b66c4cfdd10a5bf16d7d5efda647111f\"},\"breadcrumb\":{\"@id\":\"https:\\\/\\\/favorite-news.com\\\/de\\\/jeder-tag-den-wir-warten-ist-ein-tag-zu-viel-sachsen-anhalts-impf-fruehstart\\\/#breadcrumb\"},\"inLanguage\":\"de\",\"potentialAction\":[{\"@type\":\"ReadAction\",\"target\":[\"https:\\\/\\\/favorite-news.com\\\/de\\\/jeder-tag-den-wir-warten-ist-ein-tag-zu-viel-sachsen-anhalts-impf-fruehstart\\\/\"]}]},{\"@type\":\"ImageObject\",\"inLanguage\":\"de\",\"@id\":\"https:\\\/\\\/favorite-news.com\\\/de\\\/jeder-tag-den-wir-warten-ist-ein-tag-zu-viel-sachsen-anhalts-impf-fruehstart\\\/#primaryimage\",\"url\":\"https:\\\/\\\/favorite-news.com\\\/de\\\/wp-content\\\/uploads\\\/sites\\\/13\\\/2020\\\/12\\\/\u201eJeder-Tag-den-wir-warten-ist-ein-Tag-zu-viel.jpg\",\"contentUrl\":\"https:\\\/\\\/favorite-news.com\\\/de\\\/wp-content\\\/uploads\\\/sites\\\/13\\\/2020\\\/12\\\/\u201eJeder-Tag-den-wir-warten-ist-ein-Tag-zu-viel.jpg\",\"width\":1200,\"height\":627,\"caption\":\"\u201eJeder Tag, den wir warten, ist ein Tag zu viel\u201c: Sachsen-Anhalts Impf-Fr\u00fchstart\"},{\"@type\":\"BreadcrumbList\",\"@id\":\"https:\\\/\\\/favorite-news.com\\\/de\\\/jeder-tag-den-wir-warten-ist-ein-tag-zu-viel-sachsen-anhalts-impf-fruehstart\\\/#breadcrumb\",\"itemListElement\":[{\"@type\":\"ListItem\",\"position\":1,\"name\":\"Home\",\"item\":\"https:\\\/\\\/favorite-news.com\\\/de\\\/\"},{\"@type\":\"ListItem\",\"position\":2,\"name\":\"\u201eJeder Tag, den wir warten, ist ein Tag zu viel\u201c: Sachsen-Anhalts Impf-Fr\u00fchstart\"}]},{\"@type\":\"WebSite\",\"@id\":\"https:\\\/\\\/favorite-news.com\\\/de\\\/#website\",\"url\":\"https:\\\/\\\/favorite-news.com\\\/de\\\/\",\"name\":\"Favorite News\",\"description\":\"Favorite News Germany\",\"potentialAction\":[{\"@type\":\"SearchAction\",\"target\":{\"@type\":\"EntryPoint\",\"urlTemplate\":\"https:\\\/\\\/favorite-news.com\\\/de\\\/?s={search_term_string}\"},\"query-input\":{\"@type\":\"PropertyValueSpecification\",\"valueRequired\":true,\"valueName\":\"search_term_string\"}}],\"inLanguage\":\"de\"},{\"@type\":\"Person\",\"@id\":\"https:\\\/\\\/favorite-news.com\\\/de\\\/#\\\/schema\\\/person\\\/b66c4cfdd10a5bf16d7d5efda647111f\",\"name\":\"favorite-news\",\"image\":{\"@type\":\"ImageObject\",\"inLanguage\":\"de\",\"@id\":\"https:\\\/\\\/secure.gravatar.com\\\/avatar\\\/f89959e01423a9ee3c2debbcf830eb021c575de0e1b3781ca3ae392b71c615a1?s=96&d=mm&r=g\",\"url\":\"https:\\\/\\\/secure.gravatar.com\\\/avatar\\\/f89959e01423a9ee3c2debbcf830eb021c575de0e1b3781ca3ae392b71c615a1?s=96&d=mm&r=g\",\"contentUrl\":\"https:\\\/\\\/secure.gravatar.com\\\/avatar\\\/f89959e01423a9ee3c2debbcf830eb021c575de0e1b3781ca3ae392b71c615a1?s=96&d=mm&r=g\",\"caption\":\"favorite-news\"},\"url\":\"https:\\\/\\\/favorite-news.com\\\/de\\\/author\\\/ruby\\\/\"}]}<\/script>\n<!-- \/ Yoast SEO plugin. -->","yoast_head_json":{"title":"\u201eJeder Tag, den wir warten, ist ein Tag zu viel\u201c: Sachsen-Anhalts Impf-Fr\u00fchstart - Favorite News","robots":{"index":"index","follow":"follow","max-snippet":"max-snippet:-1","max-image-preview":"max-image-preview:large","max-video-preview":"max-video-preview:-1"},"canonical":"https:\/\/favorite-news.com\/de\/jeder-tag-den-wir-warten-ist-ein-tag-zu-viel-sachsen-anhalts-impf-fruehstart\/","og_locale":"de_DE","og_type":"article","og_title":"\u201eJeder Tag, den wir warten, ist ein Tag zu viel\u201c: Sachsen-Anhalts Impf-Fr\u00fchstart - Favorite News","og_description":"[ad_1] Im Seniorenzentrum Kr\u00fcger im Landkreis Harz in Sachsen-Anhalt wurden am 26. Dezember die ersten Deutschen gegen das Corona-Virus geimpft, so berichtet die \u201eBild\u201c-Zeitung. Ein Sprecher von Gesundheitsminister Jens Spahn lie\u00df der ersten Geimpften, Edith Kwoizalla, alles Gute ausrichten, betonte aber auch: \u201eAllerdings hatten wir mit allen Partnerl\u00e4ndern der EU und mit den 16 Bundesl\u00e4ndern [&hellip;]","og_url":"https:\/\/favorite-news.com\/de\/jeder-tag-den-wir-warten-ist-ein-tag-zu-viel-sachsen-anhalts-impf-fruehstart\/","og_site_name":"Favorite News","article_published_time":"2020-12-27T12:54:50+00:00","article_modified_time":"2020-12-27T12:54:53+00:00","og_image":[{"width":1200,"height":627,"url":"https:\/\/favorite-news.com\/de\/wp-content\/uploads\/sites\/13\/2020\/12\/\u201eJeder-Tag-den-wir-warten-ist-ein-Tag-zu-viel.jpg","type":"image\/jpeg"}],"author":"favorite-news","twitter_card":"summary_large_image","twitter_misc":{"Verfasst von":"favorite-news","Gesch\u00e4tzte Lesezeit":"2\u00a0Minuten"},"schema":{"@context":"https:\/\/schema.org","@graph":[{"@type":"Article","@id":"https:\/\/favorite-news.com\/de\/jeder-tag-den-wir-warten-ist-ein-tag-zu-viel-sachsen-anhalts-impf-fruehstart\/#article","isPartOf":{"@id":"https:\/\/favorite-news.com\/de\/jeder-tag-den-wir-warten-ist-ein-tag-zu-viel-sachsen-anhalts-impf-fruehstart\/"},"author":{"name":"favorite-news","@id":"https:\/\/favorite-news.com\/de\/#\/schema\/person\/b66c4cfdd10a5bf16d7d5efda647111f"},"headline":"\u201eJeder Tag, den wir warten, ist ein Tag zu viel\u201c: Sachsen-Anhalts Impf-Fr\u00fchstart","datePublished":"2020-12-27T12:54:50+00:00","dateModified":"2020-12-27T12:54:53+00:00","mainEntityOfPage":{"@id":"https:\/\/favorite-news.com\/de\/jeder-tag-den-wir-warten-ist-ein-tag-zu-viel-sachsen-anhalts-impf-fruehstart\/"},"wordCount":322,"commentCount":0,"image":{"@id":"https:\/\/favorite-news.com\/de\/jeder-tag-den-wir-warten-ist-ein-tag-zu-viel-sachsen-anhalts-impf-fruehstart\/#primaryimage"},"thumbnailUrl":"https:\/\/favorite-news.com\/de\/wp-content\/uploads\/sites\/13\/2020\/12\/\u201eJeder-Tag-den-wir-warten-ist-ein-Tag-zu-viel.jpg","articleSection":["NEUIGKEITEN"],"inLanguage":"de","potentialAction":[{"@type":"CommentAction","name":"Comment","target":["https:\/\/favorite-news.com\/de\/jeder-tag-den-wir-warten-ist-ein-tag-zu-viel-sachsen-anhalts-impf-fruehstart\/#respond"]}]},{"@type":"WebPage","@id":"https:\/\/favorite-news.com\/de\/jeder-tag-den-wir-warten-ist-ein-tag-zu-viel-sachsen-anhalts-impf-fruehstart\/","url":"https:\/\/favorite-news.com\/de\/jeder-tag-den-wir-warten-ist-ein-tag-zu-viel-sachsen-anhalts-impf-fruehstart\/","name":"\u201eJeder Tag, den wir warten, ist ein Tag zu viel\u201c: Sachsen-Anhalts Impf-Fr\u00fchstart - Favorite News","isPartOf":{"@id":"https:\/\/favorite-news.com\/de\/#website"},"primaryImageOfPage":{"@id":"https:\/\/favorite-news.com\/de\/jeder-tag-den-wir-warten-ist-ein-tag-zu-viel-sachsen-anhalts-impf-fruehstart\/#primaryimage"},"image":{"@id":"https:\/\/favorite-news.com\/de\/jeder-tag-den-wir-warten-ist-ein-tag-zu-viel-sachsen-anhalts-impf-fruehstart\/#primaryimage"},"thumbnailUrl":"https:\/\/favorite-news.com\/de\/wp-content\/uploads\/sites\/13\/2020\/12\/\u201eJeder-Tag-den-wir-warten-ist-ein-Tag-zu-viel.jpg","datePublished":"2020-12-27T12:54:50+00:00","dateModified":"2020-12-27T12:54:53+00:00","author":{"@id":"https:\/\/favorite-news.com\/de\/#\/schema\/person\/b66c4cfdd10a5bf16d7d5efda647111f"},"breadcrumb":{"@id":"https:\/\/favorite-news.com\/de\/jeder-tag-den-wir-warten-ist-ein-tag-zu-viel-sachsen-anhalts-impf-fruehstart\/#breadcrumb"},"inLanguage":"de","potentialAction":[{"@type":"ReadAction","target":["https:\/\/favorite-news.com\/de\/jeder-tag-den-wir-warten-ist-ein-tag-zu-viel-sachsen-anhalts-impf-fruehstart\/"]}]},{"@type":"ImageObject","inLanguage":"de","@id":"https:\/\/favorite-news.com\/de\/jeder-tag-den-wir-warten-ist-ein-tag-zu-viel-sachsen-anhalts-impf-fruehstart\/#primaryimage","url":"https:\/\/favorite-news.com\/de\/wp-content\/uploads\/sites\/13\/2020\/12\/\u201eJeder-Tag-den-wir-warten-ist-ein-Tag-zu-viel.jpg","contentUrl":"https:\/\/favorite-news.com\/de\/wp-content\/uploads\/sites\/13\/2020\/12\/\u201eJeder-Tag-den-wir-warten-ist-ein-Tag-zu-viel.jpg","width":1200,"height":627,"caption":"\u201eJeder Tag, den wir warten, ist ein Tag zu viel\u201c: Sachsen-Anhalts Impf-Fr\u00fchstart"},{"@type":"BreadcrumbList","@id":"https:\/\/favorite-news.com\/de\/jeder-tag-den-wir-warten-ist-ein-tag-zu-viel-sachsen-anhalts-impf-fruehstart\/#breadcrumb","itemListElement":[{"@type":"ListItem","position":1,"name":"Home","item":"https:\/\/favorite-news.com\/de\/"},{"@type":"ListItem","position":2,"name":"\u201eJeder Tag, den wir warten, ist ein Tag zu viel\u201c: Sachsen-Anhalts Impf-Fr\u00fchstart"}]},{"@type":"WebSite","@id":"https:\/\/favorite-news.com\/de\/#website","url":"https:\/\/favorite-news.com\/de\/","name":"Favorite News","description":"Favorite News Germany","potentialAction":[{"@type":"SearchAction","target":{"@type":"EntryPoint","urlTemplate":"https:\/\/favorite-news.com\/de\/?s={search_term_string}"},"query-input":{"@type":"PropertyValueSpecification","valueRequired":true,"valueName":"search_term_string"}}],"inLanguage":"de"},{"@type":"Person","@id":"https:\/\/favorite-news.com\/de\/#\/schema\/person\/b66c4cfdd10a5bf16d7d5efda647111f","name":"favorite-news","image":{"@type":"ImageObject","inLanguage":"de","@id":"https:\/\/secure.gravatar.com\/avatar\/f89959e01423a9ee3c2debbcf830eb021c575de0e1b3781ca3ae392b71c615a1?s=96&d=mm&r=g","url":"https:\/\/secure.gravatar.com\/avatar\/f89959e01423a9ee3c2debbcf830eb021c575de0e1b3781ca3ae392b71c615a1?s=96&d=mm&r=g","contentUrl":"https:\/\/secure.gravatar.com\/avatar\/f89959e01423a9ee3c2debbcf830eb021c575de0e1b3781ca3ae392b71c615a1?s=96&d=mm&r=g","caption":"favorite-news"},"url":"https:\/\/favorite-news.com\/de\/author\/ruby\/"}]}},"_links":{"self":[{"href":"https:\/\/favorite-news.com\/de\/wp-json\/wp\/v2\/posts\/781","targetHints":{"allow":["GET"]}}],"collection":[{"href":"https:\/\/favorite-news.com\/de\/wp-json\/wp\/v2\/posts"}],"about":[{"href":"https:\/\/favorite-news.com\/de\/wp-json\/wp\/v2\/types\/post"}],"author":[{"embeddable":true,"href":"https:\/\/favorite-news.com\/de\/wp-json\/wp\/v2\/users\/1"}],"replies":[{"embeddable":true,"href":"https:\/\/favorite-news.com\/de\/wp-json\/wp\/v2\/comments?post=781"}],"version-history":[{"count":1,"href":"https:\/\/favorite-news.com\/de\/wp-json\/wp\/v2\/posts\/781\/revisions"}],"predecessor-version":[{"id":783,"href":"https:\/\/favorite-news.com\/de\/wp-json\/wp\/v2\/posts\/781\/revisions\/783"}],"wp:featuredmedia":[{"embeddable":true,"href":"https:\/\/favorite-news.com\/de\/wp-json\/wp\/v2\/media\/782"}],"wp:attachment":[{"href":"https:\/\/favorite-news.com\/de\/wp-json\/wp\/v2\/media?parent=781"}],"wp:term":[{"taxonomy":"category","embeddable":true,"href":"https:\/\/favorite-news.com\/de\/wp-json\/wp\/v2\/categories?post=781"},{"taxonomy":"post_tag","embeddable":true,"href":"https:\/\/favorite-news.com\/de\/wp-json\/wp\/v2\/tags?post=781"}],"curies":[{"name":"wp","href":"https:\/\/api.w.org\/{rel}","templated":true}]}}