{"id":775,"date":"2020-12-26T12:52:41","date_gmt":"2020-12-26T12:52:41","guid":{"rendered":"https:\/\/favorite-news.com\/de\/impfung-in-deutschland-vor-impf-beginn-brodelt-es-im-land-unbefriedigend\/"},"modified":"2020-12-26T12:52:44","modified_gmt":"2020-12-26T12:52:44","slug":"impfung-in-deutschland-vor-impf-beginn-brodelt-es-im-land-unbefriedigend","status":"publish","type":"post","link":"https:\/\/favorite-news.com\/de\/impfung-in-deutschland-vor-impf-beginn-brodelt-es-im-land-unbefriedigend\/","title":{"rendered":"Impfung in Deutschland: Vor Impf-Beginn brodelt es im Land! &#8222;Unbefriedigend&#8220;"},"content":{"rendered":"<p>[ad_1]<br \/>\n <br \/>\n\t\tKaum jemand \u2013 au\u00dfer wohl er selbst \u2013 w\u00fcrde behaupten, dass Donald Trump die Corona-Krise gut managt. Doch w\u00e4hrend in Europa noch gewartet wird, dass der Impfmotor anl\u00e4uft, wurde in den USA bereits am 14.11. der erste Mensch gegen das Coronavirus geimpft. Inzwischen sind mehr als eine Million US-B\u00fcrger geimpft worden. Zum Vergleich: In der EU wurde mit dem Vakzin von Biontech\/Pfizer am 21. Dezember der erste Impfstoff zugelassen zugelassen. Die erste Impfung in Deutschland soll nun nach den Weihnachtsfeiertagen, am 27. Dezember erfolgen.Schon vor der ersten Impfung knirscht es in DeutschlandUnd schon vor der ersten Impfung knirscht es in Deutschland: Axel Fischer, Chef der M\u00fcnchen Klinik, beklagt gegen\u00fcber dem &#8222;Merkur&#8220; etwa die mangelhafte Organisation: &#8222;Ich bin schon sehr verwundert dar\u00fcber, dass bereits am Sonntag (27. Dezember) in den beiden M\u00fcnchner Unikliniken geimpft werden sollte, die M\u00fcnchen Klinik dagegen bis heute noch nicht einmal dar\u00fcber informiert worden ist, wann wir \u00fcberhaupt den Impfstoff bekommen.&#8220; Dabei sei die M\u00fcnchen Klinik der gr\u00f6\u00dfte Notfallversorger der Stadt.Auch R\u00fcdiger Lange, Chef des Deutschen Herzzentrums, beklagt gegen\u00fcber der Zeitung, die mangelnde Verteilung: &#8222;Unser wurde gesagt, dass wir voraussichtlich nicht vor Mitte Januar mit dem Impfstoff rechnen k\u00f6nnen. Das ist mit Blick auf die vielen Kollegen, die sich als Team rund um die Uhr um schwerkranke Patienten k\u00fcmmern, absolut unbefriedigend&#8220;, so Lange.In eine \u00e4hnliche Kerbe schl\u00e4gt Frank Ulrich Mongomery, Pr\u00e4sident des Welt\u00e4rztebundes. Gegen\u00fcber RTL\/ntv kritisierte er, die Verteilung des Impfstoffes dauere zu lange. &#8222;Was mich wundert, ist, warum man den (Impfstoff, Anm. d. Red.) nicht schon verteilt hat, bevor die Zulassung da war, denn produziert ist der ja l\u00e4ngst.&#8220; \u00a0 Alle Neuigkeiten zur Corona-Pandemie finden Sie im News-Ticker von FOCUS OnlineS\u00f6der: &#8222;Beim Impfstoff brauchen wir mehr Tempo&#8220;Bayerns Ministerpr\u00e4sident Markus S\u00f6der hatte ebenfalls das Kaufverfahren kritisiert. &#8222;Beim Impfstoff brauchen wir mehr Tempo&#8220;, hatte S\u00f6der der &#8222;Bild am Sonntag&#8220; gesagt. Es m\u00fcsse alles darauf ausgerichtet werden, mehr Impfstoff zu bekommen, der dann schneller verteilt werde.&#8220; Das m\u00fcsse &#8222;absolute politische Priorit\u00e4t sein&#8220;, forderte S\u00f6der.Der CSU-Politiker hatte die B\u00fcrger zeitgleich auf einen Lockdown \u00fcber den 10. Januar hinaus vorbereitet: &#8222;Die aktuellen Zahlen sind so hoch, dass es falsch w\u00e4re, schon jetzt in eine Debatte um Lockerungen einzusteigen&#8220;, sagte er der &#8222;Bild am Sonntag&#8220;. &#8222;Der Corona-Winter wird leider noch lang.&#8220;Von der FDP kommt ebenfalls Kritik: &#8222;Dass f\u00fcr den Gro\u00dfteil der Bev\u00f6lkerung erst in einem Jahr mit der Impfung begonnen werden soll, ist schlicht nicht akzeptabel&#8220;, kritisierte FDP-Vizechef Michael Theurer gegen\u00fcber dem &#8222;Spiegel&#8220;.Die entscheidende Frage ist nach wie vor ungekl\u00e4rtRund 1,3 Milliarden Dosen der begehrten Impfstoffe hat die EU bestellt, von unterschiedlichen Herstellern. Rund 250 Millionen sind f\u00fcr Deutschland bestimmt, entsprechend verteilt nach Bev\u00f6lkerungszahlen der Mitgliedsstaaten. Um das Virus effektiv auszubremsen, m\u00fcssen 60 bis 70 Prozent der Deutschen geimpft sein. Davon gehen Wissenschaftler derzeit aus. Daf\u00fcr w\u00fcrden 100 bis 120 Millionen Impfdosen ben\u00f6tigt, wie der &#8222;Spiegel&#8220; berichtet.Die entscheidende Frage ist jedoch nach wie vor ungekl\u00e4rt: Wann erreichen diese 250 Millionen Impfdosen Deutschland? Die ersten 151.125 Impfdosen von Biontech\/Pfizer werden am Samstag erwartet. Von einem zentralen Depot aus wird dann verteilt:\u00a0Jedes Bundesland soll zun\u00e4chst 9750 Dosen bekommen, ausgenommen Bremen, dessen erste Lieferung 4875 Dosen umfasst.Alle Neuigkeiten zur Corona-Impfung finden Sie im News-Ticker von FOCUS Online\u00a0Sicher sind nur 60 Millionen Dosen &#8211; bei weitem nicht genugLaut Gesundheitsminister Jens Spahn (CDU)\u00a0k\u00f6nnten bis Jahresende 1,3 Millionen Dosen an die Bundesl\u00e4nder ausgeliefert werden. Im Januar sollen dann jede Woche mindestens weitere 670.000 hinzukommen. Laut &#8222;Spiegel&#8220; soll Biontech\/Pfizer im ersten Halbjahr rund 45 Millionen Dosen nach Deutschland liefern, die USA erhalten im gleichen Zeitraum rund 70 Millionen Impfdosen des Unternehmens.Zus\u00e4tzlich erh\u00e4lt die EU laut &#8222;Spiegel&#8220; dann noch 15 Millionen Dosen aus dem Hause Moderna. Insgesamt also 60 Millionen Dosen in sechs Monaten. In Deutschland leben aber 80 Millionen Menschen \u2013 und der Impfstoff wirkt nur, wenn zwei Dosen verabreicht werden.Auf 300 Millionen Sanofi-Dosen wartet die EU noch zwei JahreWann die bestellten Dosen der anderen Lieferanten zu erwarten sind, ist unsicher. Der franz\u00f6sische Hersteller Sanofi, von dem die EU insgesamt 300 Millionen Dosen geordert hat, erwartet eine Zulassung erst Ende 2021. Der zweite deutsche Impfstoff, der von CureVac, wird im Sommer erwartet. AstraZeneca hatte w\u00e4hrend der Zulassungsphase mit R\u00fcckschl\u00e4gen zu k\u00e4mpfen &#8211; mit dem britisch-schwedischen Hersteller hatte die EU eine Vereinbarung \u00fcber 400 Millionen Dosen getroffen. Es ist derzeit ungewiss, wann mit dem Impfstoff des Herstellers zu rechnen ist.SPD-Experte Lauterbach wird daher beim Spiegel mit den Worten zitiert: &#8222;Wenn Spahn sagt, bis zum Ende des Sommers k\u00f6nnten 60 Prozent der Bev\u00f6lkerung geimpft werden, dann bedeutet das \u00fcbersetzt, dass er hofft, dass der AstraZeneca-Impfstoff zugelassen wird.&#8220; Diese Engpass w\u00e4re zu vermeiden gewesen.Wie konnte es dazu kommen, dass die EU nun neidisch in die USA schaut?Biontech wollte mehr liefern &#8211; sollte aber nichtWie der &#8222;Spiegel&#8220; berichtet, h\u00e4tte Biontech\/Pfizer statt der nun vertraglich zugesicherten 200 Millionen Dosen in einer ersten Auslieferungsrunde mehr als das doppelte liefern k\u00f6nnen: 500 Millionen Dosen seien m\u00f6glich gewesen. Die EU jedoch sicherte sich lediglich die angesprochenen 200 Millionen, mit einer Option auf 100 Millionen weitere. Unter anderem Jens Spahn habe sich f\u00fcr eine gr\u00f6\u00dfere Menge eingesetzt, sei jedoch auch europ\u00e4ischen Widerstand gescheitert.Der Grund f\u00fcr das z\u00f6gerliche Einkaufen: Offenbar wollte man vom deutschen Hersteller nicht mehr Dosen kaufen, als vom franz\u00f6sischen Hersteller Sanofi \u2013 und dort waren es eben nur jene 300 Millionen Dosen. &#8222;Deswegen sollte von einem deutschen Unternehmen nicht mehr eingekauft werden&#8220;, zitiert der &#8222;Spiegel&#8220; einen EU-Insider, der mit den Verhandlungen zu tun hatte. Die EU-Kommission widerspreche dem, hei\u00dft es in dem brisanten Bericht.Auch Moderna &#8222;h\u00e4tte mehr bereitstellen k\u00f6nnen&#8220;Auch der US-Hersteller Moderna zeigte sich verwundert \u00fcber die Verhandlungen mit der EU. Von Moderna kaufte die EU 80 Millionen Dosen &#8211; mit einer Option auf weitere 80 Millionen. CEO St\u00e9phane Bancel sagte dem &#8222;Spiegel&#8220; aber: &#8222;Wir h\u00e4tten mehr bereitstellen k\u00f6nnen.&#8220;Es sei von Anfang an klar gewesen, dass es &#8222;zu Beginn knapp sein w\u00fcrde&#8220;, hatte Spahn zuletzt klargemacht. Deshalb werde es weiterhin n\u00f6tig sein, bei dem zeitlichen Ablauf nach Gruppen zu priorisieren. Ab Sonntag werde es dann vor allem in den Pflegeheimen losgehen. &#8222;Diese Dosen werden schon einen gro\u00dfen Unterschied machen k\u00f6nnen f\u00fcr viele Pflegeeinrichtungen&#8220;, sagte Spahn.Auch interessant:\u00a0Endlich Hoffnung in der Corona-Pandemie: Die Impfungen beginnen. Doch der Start war holprig. Das liegt auch an nicht gehaltenen Versprechen, die verst\u00e4ndlicherweise f\u00fcr \u00c4rger sorgen.\u00a0 PUSH &#8211; Ein Kommentar von Ulrich Reitz &#8211; Impf-Start \u201eholprig\u201c: Das liegt auch an fragw\u00fcrdigen politischen Entscheidungen Die EU nimmt den Kampf gegen das Coronavirus mit dem neuen Impfstoff auf. Die EU-Kommission erteilte dem Pr\u00e4parat des Mainzer Unternehmens Biontech und seines US-Partners Pfizer am Montag die bedingte Marktzulassung. Alle aktuellen Meldungen rund um den Impfstoff und die Impfstrategie in Deutschland lesen Sie hier im Ticker.Am Samstagmorgen kam die erste Impfstoff-Lieferung in Nordrhein-Westfalen an. Die Landesregierung postete ein Video davon auf Twitter. Das sorgte bei den Usern allerdings f\u00fcr Verwirrung.<br \/>\n <br \/>[ad_2]<br \/>\n <br \/><a href=\"https:\/\/www.focus.de\/gesundheit\/news\/in-den-usa-wird-schon-geimpft-bereits-vor-der-ersten-impfung-brodelt-es-in-deutschland_id_12809328.html\">\u0421\u0441\u044b\u043b\u043a\u0430 \u043d\u0430 \u0438\u0441\u0442\u043e\u0447\u043d\u0438\u043a <\/a><\/p>\n","protected":false},"excerpt":{"rendered":"<p>[ad_1] Kaum jemand \u2013 au\u00dfer wohl er selbst \u2013 w\u00fcrde behaupten, dass Donald Trump die Corona-Krise gut managt. Doch w\u00e4hrend in Europa noch gewartet wird, dass der Impfmotor anl\u00e4uft, wurde in den USA bereits am 14.11. der erste Mensch gegen das Coronavirus geimpft. Inzwischen sind mehr als eine Million US-B\u00fcrger geimpft worden. Zum Vergleich: In [&hellip;]<\/p>\n","protected":false},"author":1,"featured_media":776,"comment_status":"open","ping_status":"open","sticky":false,"template":"","format":"standard","meta":{"footnotes":""},"categories":[1],"tags":[],"class_list":["post-775","post","type-post","status-publish","format-standard","has-post-thumbnail","hentry","category-neuigkeiten"],"yoast_head":"<!-- This site is optimized with the Yoast SEO plugin v27.4 - https:\/\/yoast.com\/product\/yoast-seo-wordpress\/ -->\n<title>Impfung in Deutschland: Vor Impf-Beginn brodelt es im Land! &quot;Unbefriedigend&quot; - Favorite News<\/title>\n<meta name=\"robots\" content=\"index, follow, max-snippet:-1, max-image-preview:large, max-video-preview:-1\" \/>\n<link rel=\"canonical\" href=\"https:\/\/favorite-news.com\/de\/impfung-in-deutschland-vor-impf-beginn-brodelt-es-im-land-unbefriedigend\/\" \/>\n<meta property=\"og:locale\" content=\"de_DE\" \/>\n<meta property=\"og:type\" content=\"article\" \/>\n<meta property=\"og:title\" content=\"Impfung in Deutschland: Vor Impf-Beginn brodelt es im Land! &quot;Unbefriedigend&quot; - Favorite News\" \/>\n<meta property=\"og:description\" content=\"[ad_1] Kaum jemand \u2013 au\u00dfer wohl er selbst \u2013 w\u00fcrde behaupten, dass Donald Trump die Corona-Krise gut managt. Doch w\u00e4hrend in Europa noch gewartet wird, dass der Impfmotor anl\u00e4uft, wurde in den USA bereits am 14.11. der erste Mensch gegen das Coronavirus geimpft. Inzwischen sind mehr als eine Million US-B\u00fcrger geimpft worden. Zum Vergleich: In [&hellip;]\" \/>\n<meta property=\"og:url\" content=\"https:\/\/favorite-news.com\/de\/impfung-in-deutschland-vor-impf-beginn-brodelt-es-im-land-unbefriedigend\/\" \/>\n<meta property=\"og:site_name\" content=\"Favorite News\" \/>\n<meta property=\"article:published_time\" content=\"2020-12-26T12:52:41+00:00\" \/>\n<meta property=\"article:modified_time\" content=\"2020-12-26T12:52:44+00:00\" \/>\n<meta property=\"og:image\" content=\"https:\/\/favorite-news.com\/de\/wp-content\/uploads\/sites\/13\/2020\/12\/Impfung-in-Deutschland-Vor-Impf-Beginn-brodelt-es-im-Land-Unbefriedigend.jpg\" \/>\n\t<meta property=\"og:image:width\" content=\"1200\" \/>\n\t<meta property=\"og:image:height\" content=\"627\" \/>\n\t<meta property=\"og:image:type\" content=\"image\/jpeg\" \/>\n<meta name=\"author\" content=\"favorite-news\" \/>\n<meta name=\"twitter:card\" content=\"summary_large_image\" \/>\n<meta name=\"twitter:label1\" content=\"Verfasst von\" \/>\n\t<meta name=\"twitter:data1\" content=\"favorite-news\" \/>\n\t<meta name=\"twitter:label2\" content=\"Gesch\u00e4tzte Lesezeit\" \/>\n\t<meta name=\"twitter:data2\" content=\"6\u00a0Minuten\" \/>\n<script type=\"application\/ld+json\" class=\"yoast-schema-graph\">{\"@context\":\"https:\\\/\\\/schema.org\",\"@graph\":[{\"@type\":\"Article\",\"@id\":\"https:\\\/\\\/favorite-news.com\\\/de\\\/impfung-in-deutschland-vor-impf-beginn-brodelt-es-im-land-unbefriedigend\\\/#article\",\"isPartOf\":{\"@id\":\"https:\\\/\\\/favorite-news.com\\\/de\\\/impfung-in-deutschland-vor-impf-beginn-brodelt-es-im-land-unbefriedigend\\\/\"},\"author\":{\"name\":\"favorite-news\",\"@id\":\"https:\\\/\\\/favorite-news.com\\\/de\\\/#\\\/schema\\\/person\\\/b66c4cfdd10a5bf16d7d5efda647111f\"},\"headline\":\"Impfung in Deutschland: Vor Impf-Beginn brodelt es im Land! &#8222;Unbefriedigend&#8220;\",\"datePublished\":\"2020-12-26T12:52:41+00:00\",\"dateModified\":\"2020-12-26T12:52:44+00:00\",\"mainEntityOfPage\":{\"@id\":\"https:\\\/\\\/favorite-news.com\\\/de\\\/impfung-in-deutschland-vor-impf-beginn-brodelt-es-im-land-unbefriedigend\\\/\"},\"wordCount\":1199,\"commentCount\":0,\"image\":{\"@id\":\"https:\\\/\\\/favorite-news.com\\\/de\\\/impfung-in-deutschland-vor-impf-beginn-brodelt-es-im-land-unbefriedigend\\\/#primaryimage\"},\"thumbnailUrl\":\"https:\\\/\\\/favorite-news.com\\\/de\\\/wp-content\\\/uploads\\\/sites\\\/13\\\/2020\\\/12\\\/Impfung-in-Deutschland-Vor-Impf-Beginn-brodelt-es-im-Land-Unbefriedigend.jpg\",\"articleSection\":[\"NEUIGKEITEN\"],\"inLanguage\":\"de\",\"potentialAction\":[{\"@type\":\"CommentAction\",\"name\":\"Comment\",\"target\":[\"https:\\\/\\\/favorite-news.com\\\/de\\\/impfung-in-deutschland-vor-impf-beginn-brodelt-es-im-land-unbefriedigend\\\/#respond\"]}]},{\"@type\":\"WebPage\",\"@id\":\"https:\\\/\\\/favorite-news.com\\\/de\\\/impfung-in-deutschland-vor-impf-beginn-brodelt-es-im-land-unbefriedigend\\\/\",\"url\":\"https:\\\/\\\/favorite-news.com\\\/de\\\/impfung-in-deutschland-vor-impf-beginn-brodelt-es-im-land-unbefriedigend\\\/\",\"name\":\"Impfung in Deutschland: Vor Impf-Beginn brodelt es im Land! \\\"Unbefriedigend\\\" - Favorite News\",\"isPartOf\":{\"@id\":\"https:\\\/\\\/favorite-news.com\\\/de\\\/#website\"},\"primaryImageOfPage\":{\"@id\":\"https:\\\/\\\/favorite-news.com\\\/de\\\/impfung-in-deutschland-vor-impf-beginn-brodelt-es-im-land-unbefriedigend\\\/#primaryimage\"},\"image\":{\"@id\":\"https:\\\/\\\/favorite-news.com\\\/de\\\/impfung-in-deutschland-vor-impf-beginn-brodelt-es-im-land-unbefriedigend\\\/#primaryimage\"},\"thumbnailUrl\":\"https:\\\/\\\/favorite-news.com\\\/de\\\/wp-content\\\/uploads\\\/sites\\\/13\\\/2020\\\/12\\\/Impfung-in-Deutschland-Vor-Impf-Beginn-brodelt-es-im-Land-Unbefriedigend.jpg\",\"datePublished\":\"2020-12-26T12:52:41+00:00\",\"dateModified\":\"2020-12-26T12:52:44+00:00\",\"author\":{\"@id\":\"https:\\\/\\\/favorite-news.com\\\/de\\\/#\\\/schema\\\/person\\\/b66c4cfdd10a5bf16d7d5efda647111f\"},\"breadcrumb\":{\"@id\":\"https:\\\/\\\/favorite-news.com\\\/de\\\/impfung-in-deutschland-vor-impf-beginn-brodelt-es-im-land-unbefriedigend\\\/#breadcrumb\"},\"inLanguage\":\"de\",\"potentialAction\":[{\"@type\":\"ReadAction\",\"target\":[\"https:\\\/\\\/favorite-news.com\\\/de\\\/impfung-in-deutschland-vor-impf-beginn-brodelt-es-im-land-unbefriedigend\\\/\"]}]},{\"@type\":\"ImageObject\",\"inLanguage\":\"de\",\"@id\":\"https:\\\/\\\/favorite-news.com\\\/de\\\/impfung-in-deutschland-vor-impf-beginn-brodelt-es-im-land-unbefriedigend\\\/#primaryimage\",\"url\":\"https:\\\/\\\/favorite-news.com\\\/de\\\/wp-content\\\/uploads\\\/sites\\\/13\\\/2020\\\/12\\\/Impfung-in-Deutschland-Vor-Impf-Beginn-brodelt-es-im-Land-Unbefriedigend.jpg\",\"contentUrl\":\"https:\\\/\\\/favorite-news.com\\\/de\\\/wp-content\\\/uploads\\\/sites\\\/13\\\/2020\\\/12\\\/Impfung-in-Deutschland-Vor-Impf-Beginn-brodelt-es-im-Land-Unbefriedigend.jpg\",\"width\":1200,\"height\":627,\"caption\":\"Impfung in Deutschland: Vor Impf-Beginn brodelt es im Land! \\\"Unbefriedigend\\\"\"},{\"@type\":\"BreadcrumbList\",\"@id\":\"https:\\\/\\\/favorite-news.com\\\/de\\\/impfung-in-deutschland-vor-impf-beginn-brodelt-es-im-land-unbefriedigend\\\/#breadcrumb\",\"itemListElement\":[{\"@type\":\"ListItem\",\"position\":1,\"name\":\"Home\",\"item\":\"https:\\\/\\\/favorite-news.com\\\/de\\\/\"},{\"@type\":\"ListItem\",\"position\":2,\"name\":\"Impfung in Deutschland: Vor Impf-Beginn brodelt es im Land! &#8222;Unbefriedigend&#8220;\"}]},{\"@type\":\"WebSite\",\"@id\":\"https:\\\/\\\/favorite-news.com\\\/de\\\/#website\",\"url\":\"https:\\\/\\\/favorite-news.com\\\/de\\\/\",\"name\":\"Favorite News\",\"description\":\"Favorite News Germany\",\"potentialAction\":[{\"@type\":\"SearchAction\",\"target\":{\"@type\":\"EntryPoint\",\"urlTemplate\":\"https:\\\/\\\/favorite-news.com\\\/de\\\/?s={search_term_string}\"},\"query-input\":{\"@type\":\"PropertyValueSpecification\",\"valueRequired\":true,\"valueName\":\"search_term_string\"}}],\"inLanguage\":\"de\"},{\"@type\":\"Person\",\"@id\":\"https:\\\/\\\/favorite-news.com\\\/de\\\/#\\\/schema\\\/person\\\/b66c4cfdd10a5bf16d7d5efda647111f\",\"name\":\"favorite-news\",\"image\":{\"@type\":\"ImageObject\",\"inLanguage\":\"de\",\"@id\":\"https:\\\/\\\/secure.gravatar.com\\\/avatar\\\/f89959e01423a9ee3c2debbcf830eb021c575de0e1b3781ca3ae392b71c615a1?s=96&d=mm&r=g\",\"url\":\"https:\\\/\\\/secure.gravatar.com\\\/avatar\\\/f89959e01423a9ee3c2debbcf830eb021c575de0e1b3781ca3ae392b71c615a1?s=96&d=mm&r=g\",\"contentUrl\":\"https:\\\/\\\/secure.gravatar.com\\\/avatar\\\/f89959e01423a9ee3c2debbcf830eb021c575de0e1b3781ca3ae392b71c615a1?s=96&d=mm&r=g\",\"caption\":\"favorite-news\"},\"url\":\"https:\\\/\\\/favorite-news.com\\\/de\\\/author\\\/ruby\\\/\"}]}<\/script>\n<!-- \/ Yoast SEO plugin. -->","yoast_head_json":{"title":"Impfung in Deutschland: Vor Impf-Beginn brodelt es im Land! \"Unbefriedigend\" - Favorite News","robots":{"index":"index","follow":"follow","max-snippet":"max-snippet:-1","max-image-preview":"max-image-preview:large","max-video-preview":"max-video-preview:-1"},"canonical":"https:\/\/favorite-news.com\/de\/impfung-in-deutschland-vor-impf-beginn-brodelt-es-im-land-unbefriedigend\/","og_locale":"de_DE","og_type":"article","og_title":"Impfung in Deutschland: Vor Impf-Beginn brodelt es im Land! \"Unbefriedigend\" - Favorite News","og_description":"[ad_1] Kaum jemand \u2013 au\u00dfer wohl er selbst \u2013 w\u00fcrde behaupten, dass Donald Trump die Corona-Krise gut managt. Doch w\u00e4hrend in Europa noch gewartet wird, dass der Impfmotor anl\u00e4uft, wurde in den USA bereits am 14.11. der erste Mensch gegen das Coronavirus geimpft. Inzwischen sind mehr als eine Million US-B\u00fcrger geimpft worden. Zum Vergleich: In [&hellip;]","og_url":"https:\/\/favorite-news.com\/de\/impfung-in-deutschland-vor-impf-beginn-brodelt-es-im-land-unbefriedigend\/","og_site_name":"Favorite News","article_published_time":"2020-12-26T12:52:41+00:00","article_modified_time":"2020-12-26T12:52:44+00:00","og_image":[{"width":1200,"height":627,"url":"https:\/\/favorite-news.com\/de\/wp-content\/uploads\/sites\/13\/2020\/12\/Impfung-in-Deutschland-Vor-Impf-Beginn-brodelt-es-im-Land-Unbefriedigend.jpg","type":"image\/jpeg"}],"author":"favorite-news","twitter_card":"summary_large_image","twitter_misc":{"Verfasst von":"favorite-news","Gesch\u00e4tzte Lesezeit":"6\u00a0Minuten"},"schema":{"@context":"https:\/\/schema.org","@graph":[{"@type":"Article","@id":"https:\/\/favorite-news.com\/de\/impfung-in-deutschland-vor-impf-beginn-brodelt-es-im-land-unbefriedigend\/#article","isPartOf":{"@id":"https:\/\/favorite-news.com\/de\/impfung-in-deutschland-vor-impf-beginn-brodelt-es-im-land-unbefriedigend\/"},"author":{"name":"favorite-news","@id":"https:\/\/favorite-news.com\/de\/#\/schema\/person\/b66c4cfdd10a5bf16d7d5efda647111f"},"headline":"Impfung in Deutschland: Vor Impf-Beginn brodelt es im Land! &#8222;Unbefriedigend&#8220;","datePublished":"2020-12-26T12:52:41+00:00","dateModified":"2020-12-26T12:52:44+00:00","mainEntityOfPage":{"@id":"https:\/\/favorite-news.com\/de\/impfung-in-deutschland-vor-impf-beginn-brodelt-es-im-land-unbefriedigend\/"},"wordCount":1199,"commentCount":0,"image":{"@id":"https:\/\/favorite-news.com\/de\/impfung-in-deutschland-vor-impf-beginn-brodelt-es-im-land-unbefriedigend\/#primaryimage"},"thumbnailUrl":"https:\/\/favorite-news.com\/de\/wp-content\/uploads\/sites\/13\/2020\/12\/Impfung-in-Deutschland-Vor-Impf-Beginn-brodelt-es-im-Land-Unbefriedigend.jpg","articleSection":["NEUIGKEITEN"],"inLanguage":"de","potentialAction":[{"@type":"CommentAction","name":"Comment","target":["https:\/\/favorite-news.com\/de\/impfung-in-deutschland-vor-impf-beginn-brodelt-es-im-land-unbefriedigend\/#respond"]}]},{"@type":"WebPage","@id":"https:\/\/favorite-news.com\/de\/impfung-in-deutschland-vor-impf-beginn-brodelt-es-im-land-unbefriedigend\/","url":"https:\/\/favorite-news.com\/de\/impfung-in-deutschland-vor-impf-beginn-brodelt-es-im-land-unbefriedigend\/","name":"Impfung in Deutschland: Vor Impf-Beginn brodelt es im Land! \"Unbefriedigend\" - Favorite News","isPartOf":{"@id":"https:\/\/favorite-news.com\/de\/#website"},"primaryImageOfPage":{"@id":"https:\/\/favorite-news.com\/de\/impfung-in-deutschland-vor-impf-beginn-brodelt-es-im-land-unbefriedigend\/#primaryimage"},"image":{"@id":"https:\/\/favorite-news.com\/de\/impfung-in-deutschland-vor-impf-beginn-brodelt-es-im-land-unbefriedigend\/#primaryimage"},"thumbnailUrl":"https:\/\/favorite-news.com\/de\/wp-content\/uploads\/sites\/13\/2020\/12\/Impfung-in-Deutschland-Vor-Impf-Beginn-brodelt-es-im-Land-Unbefriedigend.jpg","datePublished":"2020-12-26T12:52:41+00:00","dateModified":"2020-12-26T12:52:44+00:00","author":{"@id":"https:\/\/favorite-news.com\/de\/#\/schema\/person\/b66c4cfdd10a5bf16d7d5efda647111f"},"breadcrumb":{"@id":"https:\/\/favorite-news.com\/de\/impfung-in-deutschland-vor-impf-beginn-brodelt-es-im-land-unbefriedigend\/#breadcrumb"},"inLanguage":"de","potentialAction":[{"@type":"ReadAction","target":["https:\/\/favorite-news.com\/de\/impfung-in-deutschland-vor-impf-beginn-brodelt-es-im-land-unbefriedigend\/"]}]},{"@type":"ImageObject","inLanguage":"de","@id":"https:\/\/favorite-news.com\/de\/impfung-in-deutschland-vor-impf-beginn-brodelt-es-im-land-unbefriedigend\/#primaryimage","url":"https:\/\/favorite-news.com\/de\/wp-content\/uploads\/sites\/13\/2020\/12\/Impfung-in-Deutschland-Vor-Impf-Beginn-brodelt-es-im-Land-Unbefriedigend.jpg","contentUrl":"https:\/\/favorite-news.com\/de\/wp-content\/uploads\/sites\/13\/2020\/12\/Impfung-in-Deutschland-Vor-Impf-Beginn-brodelt-es-im-Land-Unbefriedigend.jpg","width":1200,"height":627,"caption":"Impfung in Deutschland: Vor Impf-Beginn brodelt es im Land! \"Unbefriedigend\""},{"@type":"BreadcrumbList","@id":"https:\/\/favorite-news.com\/de\/impfung-in-deutschland-vor-impf-beginn-brodelt-es-im-land-unbefriedigend\/#breadcrumb","itemListElement":[{"@type":"ListItem","position":1,"name":"Home","item":"https:\/\/favorite-news.com\/de\/"},{"@type":"ListItem","position":2,"name":"Impfung in Deutschland: Vor Impf-Beginn brodelt es im Land! &#8222;Unbefriedigend&#8220;"}]},{"@type":"WebSite","@id":"https:\/\/favorite-news.com\/de\/#website","url":"https:\/\/favorite-news.com\/de\/","name":"Favorite News","description":"Favorite News Germany","potentialAction":[{"@type":"SearchAction","target":{"@type":"EntryPoint","urlTemplate":"https:\/\/favorite-news.com\/de\/?s={search_term_string}"},"query-input":{"@type":"PropertyValueSpecification","valueRequired":true,"valueName":"search_term_string"}}],"inLanguage":"de"},{"@type":"Person","@id":"https:\/\/favorite-news.com\/de\/#\/schema\/person\/b66c4cfdd10a5bf16d7d5efda647111f","name":"favorite-news","image":{"@type":"ImageObject","inLanguage":"de","@id":"https:\/\/secure.gravatar.com\/avatar\/f89959e01423a9ee3c2debbcf830eb021c575de0e1b3781ca3ae392b71c615a1?s=96&d=mm&r=g","url":"https:\/\/secure.gravatar.com\/avatar\/f89959e01423a9ee3c2debbcf830eb021c575de0e1b3781ca3ae392b71c615a1?s=96&d=mm&r=g","contentUrl":"https:\/\/secure.gravatar.com\/avatar\/f89959e01423a9ee3c2debbcf830eb021c575de0e1b3781ca3ae392b71c615a1?s=96&d=mm&r=g","caption":"favorite-news"},"url":"https:\/\/favorite-news.com\/de\/author\/ruby\/"}]}},"_links":{"self":[{"href":"https:\/\/favorite-news.com\/de\/wp-json\/wp\/v2\/posts\/775","targetHints":{"allow":["GET"]}}],"collection":[{"href":"https:\/\/favorite-news.com\/de\/wp-json\/wp\/v2\/posts"}],"about":[{"href":"https:\/\/favorite-news.com\/de\/wp-json\/wp\/v2\/types\/post"}],"author":[{"embeddable":true,"href":"https:\/\/favorite-news.com\/de\/wp-json\/wp\/v2\/users\/1"}],"replies":[{"embeddable":true,"href":"https:\/\/favorite-news.com\/de\/wp-json\/wp\/v2\/comments?post=775"}],"version-history":[{"count":1,"href":"https:\/\/favorite-news.com\/de\/wp-json\/wp\/v2\/posts\/775\/revisions"}],"predecessor-version":[{"id":777,"href":"https:\/\/favorite-news.com\/de\/wp-json\/wp\/v2\/posts\/775\/revisions\/777"}],"wp:featuredmedia":[{"embeddable":true,"href":"https:\/\/favorite-news.com\/de\/wp-json\/wp\/v2\/media\/776"}],"wp:attachment":[{"href":"https:\/\/favorite-news.com\/de\/wp-json\/wp\/v2\/media?parent=775"}],"wp:term":[{"taxonomy":"category","embeddable":true,"href":"https:\/\/favorite-news.com\/de\/wp-json\/wp\/v2\/categories?post=775"},{"taxonomy":"post_tag","embeddable":true,"href":"https:\/\/favorite-news.com\/de\/wp-json\/wp\/v2\/tags?post=775"}],"curies":[{"name":"wp","href":"https:\/\/api.w.org\/{rel}","templated":true}]}}