{"id":757,"date":"2020-12-23T12:04:30","date_gmt":"2020-12-23T12:04:30","guid":{"rendered":"https:\/\/favorite-news.com\/de\/skifahren-in-oesterreich-ischgl-und-saalbach-hinterglemm-bleiben-geschlossen\/"},"modified":"2020-12-23T12:04:32","modified_gmt":"2020-12-23T12:04:32","slug":"skifahren-in-oesterreich-ischgl-und-saalbach-hinterglemm-bleiben-geschlossen","status":"publish","type":"post","link":"https:\/\/favorite-news.com\/de\/skifahren-in-oesterreich-ischgl-und-saalbach-hinterglemm-bleiben-geschlossen\/","title":{"rendered":"Skifahren in \u00d6sterreich: Ischgl und Saalbach-Hinterglemm bleiben geschlossen"},"content":{"rendered":"<p>[ad_1]<br \/>\n <br \/>\n\t\tIn \u00d6sterreich d\u00fcrfen ab 24. Dezember die Skilifte unter strengen Auflagen \u00f6ffnen. Der f\u00fcr Einheimische gedachte Start der Skisaison wird am Donnerstag aber ohne Ischgl und Saalbach-Hinterglemm \u00fcber die B\u00fchne gehen. In Saalbach-Hinterglemm ist der Grund die \u00f6sterreichweit geltende Pflicht, in den Gondeln und beim Anstehen eine FFP2-Maske zu tragen.\u201eIrgendwann reicht es\u201c, sagte die Gesch\u00e4ftsf\u00fchrerin der Saalbacher Bergbahnen, Isabella Dschulnigg, den \u201eSalzburger Nachrichten\u201c vom Mittwoch. Die FFP2-Pflicht sei aus Sicht der Bergbahnen verfassungswidrig. Eine \u00dcberpr\u00fcfung der Masken k\u00f6nne eine Seilbahn nicht gew\u00e4hrleisten, aber die rechtliche Haftung liege bei den Gesch\u00e4ftsf\u00fchrern.Corona-Regelungen: Schweiz und \u00d6sterreich kollidierenIn Ischgl, einst Hotspot bei der Verbreitung des Coronavirus, sei das Problem das grenz\u00fcberschreitende Skigebiet mit der Schweiz. \u201eWenn man zwei Schw\u00fcnge auf Schweizer Gebiet macht, m\u00fcsste man bei R\u00fcckkehr nach \u00d6sterreich in Quarant\u00e4ne\u201c, sagte Ischgls Tourismuschef Andreas Steibl. Surftipp: Alle Neuigkeiten zur Corona-Pandemie finden Sie im News-Ticker von FOCUS OnlineAuch bei der Schutzmasken-Pflicht und der Gastronomie herrschten in der Schweiz und \u00d6sterreich teils v\u00f6llig andere Bestimmungen. \u201eWir sind im Schaufenster und wollen unter diesen Bedingungen lieber nicht starten.\u201c Ein Start werde nun in der zweiten Januarh\u00e4lfte &#8211; nach dem bis 17. Januar dauernden Lockdown &#8211; angepeilt.Restaurants und Hotels sind geschlossenAusl\u00e4ndische Touristen werden in \u00d6sterreich zun\u00e4chst keine erwartet, da jeder Einreisende bis zu zehn Tage in Quarant\u00e4ne muss. Au\u00dferdem sind Restaurants und Hotels geschlossen. Ob ein Au\u00dfer-Haus-Verkauf erlaubt wird, k\u00f6nnen die Bundesl\u00e4nder selbst entscheiden.<br \/>\n <br \/>[ad_2]<br \/>\n <br \/><a href=\"https:\/\/www.focus.de\/finanzen\/news\/irgendwann-reicht-es-regel-wirrwarr-ski-saison-in-oesterreich-beginnt-ohne-ischgl-und-saalbach-hinterglemm_id_12805973.html\">\u0421\u0441\u044b\u043b\u043a\u0430 \u043d\u0430 \u0438\u0441\u0442\u043e\u0447\u043d\u0438\u043a <\/a><\/p>\n","protected":false},"excerpt":{"rendered":"<p>[ad_1] In \u00d6sterreich d\u00fcrfen ab 24. Dezember die Skilifte unter strengen Auflagen \u00f6ffnen. Der f\u00fcr Einheimische gedachte Start der Skisaison wird am Donnerstag aber ohne Ischgl und Saalbach-Hinterglemm \u00fcber die B\u00fchne gehen. In Saalbach-Hinterglemm ist der Grund die \u00f6sterreichweit geltende Pflicht, in den Gondeln und beim Anstehen eine FFP2-Maske zu tragen.\u201eIrgendwann reicht es\u201c, sagte die [&hellip;]<\/p>\n","protected":false},"author":1,"featured_media":758,"comment_status":"open","ping_status":"open","sticky":false,"template":"","format":"standard","meta":{"footnotes":""},"categories":[1],"tags":[],"class_list":["post-757","post","type-post","status-publish","format-standard","has-post-thumbnail","hentry","category-neuigkeiten"],"yoast_head":"<!-- This site is optimized with the Yoast SEO plugin v27.4 - https:\/\/yoast.com\/product\/yoast-seo-wordpress\/ -->\n<title>Skifahren in \u00d6sterreich: Ischgl und Saalbach-Hinterglemm bleiben geschlossen - Favorite News<\/title>\n<meta name=\"robots\" content=\"index, follow, max-snippet:-1, max-image-preview:large, max-video-preview:-1\" \/>\n<link rel=\"canonical\" href=\"https:\/\/favorite-news.com\/de\/skifahren-in-oesterreich-ischgl-und-saalbach-hinterglemm-bleiben-geschlossen\/\" \/>\n<meta property=\"og:locale\" content=\"de_DE\" \/>\n<meta property=\"og:type\" content=\"article\" \/>\n<meta property=\"og:title\" content=\"Skifahren in \u00d6sterreich: Ischgl und Saalbach-Hinterglemm bleiben geschlossen - Favorite News\" \/>\n<meta property=\"og:description\" content=\"[ad_1] In \u00d6sterreich d\u00fcrfen ab 24. Dezember die Skilifte unter strengen Auflagen \u00f6ffnen. Der f\u00fcr Einheimische gedachte Start der Skisaison wird am Donnerstag aber ohne Ischgl und Saalbach-Hinterglemm \u00fcber die B\u00fchne gehen. In Saalbach-Hinterglemm ist der Grund die \u00f6sterreichweit geltende Pflicht, in den Gondeln und beim Anstehen eine FFP2-Maske zu tragen.\u201eIrgendwann reicht es\u201c, sagte die [&hellip;]\" \/>\n<meta property=\"og:url\" content=\"https:\/\/favorite-news.com\/de\/skifahren-in-oesterreich-ischgl-und-saalbach-hinterglemm-bleiben-geschlossen\/\" \/>\n<meta property=\"og:site_name\" content=\"Favorite News\" \/>\n<meta property=\"article:published_time\" content=\"2020-12-23T12:04:30+00:00\" \/>\n<meta property=\"article:modified_time\" content=\"2020-12-23T12:04:32+00:00\" \/>\n<meta property=\"og:image\" content=\"https:\/\/favorite-news.com\/de\/wp-content\/uploads\/sites\/13\/2020\/12\/Skifahren-in-Oesterreich-Ischgl-und-Saalbach-Hinterglemm-bleiben-geschlossen.jpg\" \/>\n\t<meta property=\"og:image:width\" content=\"1\" \/>\n\t<meta property=\"og:image:height\" content=\"1\" \/>\n\t<meta property=\"og:image:type\" content=\"image\/jpeg\" \/>\n<meta name=\"author\" content=\"favorite-news\" \/>\n<meta name=\"twitter:card\" content=\"summary_large_image\" \/>\n<meta name=\"twitter:label1\" content=\"Verfasst von\" \/>\n\t<meta name=\"twitter:data1\" content=\"favorite-news\" \/>\n\t<meta name=\"twitter:label2\" content=\"Gesch\u00e4tzte Lesezeit\" \/>\n\t<meta name=\"twitter:data2\" content=\"1\u00a0Minute\" \/>\n<script type=\"application\/ld+json\" class=\"yoast-schema-graph\">{\"@context\":\"https:\\\/\\\/schema.org\",\"@graph\":[{\"@type\":\"Article\",\"@id\":\"https:\\\/\\\/favorite-news.com\\\/de\\\/skifahren-in-oesterreich-ischgl-und-saalbach-hinterglemm-bleiben-geschlossen\\\/#article\",\"isPartOf\":{\"@id\":\"https:\\\/\\\/favorite-news.com\\\/de\\\/skifahren-in-oesterreich-ischgl-und-saalbach-hinterglemm-bleiben-geschlossen\\\/\"},\"author\":{\"name\":\"favorite-news\",\"@id\":\"https:\\\/\\\/favorite-news.com\\\/de\\\/#\\\/schema\\\/person\\\/b66c4cfdd10a5bf16d7d5efda647111f\"},\"headline\":\"Skifahren in \u00d6sterreich: Ischgl und Saalbach-Hinterglemm bleiben geschlossen\",\"datePublished\":\"2020-12-23T12:04:30+00:00\",\"dateModified\":\"2020-12-23T12:04:32+00:00\",\"mainEntityOfPage\":{\"@id\":\"https:\\\/\\\/favorite-news.com\\\/de\\\/skifahren-in-oesterreich-ischgl-und-saalbach-hinterglemm-bleiben-geschlossen\\\/\"},\"wordCount\":267,\"commentCount\":0,\"image\":{\"@id\":\"https:\\\/\\\/favorite-news.com\\\/de\\\/skifahren-in-oesterreich-ischgl-und-saalbach-hinterglemm-bleiben-geschlossen\\\/#primaryimage\"},\"thumbnailUrl\":\"https:\\\/\\\/favorite-news.com\\\/de\\\/wp-content\\\/uploads\\\/sites\\\/13\\\/2020\\\/12\\\/Skifahren-in-Oesterreich-Ischgl-und-Saalbach-Hinterglemm-bleiben-geschlossen.jpg\",\"articleSection\":[\"NEUIGKEITEN\"],\"inLanguage\":\"de\",\"potentialAction\":[{\"@type\":\"CommentAction\",\"name\":\"Comment\",\"target\":[\"https:\\\/\\\/favorite-news.com\\\/de\\\/skifahren-in-oesterreich-ischgl-und-saalbach-hinterglemm-bleiben-geschlossen\\\/#respond\"]}]},{\"@type\":\"WebPage\",\"@id\":\"https:\\\/\\\/favorite-news.com\\\/de\\\/skifahren-in-oesterreich-ischgl-und-saalbach-hinterglemm-bleiben-geschlossen\\\/\",\"url\":\"https:\\\/\\\/favorite-news.com\\\/de\\\/skifahren-in-oesterreich-ischgl-und-saalbach-hinterglemm-bleiben-geschlossen\\\/\",\"name\":\"Skifahren in \u00d6sterreich: Ischgl und Saalbach-Hinterglemm bleiben geschlossen - Favorite News\",\"isPartOf\":{\"@id\":\"https:\\\/\\\/favorite-news.com\\\/de\\\/#website\"},\"primaryImageOfPage\":{\"@id\":\"https:\\\/\\\/favorite-news.com\\\/de\\\/skifahren-in-oesterreich-ischgl-und-saalbach-hinterglemm-bleiben-geschlossen\\\/#primaryimage\"},\"image\":{\"@id\":\"https:\\\/\\\/favorite-news.com\\\/de\\\/skifahren-in-oesterreich-ischgl-und-saalbach-hinterglemm-bleiben-geschlossen\\\/#primaryimage\"},\"thumbnailUrl\":\"https:\\\/\\\/favorite-news.com\\\/de\\\/wp-content\\\/uploads\\\/sites\\\/13\\\/2020\\\/12\\\/Skifahren-in-Oesterreich-Ischgl-und-Saalbach-Hinterglemm-bleiben-geschlossen.jpg\",\"datePublished\":\"2020-12-23T12:04:30+00:00\",\"dateModified\":\"2020-12-23T12:04:32+00:00\",\"author\":{\"@id\":\"https:\\\/\\\/favorite-news.com\\\/de\\\/#\\\/schema\\\/person\\\/b66c4cfdd10a5bf16d7d5efda647111f\"},\"breadcrumb\":{\"@id\":\"https:\\\/\\\/favorite-news.com\\\/de\\\/skifahren-in-oesterreich-ischgl-und-saalbach-hinterglemm-bleiben-geschlossen\\\/#breadcrumb\"},\"inLanguage\":\"de\",\"potentialAction\":[{\"@type\":\"ReadAction\",\"target\":[\"https:\\\/\\\/favorite-news.com\\\/de\\\/skifahren-in-oesterreich-ischgl-und-saalbach-hinterglemm-bleiben-geschlossen\\\/\"]}]},{\"@type\":\"ImageObject\",\"inLanguage\":\"de\",\"@id\":\"https:\\\/\\\/favorite-news.com\\\/de\\\/skifahren-in-oesterreich-ischgl-und-saalbach-hinterglemm-bleiben-geschlossen\\\/#primaryimage\",\"url\":\"https:\\\/\\\/favorite-news.com\\\/de\\\/wp-content\\\/uploads\\\/sites\\\/13\\\/2020\\\/12\\\/Skifahren-in-Oesterreich-Ischgl-und-Saalbach-Hinterglemm-bleiben-geschlossen.jpg\",\"contentUrl\":\"https:\\\/\\\/favorite-news.com\\\/de\\\/wp-content\\\/uploads\\\/sites\\\/13\\\/2020\\\/12\\\/Skifahren-in-Oesterreich-Ischgl-und-Saalbach-Hinterglemm-bleiben-geschlossen.jpg\",\"caption\":\"Skifahren in \u00d6sterreich: Ischgl und Saalbach-Hinterglemm bleiben geschlossen\"},{\"@type\":\"BreadcrumbList\",\"@id\":\"https:\\\/\\\/favorite-news.com\\\/de\\\/skifahren-in-oesterreich-ischgl-und-saalbach-hinterglemm-bleiben-geschlossen\\\/#breadcrumb\",\"itemListElement\":[{\"@type\":\"ListItem\",\"position\":1,\"name\":\"Home\",\"item\":\"https:\\\/\\\/favorite-news.com\\\/de\\\/\"},{\"@type\":\"ListItem\",\"position\":2,\"name\":\"Skifahren in \u00d6sterreich: Ischgl und Saalbach-Hinterglemm bleiben geschlossen\"}]},{\"@type\":\"WebSite\",\"@id\":\"https:\\\/\\\/favorite-news.com\\\/de\\\/#website\",\"url\":\"https:\\\/\\\/favorite-news.com\\\/de\\\/\",\"name\":\"Favorite News\",\"description\":\"Favorite News Germany\",\"potentialAction\":[{\"@type\":\"SearchAction\",\"target\":{\"@type\":\"EntryPoint\",\"urlTemplate\":\"https:\\\/\\\/favorite-news.com\\\/de\\\/?s={search_term_string}\"},\"query-input\":{\"@type\":\"PropertyValueSpecification\",\"valueRequired\":true,\"valueName\":\"search_term_string\"}}],\"inLanguage\":\"de\"},{\"@type\":\"Person\",\"@id\":\"https:\\\/\\\/favorite-news.com\\\/de\\\/#\\\/schema\\\/person\\\/b66c4cfdd10a5bf16d7d5efda647111f\",\"name\":\"favorite-news\",\"image\":{\"@type\":\"ImageObject\",\"inLanguage\":\"de\",\"@id\":\"https:\\\/\\\/secure.gravatar.com\\\/avatar\\\/f89959e01423a9ee3c2debbcf830eb021c575de0e1b3781ca3ae392b71c615a1?s=96&d=mm&r=g\",\"url\":\"https:\\\/\\\/secure.gravatar.com\\\/avatar\\\/f89959e01423a9ee3c2debbcf830eb021c575de0e1b3781ca3ae392b71c615a1?s=96&d=mm&r=g\",\"contentUrl\":\"https:\\\/\\\/secure.gravatar.com\\\/avatar\\\/f89959e01423a9ee3c2debbcf830eb021c575de0e1b3781ca3ae392b71c615a1?s=96&d=mm&r=g\",\"caption\":\"favorite-news\"},\"url\":\"https:\\\/\\\/favorite-news.com\\\/de\\\/author\\\/ruby\\\/\"}]}<\/script>\n<!-- \/ Yoast SEO plugin. -->","yoast_head_json":{"title":"Skifahren in \u00d6sterreich: Ischgl und Saalbach-Hinterglemm bleiben geschlossen - Favorite News","robots":{"index":"index","follow":"follow","max-snippet":"max-snippet:-1","max-image-preview":"max-image-preview:large","max-video-preview":"max-video-preview:-1"},"canonical":"https:\/\/favorite-news.com\/de\/skifahren-in-oesterreich-ischgl-und-saalbach-hinterglemm-bleiben-geschlossen\/","og_locale":"de_DE","og_type":"article","og_title":"Skifahren in \u00d6sterreich: Ischgl und Saalbach-Hinterglemm bleiben geschlossen - Favorite News","og_description":"[ad_1] In \u00d6sterreich d\u00fcrfen ab 24. Dezember die Skilifte unter strengen Auflagen \u00f6ffnen. Der f\u00fcr Einheimische gedachte Start der Skisaison wird am Donnerstag aber ohne Ischgl und Saalbach-Hinterglemm \u00fcber die B\u00fchne gehen. In Saalbach-Hinterglemm ist der Grund die \u00f6sterreichweit geltende Pflicht, in den Gondeln und beim Anstehen eine FFP2-Maske zu tragen.\u201eIrgendwann reicht es\u201c, sagte die [&hellip;]","og_url":"https:\/\/favorite-news.com\/de\/skifahren-in-oesterreich-ischgl-und-saalbach-hinterglemm-bleiben-geschlossen\/","og_site_name":"Favorite News","article_published_time":"2020-12-23T12:04:30+00:00","article_modified_time":"2020-12-23T12:04:32+00:00","og_image":[{"url":"https:\/\/favorite-news.com\/de\/wp-content\/uploads\/sites\/13\/2020\/12\/Skifahren-in-Oesterreich-Ischgl-und-Saalbach-Hinterglemm-bleiben-geschlossen.jpg","width":1,"height":1,"type":"image\/jpeg"}],"author":"favorite-news","twitter_card":"summary_large_image","twitter_misc":{"Verfasst von":"favorite-news","Gesch\u00e4tzte Lesezeit":"1\u00a0Minute"},"schema":{"@context":"https:\/\/schema.org","@graph":[{"@type":"Article","@id":"https:\/\/favorite-news.com\/de\/skifahren-in-oesterreich-ischgl-und-saalbach-hinterglemm-bleiben-geschlossen\/#article","isPartOf":{"@id":"https:\/\/favorite-news.com\/de\/skifahren-in-oesterreich-ischgl-und-saalbach-hinterglemm-bleiben-geschlossen\/"},"author":{"name":"favorite-news","@id":"https:\/\/favorite-news.com\/de\/#\/schema\/person\/b66c4cfdd10a5bf16d7d5efda647111f"},"headline":"Skifahren in \u00d6sterreich: Ischgl und Saalbach-Hinterglemm bleiben geschlossen","datePublished":"2020-12-23T12:04:30+00:00","dateModified":"2020-12-23T12:04:32+00:00","mainEntityOfPage":{"@id":"https:\/\/favorite-news.com\/de\/skifahren-in-oesterreich-ischgl-und-saalbach-hinterglemm-bleiben-geschlossen\/"},"wordCount":267,"commentCount":0,"image":{"@id":"https:\/\/favorite-news.com\/de\/skifahren-in-oesterreich-ischgl-und-saalbach-hinterglemm-bleiben-geschlossen\/#primaryimage"},"thumbnailUrl":"https:\/\/favorite-news.com\/de\/wp-content\/uploads\/sites\/13\/2020\/12\/Skifahren-in-Oesterreich-Ischgl-und-Saalbach-Hinterglemm-bleiben-geschlossen.jpg","articleSection":["NEUIGKEITEN"],"inLanguage":"de","potentialAction":[{"@type":"CommentAction","name":"Comment","target":["https:\/\/favorite-news.com\/de\/skifahren-in-oesterreich-ischgl-und-saalbach-hinterglemm-bleiben-geschlossen\/#respond"]}]},{"@type":"WebPage","@id":"https:\/\/favorite-news.com\/de\/skifahren-in-oesterreich-ischgl-und-saalbach-hinterglemm-bleiben-geschlossen\/","url":"https:\/\/favorite-news.com\/de\/skifahren-in-oesterreich-ischgl-und-saalbach-hinterglemm-bleiben-geschlossen\/","name":"Skifahren in \u00d6sterreich: Ischgl und Saalbach-Hinterglemm bleiben geschlossen - Favorite News","isPartOf":{"@id":"https:\/\/favorite-news.com\/de\/#website"},"primaryImageOfPage":{"@id":"https:\/\/favorite-news.com\/de\/skifahren-in-oesterreich-ischgl-und-saalbach-hinterglemm-bleiben-geschlossen\/#primaryimage"},"image":{"@id":"https:\/\/favorite-news.com\/de\/skifahren-in-oesterreich-ischgl-und-saalbach-hinterglemm-bleiben-geschlossen\/#primaryimage"},"thumbnailUrl":"https:\/\/favorite-news.com\/de\/wp-content\/uploads\/sites\/13\/2020\/12\/Skifahren-in-Oesterreich-Ischgl-und-Saalbach-Hinterglemm-bleiben-geschlossen.jpg","datePublished":"2020-12-23T12:04:30+00:00","dateModified":"2020-12-23T12:04:32+00:00","author":{"@id":"https:\/\/favorite-news.com\/de\/#\/schema\/person\/b66c4cfdd10a5bf16d7d5efda647111f"},"breadcrumb":{"@id":"https:\/\/favorite-news.com\/de\/skifahren-in-oesterreich-ischgl-und-saalbach-hinterglemm-bleiben-geschlossen\/#breadcrumb"},"inLanguage":"de","potentialAction":[{"@type":"ReadAction","target":["https:\/\/favorite-news.com\/de\/skifahren-in-oesterreich-ischgl-und-saalbach-hinterglemm-bleiben-geschlossen\/"]}]},{"@type":"ImageObject","inLanguage":"de","@id":"https:\/\/favorite-news.com\/de\/skifahren-in-oesterreich-ischgl-und-saalbach-hinterglemm-bleiben-geschlossen\/#primaryimage","url":"https:\/\/favorite-news.com\/de\/wp-content\/uploads\/sites\/13\/2020\/12\/Skifahren-in-Oesterreich-Ischgl-und-Saalbach-Hinterglemm-bleiben-geschlossen.jpg","contentUrl":"https:\/\/favorite-news.com\/de\/wp-content\/uploads\/sites\/13\/2020\/12\/Skifahren-in-Oesterreich-Ischgl-und-Saalbach-Hinterglemm-bleiben-geschlossen.jpg","caption":"Skifahren in \u00d6sterreich: Ischgl und Saalbach-Hinterglemm bleiben geschlossen"},{"@type":"BreadcrumbList","@id":"https:\/\/favorite-news.com\/de\/skifahren-in-oesterreich-ischgl-und-saalbach-hinterglemm-bleiben-geschlossen\/#breadcrumb","itemListElement":[{"@type":"ListItem","position":1,"name":"Home","item":"https:\/\/favorite-news.com\/de\/"},{"@type":"ListItem","position":2,"name":"Skifahren in \u00d6sterreich: Ischgl und Saalbach-Hinterglemm bleiben geschlossen"}]},{"@type":"WebSite","@id":"https:\/\/favorite-news.com\/de\/#website","url":"https:\/\/favorite-news.com\/de\/","name":"Favorite News","description":"Favorite News Germany","potentialAction":[{"@type":"SearchAction","target":{"@type":"EntryPoint","urlTemplate":"https:\/\/favorite-news.com\/de\/?s={search_term_string}"},"query-input":{"@type":"PropertyValueSpecification","valueRequired":true,"valueName":"search_term_string"}}],"inLanguage":"de"},{"@type":"Person","@id":"https:\/\/favorite-news.com\/de\/#\/schema\/person\/b66c4cfdd10a5bf16d7d5efda647111f","name":"favorite-news","image":{"@type":"ImageObject","inLanguage":"de","@id":"https:\/\/secure.gravatar.com\/avatar\/f89959e01423a9ee3c2debbcf830eb021c575de0e1b3781ca3ae392b71c615a1?s=96&d=mm&r=g","url":"https:\/\/secure.gravatar.com\/avatar\/f89959e01423a9ee3c2debbcf830eb021c575de0e1b3781ca3ae392b71c615a1?s=96&d=mm&r=g","contentUrl":"https:\/\/secure.gravatar.com\/avatar\/f89959e01423a9ee3c2debbcf830eb021c575de0e1b3781ca3ae392b71c615a1?s=96&d=mm&r=g","caption":"favorite-news"},"url":"https:\/\/favorite-news.com\/de\/author\/ruby\/"}]}},"_links":{"self":[{"href":"https:\/\/favorite-news.com\/de\/wp-json\/wp\/v2\/posts\/757","targetHints":{"allow":["GET"]}}],"collection":[{"href":"https:\/\/favorite-news.com\/de\/wp-json\/wp\/v2\/posts"}],"about":[{"href":"https:\/\/favorite-news.com\/de\/wp-json\/wp\/v2\/types\/post"}],"author":[{"embeddable":true,"href":"https:\/\/favorite-news.com\/de\/wp-json\/wp\/v2\/users\/1"}],"replies":[{"embeddable":true,"href":"https:\/\/favorite-news.com\/de\/wp-json\/wp\/v2\/comments?post=757"}],"version-history":[{"count":1,"href":"https:\/\/favorite-news.com\/de\/wp-json\/wp\/v2\/posts\/757\/revisions"}],"predecessor-version":[{"id":759,"href":"https:\/\/favorite-news.com\/de\/wp-json\/wp\/v2\/posts\/757\/revisions\/759"}],"wp:featuredmedia":[{"embeddable":true,"href":"https:\/\/favorite-news.com\/de\/wp-json\/wp\/v2\/media\/758"}],"wp:attachment":[{"href":"https:\/\/favorite-news.com\/de\/wp-json\/wp\/v2\/media?parent=757"}],"wp:term":[{"taxonomy":"category","embeddable":true,"href":"https:\/\/favorite-news.com\/de\/wp-json\/wp\/v2\/categories?post=757"},{"taxonomy":"post_tag","embeddable":true,"href":"https:\/\/favorite-news.com\/de\/wp-json\/wp\/v2\/tags?post=757"}],"curies":[{"name":"wp","href":"https:\/\/api.w.org\/{rel}","templated":true}]}}