{"id":751,"date":"2020-12-22T12:03:10","date_gmt":"2020-12-22T12:03:10","guid":{"rendered":"https:\/\/favorite-news.com\/de\/scholl-bezeichnet-trainerausbildung-als-katastrophe-und-schiesst-gegen-klose\/"},"modified":"2020-12-22T12:03:12","modified_gmt":"2020-12-22T12:03:12","slug":"scholl-bezeichnet-trainerausbildung-als-katastrophe-und-schiesst-gegen-klose","status":"publish","type":"post","link":"https:\/\/favorite-news.com\/de\/scholl-bezeichnet-trainerausbildung-als-katastrophe-und-schiesst-gegen-klose\/","title":{"rendered":"Scholl bezeichnet Trainerausbildung als &#8222;Katastrophe&#8220; &#8211; und schie\u00dft gegen Klose"},"content":{"rendered":"<p>[ad_1]<br \/>\n <br \/>\n\t\tDer fr\u00fchere Fu\u00dfball-Nationalspieler Mehmet\u00a0Scholl\u00a0hat die Trainerausbildung in Deutschland kritisiert. &#8222;Das, was jetzt im deutschen Fu\u00dfball passiert, ist kein Hexenwerk. Das habe ich vor drei Jahren vorausgesagt. Ich kenne die Trainerausbildung, habe sie selber durchlaufen und das ist eine Katastrophe&#8220;, sagte der 50 Jahre alte Ex-Bayern-Profi im Podcast &#8222;MyPodCarsten&#8220; seines fr\u00fcheren M\u00fcnchner Teamkollegen Carsten Jancker. Scholl schie\u00dft gegen neue Trainergeneration &#8211; Klose dabeiAllein die Trainerauswahl f\u00fcr diesen Lehrgang sei &#8222;schon eine Katastrophe. Das sind lauter Smarties, die smart r\u00fcberkommen und sich verkaufen k\u00f6nnen. Die wissen aber das Wesentliche nicht&#8220;, sagte der Europameister von 1996. Im Lehrgang von 2020 waren unter anderem sein ehemaliger Nationalmannschaftskollege Miroslav Klose, Tobias Schweinsteiger und Kim Kulig.<br \/>\n\t\t\t\t\t&#8222;Das, was der Jogi jetzt ausbadet, das ist einfach, weil du auf h\u00f6chstem Niveau Spiele verlierst, weil Dinge nicht mehr geschult werden in der Jugend&#8220;, meinte der achtmalige deutsche Meister und Champions-League-Sieger von 2001. Die jetzige Generation sei gut, &#8222;die k\u00f6nnen alle was, aber sie k\u00f6nnen das Wesentliche nicht mehr, was muss ich in welcher Situation im Spiel tun&#8220;.Eine R\u00fcckkehr in den Trainerjob ist f\u00fcr den fr\u00fcheren ARD-Experten derzeit kein Thema.\u00a0&#8222;Mir fehlt nichts, ich brauche auch keinen Job. Ich mache, was ich will, und nur, was mir Freude macht&#8220;, sagte\u00a0Scholl, der von 2008 bis 2013 beim FC\u00a0Bayern M\u00fcnchen als Nachwuchstrainer arbeitete.<br \/>\n <br \/>[ad_2]<br \/>\n <br \/><a href=\"https:\/\/www.focus.de\/sport\/fussball\/bundesliga1\/das-sind-lauter-smarties-scholl-bezeichnet-trainerausbildung-als-katastrophe-und-schiesst-gegen-klose_id_12802143.html\">\u0421\u0441\u044b\u043b\u043a\u0430 \u043d\u0430 \u0438\u0441\u0442\u043e\u0447\u043d\u0438\u043a <\/a><\/p>\n","protected":false},"excerpt":{"rendered":"<p>[ad_1] Der fr\u00fchere Fu\u00dfball-Nationalspieler Mehmet\u00a0Scholl\u00a0hat die Trainerausbildung in Deutschland kritisiert. &#8222;Das, was jetzt im deutschen Fu\u00dfball passiert, ist kein Hexenwerk. Das habe ich vor drei Jahren vorausgesagt. Ich kenne die Trainerausbildung, habe sie selber durchlaufen und das ist eine Katastrophe&#8220;, sagte der 50 Jahre alte Ex-Bayern-Profi im Podcast &#8222;MyPodCarsten&#8220; seines fr\u00fcheren M\u00fcnchner Teamkollegen Carsten Jancker. [&hellip;]<\/p>\n","protected":false},"author":1,"featured_media":752,"comment_status":"open","ping_status":"open","sticky":false,"template":"","format":"standard","meta":{"footnotes":""},"categories":[1],"tags":[],"class_list":["post-751","post","type-post","status-publish","format-standard","has-post-thumbnail","hentry","category-neuigkeiten"],"yoast_head":"<!-- This site is optimized with the Yoast SEO plugin v27.4 - https:\/\/yoast.com\/product\/yoast-seo-wordpress\/ -->\n<title>Scholl bezeichnet Trainerausbildung als &quot;Katastrophe&quot; - und schie\u00dft gegen Klose - Favorite News<\/title>\n<meta name=\"robots\" content=\"index, follow, max-snippet:-1, max-image-preview:large, max-video-preview:-1\" \/>\n<link rel=\"canonical\" href=\"https:\/\/favorite-news.com\/de\/scholl-bezeichnet-trainerausbildung-als-katastrophe-und-schiesst-gegen-klose\/\" \/>\n<meta property=\"og:locale\" content=\"de_DE\" \/>\n<meta property=\"og:type\" content=\"article\" \/>\n<meta property=\"og:title\" content=\"Scholl bezeichnet Trainerausbildung als &quot;Katastrophe&quot; - und schie\u00dft gegen Klose - Favorite News\" \/>\n<meta property=\"og:description\" content=\"[ad_1] Der fr\u00fchere Fu\u00dfball-Nationalspieler Mehmet\u00a0Scholl\u00a0hat die Trainerausbildung in Deutschland kritisiert. &#8222;Das, was jetzt im deutschen Fu\u00dfball passiert, ist kein Hexenwerk. Das habe ich vor drei Jahren vorausgesagt. Ich kenne die Trainerausbildung, habe sie selber durchlaufen und das ist eine Katastrophe&#8220;, sagte der 50 Jahre alte Ex-Bayern-Profi im Podcast &#8222;MyPodCarsten&#8220; seines fr\u00fcheren M\u00fcnchner Teamkollegen Carsten Jancker. [&hellip;]\" \/>\n<meta property=\"og:url\" content=\"https:\/\/favorite-news.com\/de\/scholl-bezeichnet-trainerausbildung-als-katastrophe-und-schiesst-gegen-klose\/\" \/>\n<meta property=\"og:site_name\" content=\"Favorite News\" \/>\n<meta property=\"article:published_time\" content=\"2020-12-22T12:03:10+00:00\" \/>\n<meta property=\"article:modified_time\" content=\"2020-12-22T12:03:12+00:00\" \/>\n<meta property=\"og:image\" content=\"https:\/\/favorite-news.com\/de\/wp-content\/uploads\/sites\/13\/2020\/12\/Scholl-bezeichnet-Trainerausbildung-als-Katastrophe-und-schiesst-gegen-Klose.jpg\" \/>\n\t<meta property=\"og:image:width\" content=\"1200\" \/>\n\t<meta property=\"og:image:height\" content=\"627\" \/>\n\t<meta property=\"og:image:type\" content=\"image\/jpeg\" \/>\n<meta name=\"author\" content=\"favorite-news\" \/>\n<meta name=\"twitter:card\" content=\"summary_large_image\" \/>\n<meta name=\"twitter:label1\" content=\"Verfasst von\" \/>\n\t<meta name=\"twitter:data1\" content=\"favorite-news\" \/>\n\t<meta name=\"twitter:label2\" content=\"Gesch\u00e4tzte Lesezeit\" \/>\n\t<meta name=\"twitter:data2\" content=\"1\u00a0Minute\" \/>\n<script type=\"application\/ld+json\" class=\"yoast-schema-graph\">{\"@context\":\"https:\\\/\\\/schema.org\",\"@graph\":[{\"@type\":\"Article\",\"@id\":\"https:\\\/\\\/favorite-news.com\\\/de\\\/scholl-bezeichnet-trainerausbildung-als-katastrophe-und-schiesst-gegen-klose\\\/#article\",\"isPartOf\":{\"@id\":\"https:\\\/\\\/favorite-news.com\\\/de\\\/scholl-bezeichnet-trainerausbildung-als-katastrophe-und-schiesst-gegen-klose\\\/\"},\"author\":{\"name\":\"favorite-news\",\"@id\":\"https:\\\/\\\/favorite-news.com\\\/de\\\/#\\\/schema\\\/person\\\/b66c4cfdd10a5bf16d7d5efda647111f\"},\"headline\":\"Scholl bezeichnet Trainerausbildung als &#8222;Katastrophe&#8220; &#8211; und schie\u00dft gegen Klose\",\"datePublished\":\"2020-12-22T12:03:10+00:00\",\"dateModified\":\"2020-12-22T12:03:12+00:00\",\"mainEntityOfPage\":{\"@id\":\"https:\\\/\\\/favorite-news.com\\\/de\\\/scholl-bezeichnet-trainerausbildung-als-katastrophe-und-schiesst-gegen-klose\\\/\"},\"wordCount\":243,\"commentCount\":0,\"image\":{\"@id\":\"https:\\\/\\\/favorite-news.com\\\/de\\\/scholl-bezeichnet-trainerausbildung-als-katastrophe-und-schiesst-gegen-klose\\\/#primaryimage\"},\"thumbnailUrl\":\"https:\\\/\\\/favorite-news.com\\\/de\\\/wp-content\\\/uploads\\\/sites\\\/13\\\/2020\\\/12\\\/Scholl-bezeichnet-Trainerausbildung-als-Katastrophe-und-schiesst-gegen-Klose.jpg\",\"articleSection\":[\"NEUIGKEITEN\"],\"inLanguage\":\"de\",\"potentialAction\":[{\"@type\":\"CommentAction\",\"name\":\"Comment\",\"target\":[\"https:\\\/\\\/favorite-news.com\\\/de\\\/scholl-bezeichnet-trainerausbildung-als-katastrophe-und-schiesst-gegen-klose\\\/#respond\"]}]},{\"@type\":\"WebPage\",\"@id\":\"https:\\\/\\\/favorite-news.com\\\/de\\\/scholl-bezeichnet-trainerausbildung-als-katastrophe-und-schiesst-gegen-klose\\\/\",\"url\":\"https:\\\/\\\/favorite-news.com\\\/de\\\/scholl-bezeichnet-trainerausbildung-als-katastrophe-und-schiesst-gegen-klose\\\/\",\"name\":\"Scholl bezeichnet Trainerausbildung als \\\"Katastrophe\\\" - und schie\u00dft gegen Klose - Favorite News\",\"isPartOf\":{\"@id\":\"https:\\\/\\\/favorite-news.com\\\/de\\\/#website\"},\"primaryImageOfPage\":{\"@id\":\"https:\\\/\\\/favorite-news.com\\\/de\\\/scholl-bezeichnet-trainerausbildung-als-katastrophe-und-schiesst-gegen-klose\\\/#primaryimage\"},\"image\":{\"@id\":\"https:\\\/\\\/favorite-news.com\\\/de\\\/scholl-bezeichnet-trainerausbildung-als-katastrophe-und-schiesst-gegen-klose\\\/#primaryimage\"},\"thumbnailUrl\":\"https:\\\/\\\/favorite-news.com\\\/de\\\/wp-content\\\/uploads\\\/sites\\\/13\\\/2020\\\/12\\\/Scholl-bezeichnet-Trainerausbildung-als-Katastrophe-und-schiesst-gegen-Klose.jpg\",\"datePublished\":\"2020-12-22T12:03:10+00:00\",\"dateModified\":\"2020-12-22T12:03:12+00:00\",\"author\":{\"@id\":\"https:\\\/\\\/favorite-news.com\\\/de\\\/#\\\/schema\\\/person\\\/b66c4cfdd10a5bf16d7d5efda647111f\"},\"breadcrumb\":{\"@id\":\"https:\\\/\\\/favorite-news.com\\\/de\\\/scholl-bezeichnet-trainerausbildung-als-katastrophe-und-schiesst-gegen-klose\\\/#breadcrumb\"},\"inLanguage\":\"de\",\"potentialAction\":[{\"@type\":\"ReadAction\",\"target\":[\"https:\\\/\\\/favorite-news.com\\\/de\\\/scholl-bezeichnet-trainerausbildung-als-katastrophe-und-schiesst-gegen-klose\\\/\"]}]},{\"@type\":\"ImageObject\",\"inLanguage\":\"de\",\"@id\":\"https:\\\/\\\/favorite-news.com\\\/de\\\/scholl-bezeichnet-trainerausbildung-als-katastrophe-und-schiesst-gegen-klose\\\/#primaryimage\",\"url\":\"https:\\\/\\\/favorite-news.com\\\/de\\\/wp-content\\\/uploads\\\/sites\\\/13\\\/2020\\\/12\\\/Scholl-bezeichnet-Trainerausbildung-als-Katastrophe-und-schiesst-gegen-Klose.jpg\",\"contentUrl\":\"https:\\\/\\\/favorite-news.com\\\/de\\\/wp-content\\\/uploads\\\/sites\\\/13\\\/2020\\\/12\\\/Scholl-bezeichnet-Trainerausbildung-als-Katastrophe-und-schiesst-gegen-Klose.jpg\",\"width\":1200,\"height\":627,\"caption\":\"Scholl bezeichnet Trainerausbildung als \\\"Katastrophe\\\" - und schie\u00dft gegen Klose\"},{\"@type\":\"BreadcrumbList\",\"@id\":\"https:\\\/\\\/favorite-news.com\\\/de\\\/scholl-bezeichnet-trainerausbildung-als-katastrophe-und-schiesst-gegen-klose\\\/#breadcrumb\",\"itemListElement\":[{\"@type\":\"ListItem\",\"position\":1,\"name\":\"Home\",\"item\":\"https:\\\/\\\/favorite-news.com\\\/de\\\/\"},{\"@type\":\"ListItem\",\"position\":2,\"name\":\"Scholl bezeichnet Trainerausbildung als &#8222;Katastrophe&#8220; &#8211; und schie\u00dft gegen Klose\"}]},{\"@type\":\"WebSite\",\"@id\":\"https:\\\/\\\/favorite-news.com\\\/de\\\/#website\",\"url\":\"https:\\\/\\\/favorite-news.com\\\/de\\\/\",\"name\":\"Favorite News\",\"description\":\"Favorite News Germany\",\"potentialAction\":[{\"@type\":\"SearchAction\",\"target\":{\"@type\":\"EntryPoint\",\"urlTemplate\":\"https:\\\/\\\/favorite-news.com\\\/de\\\/?s={search_term_string}\"},\"query-input\":{\"@type\":\"PropertyValueSpecification\",\"valueRequired\":true,\"valueName\":\"search_term_string\"}}],\"inLanguage\":\"de\"},{\"@type\":\"Person\",\"@id\":\"https:\\\/\\\/favorite-news.com\\\/de\\\/#\\\/schema\\\/person\\\/b66c4cfdd10a5bf16d7d5efda647111f\",\"name\":\"favorite-news\",\"image\":{\"@type\":\"ImageObject\",\"inLanguage\":\"de\",\"@id\":\"https:\\\/\\\/secure.gravatar.com\\\/avatar\\\/f89959e01423a9ee3c2debbcf830eb021c575de0e1b3781ca3ae392b71c615a1?s=96&d=mm&r=g\",\"url\":\"https:\\\/\\\/secure.gravatar.com\\\/avatar\\\/f89959e01423a9ee3c2debbcf830eb021c575de0e1b3781ca3ae392b71c615a1?s=96&d=mm&r=g\",\"contentUrl\":\"https:\\\/\\\/secure.gravatar.com\\\/avatar\\\/f89959e01423a9ee3c2debbcf830eb021c575de0e1b3781ca3ae392b71c615a1?s=96&d=mm&r=g\",\"caption\":\"favorite-news\"},\"url\":\"https:\\\/\\\/favorite-news.com\\\/de\\\/author\\\/ruby\\\/\"}]}<\/script>\n<!-- \/ Yoast SEO plugin. -->","yoast_head_json":{"title":"Scholl bezeichnet Trainerausbildung als \"Katastrophe\" - und schie\u00dft gegen Klose - Favorite News","robots":{"index":"index","follow":"follow","max-snippet":"max-snippet:-1","max-image-preview":"max-image-preview:large","max-video-preview":"max-video-preview:-1"},"canonical":"https:\/\/favorite-news.com\/de\/scholl-bezeichnet-trainerausbildung-als-katastrophe-und-schiesst-gegen-klose\/","og_locale":"de_DE","og_type":"article","og_title":"Scholl bezeichnet Trainerausbildung als \"Katastrophe\" - und schie\u00dft gegen Klose - Favorite News","og_description":"[ad_1] Der fr\u00fchere Fu\u00dfball-Nationalspieler Mehmet\u00a0Scholl\u00a0hat die Trainerausbildung in Deutschland kritisiert. &#8222;Das, was jetzt im deutschen Fu\u00dfball passiert, ist kein Hexenwerk. Das habe ich vor drei Jahren vorausgesagt. Ich kenne die Trainerausbildung, habe sie selber durchlaufen und das ist eine Katastrophe&#8220;, sagte der 50 Jahre alte Ex-Bayern-Profi im Podcast &#8222;MyPodCarsten&#8220; seines fr\u00fcheren M\u00fcnchner Teamkollegen Carsten Jancker. [&hellip;]","og_url":"https:\/\/favorite-news.com\/de\/scholl-bezeichnet-trainerausbildung-als-katastrophe-und-schiesst-gegen-klose\/","og_site_name":"Favorite News","article_published_time":"2020-12-22T12:03:10+00:00","article_modified_time":"2020-12-22T12:03:12+00:00","og_image":[{"width":1200,"height":627,"url":"https:\/\/favorite-news.com\/de\/wp-content\/uploads\/sites\/13\/2020\/12\/Scholl-bezeichnet-Trainerausbildung-als-Katastrophe-und-schiesst-gegen-Klose.jpg","type":"image\/jpeg"}],"author":"favorite-news","twitter_card":"summary_large_image","twitter_misc":{"Verfasst von":"favorite-news","Gesch\u00e4tzte Lesezeit":"1\u00a0Minute"},"schema":{"@context":"https:\/\/schema.org","@graph":[{"@type":"Article","@id":"https:\/\/favorite-news.com\/de\/scholl-bezeichnet-trainerausbildung-als-katastrophe-und-schiesst-gegen-klose\/#article","isPartOf":{"@id":"https:\/\/favorite-news.com\/de\/scholl-bezeichnet-trainerausbildung-als-katastrophe-und-schiesst-gegen-klose\/"},"author":{"name":"favorite-news","@id":"https:\/\/favorite-news.com\/de\/#\/schema\/person\/b66c4cfdd10a5bf16d7d5efda647111f"},"headline":"Scholl bezeichnet Trainerausbildung als &#8222;Katastrophe&#8220; &#8211; und schie\u00dft gegen Klose","datePublished":"2020-12-22T12:03:10+00:00","dateModified":"2020-12-22T12:03:12+00:00","mainEntityOfPage":{"@id":"https:\/\/favorite-news.com\/de\/scholl-bezeichnet-trainerausbildung-als-katastrophe-und-schiesst-gegen-klose\/"},"wordCount":243,"commentCount":0,"image":{"@id":"https:\/\/favorite-news.com\/de\/scholl-bezeichnet-trainerausbildung-als-katastrophe-und-schiesst-gegen-klose\/#primaryimage"},"thumbnailUrl":"https:\/\/favorite-news.com\/de\/wp-content\/uploads\/sites\/13\/2020\/12\/Scholl-bezeichnet-Trainerausbildung-als-Katastrophe-und-schiesst-gegen-Klose.jpg","articleSection":["NEUIGKEITEN"],"inLanguage":"de","potentialAction":[{"@type":"CommentAction","name":"Comment","target":["https:\/\/favorite-news.com\/de\/scholl-bezeichnet-trainerausbildung-als-katastrophe-und-schiesst-gegen-klose\/#respond"]}]},{"@type":"WebPage","@id":"https:\/\/favorite-news.com\/de\/scholl-bezeichnet-trainerausbildung-als-katastrophe-und-schiesst-gegen-klose\/","url":"https:\/\/favorite-news.com\/de\/scholl-bezeichnet-trainerausbildung-als-katastrophe-und-schiesst-gegen-klose\/","name":"Scholl bezeichnet Trainerausbildung als \"Katastrophe\" - und schie\u00dft gegen Klose - Favorite News","isPartOf":{"@id":"https:\/\/favorite-news.com\/de\/#website"},"primaryImageOfPage":{"@id":"https:\/\/favorite-news.com\/de\/scholl-bezeichnet-trainerausbildung-als-katastrophe-und-schiesst-gegen-klose\/#primaryimage"},"image":{"@id":"https:\/\/favorite-news.com\/de\/scholl-bezeichnet-trainerausbildung-als-katastrophe-und-schiesst-gegen-klose\/#primaryimage"},"thumbnailUrl":"https:\/\/favorite-news.com\/de\/wp-content\/uploads\/sites\/13\/2020\/12\/Scholl-bezeichnet-Trainerausbildung-als-Katastrophe-und-schiesst-gegen-Klose.jpg","datePublished":"2020-12-22T12:03:10+00:00","dateModified":"2020-12-22T12:03:12+00:00","author":{"@id":"https:\/\/favorite-news.com\/de\/#\/schema\/person\/b66c4cfdd10a5bf16d7d5efda647111f"},"breadcrumb":{"@id":"https:\/\/favorite-news.com\/de\/scholl-bezeichnet-trainerausbildung-als-katastrophe-und-schiesst-gegen-klose\/#breadcrumb"},"inLanguage":"de","potentialAction":[{"@type":"ReadAction","target":["https:\/\/favorite-news.com\/de\/scholl-bezeichnet-trainerausbildung-als-katastrophe-und-schiesst-gegen-klose\/"]}]},{"@type":"ImageObject","inLanguage":"de","@id":"https:\/\/favorite-news.com\/de\/scholl-bezeichnet-trainerausbildung-als-katastrophe-und-schiesst-gegen-klose\/#primaryimage","url":"https:\/\/favorite-news.com\/de\/wp-content\/uploads\/sites\/13\/2020\/12\/Scholl-bezeichnet-Trainerausbildung-als-Katastrophe-und-schiesst-gegen-Klose.jpg","contentUrl":"https:\/\/favorite-news.com\/de\/wp-content\/uploads\/sites\/13\/2020\/12\/Scholl-bezeichnet-Trainerausbildung-als-Katastrophe-und-schiesst-gegen-Klose.jpg","width":1200,"height":627,"caption":"Scholl bezeichnet Trainerausbildung als \"Katastrophe\" - und schie\u00dft gegen Klose"},{"@type":"BreadcrumbList","@id":"https:\/\/favorite-news.com\/de\/scholl-bezeichnet-trainerausbildung-als-katastrophe-und-schiesst-gegen-klose\/#breadcrumb","itemListElement":[{"@type":"ListItem","position":1,"name":"Home","item":"https:\/\/favorite-news.com\/de\/"},{"@type":"ListItem","position":2,"name":"Scholl bezeichnet Trainerausbildung als &#8222;Katastrophe&#8220; &#8211; und schie\u00dft gegen Klose"}]},{"@type":"WebSite","@id":"https:\/\/favorite-news.com\/de\/#website","url":"https:\/\/favorite-news.com\/de\/","name":"Favorite News","description":"Favorite News Germany","potentialAction":[{"@type":"SearchAction","target":{"@type":"EntryPoint","urlTemplate":"https:\/\/favorite-news.com\/de\/?s={search_term_string}"},"query-input":{"@type":"PropertyValueSpecification","valueRequired":true,"valueName":"search_term_string"}}],"inLanguage":"de"},{"@type":"Person","@id":"https:\/\/favorite-news.com\/de\/#\/schema\/person\/b66c4cfdd10a5bf16d7d5efda647111f","name":"favorite-news","image":{"@type":"ImageObject","inLanguage":"de","@id":"https:\/\/secure.gravatar.com\/avatar\/f89959e01423a9ee3c2debbcf830eb021c575de0e1b3781ca3ae392b71c615a1?s=96&d=mm&r=g","url":"https:\/\/secure.gravatar.com\/avatar\/f89959e01423a9ee3c2debbcf830eb021c575de0e1b3781ca3ae392b71c615a1?s=96&d=mm&r=g","contentUrl":"https:\/\/secure.gravatar.com\/avatar\/f89959e01423a9ee3c2debbcf830eb021c575de0e1b3781ca3ae392b71c615a1?s=96&d=mm&r=g","caption":"favorite-news"},"url":"https:\/\/favorite-news.com\/de\/author\/ruby\/"}]}},"_links":{"self":[{"href":"https:\/\/favorite-news.com\/de\/wp-json\/wp\/v2\/posts\/751","targetHints":{"allow":["GET"]}}],"collection":[{"href":"https:\/\/favorite-news.com\/de\/wp-json\/wp\/v2\/posts"}],"about":[{"href":"https:\/\/favorite-news.com\/de\/wp-json\/wp\/v2\/types\/post"}],"author":[{"embeddable":true,"href":"https:\/\/favorite-news.com\/de\/wp-json\/wp\/v2\/users\/1"}],"replies":[{"embeddable":true,"href":"https:\/\/favorite-news.com\/de\/wp-json\/wp\/v2\/comments?post=751"}],"version-history":[{"count":1,"href":"https:\/\/favorite-news.com\/de\/wp-json\/wp\/v2\/posts\/751\/revisions"}],"predecessor-version":[{"id":753,"href":"https:\/\/favorite-news.com\/de\/wp-json\/wp\/v2\/posts\/751\/revisions\/753"}],"wp:featuredmedia":[{"embeddable":true,"href":"https:\/\/favorite-news.com\/de\/wp-json\/wp\/v2\/media\/752"}],"wp:attachment":[{"href":"https:\/\/favorite-news.com\/de\/wp-json\/wp\/v2\/media?parent=751"}],"wp:term":[{"taxonomy":"category","embeddable":true,"href":"https:\/\/favorite-news.com\/de\/wp-json\/wp\/v2\/categories?post=751"},{"taxonomy":"post_tag","embeddable":true,"href":"https:\/\/favorite-news.com\/de\/wp-json\/wp\/v2\/tags?post=751"}],"curies":[{"name":"wp","href":"https:\/\/api.w.org\/{rel}","templated":true}]}}